{"id":116815,"date":"2026-08-30T22:15:36","date_gmt":"2026-08-31T04:15:36","guid":{"rendered":"https:\/\/www.aliadospuebla.com\/?p=116815"},"modified":"2026-08-30T22:15:36","modified_gmt":"2026-08-31T04:15:36","slug":"aprueba-comision-del-congreso-exhorto-para-garantizar-un-uso-etico-y-responsable-de-la-inteligencia-artificial","status":"publish","type":"post","link":"https:\/\/www.aliadospuebla.com\/?p=116815","title":{"rendered":"Aprueba Comisi\u00f3n del Congreso exhorto para garantizar un uso \u00e9tico y responsable de la Inteligencia Artificial"},"content":{"rendered":"<p>La Comisi\u00f3n de Ciencia, Humanidades, Tecnolog\u00eda e Innovaci\u00f3n del Congreso,<\/p>\n<p>que preside el diputado Jaime Alejandro Aurioles Barroeta, aprob\u00f3 el proyecto de acuerdo<\/p>\n<p>por el que se exhorta a la Secretar\u00eda de Ciencia, Humanidades, Tecnolog\u00eda e Innovaci\u00f3n del Estado de Puebla,<\/p>\n<p>a que promueva campa\u00f1as, programas, acciones y difunda la \u00abDeclaraci\u00f3n de \u00e9tica<\/p>\n<p>y buenas pr\u00e1cticas para el uso y desarrollo de la Inteligencia Artificial en M\u00e9xico\u00bb,<\/p>\n<p>conocida como los \u00abPrincipios de Chapultepec\u00bb.<\/p>\n<h4>Lo anterior, con el fin de que instituciones p\u00fablicas, dependencias gubernamentales, organismos aut\u00f3nomos y la ciudadan\u00eda en general, garanticen un uso \u00e9tico y responsable de la Inteligencia Artificial (IA).<\/h4>\n<p>Al hacer uso de la palabra, la diputada Xel Arianna Hern\u00e1ndez Garc\u00eda expuso que,<\/p>\n<p>desde el Congreso del Estado valdr\u00eda la pena hacer un ejercicio para conocer qu\u00e9 alcances<\/p>\n<p>tiene la IA y el panorama en general, as\u00ed como lo que se realiza en otros pa\u00edses,<\/p>\n<p>para estudiar casos en espec\u00edfico y saber cu\u00e1l es la perspectiva a futuro.<\/p>\n<p>En tanto, el diputado promovente de la propuesta, Jaime Aurioles, expuso que la inteligencia artificial<\/p>\n<p>ha dejado de ser una herramienta del \u00e1mbito cient\u00edfico y tecnol\u00f3gico, y ya se encuentra en la vida cotidiana, actividades empresariales, gubernamentales y sociales.<\/p>\n<p>Por ello, es necesario incorporar una visi\u00f3n \u00e9tica y social, as\u00ed como una cultura tecnol\u00f3gica,<\/p>\n<p>que permita prevenir afectaciones y que esta herramienta sea utilizada de manera consciente e informada.<\/p>\n<p>En la sesi\u00f3n de la Comisi\u00f3n estuvieron presentes los diputados Jaime Alejandro Aurioles Barroeta,<\/p>\n<p>El\u00edas Lozada Ortega, Rosal\u00edo Zanatta Vidaurri y Roberto Zatar\u00e1in Leal,<\/p>\n<p>as\u00ed como la diputada Xel Arianna Hern\u00e1ndez Garc\u00eda.<\/p>\n<p>&nbsp;<\/p>\n<h4>PRESENTAN INFORME EN COMIT\u00c9 DE COMUNICACI\u00d3N SOCIAL<\/h4>\n<p>Por otra parte, en sesi\u00f3n del Comit\u00e9 de Comunicaci\u00f3n Social, que preside la diputada Delfina Pozos Vergara,<\/p>\n<p>se present\u00f3 un informe por parte de la Direcci\u00f3n General de Comunicaci\u00f3n y Vinculaci\u00f3n<\/p>\n<p>del Congreso del Estado respecto al ejercicio de sus atribuciones y de las ruedas de prensa<\/p>\n<p>que se han implementado en el Poder Legislativo.<\/p>\n<p>Durante la presentaci\u00f3n del informe, la titular de la Direcci\u00f3n, Luz Mar\u00eda Carrera T\u00e9llez, destac\u00f3 los principales resultados, con la cobertura de la totalidad de Comisiones y Comit\u00e9s; el incremento en el n\u00famero de boletines informativos, seguidores en redes sociales, impactos y alcance digital; as\u00ed como la implementaci\u00f3n de c\u00e1psulas y ruedas de prensa institucionales para fortalecer la difusi\u00f3n del trabajo legislativo.<\/p>\n<p>En su intervenci\u00f3n, las diputadas Nayeli Salvatori Bojalil y Beatriz Manrique Guevara reconocieron el trabajo realizado y los resultados obtenidos con la estrategia de comunicaci\u00f3n. Por su parte, el diputado Rafael Alejandro Micalco M\u00e9ndez destac\u00f3 los avances en el impacto digital y adelant\u00f3 que, derivado de los contratos con medios, propondr\u00e1 algunas mejoras para la cobertura del trabajo legislativo.<\/p>\n<p>A lo largo de la presentaci\u00f3n, la diputada Delfina Pozos Vergara solicit\u00f3 la informaci\u00f3n relativa al presupuesto destinado a comunicaci\u00f3n, las razones del incremento en el gasto, la cantidad de medios contratados y bajo qu\u00e9 criterios se eligieron; la metodolog\u00eda que se sigue para elaborar y enviar a la prensa un bolet\u00edn; as\u00ed como el proceso, elecci\u00f3n del contenido y participaci\u00f3n de diputadas y diputados en las ruedas de prensa.<\/p>\n<p>Durante la sesi\u00f3n del Comit\u00e9 estuvieron presentes las diputadas Delfina Pozos Vergara, Nayeli Salvatori Bojalil y Beatriz Manrique Guevara, as\u00ed como el diputado Rafael Alejandro Micalco M\u00e9ndez.<\/p>\n","protected":false},"excerpt":{"rendered":"<p>La Comisi\u00f3n de Ciencia, Humanidades, Tecnolog\u00eda e Innovaci\u00f3n del Congreso, que preside el diputado Jaime Alejandro Aurioles Barroeta, aprob\u00f3 el proyecto de acuerdo por el que se exhorta a la Secretar\u00eda de Ciencia, Humanidades, Tecnolog\u00eda e Innovaci\u00f3n del Estado de Puebla, a que promueva campa\u00f1as, programas, acciones y difunda la \u00abDeclaraci\u00f3n de \u00e9tica y buenas pr\u00e1cticas para el uso y desarrollo de la Inteligencia Artificial en M\u00e9xico\u00bb, conocida como los \u00abPrincipios de Chapultepec\u00bb. Lo anterior, con el fin de que instituciones p\u00fablicas, dependencias gubernamentales, organismos aut\u00f3nomos y la ciudadan\u00eda en general, garanticen un uso \u00e9tico y responsable de la Inteligencia Artificial (IA). Al hacer uso de la palabra, la diputada Xel Arianna Hern\u00e1ndez Garc\u00eda expuso que, desde el Congreso del Estado valdr\u00eda la pena hacer&hellip;<\/p>\n<p class=\"excerpt-more\"><a class=\"blog-excerpt button\" href=\"https:\/\/www.aliadospuebla.com\/?p=116815\">Leer m\u00e1s&#8230;<\/a><\/p>\n","protected":false},"author":2,"featured_media":116816,"comment_status":"open","ping_status":"open","sticky":false,"template":"","format":"standard","meta":{"_monsterinsights_skip_tracking":false,"footnotes":""},"categories":[6],"tags":[21486,34899,1963,6878,24483,34898,34897,34896],"class_list":["post-116815","post","type-post","status-publish","format-standard","has-post-thumbnail","hentry","category-politica","tag-delfina-pozos-vergara","tag-direccion-general-de-comunicacion-y-vinculacion-del-congreso-del-estado","tag-informe","tag-inteligencia-artificial","tag-jaime-alejandro-aurioles-barroeta","tag-luz-maria-carrera-tellez","tag-principios-de-chapultepec","tag-uso-etico"],"yoast_head":"<!-- This site is optimized with the Yoast SEO plugin v28.3 - https:\/\/yoast.com\/product\/yoast-seo-wordpress\/ -->\n<title>Aprueba Comisi\u00f3n del Congreso exhorto para garantizar un uso \u00e9tico y responsable de la Inteligencia Artificial - AliadosPuebla<\/title>\n<meta name=\"robots\" content=\"index, follow, max-snippet:-1, max-image-preview:large, max-video-preview:-1\" \/>\n<link rel=\"canonical\" href=\"https:\/\/www.aliadospuebla.com\/?p=116815\" \/>\n<meta property=\"og:locale\" content=\"es_ES\" \/>\n<meta property=\"og:type\" content=\"article\" \/>\n<meta property=\"og:title\" content=\"Aprueba Comisi\u00f3n del Congreso exhorto para garantizar un uso \u00e9tico y responsable de la Inteligencia Artificial - AliadosPuebla\" \/>\n<meta property=\"og:description\" content=\"La Comisi\u00f3n de Ciencia, Humanidades, Tecnolog\u00eda e Innovaci\u00f3n del Congreso, que preside el diputado Jaime Alejandro Aurioles Barroeta, aprob\u00f3 el proyecto de acuerdo por el que se exhorta a la Secretar\u00eda de Ciencia, Humanidades, Tecnolog\u00eda e Innovaci\u00f3n del Estado de Puebla, a que promueva campa\u00f1as, programas, acciones y difunda la \u00abDeclaraci\u00f3n de \u00e9tica y buenas pr\u00e1cticas para el uso y desarrollo de la Inteligencia Artificial en M\u00e9xico\u00bb, conocida como los \u00abPrincipios de Chapultepec\u00bb. Lo anterior, con el fin de que instituciones p\u00fablicas, dependencias gubernamentales, organismos aut\u00f3nomos y la ciudadan\u00eda en general, garanticen un uso \u00e9tico y responsable de la Inteligencia Artificial (IA). Al hacer uso de la palabra, la diputada Xel Arianna Hern\u00e1ndez Garc\u00eda expuso que, desde el Congreso del Estado valdr\u00eda la pena hacer&hellip;Leer m\u00e1s...\" \/>\n<meta property=\"og:url\" content=\"https:\/\/www.aliadospuebla.com\/?p=116815\" \/>\n<meta property=\"og:site_name\" content=\"AliadosPuebla\" \/>\n<meta property=\"article:author\" content=\"https:\/\/www.facebook.com\/Aliados17Pue\" \/>\n<meta property=\"article:published_time\" content=\"2026-08-31T04:15:36+00:00\" \/>\n<meta property=\"og:image\" content=\"https:\/\/www.aliadospuebla.com\/web2017\/wp-content\/uploads\/2026\/08\/198.jpg\" \/>\n\t<meta property=\"og:image:width\" content=\"600\" \/>\n\t<meta property=\"og:image:height\" content=\"450\" \/>\n\t<meta property=\"og:image:type\" content=\"image\/jpeg\" \/>\n<meta name=\"author\" content=\"Aliados17\" \/>\n<meta name=\"twitter:card\" content=\"summary_large_image\" \/>\n<meta name=\"twitter:creator\" content=\"@AliadosPuebla\" \/>\n<meta name=\"twitter:label1\" content=\"Escrito por\" \/>\n\t<meta name=\"twitter:data1\" content=\"Aliados17\" \/>\n\t<meta name=\"twitter:label2\" content=\"Tiempo de lectura\" \/>\n\t<meta name=\"twitter:data2\" content=\"3 minutos\" \/>\n<script type=\"application\/ld+json\" class=\"yoast-schema-graph\">{\"@context\":\"https:\\\/\\\/schema.org\",\"@graph\":[{\"@type\":\"Article\",\"@id\":\"https:\\\/\\\/www.aliadospuebla.com\\\/?p=116815#article\",\"isPartOf\":{\"@id\":\"https:\\\/\\\/www.aliadospuebla.com\\\/?p=116815\"},\"author\":{\"name\":\"Aliados17\",\"@id\":\"https:\\\/\\\/www.aliadospuebla.com\\\/#\\\/schema\\\/person\\\/5da7dd09320bd4f392b710017ed5f8ad\"},\"headline\":\"Aprueba Comisi\u00f3n del Congreso exhorto para garantizar un uso \u00e9tico y responsable de la Inteligencia Artificial\",\"datePublished\":\"2026-08-31T04:15:36+00:00\",\"mainEntityOfPage\":{\"@id\":\"https:\\\/\\\/www.aliadospuebla.com\\\/?p=116815\"},\"wordCount\":617,\"commentCount\":0,\"image\":{\"@id\":\"https:\\\/\\\/www.aliadospuebla.com\\\/?p=116815#primaryimage\"},\"thumbnailUrl\":\"https:\\\/\\\/www.aliadospuebla.com\\\/web2017\\\/wp-content\\\/uploads\\\/2026\\\/08\\\/198.jpg\",\"keywords\":[\"Delfina Pozos Vergara\",\"Direcci\u00f3n General de Comunicaci\u00f3n y Vinculaci\u00f3n del Congreso del Estado\",\"INFORME\",\"INTELIGENCIA ARTIFICIAL\",\"Jaime Alejandro Aurioles Barroeta\",\"Luz Mar\u00eda Carrera T\u00e9llez\",\"Principios de Chapultepec\",\"uso \u00e9tico\"],\"articleSection\":[\"Pol\u00edtica\"],\"inLanguage\":\"es\",\"potentialAction\":[{\"@type\":\"CommentAction\",\"name\":\"Comment\",\"target\":[\"https:\\\/\\\/www.aliadospuebla.com\\\/?p=116815#respond\"]}]},{\"@type\":\"WebPage\",\"@id\":\"https:\\\/\\\/www.aliadospuebla.com\\\/?p=116815\",\"url\":\"https:\\\/\\\/www.aliadospuebla.com\\\/?p=116815\",\"name\":\"Aprueba Comisi\u00f3n del Congreso exhorto para garantizar un uso \u00e9tico y responsable de la Inteligencia Artificial - AliadosPuebla\",\"isPartOf\":{\"@id\":\"https:\\\/\\\/www.aliadospuebla.com\\\/#website\"},\"primaryImageOfPage\":{\"@id\":\"https:\\\/\\\/www.aliadospuebla.com\\\/?p=116815#primaryimage\"},\"image\":{\"@id\":\"https:\\\/\\\/www.aliadospuebla.com\\\/?p=116815#primaryimage\"},\"thumbnailUrl\":\"https:\\\/\\\/www.aliadospuebla.com\\\/web2017\\\/wp-content\\\/uploads\\\/2026\\\/08\\\/198.jpg\",\"datePublished\":\"2026-08-31T04:15:36+00:00\",\"author\":{\"@id\":\"https:\\\/\\\/www.aliadospuebla.com\\\/#\\\/schema\\\/person\\\/5da7dd09320bd4f392b710017ed5f8ad\"},\"breadcrumb\":{\"@id\":\"https:\\\/\\\/www.aliadospuebla.com\\\/?p=116815#breadcrumb\"},\"inLanguage\":\"es\",\"potentialAction\":[{\"@type\":\"ReadAction\",\"target\":[\"https:\\\/\\\/www.aliadospuebla.com\\\/?p=116815\"]}]},{\"@type\":\"ImageObject\",\"inLanguage\":\"es\",\"@id\":\"https:\\\/\\\/www.aliadospuebla.com\\\/?p=116815#primaryimage\",\"url\":\"https:\\\/\\\/www.aliadospuebla.com\\\/web2017\\\/wp-content\\\/uploads\\\/2026\\\/08\\\/198.jpg\",\"contentUrl\":\"https:\\\/\\\/www.aliadospuebla.com\\\/web2017\\\/wp-content\\\/uploads\\\/2026\\\/08\\\/198.jpg\",\"width\":600,\"height\":450},{\"@type\":\"BreadcrumbList\",\"@id\":\"https:\\\/\\\/www.aliadospuebla.com\\\/?p=116815#breadcrumb\",\"itemListElement\":[{\"@type\":\"ListItem\",\"position\":1,\"name\":\"Portada\",\"item\":\"https:\\\/\\\/www.aliadospuebla.com\\\/\"},{\"@type\":\"ListItem\",\"position\":2,\"name\":\"Aprueba Comisi\u00f3n del Congreso exhorto para garantizar un uso \u00e9tico y responsable de la Inteligencia Artificial\"}]},{\"@type\":\"WebSite\",\"@id\":\"https:\\\/\\\/www.aliadospuebla.com\\\/#website\",\"url\":\"https:\\\/\\\/www.aliadospuebla.com\\\/\",\"name\":\"AliadosPuebla\",\"description\":\"La informaci\u00f3n en tus manos\",\"potentialAction\":[{\"@type\":\"SearchAction\",\"target\":{\"@type\":\"EntryPoint\",\"urlTemplate\":\"https:\\\/\\\/www.aliadospuebla.com\\\/?s={search_term_string}\"},\"query-input\":{\"@type\":\"PropertyValueSpecification\",\"valueRequired\":true,\"valueName\":\"search_term_string\"}}],\"inLanguage\":\"es\"},{\"@type\":\"Person\",\"@id\":\"https:\\\/\\\/www.aliadospuebla.com\\\/#\\\/schema\\\/person\\\/5da7dd09320bd4f392b710017ed5f8ad\",\"name\":\"Aliados17\",\"image\":{\"@type\":\"ImageObject\",\"inLanguage\":\"es\",\"@id\":\"https:\\\/\\\/www.aliadospuebla.com\\\/web2017\\\/wp-content\\\/uploads\\\/2025\\\/03\\\/cropped-para-perfil-8-anos-1-96x96.jpg\",\"url\":\"https:\\\/\\\/www.aliadospuebla.com\\\/web2017\\\/wp-content\\\/uploads\\\/2025\\\/03\\\/cropped-para-perfil-8-anos-1-96x96.jpg\",\"contentUrl\":\"https:\\\/\\\/www.aliadospuebla.com\\\/web2017\\\/wp-content\\\/uploads\\\/2025\\\/03\\\/cropped-para-perfil-8-anos-1-96x96.jpg\",\"caption\":\"Aliados17\"},\"sameAs\":[\"https:\\\/\\\/www.aliados17.com\",\"https:\\\/\\\/www.facebook.com\\\/Aliados17Pue\",\"https:\\\/\\\/x.com\\\/AliadosPuebla\"],\"url\":\"https:\\\/\\\/www.aliadospuebla.com\\\/?author=2\"}]}<\/script>\n<!-- \/ Yoast SEO plugin. -->","yoast_head_json":{"title":"Aprueba Comisi\u00f3n del Congreso exhorto para garantizar un uso \u00e9tico y responsable de la Inteligencia Artificial - AliadosPuebla","robots":{"index":"index","follow":"follow","max-snippet":"max-snippet:-1","max-image-preview":"max-image-preview:large","max-video-preview":"max-video-preview:-1"},"canonical":"https:\/\/www.aliadospuebla.com\/?p=116815","og_locale":"es_ES","og_type":"article","og_title":"Aprueba Comisi\u00f3n del Congreso exhorto para garantizar un uso \u00e9tico y responsable de la Inteligencia Artificial - AliadosPuebla","og_description":"La Comisi\u00f3n de Ciencia, Humanidades, Tecnolog\u00eda e Innovaci\u00f3n del Congreso, que preside el diputado Jaime Alejandro Aurioles Barroeta, aprob\u00f3 el proyecto de acuerdo por el que se exhorta a la Secretar\u00eda de Ciencia, Humanidades, Tecnolog\u00eda e Innovaci\u00f3n del Estado de Puebla, a que promueva campa\u00f1as, programas, acciones y difunda la \u00abDeclaraci\u00f3n de \u00e9tica y buenas pr\u00e1cticas para el uso y desarrollo de la Inteligencia Artificial en M\u00e9xico\u00bb, conocida como los \u00abPrincipios de Chapultepec\u00bb. Lo anterior, con el fin de que instituciones p\u00fablicas, dependencias gubernamentales, organismos aut\u00f3nomos y la ciudadan\u00eda en general, garanticen un uso \u00e9tico y responsable de la Inteligencia Artificial (IA). Al hacer uso de la palabra, la diputada Xel Arianna Hern\u00e1ndez Garc\u00eda expuso que, desde el Congreso del Estado valdr\u00eda la pena hacer&hellip;Leer m\u00e1s...","og_url":"https:\/\/www.aliadospuebla.com\/?p=116815","og_site_name":"AliadosPuebla","article_author":"https:\/\/www.facebook.com\/Aliados17Pue","article_published_time":"2026-08-31T04:15:36+00:00","og_image":[{"width":600,"height":450,"url":"https:\/\/www.aliadospuebla.com\/web2017\/wp-content\/uploads\/2026\/08\/198.jpg","type":"image\/jpeg"}],"author":"Aliados17","twitter_card":"summary_large_image","twitter_creator":"@AliadosPuebla","twitter_misc":{"Escrito por":"Aliados17","Tiempo de lectura":"3 minutos"},"schema":{"@context":"https:\/\/schema.org","@graph":[{"@type":"Article","@id":"https:\/\/www.aliadospuebla.com\/?p=116815#article","isPartOf":{"@id":"https:\/\/www.aliadospuebla.com\/?p=116815"},"author":{"name":"Aliados17","@id":"https:\/\/www.aliadospuebla.com\/#\/schema\/person\/5da7dd09320bd4f392b710017ed5f8ad"},"headline":"Aprueba Comisi\u00f3n del Congreso exhorto para garantizar un uso \u00e9tico y responsable de la Inteligencia Artificial","datePublished":"2026-08-31T04:15:36+00:00","mainEntityOfPage":{"@id":"https:\/\/www.aliadospuebla.com\/?p=116815"},"wordCount":617,"commentCount":0,"image":{"@id":"https:\/\/www.aliadospuebla.com\/?p=116815#primaryimage"},"thumbnailUrl":"https:\/\/www.aliadospuebla.com\/web2017\/wp-content\/uploads\/2026\/08\/198.jpg","keywords":["Delfina Pozos Vergara","Direcci\u00f3n General de Comunicaci\u00f3n y Vinculaci\u00f3n del Congreso del Estado","INFORME","INTELIGENCIA ARTIFICIAL","Jaime Alejandro Aurioles Barroeta","Luz Mar\u00eda Carrera T\u00e9llez","Principios de Chapultepec","uso \u00e9tico"],"articleSection":["Pol\u00edtica"],"inLanguage":"es","potentialAction":[{"@type":"CommentAction","name":"Comment","target":["https:\/\/www.aliadospuebla.com\/?p=116815#respond"]}]},{"@type":"WebPage","@id":"https:\/\/www.aliadospuebla.com\/?p=116815","url":"https:\/\/www.aliadospuebla.com\/?p=116815","name":"Aprueba Comisi\u00f3n del Congreso exhorto para garantizar un uso \u00e9tico y responsable de la Inteligencia Artificial - AliadosPuebla","isPartOf":{"@id":"https:\/\/www.aliadospuebla.com\/#website"},"primaryImageOfPage":{"@id":"https:\/\/www.aliadospuebla.com\/?p=116815#primaryimage"},"image":{"@id":"https:\/\/www.aliadospuebla.com\/?p=116815#primaryimage"},"thumbnailUrl":"https:\/\/www.aliadospuebla.com\/web2017\/wp-content\/uploads\/2026\/08\/198.jpg","datePublished":"2026-08-31T04:15:36+00:00","author":{"@id":"https:\/\/www.aliadospuebla.com\/#\/schema\/person\/5da7dd09320bd4f392b710017ed5f8ad"},"breadcrumb":{"@id":"https:\/\/www.aliadospuebla.com\/?p=116815#breadcrumb"},"inLanguage":"es","potentialAction":[{"@type":"ReadAction","target":["https:\/\/www.aliadospuebla.com\/?p=116815"]}]},{"@type":"ImageObject","inLanguage":"es","@id":"https:\/\/www.aliadospuebla.com\/?p=116815#primaryimage","url":"https:\/\/www.aliadospuebla.com\/web2017\/wp-content\/uploads\/2026\/08\/198.jpg","contentUrl":"https:\/\/www.aliadospuebla.com\/web2017\/wp-content\/uploads\/2026\/08\/198.jpg","width":600,"height":450},{"@type":"BreadcrumbList","@id":"https:\/\/www.aliadospuebla.com\/?p=116815#breadcrumb","itemListElement":[{"@type":"ListItem","position":1,"name":"Portada","item":"https:\/\/www.aliadospuebla.com\/"},{"@type":"ListItem","position":2,"name":"Aprueba Comisi\u00f3n del Congreso exhorto para garantizar un uso \u00e9tico y responsable de la Inteligencia Artificial"}]},{"@type":"WebSite","@id":"https:\/\/www.aliadospuebla.com\/#website","url":"https:\/\/www.aliadospuebla.com\/","name":"AliadosPuebla","description":"La informaci\u00f3n en tus manos","potentialAction":[{"@type":"SearchAction","target":{"@type":"EntryPoint","urlTemplate":"https:\/\/www.aliadospuebla.com\/?s={search_term_string}"},"query-input":{"@type":"PropertyValueSpecification","valueRequired":true,"valueName":"search_term_string"}}],"inLanguage":"es"},{"@type":"Person","@id":"https:\/\/www.aliadospuebla.com\/#\/schema\/person\/5da7dd09320bd4f392b710017ed5f8ad","name":"Aliados17","image":{"@type":"ImageObject","inLanguage":"es","@id":"https:\/\/www.aliadospuebla.com\/web2017\/wp-content\/uploads\/2025\/03\/cropped-para-perfil-8-anos-1-96x96.jpg","url":"https:\/\/www.aliadospuebla.com\/web2017\/wp-content\/uploads\/2025\/03\/cropped-para-perfil-8-anos-1-96x96.jpg","contentUrl":"https:\/\/www.aliadospuebla.com\/web2017\/wp-content\/uploads\/2025\/03\/cropped-para-perfil-8-anos-1-96x96.jpg","caption":"Aliados17"},"sameAs":["https:\/\/www.aliados17.com","https:\/\/www.facebook.com\/Aliados17Pue","https:\/\/x.com\/AliadosPuebla"],"url":"https:\/\/www.aliadospuebla.com\/?author=2"}]}},"views":6,"_links":{"self":[{"href":"https:\/\/www.aliadospuebla.com\/index.php?rest_route=\/wp\/v2\/posts\/116815","targetHints":{"allow":["GET"]}}],"collection":[{"href":"https:\/\/www.aliadospuebla.com\/index.php?rest_route=\/wp\/v2\/posts"}],"about":[{"href":"https:\/\/www.aliadospuebla.com\/index.php?rest_route=\/wp\/v2\/types\/post"}],"author":[{"embeddable":true,"href":"https:\/\/www.aliadospuebla.com\/index.php?rest_route=\/wp\/v2\/users\/2"}],"replies":[{"embeddable":true,"href":"https:\/\/www.aliadospuebla.com\/index.php?rest_route=%2Fwp%2Fv2%2Fcomments&post=116815"}],"version-history":[{"count":1,"href":"https:\/\/www.aliadospuebla.com\/index.php?rest_route=\/wp\/v2\/posts\/116815\/revisions"}],"predecessor-version":[{"id":116817,"href":"https:\/\/www.aliadospuebla.com\/index.php?rest_route=\/wp\/v2\/posts\/116815\/revisions\/116817"}],"wp:featuredmedia":[{"embeddable":true,"href":"https:\/\/www.aliadospuebla.com\/index.php?rest_route=\/wp\/v2\/media\/116816"}],"wp:attachment":[{"href":"https:\/\/www.aliadospuebla.com\/index.php?rest_route=%2Fwp%2Fv2%2Fmedia&parent=116815"}],"wp:term":[{"taxonomy":"category","embeddable":true,"href":"https:\/\/www.aliadospuebla.com\/index.php?rest_route=%2Fwp%2Fv2%2Fcategories&post=116815"},{"taxonomy":"post_tag","embeddable":true,"href":"https:\/\/www.aliadospuebla.com\/index.php?rest_route=%2Fwp%2Fv2%2Ftags&post=116815"}],"curies":[{"name":"wp","href":"https:\/\/api.w.org\/{rel}","templated":true}]}}