{"id":116812,"date":"2026-08-30T21:55:56","date_gmt":"2026-08-31T03:55:56","guid":{"rendered":"https:\/\/www.aliadospuebla.com\/?p=116812"},"modified":"2026-08-30T21:55:56","modified_gmt":"2026-08-31T03:55:56","slug":"avala-comision-del-congreso-exhorto-para-fortalecer-acciones-preventivas-y-de-atencion-integral-de-salud-para-personas-adultas-mayores","status":"publish","type":"post","link":"https:\/\/www.aliadospuebla.com\/?p=116812","title":{"rendered":"Avala Comisi\u00f3n del Congreso exhorto para fortalecer acciones preventivas y de atenci\u00f3n integral de salud para personas adultas mayores"},"content":{"rendered":"<h4>La Comisi\u00f3n de Atenci\u00f3n a Personas en Situaci\u00f3n de Vulnerabilidad, que preside la diputada Leonela Jazm\u00edn Mart\u00ednez Ayala, aval\u00f3 el proyecto de acuerdo para exhortar a la Secretar\u00eda de Salud del Estado de Puebla, a fortalecer los programas de prevenci\u00f3n y de atenci\u00f3n integral de la salud y de las personas adultas mayores.<\/h4>\n<p>En la exposici\u00f3n de motivos, la diputada Guadalupe Yamak Taja, quien es la promovente de la iniciativa, consider\u00f3 que la atenci\u00f3n integral y la prevenci\u00f3n en la salud de las personas adultas mayores no es solo una estrategia m\u00e9dica, sino un pilar fundamental para la sostenibilidad de los sistemas de salud y la dignidad humana.<\/p>\n<p>&nbsp;<\/p>\n<p>Asimismo, la legisladora se\u00f1al\u00f3 que apostar por la prevenci\u00f3n y la atenci\u00f3n integral de la salud en las personas adultas mayores no solo honra el mandato constitucional de garantizar que cada persona pueda envejecer con autonom\u00eda, plenitud y dignidad dentro de su comunidad, sino tambi\u00e9n garantiza la sostenibilidad financiera de los sistemas de salud p\u00fablica al reducir la saturaci\u00f3n hospitalaria y los costos por complicaciones severas.<\/p>\n<p>&nbsp;<\/p>\n<p>A la sesi\u00f3n del \u00f3rgano colegiado asistieron las diputadas Leonela Jazm\u00edn Mart\u00ednez Ayala, Guadalupe Yamak Taja, Kathya S\u00e1nchez Rodr\u00edguez, Celia Bonaga Ru\u00edz, as\u00ed como el diputado Roberto Zatar\u00e1in Leal.<\/p>\n","protected":false},"excerpt":{"rendered":"<p>La Comisi\u00f3n de Atenci\u00f3n a Personas en Situaci\u00f3n de Vulnerabilidad, que preside la diputada Leonela Jazm\u00edn Mart\u00ednez Ayala, aval\u00f3 el proyecto de acuerdo para exhortar a la Secretar\u00eda de Salud del Estado de Puebla, a fortalecer los programas de prevenci\u00f3n y de atenci\u00f3n integral de la salud y de las personas adultas mayores. En la exposici\u00f3n de motivos, la diputada Guadalupe Yamak Taja, quien es la promovente de la iniciativa, consider\u00f3 que la atenci\u00f3n integral y la prevenci\u00f3n en la salud de las personas adultas mayores no es solo una estrategia m\u00e9dica, sino un pilar fundamental para la sostenibilidad de los sistemas de salud y la dignidad humana. &nbsp; Asimismo, la legisladora se\u00f1al\u00f3 que apostar por la prevenci\u00f3n y la atenci\u00f3n integral de la salud&hellip;<\/p>\n<p class=\"excerpt-more\"><a class=\"blog-excerpt button\" href=\"https:\/\/www.aliadospuebla.com\/?p=116812\">Leer m\u00e1s&#8230;<\/a><\/p>\n","protected":false},"author":2,"featured_media":116813,"comment_status":"open","ping_status":"open","sticky":false,"template":"","format":"standard","meta":{"_monsterinsights_skip_tracking":false,"footnotes":""},"categories":[6],"tags":[4950,14975,259,26170,22104,34895],"class_list":["post-116812","post","type-post","status-publish","format-standard","has-post-thumbnail","hentry","category-politica","tag-atencion-integral","tag-guadalupe-yamak-taja","tag-iniciativa","tag-leonela-jazmin-martinez-ayala","tag-personas-adultas-mayores","tag-personas-en-situacion-de-vulnerabilidad"],"yoast_head":"<!-- This site is optimized with the Yoast SEO plugin v28.3 - https:\/\/yoast.com\/product\/yoast-seo-wordpress\/ -->\n<title>Avala Comisi\u00f3n del Congreso exhorto para fortalecer acciones preventivas y de atenci\u00f3n integral de salud para personas adultas mayores - AliadosPuebla<\/title>\n<meta name=\"robots\" content=\"index, follow, max-snippet:-1, max-image-preview:large, max-video-preview:-1\" \/>\n<link rel=\"canonical\" href=\"https:\/\/www.aliadospuebla.com\/?p=116812\" \/>\n<meta property=\"og:locale\" content=\"es_ES\" \/>\n<meta property=\"og:type\" content=\"article\" \/>\n<meta property=\"og:title\" content=\"Avala Comisi\u00f3n del Congreso exhorto para fortalecer acciones preventivas y de atenci\u00f3n integral de salud para personas adultas mayores - AliadosPuebla\" \/>\n<meta property=\"og:description\" content=\"La Comisi\u00f3n de Atenci\u00f3n a Personas en Situaci\u00f3n de Vulnerabilidad, que preside la diputada Leonela Jazm\u00edn Mart\u00ednez Ayala, aval\u00f3 el proyecto de acuerdo para exhortar a la Secretar\u00eda de Salud del Estado de Puebla, a fortalecer los programas de prevenci\u00f3n y de atenci\u00f3n integral de la salud y de las personas adultas mayores. En la exposici\u00f3n de motivos, la diputada Guadalupe Yamak Taja, quien es la promovente de la iniciativa, consider\u00f3 que la atenci\u00f3n integral y la prevenci\u00f3n en la salud de las personas adultas mayores no es solo una estrategia m\u00e9dica, sino un pilar fundamental para la sostenibilidad de los sistemas de salud y la dignidad humana. &nbsp; Asimismo, la legisladora se\u00f1al\u00f3 que apostar por la prevenci\u00f3n y la atenci\u00f3n integral de la salud&hellip;Leer m\u00e1s...\" \/>\n<meta property=\"og:url\" content=\"https:\/\/www.aliadospuebla.com\/?p=116812\" \/>\n<meta property=\"og:site_name\" content=\"AliadosPuebla\" \/>\n<meta property=\"article:author\" content=\"https:\/\/www.facebook.com\/Aliados17Pue\" \/>\n<meta property=\"article:published_time\" content=\"2026-08-31T03:55:56+00:00\" \/>\n<meta property=\"og:image\" content=\"https:\/\/www.aliadospuebla.com\/web2017\/wp-content\/uploads\/2026\/08\/197.jpg\" \/>\n\t<meta property=\"og:image:width\" content=\"600\" \/>\n\t<meta property=\"og:image:height\" content=\"450\" \/>\n\t<meta property=\"og:image:type\" content=\"image\/jpeg\" \/>\n<meta name=\"author\" content=\"Aliados17\" \/>\n<meta name=\"twitter:card\" content=\"summary_large_image\" \/>\n<meta name=\"twitter:creator\" content=\"@AliadosPuebla\" \/>\n<meta name=\"twitter:label1\" content=\"Escrito por\" \/>\n\t<meta name=\"twitter:data1\" content=\"Aliados17\" \/>\n\t<meta name=\"twitter:label2\" content=\"Tiempo de lectura\" \/>\n\t<meta name=\"twitter:data2\" content=\"2 minutos\" \/>\n<script type=\"application\/ld+json\" class=\"yoast-schema-graph\">{\"@context\":\"https:\\\/\\\/schema.org\",\"@graph\":[{\"@type\":\"Article\",\"@id\":\"https:\\\/\\\/www.aliadospuebla.com\\\/?p=116812#article\",\"isPartOf\":{\"@id\":\"https:\\\/\\\/www.aliadospuebla.com\\\/?p=116812\"},\"author\":{\"name\":\"Aliados17\",\"@id\":\"https:\\\/\\\/www.aliadospuebla.com\\\/#\\\/schema\\\/person\\\/5da7dd09320bd4f392b710017ed5f8ad\"},\"headline\":\"Avala Comisi\u00f3n del Congreso exhorto para fortalecer acciones preventivas y de atenci\u00f3n integral de salud para personas adultas mayores\",\"datePublished\":\"2026-08-31T03:55:56+00:00\",\"mainEntityOfPage\":{\"@id\":\"https:\\\/\\\/www.aliadospuebla.com\\\/?p=116812\"},\"wordCount\":252,\"commentCount\":0,\"image\":{\"@id\":\"https:\\\/\\\/www.aliadospuebla.com\\\/?p=116812#primaryimage\"},\"thumbnailUrl\":\"https:\\\/\\\/www.aliadospuebla.com\\\/web2017\\\/wp-content\\\/uploads\\\/2026\\\/08\\\/197.jpg\",\"keywords\":[\"ATENCI\u00d3N INTEGRAL\",\"Guadalupe Yamak Taja\",\"iniciativa\",\"Leonela Jazm\u00edn Mart\u00ednez Ayala\",\"personas adultas mayores\",\"Personas en Situaci\u00f3n de Vulnerabilidad\"],\"articleSection\":[\"Pol\u00edtica\"],\"inLanguage\":\"es\",\"potentialAction\":[{\"@type\":\"CommentAction\",\"name\":\"Comment\",\"target\":[\"https:\\\/\\\/www.aliadospuebla.com\\\/?p=116812#respond\"]}]},{\"@type\":\"WebPage\",\"@id\":\"https:\\\/\\\/www.aliadospuebla.com\\\/?p=116812\",\"url\":\"https:\\\/\\\/www.aliadospuebla.com\\\/?p=116812\",\"name\":\"Avala Comisi\u00f3n del Congreso exhorto para fortalecer acciones preventivas y de atenci\u00f3n integral de salud para personas adultas mayores - AliadosPuebla\",\"isPartOf\":{\"@id\":\"https:\\\/\\\/www.aliadospuebla.com\\\/#website\"},\"primaryImageOfPage\":{\"@id\":\"https:\\\/\\\/www.aliadospuebla.com\\\/?p=116812#primaryimage\"},\"image\":{\"@id\":\"https:\\\/\\\/www.aliadospuebla.com\\\/?p=116812#primaryimage\"},\"thumbnailUrl\":\"https:\\\/\\\/www.aliadospuebla.com\\\/web2017\\\/wp-content\\\/uploads\\\/2026\\\/08\\\/197.jpg\",\"datePublished\":\"2026-08-31T03:55:56+00:00\",\"author\":{\"@id\":\"https:\\\/\\\/www.aliadospuebla.com\\\/#\\\/schema\\\/person\\\/5da7dd09320bd4f392b710017ed5f8ad\"},\"breadcrumb\":{\"@id\":\"https:\\\/\\\/www.aliadospuebla.com\\\/?p=116812#breadcrumb\"},\"inLanguage\":\"es\",\"potentialAction\":[{\"@type\":\"ReadAction\",\"target\":[\"https:\\\/\\\/www.aliadospuebla.com\\\/?p=116812\"]}]},{\"@type\":\"ImageObject\",\"inLanguage\":\"es\",\"@id\":\"https:\\\/\\\/www.aliadospuebla.com\\\/?p=116812#primaryimage\",\"url\":\"https:\\\/\\\/www.aliadospuebla.com\\\/web2017\\\/wp-content\\\/uploads\\\/2026\\\/08\\\/197.jpg\",\"contentUrl\":\"https:\\\/\\\/www.aliadospuebla.com\\\/web2017\\\/wp-content\\\/uploads\\\/2026\\\/08\\\/197.jpg\",\"width\":600,\"height\":450},{\"@type\":\"BreadcrumbList\",\"@id\":\"https:\\\/\\\/www.aliadospuebla.com\\\/?p=116812#breadcrumb\",\"itemListElement\":[{\"@type\":\"ListItem\",\"position\":1,\"name\":\"Portada\",\"item\":\"https:\\\/\\\/www.aliadospuebla.com\\\/\"},{\"@type\":\"ListItem\",\"position\":2,\"name\":\"Avala Comisi\u00f3n del Congreso exhorto para fortalecer acciones preventivas y de atenci\u00f3n integral de salud para personas adultas mayores\"}]},{\"@type\":\"WebSite\",\"@id\":\"https:\\\/\\\/www.aliadospuebla.com\\\/#website\",\"url\":\"https:\\\/\\\/www.aliadospuebla.com\\\/\",\"name\":\"AliadosPuebla\",\"description\":\"La informaci\u00f3n en tus manos\",\"potentialAction\":[{\"@type\":\"SearchAction\",\"target\":{\"@type\":\"EntryPoint\",\"urlTemplate\":\"https:\\\/\\\/www.aliadospuebla.com\\\/?s={search_term_string}\"},\"query-input\":{\"@type\":\"PropertyValueSpecification\",\"valueRequired\":true,\"valueName\":\"search_term_string\"}}],\"inLanguage\":\"es\"},{\"@type\":\"Person\",\"@id\":\"https:\\\/\\\/www.aliadospuebla.com\\\/#\\\/schema\\\/person\\\/5da7dd09320bd4f392b710017ed5f8ad\",\"name\":\"Aliados17\",\"image\":{\"@type\":\"ImageObject\",\"inLanguage\":\"es\",\"@id\":\"https:\\\/\\\/www.aliadospuebla.com\\\/web2017\\\/wp-content\\\/uploads\\\/2025\\\/03\\\/cropped-para-perfil-8-anos-1-96x96.jpg\",\"url\":\"https:\\\/\\\/www.aliadospuebla.com\\\/web2017\\\/wp-content\\\/uploads\\\/2025\\\/03\\\/cropped-para-perfil-8-anos-1-96x96.jpg\",\"contentUrl\":\"https:\\\/\\\/www.aliadospuebla.com\\\/web2017\\\/wp-content\\\/uploads\\\/2025\\\/03\\\/cropped-para-perfil-8-anos-1-96x96.jpg\",\"caption\":\"Aliados17\"},\"sameAs\":[\"https:\\\/\\\/www.aliados17.com\",\"https:\\\/\\\/www.facebook.com\\\/Aliados17Pue\",\"https:\\\/\\\/x.com\\\/AliadosPuebla\"],\"url\":\"https:\\\/\\\/www.aliadospuebla.com\\\/?author=2\"}]}<\/script>\n<!-- \/ Yoast SEO plugin. -->","yoast_head_json":{"title":"Avala Comisi\u00f3n del Congreso exhorto para fortalecer acciones preventivas y de atenci\u00f3n integral de salud para personas adultas mayores - AliadosPuebla","robots":{"index":"index","follow":"follow","max-snippet":"max-snippet:-1","max-image-preview":"max-image-preview:large","max-video-preview":"max-video-preview:-1"},"canonical":"https:\/\/www.aliadospuebla.com\/?p=116812","og_locale":"es_ES","og_type":"article","og_title":"Avala Comisi\u00f3n del Congreso exhorto para fortalecer acciones preventivas y de atenci\u00f3n integral de salud para personas adultas mayores - AliadosPuebla","og_description":"La Comisi\u00f3n de Atenci\u00f3n a Personas en Situaci\u00f3n de Vulnerabilidad, que preside la diputada Leonela Jazm\u00edn Mart\u00ednez Ayala, aval\u00f3 el proyecto de acuerdo para exhortar a la Secretar\u00eda de Salud del Estado de Puebla, a fortalecer los programas de prevenci\u00f3n y de atenci\u00f3n integral de la salud y de las personas adultas mayores. En la exposici\u00f3n de motivos, la diputada Guadalupe Yamak Taja, quien es la promovente de la iniciativa, consider\u00f3 que la atenci\u00f3n integral y la prevenci\u00f3n en la salud de las personas adultas mayores no es solo una estrategia m\u00e9dica, sino un pilar fundamental para la sostenibilidad de los sistemas de salud y la dignidad humana. &nbsp; Asimismo, la legisladora se\u00f1al\u00f3 que apostar por la prevenci\u00f3n y la atenci\u00f3n integral de la salud&hellip;Leer m\u00e1s...","og_url":"https:\/\/www.aliadospuebla.com\/?p=116812","og_site_name":"AliadosPuebla","article_author":"https:\/\/www.facebook.com\/Aliados17Pue","article_published_time":"2026-08-31T03:55:56+00:00","og_image":[{"width":600,"height":450,"url":"https:\/\/www.aliadospuebla.com\/web2017\/wp-content\/uploads\/2026\/08\/197.jpg","type":"image\/jpeg"}],"author":"Aliados17","twitter_card":"summary_large_image","twitter_creator":"@AliadosPuebla","twitter_misc":{"Escrito por":"Aliados17","Tiempo de lectura":"2 minutos"},"schema":{"@context":"https:\/\/schema.org","@graph":[{"@type":"Article","@id":"https:\/\/www.aliadospuebla.com\/?p=116812#article","isPartOf":{"@id":"https:\/\/www.aliadospuebla.com\/?p=116812"},"author":{"name":"Aliados17","@id":"https:\/\/www.aliadospuebla.com\/#\/schema\/person\/5da7dd09320bd4f392b710017ed5f8ad"},"headline":"Avala Comisi\u00f3n del Congreso exhorto para fortalecer acciones preventivas y de atenci\u00f3n integral de salud para personas adultas mayores","datePublished":"2026-08-31T03:55:56+00:00","mainEntityOfPage":{"@id":"https:\/\/www.aliadospuebla.com\/?p=116812"},"wordCount":252,"commentCount":0,"image":{"@id":"https:\/\/www.aliadospuebla.com\/?p=116812#primaryimage"},"thumbnailUrl":"https:\/\/www.aliadospuebla.com\/web2017\/wp-content\/uploads\/2026\/08\/197.jpg","keywords":["ATENCI\u00d3N INTEGRAL","Guadalupe Yamak Taja","iniciativa","Leonela Jazm\u00edn Mart\u00ednez Ayala","personas adultas mayores","Personas en Situaci\u00f3n de Vulnerabilidad"],"articleSection":["Pol\u00edtica"],"inLanguage":"es","potentialAction":[{"@type":"CommentAction","name":"Comment","target":["https:\/\/www.aliadospuebla.com\/?p=116812#respond"]}]},{"@type":"WebPage","@id":"https:\/\/www.aliadospuebla.com\/?p=116812","url":"https:\/\/www.aliadospuebla.com\/?p=116812","name":"Avala Comisi\u00f3n del Congreso exhorto para fortalecer acciones preventivas y de atenci\u00f3n integral de salud para personas adultas mayores - AliadosPuebla","isPartOf":{"@id":"https:\/\/www.aliadospuebla.com\/#website"},"primaryImageOfPage":{"@id":"https:\/\/www.aliadospuebla.com\/?p=116812#primaryimage"},"image":{"@id":"https:\/\/www.aliadospuebla.com\/?p=116812#primaryimage"},"thumbnailUrl":"https:\/\/www.aliadospuebla.com\/web2017\/wp-content\/uploads\/2026\/08\/197.jpg","datePublished":"2026-08-31T03:55:56+00:00","author":{"@id":"https:\/\/www.aliadospuebla.com\/#\/schema\/person\/5da7dd09320bd4f392b710017ed5f8ad"},"breadcrumb":{"@id":"https:\/\/www.aliadospuebla.com\/?p=116812#breadcrumb"},"inLanguage":"es","potentialAction":[{"@type":"ReadAction","target":["https:\/\/www.aliadospuebla.com\/?p=116812"]}]},{"@type":"ImageObject","inLanguage":"es","@id":"https:\/\/www.aliadospuebla.com\/?p=116812#primaryimage","url":"https:\/\/www.aliadospuebla.com\/web2017\/wp-content\/uploads\/2026\/08\/197.jpg","contentUrl":"https:\/\/www.aliadospuebla.com\/web2017\/wp-content\/uploads\/2026\/08\/197.jpg","width":600,"height":450},{"@type":"BreadcrumbList","@id":"https:\/\/www.aliadospuebla.com\/?p=116812#breadcrumb","itemListElement":[{"@type":"ListItem","position":1,"name":"Portada","item":"https:\/\/www.aliadospuebla.com\/"},{"@type":"ListItem","position":2,"name":"Avala Comisi\u00f3n del Congreso exhorto para fortalecer acciones preventivas y de atenci\u00f3n integral de salud para personas adultas mayores"}]},{"@type":"WebSite","@id":"https:\/\/www.aliadospuebla.com\/#website","url":"https:\/\/www.aliadospuebla.com\/","name":"AliadosPuebla","description":"La informaci\u00f3n en tus manos","potentialAction":[{"@type":"SearchAction","target":{"@type":"EntryPoint","urlTemplate":"https:\/\/www.aliadospuebla.com\/?s={search_term_string}"},"query-input":{"@type":"PropertyValueSpecification","valueRequired":true,"valueName":"search_term_string"}}],"inLanguage":"es"},{"@type":"Person","@id":"https:\/\/www.aliadospuebla.com\/#\/schema\/person\/5da7dd09320bd4f392b710017ed5f8ad","name":"Aliados17","image":{"@type":"ImageObject","inLanguage":"es","@id":"https:\/\/www.aliadospuebla.com\/web2017\/wp-content\/uploads\/2025\/03\/cropped-para-perfil-8-anos-1-96x96.jpg","url":"https:\/\/www.aliadospuebla.com\/web2017\/wp-content\/uploads\/2025\/03\/cropped-para-perfil-8-anos-1-96x96.jpg","contentUrl":"https:\/\/www.aliadospuebla.com\/web2017\/wp-content\/uploads\/2025\/03\/cropped-para-perfil-8-anos-1-96x96.jpg","caption":"Aliados17"},"sameAs":["https:\/\/www.aliados17.com","https:\/\/www.facebook.com\/Aliados17Pue","https:\/\/x.com\/AliadosPuebla"],"url":"https:\/\/www.aliadospuebla.com\/?author=2"}]}},"views":9,"_links":{"self":[{"href":"https:\/\/www.aliadospuebla.com\/index.php?rest_route=\/wp\/v2\/posts\/116812","targetHints":{"allow":["GET"]}}],"collection":[{"href":"https:\/\/www.aliadospuebla.com\/index.php?rest_route=\/wp\/v2\/posts"}],"about":[{"href":"https:\/\/www.aliadospuebla.com\/index.php?rest_route=\/wp\/v2\/types\/post"}],"author":[{"embeddable":true,"href":"https:\/\/www.aliadospuebla.com\/index.php?rest_route=\/wp\/v2\/users\/2"}],"replies":[{"embeddable":true,"href":"https:\/\/www.aliadospuebla.com\/index.php?rest_route=%2Fwp%2Fv2%2Fcomments&post=116812"}],"version-history":[{"count":1,"href":"https:\/\/www.aliadospuebla.com\/index.php?rest_route=\/wp\/v2\/posts\/116812\/revisions"}],"predecessor-version":[{"id":116814,"href":"https:\/\/www.aliadospuebla.com\/index.php?rest_route=\/wp\/v2\/posts\/116812\/revisions\/116814"}],"wp:featuredmedia":[{"embeddable":true,"href":"https:\/\/www.aliadospuebla.com\/index.php?rest_route=\/wp\/v2\/media\/116813"}],"wp:attachment":[{"href":"https:\/\/www.aliadospuebla.com\/index.php?rest_route=%2Fwp%2Fv2%2Fmedia&parent=116812"}],"wp:term":[{"taxonomy":"category","embeddable":true,"href":"https:\/\/www.aliadospuebla.com\/index.php?rest_route=%2Fwp%2Fv2%2Fcategories&post=116812"},{"taxonomy":"post_tag","embeddable":true,"href":"https:\/\/www.aliadospuebla.com\/index.php?rest_route=%2Fwp%2Fv2%2Ftags&post=116812"}],"curies":[{"name":"wp","href":"https:\/\/api.w.org\/{rel}","templated":true}]}}