{"id":116601,"date":"2026-08-22T09:18:38","date_gmt":"2026-08-22T15:18:38","guid":{"rendered":"https:\/\/www.aliadospuebla.com\/?p=116601"},"modified":"2026-08-23T09:44:18","modified_gmt":"2026-08-23T15:44:18","slug":"presenta-diputado-jaime-natale-exhorto-para-fortalecer-mecanismos-de-proteccion-para-menores-migrantes-que-retornan-al-estado","status":"publish","type":"post","link":"https:\/\/www.aliadospuebla.com\/?p=116601","title":{"rendered":"Presenta diputado Jaime Natale exhorto para fortalecer mecanismos de protecci\u00f3n para menores migrantes que retornan al Estado"},"content":{"rendered":"<h4><em>En sesi\u00f3n de la Comisi\u00f3n Permanente tambi\u00e9n se presentaron acuerdos en materia de presupuesto y medio ambiente<\/em><\/h4>\n<p><em>As\u00ed como en temas de seguridad, trabajo, transporte y atenci\u00f3n a personas en situaci\u00f3n de vulnerabilidad<\/em><\/p>\n<p>El diputado Jaime Natale Uranga present\u00f3 un punto de acuerdo para exhortar<\/p>\n<p>a los Ayuntamientos\u00a0 y a los Concejos Municipales del Estado a que,<\/p>\n<p>de manera coordinada con la Procuradur\u00eda\u00a0 de Protecci\u00f3n de los Derechos de Ni\u00f1as, Ni\u00f1os<\/p>\n<p>y Adolescentes del Estado, implementen<\/p>\n<p>mecanismos especiales y protocolos de actuaci\u00f3n para proteger a infantes migrantes<\/p>\n<p>que regresan a la entidad acompa\u00f1ados, no acompa\u00f1ados o separados, garantizando<\/p>\n<p>en todo momento su seguridad integral.<\/p>\n<p>&nbsp;<\/p>\n<p>Esto, \u201cdebido a que las recientes medidas migratorias ocasionan procesos de deportaci\u00f3n<\/p>\n<p>inhumanos para ni\u00f1as, ni\u00f1os y adolescentes al dejar sus hogares, familias y en muchas ocasiones<\/p>\n<p>sus sue\u00f1os, lo que representa un riesgo a su bienestar\u201d, se\u00f1ala el diputado.<\/p>\n<h4>La propuesta legislativa fue turnada a la Comisi\u00f3n de la Familia y los Derechos de la Ni\u00f1ez.<\/h4>\n<p>Por su parte, la diputada Mar\u00eda Soledad Amieva Zamora present\u00f3 un exhorto<\/p>\n<p>para los Ayuntamientos y los Concejos Municipales, para que ampl\u00eden sus programas<\/p>\n<p>y acciones de desarrollo institucional municipal con la finalidad de fortalecer<\/p>\n<p>las capacidades de gesti\u00f3n y capacitaci\u00f3n para la formaci\u00f3n y actualizaci\u00f3n<\/p>\n<p>de las personas servidoras p\u00fablicas municipales, con cargo a los recursos<\/p>\n<p>que autorice la legislaci\u00f3n federal aplicable.<\/p>\n<p>&nbsp;<\/p>\n<p>O, en su caso, que dispongan de hasta un dos por ciento del total de los recursos<\/p>\n<p>del Fondo de Aportaciones para la Infraestructura Social Municipal, sujet\u00e1ndose<\/p>\n<p>en todo momento a los porcentajes, conceptos, procedimientos, convenios, cat\u00e1logos<\/p>\n<p>y dem\u00e1s disposiciones previstas en el art\u00edculo 115, fracci\u00f3n II, de la Constituci\u00f3n Pol\u00edtica<\/p>\n<p>de los Estados Unidos Mexicanos y en el art\u00edculo 33 de la Ley de Coordinaci\u00f3n Fiscal.<\/p>\n<p>&nbsp;<\/p>\n<h4>La propuesta legislativa fue turnada a la Comisi\u00f3n de Presupuesto y Cr\u00e9dito P\u00fablico.<\/h4>\n<p>El diputado Roberto Zatar\u00e1in Leal present\u00f3 un exhorto a los Ayuntamientos<\/p>\n<p>y a los Concejos Municipales del Estado de Puebla para que fortalezcan la vigilancia<\/p>\n<p>de los cerros, zonas forestales y dem\u00e1s \u00e1reas de valor ambiental y cultural de sus demarcaciones.<\/p>\n<p>&nbsp;<\/p>\n<p>As\u00ed como dar seguimiento y atenci\u00f3n diligente a las denuncias ciudadanas por presunta tala,<\/p>\n<p>desmonte o cambio de uso de suelo irregulares, canaliz\u00e1ndolas de inmediato a la Procuradur\u00eda<\/p>\n<p>Federal de Protecci\u00f3n al Ambiente, a la Secretar\u00eda de Medio Ambiente, Desarrollo Sustentable<\/p>\n<p>y Ordenamiento Territorial del Gobierno del Estado y, trat\u00e1ndose de las conductas previstas<\/p>\n<p>en el art\u00edculo 198 del C\u00f3digo Penal del Estado Libre y Soberano de Puebla, a la Fiscal\u00eda General del Estado.<\/p>\n<p>&nbsp;<\/p>\n<h4>El punto de acuerdo fue dirigido a la Comisi\u00f3n de Medio Ambiente, Recursos Naturales y Cambio Clim\u00e1tico.<\/h4>\n<p>La diputada Elvia Graciela Palomares Ram\u00edrez present\u00f3 un punto de acuerdo para exhortar<\/p>\n<p>a la Secretar\u00eda de Seguridad P\u00fablica del Estado de Puebla a que, en coordinaci\u00f3n<\/p>\n<p>con los Ayuntamientos, fortalezca la implementaci\u00f3n de protocolos para la prevenci\u00f3n,<\/p>\n<p>detecci\u00f3n temprana, atenci\u00f3n, canalizaci\u00f3n y seguimiento de factores de riesgo psicosocial<\/p>\n<p>entre las personas integrantes de las instituciones de seguridad p\u00fablica.<\/p>\n<p>&nbsp;<\/p>\n<p>El exhorto fue enviado a la Comisi\u00f3n de Seguridad P\u00fablica.<\/p>\n<p>El diputado Elpidio D\u00edaz Escobar present\u00f3 un punto de acuerdo para exhortar<\/p>\n<p>a la Delegaci\u00f3n del Instituto Mexicano del Seguro Social a que realice la difusi\u00f3n necesaria<\/p>\n<p>del \u201cPrograma de Incorporaci\u00f3n para Personas Trabajadoras del Hogar\u201d,<\/p>\n<p>con el fin de generar los medios necesarios para brindar a ese grupo vulnerable<\/p>\n<p>de nuestra sociedad una cobertura de seguridad social, sacarlo de la informalidad<\/p>\n<p>y permitir que sus integrantes puedan desarrollar un proyecto de vida digno,<\/p>\n<p>solicitando poner en conocimiento de esta Soberan\u00eda los avances en el proceso de incorporaci\u00f3n al programa.<\/p>\n<p>&nbsp;<\/p>\n<p>La propuesta fue enviada a la Comisi\u00f3n de Trabajo, Competitividad y Previsi\u00f3n Social.<\/p>\n<p>De igual manera, el diputado Elpidio D\u00edaz Escobar present\u00f3 un punto de acuerdo para exhortar<\/p>\n<p>a la Secretar\u00eda de Movilidad y Transporte del Gobierno del Estado a que realice una campa\u00f1a<\/p>\n<p>de difusi\u00f3n, con la participaci\u00f3n activa de la sociedad civil, Ayuntamientos, organizaciones empresariales<\/p>\n<p>y educativas, as\u00ed como asociaciones relacionadas con la materia, sobre los derechos y obligaciones<\/p>\n<p>de las y los usuarios del transporte p\u00fablico y de las personas conductoras de veh\u00edculos motorizados,<\/p>\n<p>as\u00ed como sobre las sanciones a las que pueden ser acreedoras en caso de conducir a exceso de velocidad,<\/p>\n<p>en estado de ebriedad o bajo el influjo de drogas o enervantes, promoviendo la prevenci\u00f3n<\/p>\n<p>de accidentes y la protecci\u00f3n de la sociedad.<\/p>\n<p>&nbsp;<\/p>\n<h4>Para su an\u00e1lisis correspondiente, el punto de acuerdo fue turnado a la Comisi\u00f3n de Transportes y Movilidad.<\/h4>\n<p>La legisladora Guadalupe Yamak Taja present\u00f3 un punto de acuerdo para exhortar<\/p>\n<p>a la Secretar\u00eda de Salud del Estado de Puebla a fortalecer los programas de prevenci\u00f3n<\/p>\n<p>y de atenci\u00f3n integral de la salud de las personas adultas mayores.<\/p>\n<p>&nbsp;<\/p>\n<p>La propuesta legislativa fue dirigida a la Comisi\u00f3n de Atenci\u00f3n a Personas en Situaci\u00f3n de Vulnerabilidad.<\/p>\n<p>La diputada Delfina Pozos Vergara present\u00f3 un punto de acuerdo para exhortar<\/p>\n<p>a la Junta de Gobierno y Coordinaci\u00f3n Pol\u00edtica a que acuerde la comparecencia,<\/p>\n<p>ante el Pleno de esta Soberan\u00eda, de la Secretar\u00eda de Juventud y Deporte del Gobierno del Estado,<\/p>\n<p>Gabriela S\u00e1nchez Saavedra.<\/p>\n","protected":false},"excerpt":{"rendered":"<p>En sesi\u00f3n de la Comisi\u00f3n Permanente tambi\u00e9n se presentaron acuerdos en materia de presupuesto y medio ambiente As\u00ed como en temas de seguridad, trabajo, transporte y atenci\u00f3n a personas en situaci\u00f3n de vulnerabilidad El diputado Jaime Natale Uranga present\u00f3 un punto de acuerdo para exhortar a los Ayuntamientos\u00a0 y a los Concejos Municipales del Estado a que, de manera coordinada con la Procuradur\u00eda\u00a0 de Protecci\u00f3n de los Derechos de Ni\u00f1as, Ni\u00f1os y Adolescentes del Estado, implementen mecanismos especiales y protocolos de actuaci\u00f3n para proteger a infantes migrantes que regresan a la entidad acompa\u00f1ados, no acompa\u00f1ados o separados, garantizando en todo momento su seguridad integral. &nbsp; Esto, \u201cdebido a que las recientes medidas migratorias ocasionan procesos de deportaci\u00f3n inhumanos para ni\u00f1as, ni\u00f1os y adolescentes al dejar&hellip;<\/p>\n<p class=\"excerpt-more\"><a class=\"blog-excerpt button\" href=\"https:\/\/www.aliadospuebla.com\/?p=116601\">Leer m\u00e1s&#8230;<\/a><\/p>\n","protected":false},"author":2,"featured_media":116602,"comment_status":"open","ping_status":"open","sticky":false,"template":"","format":"standard","meta":{"_monsterinsights_skip_tracking":false,"footnotes":""},"categories":[6],"tags":[34788,20673,27118,34789,14636],"class_list":["post-116601","post","type-post","status-publish","format-standard","has-post-thumbnail","hentry","category-politica","tag-infantes-migrantes","tag-jaime-natale-uranga","tag-proteccion-de-los-derechos-de-ninas","tag-protocolos-de-actuacion","tag-seguridad-integral"],"yoast_head":"<!-- This site is optimized with the Yoast SEO plugin v28.3 - https:\/\/yoast.com\/product\/yoast-seo-wordpress\/ -->\n<title>Presenta diputado Jaime Natale exhorto para fortalecer mecanismos de protecci\u00f3n para menores migrantes que retornan al Estado - AliadosPuebla<\/title>\n<meta name=\"robots\" content=\"index, follow, max-snippet:-1, max-image-preview:large, max-video-preview:-1\" \/>\n<link rel=\"canonical\" href=\"https:\/\/www.aliadospuebla.com\/?p=116601\" \/>\n<meta property=\"og:locale\" content=\"es_ES\" \/>\n<meta property=\"og:type\" content=\"article\" \/>\n<meta property=\"og:title\" content=\"Presenta diputado Jaime Natale exhorto para fortalecer mecanismos de protecci\u00f3n para menores migrantes que retornan al Estado - AliadosPuebla\" \/>\n<meta property=\"og:description\" content=\"En sesi\u00f3n de la Comisi\u00f3n Permanente tambi\u00e9n se presentaron acuerdos en materia de presupuesto y medio ambiente As\u00ed como en temas de seguridad, trabajo, transporte y atenci\u00f3n a personas en situaci\u00f3n de vulnerabilidad El diputado Jaime Natale Uranga present\u00f3 un punto de acuerdo para exhortar a los Ayuntamientos\u00a0 y a los Concejos Municipales del Estado a que, de manera coordinada con la Procuradur\u00eda\u00a0 de Protecci\u00f3n de los Derechos de Ni\u00f1as, Ni\u00f1os y Adolescentes del Estado, implementen mecanismos especiales y protocolos de actuaci\u00f3n para proteger a infantes migrantes que regresan a la entidad acompa\u00f1ados, no acompa\u00f1ados o separados, garantizando en todo momento su seguridad integral. &nbsp; Esto, \u201cdebido a que las recientes medidas migratorias ocasionan procesos de deportaci\u00f3n inhumanos para ni\u00f1as, ni\u00f1os y adolescentes al dejar&hellip;Leer m\u00e1s...\" \/>\n<meta property=\"og:url\" content=\"https:\/\/www.aliadospuebla.com\/?p=116601\" \/>\n<meta property=\"og:site_name\" content=\"AliadosPuebla\" \/>\n<meta property=\"article:author\" content=\"https:\/\/www.facebook.com\/Aliados17Pue\" \/>\n<meta property=\"article:published_time\" content=\"2026-08-22T15:18:38+00:00\" \/>\n<meta property=\"article:modified_time\" content=\"2026-08-23T15:44:18+00:00\" \/>\n<meta property=\"og:image\" content=\"https:\/\/www.aliadospuebla.com\/web2017\/wp-content\/uploads\/2026\/08\/139-1.jpg\" \/>\n\t<meta property=\"og:image:width\" content=\"600\" \/>\n\t<meta property=\"og:image:height\" content=\"450\" \/>\n\t<meta property=\"og:image:type\" content=\"image\/jpeg\" \/>\n<meta name=\"author\" content=\"Aliados17\" \/>\n<meta name=\"twitter:card\" content=\"summary_large_image\" \/>\n<meta name=\"twitter:creator\" content=\"@AliadosPuebla\" \/>\n<meta name=\"twitter:label1\" content=\"Escrito por\" \/>\n\t<meta name=\"twitter:data1\" content=\"Aliados17\" \/>\n\t<meta name=\"twitter:label2\" content=\"Tiempo de lectura\" \/>\n\t<meta name=\"twitter:data2\" content=\"5 minutos\" \/>\n<script type=\"application\/ld+json\" class=\"yoast-schema-graph\">{\"@context\":\"https:\\\/\\\/schema.org\",\"@graph\":[{\"@type\":\"Article\",\"@id\":\"https:\\\/\\\/www.aliadospuebla.com\\\/?p=116601#article\",\"isPartOf\":{\"@id\":\"https:\\\/\\\/www.aliadospuebla.com\\\/?p=116601\"},\"author\":{\"name\":\"Aliados17\",\"@id\":\"https:\\\/\\\/www.aliadospuebla.com\\\/#\\\/schema\\\/person\\\/5da7dd09320bd4f392b710017ed5f8ad\"},\"headline\":\"Presenta diputado Jaime Natale exhorto para fortalecer mecanismos de protecci\u00f3n para menores migrantes que retornan al Estado\",\"datePublished\":\"2026-08-22T15:18:38+00:00\",\"dateModified\":\"2026-08-23T15:44:18+00:00\",\"mainEntityOfPage\":{\"@id\":\"https:\\\/\\\/www.aliadospuebla.com\\\/?p=116601\"},\"wordCount\":959,\"commentCount\":0,\"image\":{\"@id\":\"https:\\\/\\\/www.aliadospuebla.com\\\/?p=116601#primaryimage\"},\"thumbnailUrl\":\"https:\\\/\\\/www.aliadospuebla.com\\\/web2017\\\/wp-content\\\/uploads\\\/2026\\\/08\\\/139-1.jpg\",\"keywords\":[\"infantes migrantes\",\"Jaime Natale Uranga\",\"Protecci\u00f3n de los Derechos de Ni\u00f1as\",\"protocolos de actuaci\u00f3n\",\"seguridad integral\"],\"articleSection\":[\"Pol\u00edtica\"],\"inLanguage\":\"es\",\"potentialAction\":[{\"@type\":\"CommentAction\",\"name\":\"Comment\",\"target\":[\"https:\\\/\\\/www.aliadospuebla.com\\\/?p=116601#respond\"]}]},{\"@type\":\"WebPage\",\"@id\":\"https:\\\/\\\/www.aliadospuebla.com\\\/?p=116601\",\"url\":\"https:\\\/\\\/www.aliadospuebla.com\\\/?p=116601\",\"name\":\"Presenta diputado Jaime Natale exhorto para fortalecer mecanismos de protecci\u00f3n para menores migrantes que retornan al Estado - AliadosPuebla\",\"isPartOf\":{\"@id\":\"https:\\\/\\\/www.aliadospuebla.com\\\/#website\"},\"primaryImageOfPage\":{\"@id\":\"https:\\\/\\\/www.aliadospuebla.com\\\/?p=116601#primaryimage\"},\"image\":{\"@id\":\"https:\\\/\\\/www.aliadospuebla.com\\\/?p=116601#primaryimage\"},\"thumbnailUrl\":\"https:\\\/\\\/www.aliadospuebla.com\\\/web2017\\\/wp-content\\\/uploads\\\/2026\\\/08\\\/139-1.jpg\",\"datePublished\":\"2026-08-22T15:18:38+00:00\",\"dateModified\":\"2026-08-23T15:44:18+00:00\",\"author\":{\"@id\":\"https:\\\/\\\/www.aliadospuebla.com\\\/#\\\/schema\\\/person\\\/5da7dd09320bd4f392b710017ed5f8ad\"},\"breadcrumb\":{\"@id\":\"https:\\\/\\\/www.aliadospuebla.com\\\/?p=116601#breadcrumb\"},\"inLanguage\":\"es\",\"potentialAction\":[{\"@type\":\"ReadAction\",\"target\":[\"https:\\\/\\\/www.aliadospuebla.com\\\/?p=116601\"]}]},{\"@type\":\"ImageObject\",\"inLanguage\":\"es\",\"@id\":\"https:\\\/\\\/www.aliadospuebla.com\\\/?p=116601#primaryimage\",\"url\":\"https:\\\/\\\/www.aliadospuebla.com\\\/web2017\\\/wp-content\\\/uploads\\\/2026\\\/08\\\/139-1.jpg\",\"contentUrl\":\"https:\\\/\\\/www.aliadospuebla.com\\\/web2017\\\/wp-content\\\/uploads\\\/2026\\\/08\\\/139-1.jpg\",\"width\":600,\"height\":450},{\"@type\":\"BreadcrumbList\",\"@id\":\"https:\\\/\\\/www.aliadospuebla.com\\\/?p=116601#breadcrumb\",\"itemListElement\":[{\"@type\":\"ListItem\",\"position\":1,\"name\":\"Portada\",\"item\":\"https:\\\/\\\/www.aliadospuebla.com\\\/\"},{\"@type\":\"ListItem\",\"position\":2,\"name\":\"Presenta diputado Jaime Natale exhorto para fortalecer mecanismos de protecci\u00f3n para menores migrantes que retornan al Estado\"}]},{\"@type\":\"WebSite\",\"@id\":\"https:\\\/\\\/www.aliadospuebla.com\\\/#website\",\"url\":\"https:\\\/\\\/www.aliadospuebla.com\\\/\",\"name\":\"AliadosPuebla\",\"description\":\"La informaci\u00f3n en tus manos\",\"potentialAction\":[{\"@type\":\"SearchAction\",\"target\":{\"@type\":\"EntryPoint\",\"urlTemplate\":\"https:\\\/\\\/www.aliadospuebla.com\\\/?s={search_term_string}\"},\"query-input\":{\"@type\":\"PropertyValueSpecification\",\"valueRequired\":true,\"valueName\":\"search_term_string\"}}],\"inLanguage\":\"es\"},{\"@type\":\"Person\",\"@id\":\"https:\\\/\\\/www.aliadospuebla.com\\\/#\\\/schema\\\/person\\\/5da7dd09320bd4f392b710017ed5f8ad\",\"name\":\"Aliados17\",\"image\":{\"@type\":\"ImageObject\",\"inLanguage\":\"es\",\"@id\":\"https:\\\/\\\/www.aliadospuebla.com\\\/web2017\\\/wp-content\\\/uploads\\\/2025\\\/03\\\/cropped-para-perfil-8-anos-1-96x96.jpg\",\"url\":\"https:\\\/\\\/www.aliadospuebla.com\\\/web2017\\\/wp-content\\\/uploads\\\/2025\\\/03\\\/cropped-para-perfil-8-anos-1-96x96.jpg\",\"contentUrl\":\"https:\\\/\\\/www.aliadospuebla.com\\\/web2017\\\/wp-content\\\/uploads\\\/2025\\\/03\\\/cropped-para-perfil-8-anos-1-96x96.jpg\",\"caption\":\"Aliados17\"},\"sameAs\":[\"https:\\\/\\\/www.aliados17.com\",\"https:\\\/\\\/www.facebook.com\\\/Aliados17Pue\",\"https:\\\/\\\/x.com\\\/AliadosPuebla\"],\"url\":\"https:\\\/\\\/www.aliadospuebla.com\\\/?author=2\"}]}<\/script>\n<!-- \/ Yoast SEO plugin. -->","yoast_head_json":{"title":"Presenta diputado Jaime Natale exhorto para fortalecer mecanismos de protecci\u00f3n para menores migrantes que retornan al Estado - AliadosPuebla","robots":{"index":"index","follow":"follow","max-snippet":"max-snippet:-1","max-image-preview":"max-image-preview:large","max-video-preview":"max-video-preview:-1"},"canonical":"https:\/\/www.aliadospuebla.com\/?p=116601","og_locale":"es_ES","og_type":"article","og_title":"Presenta diputado Jaime Natale exhorto para fortalecer mecanismos de protecci\u00f3n para menores migrantes que retornan al Estado - AliadosPuebla","og_description":"En sesi\u00f3n de la Comisi\u00f3n Permanente tambi\u00e9n se presentaron acuerdos en materia de presupuesto y medio ambiente As\u00ed como en temas de seguridad, trabajo, transporte y atenci\u00f3n a personas en situaci\u00f3n de vulnerabilidad El diputado Jaime Natale Uranga present\u00f3 un punto de acuerdo para exhortar a los Ayuntamientos\u00a0 y a los Concejos Municipales del Estado a que, de manera coordinada con la Procuradur\u00eda\u00a0 de Protecci\u00f3n de los Derechos de Ni\u00f1as, Ni\u00f1os y Adolescentes del Estado, implementen mecanismos especiales y protocolos de actuaci\u00f3n para proteger a infantes migrantes que regresan a la entidad acompa\u00f1ados, no acompa\u00f1ados o separados, garantizando en todo momento su seguridad integral. &nbsp; Esto, \u201cdebido a que las recientes medidas migratorias ocasionan procesos de deportaci\u00f3n inhumanos para ni\u00f1as, ni\u00f1os y adolescentes al dejar&hellip;Leer m\u00e1s...","og_url":"https:\/\/www.aliadospuebla.com\/?p=116601","og_site_name":"AliadosPuebla","article_author":"https:\/\/www.facebook.com\/Aliados17Pue","article_published_time":"2026-08-22T15:18:38+00:00","article_modified_time":"2026-08-23T15:44:18+00:00","og_image":[{"width":600,"height":450,"url":"https:\/\/www.aliadospuebla.com\/web2017\/wp-content\/uploads\/2026\/08\/139-1.jpg","type":"image\/jpeg"}],"author":"Aliados17","twitter_card":"summary_large_image","twitter_creator":"@AliadosPuebla","twitter_misc":{"Escrito por":"Aliados17","Tiempo de lectura":"5 minutos"},"schema":{"@context":"https:\/\/schema.org","@graph":[{"@type":"Article","@id":"https:\/\/www.aliadospuebla.com\/?p=116601#article","isPartOf":{"@id":"https:\/\/www.aliadospuebla.com\/?p=116601"},"author":{"name":"Aliados17","@id":"https:\/\/www.aliadospuebla.com\/#\/schema\/person\/5da7dd09320bd4f392b710017ed5f8ad"},"headline":"Presenta diputado Jaime Natale exhorto para fortalecer mecanismos de protecci\u00f3n para menores migrantes que retornan al Estado","datePublished":"2026-08-22T15:18:38+00:00","dateModified":"2026-08-23T15:44:18+00:00","mainEntityOfPage":{"@id":"https:\/\/www.aliadospuebla.com\/?p=116601"},"wordCount":959,"commentCount":0,"image":{"@id":"https:\/\/www.aliadospuebla.com\/?p=116601#primaryimage"},"thumbnailUrl":"https:\/\/www.aliadospuebla.com\/web2017\/wp-content\/uploads\/2026\/08\/139-1.jpg","keywords":["infantes migrantes","Jaime Natale Uranga","Protecci\u00f3n de los Derechos de Ni\u00f1as","protocolos de actuaci\u00f3n","seguridad integral"],"articleSection":["Pol\u00edtica"],"inLanguage":"es","potentialAction":[{"@type":"CommentAction","name":"Comment","target":["https:\/\/www.aliadospuebla.com\/?p=116601#respond"]}]},{"@type":"WebPage","@id":"https:\/\/www.aliadospuebla.com\/?p=116601","url":"https:\/\/www.aliadospuebla.com\/?p=116601","name":"Presenta diputado Jaime Natale exhorto para fortalecer mecanismos de protecci\u00f3n para menores migrantes que retornan al Estado - AliadosPuebla","isPartOf":{"@id":"https:\/\/www.aliadospuebla.com\/#website"},"primaryImageOfPage":{"@id":"https:\/\/www.aliadospuebla.com\/?p=116601#primaryimage"},"image":{"@id":"https:\/\/www.aliadospuebla.com\/?p=116601#primaryimage"},"thumbnailUrl":"https:\/\/www.aliadospuebla.com\/web2017\/wp-content\/uploads\/2026\/08\/139-1.jpg","datePublished":"2026-08-22T15:18:38+00:00","dateModified":"2026-08-23T15:44:18+00:00","author":{"@id":"https:\/\/www.aliadospuebla.com\/#\/schema\/person\/5da7dd09320bd4f392b710017ed5f8ad"},"breadcrumb":{"@id":"https:\/\/www.aliadospuebla.com\/?p=116601#breadcrumb"},"inLanguage":"es","potentialAction":[{"@type":"ReadAction","target":["https:\/\/www.aliadospuebla.com\/?p=116601"]}]},{"@type":"ImageObject","inLanguage":"es","@id":"https:\/\/www.aliadospuebla.com\/?p=116601#primaryimage","url":"https:\/\/www.aliadospuebla.com\/web2017\/wp-content\/uploads\/2026\/08\/139-1.jpg","contentUrl":"https:\/\/www.aliadospuebla.com\/web2017\/wp-content\/uploads\/2026\/08\/139-1.jpg","width":600,"height":450},{"@type":"BreadcrumbList","@id":"https:\/\/www.aliadospuebla.com\/?p=116601#breadcrumb","itemListElement":[{"@type":"ListItem","position":1,"name":"Portada","item":"https:\/\/www.aliadospuebla.com\/"},{"@type":"ListItem","position":2,"name":"Presenta diputado Jaime Natale exhorto para fortalecer mecanismos de protecci\u00f3n para menores migrantes que retornan al Estado"}]},{"@type":"WebSite","@id":"https:\/\/www.aliadospuebla.com\/#website","url":"https:\/\/www.aliadospuebla.com\/","name":"AliadosPuebla","description":"La informaci\u00f3n en tus manos","potentialAction":[{"@type":"SearchAction","target":{"@type":"EntryPoint","urlTemplate":"https:\/\/www.aliadospuebla.com\/?s={search_term_string}"},"query-input":{"@type":"PropertyValueSpecification","valueRequired":true,"valueName":"search_term_string"}}],"inLanguage":"es"},{"@type":"Person","@id":"https:\/\/www.aliadospuebla.com\/#\/schema\/person\/5da7dd09320bd4f392b710017ed5f8ad","name":"Aliados17","image":{"@type":"ImageObject","inLanguage":"es","@id":"https:\/\/www.aliadospuebla.com\/web2017\/wp-content\/uploads\/2025\/03\/cropped-para-perfil-8-anos-1-96x96.jpg","url":"https:\/\/www.aliadospuebla.com\/web2017\/wp-content\/uploads\/2025\/03\/cropped-para-perfil-8-anos-1-96x96.jpg","contentUrl":"https:\/\/www.aliadospuebla.com\/web2017\/wp-content\/uploads\/2025\/03\/cropped-para-perfil-8-anos-1-96x96.jpg","caption":"Aliados17"},"sameAs":["https:\/\/www.aliados17.com","https:\/\/www.facebook.com\/Aliados17Pue","https:\/\/x.com\/AliadosPuebla"],"url":"https:\/\/www.aliadospuebla.com\/?author=2"}]}},"views":8,"_links":{"self":[{"href":"https:\/\/www.aliadospuebla.com\/index.php?rest_route=\/wp\/v2\/posts\/116601","targetHints":{"allow":["GET"]}}],"collection":[{"href":"https:\/\/www.aliadospuebla.com\/index.php?rest_route=\/wp\/v2\/posts"}],"about":[{"href":"https:\/\/www.aliadospuebla.com\/index.php?rest_route=\/wp\/v2\/types\/post"}],"author":[{"embeddable":true,"href":"https:\/\/www.aliadospuebla.com\/index.php?rest_route=\/wp\/v2\/users\/2"}],"replies":[{"embeddable":true,"href":"https:\/\/www.aliadospuebla.com\/index.php?rest_route=%2Fwp%2Fv2%2Fcomments&post=116601"}],"version-history":[{"count":1,"href":"https:\/\/www.aliadospuebla.com\/index.php?rest_route=\/wp\/v2\/posts\/116601\/revisions"}],"predecessor-version":[{"id":116603,"href":"https:\/\/www.aliadospuebla.com\/index.php?rest_route=\/wp\/v2\/posts\/116601\/revisions\/116603"}],"wp:featuredmedia":[{"embeddable":true,"href":"https:\/\/www.aliadospuebla.com\/index.php?rest_route=\/wp\/v2\/media\/116602"}],"wp:attachment":[{"href":"https:\/\/www.aliadospuebla.com\/index.php?rest_route=%2Fwp%2Fv2%2Fmedia&parent=116601"}],"wp:term":[{"taxonomy":"category","embeddable":true,"href":"https:\/\/www.aliadospuebla.com\/index.php?rest_route=%2Fwp%2Fv2%2Fcategories&post=116601"},{"taxonomy":"post_tag","embeddable":true,"href":"https:\/\/www.aliadospuebla.com\/index.php?rest_route=%2Fwp%2Fv2%2Ftags&post=116601"}],"curies":[{"name":"wp","href":"https:\/\/api.w.org\/{rel}","templated":true}]}}