{"id":116274,"date":"2026-08-10T20:33:49","date_gmt":"2026-08-11T02:33:49","guid":{"rendered":"https:\/\/www.aliadospuebla.com\/?p=116274"},"modified":"2026-08-10T20:33:49","modified_gmt":"2026-08-11T02:33:49","slug":"tonantzin-fernandez-da-inicio-a-nueva-obra-con-sentido-social-en-san-juan-tlautla","status":"publish","type":"post","link":"https:\/\/www.aliadospuebla.com\/?p=116274","title":{"rendered":"Tonantzin Fern\u00e1ndez da inicio a nueva obra con sentido social en San Juan Tlautla"},"content":{"rendered":"<h4>La pavimentaci\u00f3n de la calle 4 Norte mejorar\u00e1 la movilidad y las condiciones de acceso al CAIC de la comunidad.<\/h4>\n<p>San Pedro Cholula, Pue. \u2013 Con el compromiso de atender por igual a las juntas auxiliares<\/p>\n<p>de San Pedro Cholula y acercar obras y servicios p\u00fablicos de calidad a las familias,<\/p>\n<p>la presidenta municipal, Tonantzin Fern\u00e1ndez, dio el banderazo de arranque a los trabajos<\/p>\n<p>de pavimentaci\u00f3n de la calle 4 Norte, entre 2 Oriente y Privada 4 Norte, en San Juan Tlautla.<\/p>\n<p>Durante el inicio de los trabajos, vecinas y vecinos de la zona recibieron con gratitud<\/p>\n<p>a la presidenta municipal, al se\u00f1alar que esta obra responde a una petici\u00f3n que hab\u00edan realizado<\/p>\n<p>durante a\u00f1os ante distintas administraciones municipales, sin obtener una respuesta favorable.<\/p>\n<p>En este sentido, reconocieron la apertura y disposici\u00f3n del actual Gobierno de Cholula<\/p>\n<p>para escuchar sus necesidades y atenderlas con prontitud.<\/p>\n<p>Por su parte, Tonantzin Fern\u00e1ndez agradeci\u00f3 el recibimiento de las y los habitantes<\/p>\n<p>y destac\u00f3 que la pavimentaci\u00f3n de esta vialidad representa una prioridad para su administraci\u00f3n,<\/p>\n<p>debido a las condiciones en las que actualmente se encuentra.<\/p>\n<h4>Explic\u00f3 que la terracer\u00eda provoca hundimientos, encharcamientos y acumulaci\u00f3n de lodo, afectando directamente a las familias que viven en la zona y a quienes transitan diariamente por esta calle.<\/h4>\n<p>Asimismo, record\u00f3 que durante 2025 se realiz\u00f3 la primera etapa de pavimentaci\u00f3n de esta misma vialidad, lo que permiti\u00f3 mejorar las condiciones de acceso para las ni\u00f1as, ni\u00f1os y madres y padres de familia que acuden al CAIC de San Juan Tlautla.<\/p>\n<p>La presidenta municipal afirm\u00f3 que su administraci\u00f3n trabaja para impulsar obras con sentido social, que atiendan las necesidades m\u00e1s sentidas de la poblaci\u00f3n y generen beneficios permanentes para un mayor n\u00famero de cholultecas, sin distinci\u00f3n entre las juntas auxiliares.<\/p>\n<p>Finalmente, Tonantzin Fern\u00e1ndez pidi\u00f3 a las y los vecinos tener paciencia durante el desarrollo de los trabajos, ya que, adem\u00e1s de la pavimentaci\u00f3n, se contempla la construcci\u00f3n de guarniciones y banquetas.<\/p>\n<p>Reiter\u00f3 que, una vez concluidos, estos trabajos representar\u00e1n una mejora permanente en la movilidad y calidad de vida de las familias de San Juan Tlautla.<\/p>\n","protected":false},"excerpt":{"rendered":"<p>La pavimentaci\u00f3n de la calle 4 Norte mejorar\u00e1 la movilidad y las condiciones de acceso al CAIC de la comunidad. San Pedro Cholula, Pue. \u2013 Con el compromiso de atender por igual a las juntas auxiliares de San Pedro Cholula y acercar obras y servicios p\u00fablicos de calidad a las familias, la presidenta municipal, Tonantzin Fern\u00e1ndez, dio el banderazo de arranque a los trabajos de pavimentaci\u00f3n de la calle 4 Norte, entre 2 Oriente y Privada 4 Norte, en San Juan Tlautla. Durante el inicio de los trabajos, vecinas y vecinos de la zona recibieron con gratitud a la presidenta municipal, al se\u00f1alar que esta obra responde a una petici\u00f3n que hab\u00edan realizado durante a\u00f1os ante distintas administraciones municipales, sin obtener una respuesta favorable. En&hellip;<\/p>\n<p class=\"excerpt-more\"><a class=\"blog-excerpt button\" href=\"https:\/\/www.aliadospuebla.com\/?p=116274\">Leer m\u00e1s&#8230;<\/a><\/p>\n","protected":false},"author":2,"featured_media":116275,"comment_status":"open","ping_status":"open","sticky":false,"template":"","format":"standard","meta":{"_monsterinsights_skip_tracking":false,"footnotes":""},"categories":[4],"tags":[24822,34622,23348,387,7394],"class_list":["post-116274","post","type-post","status-publish","format-standard","has-post-thumbnail","hentry","category-municipios","tag-banderazo-de-arranque","tag-obras-con-sentido-social","tag-san-juan-tlautla","tag-san-pedro-cholula","tag-tonantzin-fernandez"],"yoast_head":"<!-- This site is optimized with the Yoast SEO plugin v28.4 - https:\/\/yoast.com\/product\/yoast-seo-wordpress\/ -->\n<title>Tonantzin Fern\u00e1ndez da inicio a nueva obra con sentido social en San Juan Tlautla - AliadosPuebla<\/title>\n<meta name=\"robots\" content=\"index, follow, max-snippet:-1, max-image-preview:large, max-video-preview:-1\" \/>\n<link rel=\"canonical\" href=\"https:\/\/www.aliadospuebla.com\/?p=116274\" \/>\n<meta property=\"og:locale\" content=\"es_ES\" \/>\n<meta property=\"og:type\" content=\"article\" \/>\n<meta property=\"og:title\" content=\"Tonantzin Fern\u00e1ndez da inicio a nueva obra con sentido social en San Juan Tlautla - AliadosPuebla\" \/>\n<meta property=\"og:description\" content=\"La pavimentaci\u00f3n de la calle 4 Norte mejorar\u00e1 la movilidad y las condiciones de acceso al CAIC de la comunidad. San Pedro Cholula, Pue. \u2013 Con el compromiso de atender por igual a las juntas auxiliares de San Pedro Cholula y acercar obras y servicios p\u00fablicos de calidad a las familias, la presidenta municipal, Tonantzin Fern\u00e1ndez, dio el banderazo de arranque a los trabajos de pavimentaci\u00f3n de la calle 4 Norte, entre 2 Oriente y Privada 4 Norte, en San Juan Tlautla. Durante el inicio de los trabajos, vecinas y vecinos de la zona recibieron con gratitud a la presidenta municipal, al se\u00f1alar que esta obra responde a una petici\u00f3n que hab\u00edan realizado durante a\u00f1os ante distintas administraciones municipales, sin obtener una respuesta favorable. En&hellip;Leer m\u00e1s...\" \/>\n<meta property=\"og:url\" content=\"https:\/\/www.aliadospuebla.com\/?p=116274\" \/>\n<meta property=\"og:site_name\" content=\"AliadosPuebla\" \/>\n<meta property=\"article:author\" content=\"https:\/\/www.facebook.com\/Aliados17Pue\" \/>\n<meta property=\"article:published_time\" content=\"2026-08-11T02:33:49+00:00\" \/>\n<meta property=\"og:image\" content=\"https:\/\/www.aliadospuebla.com\/web2017\/wp-content\/uploads\/2026\/08\/044.jpg\" \/>\n\t<meta property=\"og:image:width\" content=\"600\" \/>\n\t<meta property=\"og:image:height\" content=\"450\" \/>\n\t<meta property=\"og:image:type\" content=\"image\/jpeg\" \/>\n<meta name=\"author\" content=\"Aliados17\" \/>\n<meta name=\"twitter:card\" content=\"summary_large_image\" \/>\n<meta name=\"twitter:creator\" content=\"@AliadosPuebla\" \/>\n<meta name=\"twitter:label1\" content=\"Escrito por\" \/>\n\t<meta name=\"twitter:data1\" content=\"Aliados17\" \/>\n\t<meta name=\"twitter:label2\" content=\"Tiempo de lectura\" \/>\n\t<meta name=\"twitter:data2\" content=\"2 minutos\" \/>\n<script type=\"application\/ld+json\" class=\"yoast-schema-graph\">{\"@context\":\"https:\\\/\\\/schema.org\",\"@graph\":[{\"@type\":\"Article\",\"@id\":\"https:\\\/\\\/www.aliadospuebla.com\\\/?p=116274#article\",\"isPartOf\":{\"@id\":\"https:\\\/\\\/www.aliadospuebla.com\\\/?p=116274\"},\"author\":{\"name\":\"Aliados17\",\"@id\":\"https:\\\/\\\/www.aliadospuebla.com\\\/#\\\/schema\\\/person\\\/5da7dd09320bd4f392b710017ed5f8ad\"},\"headline\":\"Tonantzin Fern\u00e1ndez da inicio a nueva obra con sentido social en San Juan Tlautla\",\"datePublished\":\"2026-08-11T02:33:49+00:00\",\"mainEntityOfPage\":{\"@id\":\"https:\\\/\\\/www.aliadospuebla.com\\\/?p=116274\"},\"wordCount\":384,\"commentCount\":0,\"image\":{\"@id\":\"https:\\\/\\\/www.aliadospuebla.com\\\/?p=116274#primaryimage\"},\"thumbnailUrl\":\"https:\\\/\\\/www.aliadospuebla.com\\\/web2017\\\/wp-content\\\/uploads\\\/2026\\\/08\\\/044.jpg\",\"keywords\":[\"banderazo de arranque\",\"obras con sentido social\",\"San Juan Tlautla\",\"SAN PEDRO CHOLULA\",\"TONANTZIN FERN\u00c1NDEZ\"],\"articleSection\":[\"Municipios\"],\"inLanguage\":\"es\",\"potentialAction\":[{\"@type\":\"CommentAction\",\"name\":\"Comment\",\"target\":[\"https:\\\/\\\/www.aliadospuebla.com\\\/?p=116274#respond\"]}]},{\"@type\":\"WebPage\",\"@id\":\"https:\\\/\\\/www.aliadospuebla.com\\\/?p=116274\",\"url\":\"https:\\\/\\\/www.aliadospuebla.com\\\/?p=116274\",\"name\":\"Tonantzin Fern\u00e1ndez da inicio a nueva obra con sentido social en San Juan Tlautla - AliadosPuebla\",\"isPartOf\":{\"@id\":\"https:\\\/\\\/www.aliadospuebla.com\\\/#website\"},\"primaryImageOfPage\":{\"@id\":\"https:\\\/\\\/www.aliadospuebla.com\\\/?p=116274#primaryimage\"},\"image\":{\"@id\":\"https:\\\/\\\/www.aliadospuebla.com\\\/?p=116274#primaryimage\"},\"thumbnailUrl\":\"https:\\\/\\\/www.aliadospuebla.com\\\/web2017\\\/wp-content\\\/uploads\\\/2026\\\/08\\\/044.jpg\",\"datePublished\":\"2026-08-11T02:33:49+00:00\",\"author\":{\"@id\":\"https:\\\/\\\/www.aliadospuebla.com\\\/#\\\/schema\\\/person\\\/5da7dd09320bd4f392b710017ed5f8ad\"},\"breadcrumb\":{\"@id\":\"https:\\\/\\\/www.aliadospuebla.com\\\/?p=116274#breadcrumb\"},\"inLanguage\":\"es\",\"potentialAction\":[{\"@type\":\"ReadAction\",\"target\":[\"https:\\\/\\\/www.aliadospuebla.com\\\/?p=116274\"]}]},{\"@type\":\"ImageObject\",\"inLanguage\":\"es\",\"@id\":\"https:\\\/\\\/www.aliadospuebla.com\\\/?p=116274#primaryimage\",\"url\":\"https:\\\/\\\/www.aliadospuebla.com\\\/web2017\\\/wp-content\\\/uploads\\\/2026\\\/08\\\/044.jpg\",\"contentUrl\":\"https:\\\/\\\/www.aliadospuebla.com\\\/web2017\\\/wp-content\\\/uploads\\\/2026\\\/08\\\/044.jpg\",\"width\":600,\"height\":450},{\"@type\":\"BreadcrumbList\",\"@id\":\"https:\\\/\\\/www.aliadospuebla.com\\\/?p=116274#breadcrumb\",\"itemListElement\":[{\"@type\":\"ListItem\",\"position\":1,\"name\":\"Portada\",\"item\":\"https:\\\/\\\/www.aliadospuebla.com\\\/\"},{\"@type\":\"ListItem\",\"position\":2,\"name\":\"Tonantzin Fern\u00e1ndez da inicio a nueva obra con sentido social en San Juan Tlautla\"}]},{\"@type\":\"WebSite\",\"@id\":\"https:\\\/\\\/www.aliadospuebla.com\\\/#website\",\"url\":\"https:\\\/\\\/www.aliadospuebla.com\\\/\",\"name\":\"AliadosPuebla\",\"description\":\"La informaci\u00f3n en tus manos\",\"potentialAction\":[{\"@type\":\"SearchAction\",\"target\":{\"@type\":\"EntryPoint\",\"urlTemplate\":\"https:\\\/\\\/www.aliadospuebla.com\\\/?s={search_term_string}\"},\"query-input\":{\"@type\":\"PropertyValueSpecification\",\"valueRequired\":true,\"valueName\":\"search_term_string\"}}],\"inLanguage\":\"es\"},{\"@type\":\"Person\",\"@id\":\"https:\\\/\\\/www.aliadospuebla.com\\\/#\\\/schema\\\/person\\\/5da7dd09320bd4f392b710017ed5f8ad\",\"name\":\"Aliados17\",\"image\":{\"@type\":\"ImageObject\",\"inLanguage\":\"es\",\"@id\":\"https:\\\/\\\/www.aliadospuebla.com\\\/web2017\\\/wp-content\\\/uploads\\\/2025\\\/03\\\/cropped-para-perfil-8-anos-1-96x96.jpg\",\"url\":\"https:\\\/\\\/www.aliadospuebla.com\\\/web2017\\\/wp-content\\\/uploads\\\/2025\\\/03\\\/cropped-para-perfil-8-anos-1-96x96.jpg\",\"contentUrl\":\"https:\\\/\\\/www.aliadospuebla.com\\\/web2017\\\/wp-content\\\/uploads\\\/2025\\\/03\\\/cropped-para-perfil-8-anos-1-96x96.jpg\",\"caption\":\"Aliados17\"},\"sameAs\":[\"https:\\\/\\\/www.aliados17.com\",\"https:\\\/\\\/www.facebook.com\\\/Aliados17Pue\",\"https:\\\/\\\/x.com\\\/AliadosPuebla\"],\"url\":\"https:\\\/\\\/www.aliadospuebla.com\\\/?author=2\"}]}<\/script>\n<!-- \/ Yoast SEO plugin. -->","yoast_head_json":{"title":"Tonantzin Fern\u00e1ndez da inicio a nueva obra con sentido social en San Juan Tlautla - AliadosPuebla","robots":{"index":"index","follow":"follow","max-snippet":"max-snippet:-1","max-image-preview":"max-image-preview:large","max-video-preview":"max-video-preview:-1"},"canonical":"https:\/\/www.aliadospuebla.com\/?p=116274","og_locale":"es_ES","og_type":"article","og_title":"Tonantzin Fern\u00e1ndez da inicio a nueva obra con sentido social en San Juan Tlautla - AliadosPuebla","og_description":"La pavimentaci\u00f3n de la calle 4 Norte mejorar\u00e1 la movilidad y las condiciones de acceso al CAIC de la comunidad. San Pedro Cholula, Pue. \u2013 Con el compromiso de atender por igual a las juntas auxiliares de San Pedro Cholula y acercar obras y servicios p\u00fablicos de calidad a las familias, la presidenta municipal, Tonantzin Fern\u00e1ndez, dio el banderazo de arranque a los trabajos de pavimentaci\u00f3n de la calle 4 Norte, entre 2 Oriente y Privada 4 Norte, en San Juan Tlautla. Durante el inicio de los trabajos, vecinas y vecinos de la zona recibieron con gratitud a la presidenta municipal, al se\u00f1alar que esta obra responde a una petici\u00f3n que hab\u00edan realizado durante a\u00f1os ante distintas administraciones municipales, sin obtener una respuesta favorable. En&hellip;Leer m\u00e1s...","og_url":"https:\/\/www.aliadospuebla.com\/?p=116274","og_site_name":"AliadosPuebla","article_author":"https:\/\/www.facebook.com\/Aliados17Pue","article_published_time":"2026-08-11T02:33:49+00:00","og_image":[{"width":600,"height":450,"url":"https:\/\/www.aliadospuebla.com\/web2017\/wp-content\/uploads\/2026\/08\/044.jpg","type":"image\/jpeg"}],"author":"Aliados17","twitter_card":"summary_large_image","twitter_creator":"@AliadosPuebla","twitter_misc":{"Escrito por":"Aliados17","Tiempo de lectura":"2 minutos"},"schema":{"@context":"https:\/\/schema.org","@graph":[{"@type":"Article","@id":"https:\/\/www.aliadospuebla.com\/?p=116274#article","isPartOf":{"@id":"https:\/\/www.aliadospuebla.com\/?p=116274"},"author":{"name":"Aliados17","@id":"https:\/\/www.aliadospuebla.com\/#\/schema\/person\/5da7dd09320bd4f392b710017ed5f8ad"},"headline":"Tonantzin Fern\u00e1ndez da inicio a nueva obra con sentido social en San Juan Tlautla","datePublished":"2026-08-11T02:33:49+00:00","mainEntityOfPage":{"@id":"https:\/\/www.aliadospuebla.com\/?p=116274"},"wordCount":384,"commentCount":0,"image":{"@id":"https:\/\/www.aliadospuebla.com\/?p=116274#primaryimage"},"thumbnailUrl":"https:\/\/www.aliadospuebla.com\/web2017\/wp-content\/uploads\/2026\/08\/044.jpg","keywords":["banderazo de arranque","obras con sentido social","San Juan Tlautla","SAN PEDRO CHOLULA","TONANTZIN FERN\u00c1NDEZ"],"articleSection":["Municipios"],"inLanguage":"es","potentialAction":[{"@type":"CommentAction","name":"Comment","target":["https:\/\/www.aliadospuebla.com\/?p=116274#respond"]}]},{"@type":"WebPage","@id":"https:\/\/www.aliadospuebla.com\/?p=116274","url":"https:\/\/www.aliadospuebla.com\/?p=116274","name":"Tonantzin Fern\u00e1ndez da inicio a nueva obra con sentido social en San Juan Tlautla - AliadosPuebla","isPartOf":{"@id":"https:\/\/www.aliadospuebla.com\/#website"},"primaryImageOfPage":{"@id":"https:\/\/www.aliadospuebla.com\/?p=116274#primaryimage"},"image":{"@id":"https:\/\/www.aliadospuebla.com\/?p=116274#primaryimage"},"thumbnailUrl":"https:\/\/www.aliadospuebla.com\/web2017\/wp-content\/uploads\/2026\/08\/044.jpg","datePublished":"2026-08-11T02:33:49+00:00","author":{"@id":"https:\/\/www.aliadospuebla.com\/#\/schema\/person\/5da7dd09320bd4f392b710017ed5f8ad"},"breadcrumb":{"@id":"https:\/\/www.aliadospuebla.com\/?p=116274#breadcrumb"},"inLanguage":"es","potentialAction":[{"@type":"ReadAction","target":["https:\/\/www.aliadospuebla.com\/?p=116274"]}]},{"@type":"ImageObject","inLanguage":"es","@id":"https:\/\/www.aliadospuebla.com\/?p=116274#primaryimage","url":"https:\/\/www.aliadospuebla.com\/web2017\/wp-content\/uploads\/2026\/08\/044.jpg","contentUrl":"https:\/\/www.aliadospuebla.com\/web2017\/wp-content\/uploads\/2026\/08\/044.jpg","width":600,"height":450},{"@type":"BreadcrumbList","@id":"https:\/\/www.aliadospuebla.com\/?p=116274#breadcrumb","itemListElement":[{"@type":"ListItem","position":1,"name":"Portada","item":"https:\/\/www.aliadospuebla.com\/"},{"@type":"ListItem","position":2,"name":"Tonantzin Fern\u00e1ndez da inicio a nueva obra con sentido social en San Juan Tlautla"}]},{"@type":"WebSite","@id":"https:\/\/www.aliadospuebla.com\/#website","url":"https:\/\/www.aliadospuebla.com\/","name":"AliadosPuebla","description":"La informaci\u00f3n en tus manos","potentialAction":[{"@type":"SearchAction","target":{"@type":"EntryPoint","urlTemplate":"https:\/\/www.aliadospuebla.com\/?s={search_term_string}"},"query-input":{"@type":"PropertyValueSpecification","valueRequired":true,"valueName":"search_term_string"}}],"inLanguage":"es"},{"@type":"Person","@id":"https:\/\/www.aliadospuebla.com\/#\/schema\/person\/5da7dd09320bd4f392b710017ed5f8ad","name":"Aliados17","image":{"@type":"ImageObject","inLanguage":"es","@id":"https:\/\/www.aliadospuebla.com\/web2017\/wp-content\/uploads\/2025\/03\/cropped-para-perfil-8-anos-1-96x96.jpg","url":"https:\/\/www.aliadospuebla.com\/web2017\/wp-content\/uploads\/2025\/03\/cropped-para-perfil-8-anos-1-96x96.jpg","contentUrl":"https:\/\/www.aliadospuebla.com\/web2017\/wp-content\/uploads\/2025\/03\/cropped-para-perfil-8-anos-1-96x96.jpg","caption":"Aliados17"},"sameAs":["https:\/\/www.aliados17.com","https:\/\/www.facebook.com\/Aliados17Pue","https:\/\/x.com\/AliadosPuebla"],"url":"https:\/\/www.aliadospuebla.com\/?author=2"}]}},"views":9,"_links":{"self":[{"href":"https:\/\/www.aliadospuebla.com\/index.php?rest_route=\/wp\/v2\/posts\/116274","targetHints":{"allow":["GET"]}}],"collection":[{"href":"https:\/\/www.aliadospuebla.com\/index.php?rest_route=\/wp\/v2\/posts"}],"about":[{"href":"https:\/\/www.aliadospuebla.com\/index.php?rest_route=\/wp\/v2\/types\/post"}],"author":[{"embeddable":true,"href":"https:\/\/www.aliadospuebla.com\/index.php?rest_route=\/wp\/v2\/users\/2"}],"replies":[{"embeddable":true,"href":"https:\/\/www.aliadospuebla.com\/index.php?rest_route=%2Fwp%2Fv2%2Fcomments&post=116274"}],"version-history":[{"count":1,"href":"https:\/\/www.aliadospuebla.com\/index.php?rest_route=\/wp\/v2\/posts\/116274\/revisions"}],"predecessor-version":[{"id":116276,"href":"https:\/\/www.aliadospuebla.com\/index.php?rest_route=\/wp\/v2\/posts\/116274\/revisions\/116276"}],"wp:featuredmedia":[{"embeddable":true,"href":"https:\/\/www.aliadospuebla.com\/index.php?rest_route=\/wp\/v2\/media\/116275"}],"wp:attachment":[{"href":"https:\/\/www.aliadospuebla.com\/index.php?rest_route=%2Fwp%2Fv2%2Fmedia&parent=116274"}],"wp:term":[{"taxonomy":"category","embeddable":true,"href":"https:\/\/www.aliadospuebla.com\/index.php?rest_route=%2Fwp%2Fv2%2Fcategories&post=116274"},{"taxonomy":"post_tag","embeddable":true,"href":"https:\/\/www.aliadospuebla.com\/index.php?rest_route=%2Fwp%2Fv2%2Ftags&post=116274"}],"curies":[{"name":"wp","href":"https:\/\/api.w.org\/{rel}","templated":true}]}}