{"id":115747,"date":"2026-07-25T13:42:20","date_gmt":"2026-07-25T19:42:20","guid":{"rendered":"https:\/\/www.aliadospuebla.com\/?p=115747"},"modified":"2026-07-25T13:42:20","modified_gmt":"2026-07-25T19:42:20","slug":"sedif-transforma-vidas-con-apoyos-a-cuidadores-de-pacientes-oncologicos","status":"publish","type":"post","link":"https:\/\/www.aliadospuebla.com\/?p=115747","title":{"rendered":"SEDIF TRANSFORMA VIDAS CON APOYOS A CUIDADORES DE PACIENTES ONCOL\u00d3GICOS"},"content":{"rendered":"<h4>&#8211; La presidenta del Patronato, Ceci Arellano, lider\u00f3 la entrega de m\u00e1s de mil 300 ayudas funcionales, econ\u00f3micas y aparatos rehabilitatorios.<\/h4>\n<p>&#8211; A trav\u00e9s del organismo, el Gobierno del Estado mantiene acciones que benefician a poblanas y poblanos en situaci\u00f3n de vulnerabilidad.<\/p>\n<p>PUEBLA, Pue. \u2013 Con el objetivo de transformar la vida de las personas en condici\u00f3n prioritaria,<\/p>\n<p>el Sistema Estatal para el Desarrollo Integral de la Familia (SEDIF) realiz\u00f3 la entrega simb\u00f3lica<\/p>\n<p>de mil 302 aparatos rehabilitatorios, as\u00ed como de apoyos econ\u00f3micos dirigidos<\/p>\n<p>a personas cuidadoras, acto que encabez\u00f3 la presidenta del Patronato del organismo, Ceci Arellano.<\/p>\n<p>\u201cSabemos que detr\u00e1s de cada apoyo hay una madre, un padre, una persona adulta mayor,<\/p>\n<p>un joven, una ni\u00f1a o un ni\u00f1o que merece una mejor calidad de vida, por eso asumimos<\/p>\n<p>el compromiso de que en Puebla ninguna discapacidad limite a nadie\u201d, coment\u00f3 Ceci Arellano.<\/p>\n<p>En compa\u00f1\u00eda del director general del SEDIF, Carlos Ochoa, otorg\u00f3 dispositivos como: sillas de ruedas para par\u00e1lisis cerebral adulta e infantil, sillas de ruedas activas, bastones blancos, bastones de un punto, andaderas para personas adultas e infantes; adem\u00e1s de muletas para distintos requerimientos de movilidad. Estos apoyos fortalecer\u00e1n la independencia, facilitar\u00e1n el desplazamiento y brindar\u00e1n mejores condiciones a las y los beneficiarios en su vida cotidiana.<\/p>\n<p>Durante el encuentro tambi\u00e9n se otorgaron cheques del Programa de Apoyo Econ\u00f3mico a Cuidadores de Pacientes Oncol\u00f3gicos, una estrategia dise\u00f1ada para retribuir el esfuerzo, el tiempo y la dedicaci\u00f3n de quienes acompa\u00f1an a un familiar durante su tratamiento. Con esta acci\u00f3n, el Gobierno del Estado de Puebla refrenda su compromiso de respaldar tanto a las y los pacientes como a quienes desempe\u00f1an una labor fundamental en su recuperaci\u00f3n.<\/p>\n<p>Con el respaldo del gobernador Alejandro Armenta, el Sistema Estatal DIF acerca programas que anteponen el bienestar de las familias poblanas y promueven una asistencia social m\u00e1s humana e incluyente, esencia de la visi\u00f3n gubernamental de la presidenta de M\u00e9xico, Claudia Sheinbaum, quien promueve pol\u00edticas que generan igualdad de oportunidades y una atenci\u00f3n digna para quienes m\u00e1s lo requieren.<\/p>\n","protected":false},"excerpt":{"rendered":"<p>&#8211; La presidenta del Patronato, Ceci Arellano, lider\u00f3 la entrega de m\u00e1s de mil 300 ayudas funcionales, econ\u00f3micas y aparatos rehabilitatorios. &#8211; A trav\u00e9s del organismo, el Gobierno del Estado mantiene acciones que benefician a poblanas y poblanos en situaci\u00f3n de vulnerabilidad. PUEBLA, Pue. \u2013 Con el objetivo de transformar la vida de las personas en condici\u00f3n prioritaria, el Sistema Estatal para el Desarrollo Integral de la Familia (SEDIF) realiz\u00f3 la entrega simb\u00f3lica de mil 302 aparatos rehabilitatorios, as\u00ed como de apoyos econ\u00f3micos dirigidos a personas cuidadoras, acto que encabez\u00f3 la presidenta del Patronato del organismo, Ceci Arellano. \u201cSabemos que detr\u00e1s de cada apoyo hay una madre, un padre, una persona adulta mayor, un joven, una ni\u00f1a o un ni\u00f1o que merece una mejor calidad&hellip;<\/p>\n<p class=\"excerpt-more\"><a class=\"blog-excerpt button\" href=\"https:\/\/www.aliadospuebla.com\/?p=115747\">Leer m\u00e1s&#8230;<\/a><\/p>\n","protected":false},"author":2,"featured_media":115748,"comment_status":"open","ping_status":"open","sticky":false,"template":"","format":"standard","meta":{"_monsterinsights_skip_tracking":false,"footnotes":""},"categories":[61],"tags":[4780,27749,26848,21821,34394,34393,272],"class_list":["post-115747","post","type-post","status-publish","format-standard","has-post-thumbnail","hentry","category-gobierno","tag-alejandro-armenta","tag-aparatos-rehabilitatorios","tag-carlos-ochoa","tag-ceci-arellano","tag-cuidadores-de-pacientes-oncologicos","tag-programa-de-apoyo-economico","tag-sedif"],"yoast_head":"<!-- This site is optimized with the Yoast SEO plugin v28.4 - https:\/\/yoast.com\/product\/yoast-seo-wordpress\/ -->\n<title>SEDIF TRANSFORMA VIDAS CON APOYOS A CUIDADORES DE PACIENTES ONCOL\u00d3GICOS - AliadosPuebla<\/title>\n<meta name=\"robots\" content=\"index, follow, max-snippet:-1, max-image-preview:large, max-video-preview:-1\" \/>\n<link rel=\"canonical\" href=\"https:\/\/www.aliadospuebla.com\/?p=115747\" \/>\n<meta property=\"og:locale\" content=\"es_ES\" \/>\n<meta property=\"og:type\" content=\"article\" \/>\n<meta property=\"og:title\" content=\"SEDIF TRANSFORMA VIDAS CON APOYOS A CUIDADORES DE PACIENTES ONCOL\u00d3GICOS - AliadosPuebla\" \/>\n<meta property=\"og:description\" content=\"&#8211; La presidenta del Patronato, Ceci Arellano, lider\u00f3 la entrega de m\u00e1s de mil 300 ayudas funcionales, econ\u00f3micas y aparatos rehabilitatorios. &#8211; A trav\u00e9s del organismo, el Gobierno del Estado mantiene acciones que benefician a poblanas y poblanos en situaci\u00f3n de vulnerabilidad. PUEBLA, Pue. \u2013 Con el objetivo de transformar la vida de las personas en condici\u00f3n prioritaria, el Sistema Estatal para el Desarrollo Integral de la Familia (SEDIF) realiz\u00f3 la entrega simb\u00f3lica de mil 302 aparatos rehabilitatorios, as\u00ed como de apoyos econ\u00f3micos dirigidos a personas cuidadoras, acto que encabez\u00f3 la presidenta del Patronato del organismo, Ceci Arellano. \u201cSabemos que detr\u00e1s de cada apoyo hay una madre, un padre, una persona adulta mayor, un joven, una ni\u00f1a o un ni\u00f1o que merece una mejor calidad&hellip;Leer m\u00e1s...\" \/>\n<meta property=\"og:url\" content=\"https:\/\/www.aliadospuebla.com\/?p=115747\" \/>\n<meta property=\"og:site_name\" content=\"AliadosPuebla\" \/>\n<meta property=\"article:author\" content=\"https:\/\/www.facebook.com\/Aliados17Pue\" \/>\n<meta property=\"article:published_time\" content=\"2026-07-25T19:42:20+00:00\" \/>\n<meta property=\"og:image\" content=\"https:\/\/www.aliadospuebla.com\/web2017\/wp-content\/uploads\/2026\/07\/52.jpg\" \/>\n\t<meta property=\"og:image:width\" content=\"600\" \/>\n\t<meta property=\"og:image:height\" content=\"450\" \/>\n\t<meta property=\"og:image:type\" content=\"image\/jpeg\" \/>\n<meta name=\"author\" content=\"Aliados17\" \/>\n<meta name=\"twitter:card\" content=\"summary_large_image\" \/>\n<meta name=\"twitter:creator\" content=\"@AliadosPuebla\" \/>\n<meta name=\"twitter:label1\" content=\"Escrito por\" \/>\n\t<meta name=\"twitter:data1\" content=\"Aliados17\" \/>\n\t<meta name=\"twitter:label2\" content=\"Tiempo de lectura\" \/>\n\t<meta name=\"twitter:data2\" content=\"2 minutos\" \/>\n<script type=\"application\/ld+json\" class=\"yoast-schema-graph\">{\"@context\":\"https:\\\/\\\/schema.org\",\"@graph\":[{\"@type\":\"Article\",\"@id\":\"https:\\\/\\\/www.aliadospuebla.com\\\/?p=115747#article\",\"isPartOf\":{\"@id\":\"https:\\\/\\\/www.aliadospuebla.com\\\/?p=115747\"},\"author\":{\"name\":\"Aliados17\",\"@id\":\"https:\\\/\\\/www.aliadospuebla.com\\\/#\\\/schema\\\/person\\\/5da7dd09320bd4f392b710017ed5f8ad\"},\"headline\":\"SEDIF TRANSFORMA VIDAS CON APOYOS A CUIDADORES DE PACIENTES ONCOL\u00d3GICOS\",\"datePublished\":\"2026-07-25T19:42:20+00:00\",\"mainEntityOfPage\":{\"@id\":\"https:\\\/\\\/www.aliadospuebla.com\\\/?p=115747\"},\"wordCount\":376,\"commentCount\":0,\"image\":{\"@id\":\"https:\\\/\\\/www.aliadospuebla.com\\\/?p=115747#primaryimage\"},\"thumbnailUrl\":\"https:\\\/\\\/www.aliadospuebla.com\\\/web2017\\\/wp-content\\\/uploads\\\/2026\\\/07\\\/52.jpg\",\"keywords\":[\"ALEJANDRO ARMENTA\",\"aparatos rehabilitatorios\",\"Carlos Ochoa\",\"Ceci Arellano\",\"Cuidadores de Pacientes Oncol\u00f3gicos\",\"Programa de Apoyo Econ\u00f3mico\",\"SEDIF\"],\"articleSection\":[\"Gobierno\"],\"inLanguage\":\"es\",\"potentialAction\":[{\"@type\":\"CommentAction\",\"name\":\"Comment\",\"target\":[\"https:\\\/\\\/www.aliadospuebla.com\\\/?p=115747#respond\"]}]},{\"@type\":\"WebPage\",\"@id\":\"https:\\\/\\\/www.aliadospuebla.com\\\/?p=115747\",\"url\":\"https:\\\/\\\/www.aliadospuebla.com\\\/?p=115747\",\"name\":\"SEDIF TRANSFORMA VIDAS CON APOYOS A CUIDADORES DE PACIENTES ONCOL\u00d3GICOS - AliadosPuebla\",\"isPartOf\":{\"@id\":\"https:\\\/\\\/www.aliadospuebla.com\\\/#website\"},\"primaryImageOfPage\":{\"@id\":\"https:\\\/\\\/www.aliadospuebla.com\\\/?p=115747#primaryimage\"},\"image\":{\"@id\":\"https:\\\/\\\/www.aliadospuebla.com\\\/?p=115747#primaryimage\"},\"thumbnailUrl\":\"https:\\\/\\\/www.aliadospuebla.com\\\/web2017\\\/wp-content\\\/uploads\\\/2026\\\/07\\\/52.jpg\",\"datePublished\":\"2026-07-25T19:42:20+00:00\",\"author\":{\"@id\":\"https:\\\/\\\/www.aliadospuebla.com\\\/#\\\/schema\\\/person\\\/5da7dd09320bd4f392b710017ed5f8ad\"},\"breadcrumb\":{\"@id\":\"https:\\\/\\\/www.aliadospuebla.com\\\/?p=115747#breadcrumb\"},\"inLanguage\":\"es\",\"potentialAction\":[{\"@type\":\"ReadAction\",\"target\":[\"https:\\\/\\\/www.aliadospuebla.com\\\/?p=115747\"]}]},{\"@type\":\"ImageObject\",\"inLanguage\":\"es\",\"@id\":\"https:\\\/\\\/www.aliadospuebla.com\\\/?p=115747#primaryimage\",\"url\":\"https:\\\/\\\/www.aliadospuebla.com\\\/web2017\\\/wp-content\\\/uploads\\\/2026\\\/07\\\/52.jpg\",\"contentUrl\":\"https:\\\/\\\/www.aliadospuebla.com\\\/web2017\\\/wp-content\\\/uploads\\\/2026\\\/07\\\/52.jpg\",\"width\":600,\"height\":450},{\"@type\":\"BreadcrumbList\",\"@id\":\"https:\\\/\\\/www.aliadospuebla.com\\\/?p=115747#breadcrumb\",\"itemListElement\":[{\"@type\":\"ListItem\",\"position\":1,\"name\":\"Portada\",\"item\":\"https:\\\/\\\/www.aliadospuebla.com\\\/\"},{\"@type\":\"ListItem\",\"position\":2,\"name\":\"SEDIF TRANSFORMA VIDAS CON APOYOS A CUIDADORES DE PACIENTES ONCOL\u00d3GICOS\"}]},{\"@type\":\"WebSite\",\"@id\":\"https:\\\/\\\/www.aliadospuebla.com\\\/#website\",\"url\":\"https:\\\/\\\/www.aliadospuebla.com\\\/\",\"name\":\"AliadosPuebla\",\"description\":\"La informaci\u00f3n en tus manos\",\"potentialAction\":[{\"@type\":\"SearchAction\",\"target\":{\"@type\":\"EntryPoint\",\"urlTemplate\":\"https:\\\/\\\/www.aliadospuebla.com\\\/?s={search_term_string}\"},\"query-input\":{\"@type\":\"PropertyValueSpecification\",\"valueRequired\":true,\"valueName\":\"search_term_string\"}}],\"inLanguage\":\"es\"},{\"@type\":\"Person\",\"@id\":\"https:\\\/\\\/www.aliadospuebla.com\\\/#\\\/schema\\\/person\\\/5da7dd09320bd4f392b710017ed5f8ad\",\"name\":\"Aliados17\",\"image\":{\"@type\":\"ImageObject\",\"inLanguage\":\"es\",\"@id\":\"https:\\\/\\\/www.aliadospuebla.com\\\/web2017\\\/wp-content\\\/uploads\\\/2025\\\/03\\\/cropped-para-perfil-8-anos-1-96x96.jpg\",\"url\":\"https:\\\/\\\/www.aliadospuebla.com\\\/web2017\\\/wp-content\\\/uploads\\\/2025\\\/03\\\/cropped-para-perfil-8-anos-1-96x96.jpg\",\"contentUrl\":\"https:\\\/\\\/www.aliadospuebla.com\\\/web2017\\\/wp-content\\\/uploads\\\/2025\\\/03\\\/cropped-para-perfil-8-anos-1-96x96.jpg\",\"caption\":\"Aliados17\"},\"sameAs\":[\"https:\\\/\\\/www.aliados17.com\",\"https:\\\/\\\/www.facebook.com\\\/Aliados17Pue\",\"https:\\\/\\\/x.com\\\/AliadosPuebla\"],\"url\":\"https:\\\/\\\/www.aliadospuebla.com\\\/?author=2\"}]}<\/script>\n<!-- \/ Yoast SEO plugin. -->","yoast_head_json":{"title":"SEDIF TRANSFORMA VIDAS CON APOYOS A CUIDADORES DE PACIENTES ONCOL\u00d3GICOS - AliadosPuebla","robots":{"index":"index","follow":"follow","max-snippet":"max-snippet:-1","max-image-preview":"max-image-preview:large","max-video-preview":"max-video-preview:-1"},"canonical":"https:\/\/www.aliadospuebla.com\/?p=115747","og_locale":"es_ES","og_type":"article","og_title":"SEDIF TRANSFORMA VIDAS CON APOYOS A CUIDADORES DE PACIENTES ONCOL\u00d3GICOS - AliadosPuebla","og_description":"&#8211; La presidenta del Patronato, Ceci Arellano, lider\u00f3 la entrega de m\u00e1s de mil 300 ayudas funcionales, econ\u00f3micas y aparatos rehabilitatorios. &#8211; A trav\u00e9s del organismo, el Gobierno del Estado mantiene acciones que benefician a poblanas y poblanos en situaci\u00f3n de vulnerabilidad. PUEBLA, Pue. \u2013 Con el objetivo de transformar la vida de las personas en condici\u00f3n prioritaria, el Sistema Estatal para el Desarrollo Integral de la Familia (SEDIF) realiz\u00f3 la entrega simb\u00f3lica de mil 302 aparatos rehabilitatorios, as\u00ed como de apoyos econ\u00f3micos dirigidos a personas cuidadoras, acto que encabez\u00f3 la presidenta del Patronato del organismo, Ceci Arellano. \u201cSabemos que detr\u00e1s de cada apoyo hay una madre, un padre, una persona adulta mayor, un joven, una ni\u00f1a o un ni\u00f1o que merece una mejor calidad&hellip;Leer m\u00e1s...","og_url":"https:\/\/www.aliadospuebla.com\/?p=115747","og_site_name":"AliadosPuebla","article_author":"https:\/\/www.facebook.com\/Aliados17Pue","article_published_time":"2026-07-25T19:42:20+00:00","og_image":[{"width":600,"height":450,"url":"https:\/\/www.aliadospuebla.com\/web2017\/wp-content\/uploads\/2026\/07\/52.jpg","type":"image\/jpeg"}],"author":"Aliados17","twitter_card":"summary_large_image","twitter_creator":"@AliadosPuebla","twitter_misc":{"Escrito por":"Aliados17","Tiempo de lectura":"2 minutos"},"schema":{"@context":"https:\/\/schema.org","@graph":[{"@type":"Article","@id":"https:\/\/www.aliadospuebla.com\/?p=115747#article","isPartOf":{"@id":"https:\/\/www.aliadospuebla.com\/?p=115747"},"author":{"name":"Aliados17","@id":"https:\/\/www.aliadospuebla.com\/#\/schema\/person\/5da7dd09320bd4f392b710017ed5f8ad"},"headline":"SEDIF TRANSFORMA VIDAS CON APOYOS A CUIDADORES DE PACIENTES ONCOL\u00d3GICOS","datePublished":"2026-07-25T19:42:20+00:00","mainEntityOfPage":{"@id":"https:\/\/www.aliadospuebla.com\/?p=115747"},"wordCount":376,"commentCount":0,"image":{"@id":"https:\/\/www.aliadospuebla.com\/?p=115747#primaryimage"},"thumbnailUrl":"https:\/\/www.aliadospuebla.com\/web2017\/wp-content\/uploads\/2026\/07\/52.jpg","keywords":["ALEJANDRO ARMENTA","aparatos rehabilitatorios","Carlos Ochoa","Ceci Arellano","Cuidadores de Pacientes Oncol\u00f3gicos","Programa de Apoyo Econ\u00f3mico","SEDIF"],"articleSection":["Gobierno"],"inLanguage":"es","potentialAction":[{"@type":"CommentAction","name":"Comment","target":["https:\/\/www.aliadospuebla.com\/?p=115747#respond"]}]},{"@type":"WebPage","@id":"https:\/\/www.aliadospuebla.com\/?p=115747","url":"https:\/\/www.aliadospuebla.com\/?p=115747","name":"SEDIF TRANSFORMA VIDAS CON APOYOS A CUIDADORES DE PACIENTES ONCOL\u00d3GICOS - AliadosPuebla","isPartOf":{"@id":"https:\/\/www.aliadospuebla.com\/#website"},"primaryImageOfPage":{"@id":"https:\/\/www.aliadospuebla.com\/?p=115747#primaryimage"},"image":{"@id":"https:\/\/www.aliadospuebla.com\/?p=115747#primaryimage"},"thumbnailUrl":"https:\/\/www.aliadospuebla.com\/web2017\/wp-content\/uploads\/2026\/07\/52.jpg","datePublished":"2026-07-25T19:42:20+00:00","author":{"@id":"https:\/\/www.aliadospuebla.com\/#\/schema\/person\/5da7dd09320bd4f392b710017ed5f8ad"},"breadcrumb":{"@id":"https:\/\/www.aliadospuebla.com\/?p=115747#breadcrumb"},"inLanguage":"es","potentialAction":[{"@type":"ReadAction","target":["https:\/\/www.aliadospuebla.com\/?p=115747"]}]},{"@type":"ImageObject","inLanguage":"es","@id":"https:\/\/www.aliadospuebla.com\/?p=115747#primaryimage","url":"https:\/\/www.aliadospuebla.com\/web2017\/wp-content\/uploads\/2026\/07\/52.jpg","contentUrl":"https:\/\/www.aliadospuebla.com\/web2017\/wp-content\/uploads\/2026\/07\/52.jpg","width":600,"height":450},{"@type":"BreadcrumbList","@id":"https:\/\/www.aliadospuebla.com\/?p=115747#breadcrumb","itemListElement":[{"@type":"ListItem","position":1,"name":"Portada","item":"https:\/\/www.aliadospuebla.com\/"},{"@type":"ListItem","position":2,"name":"SEDIF TRANSFORMA VIDAS CON APOYOS A CUIDADORES DE PACIENTES ONCOL\u00d3GICOS"}]},{"@type":"WebSite","@id":"https:\/\/www.aliadospuebla.com\/#website","url":"https:\/\/www.aliadospuebla.com\/","name":"AliadosPuebla","description":"La informaci\u00f3n en tus manos","potentialAction":[{"@type":"SearchAction","target":{"@type":"EntryPoint","urlTemplate":"https:\/\/www.aliadospuebla.com\/?s={search_term_string}"},"query-input":{"@type":"PropertyValueSpecification","valueRequired":true,"valueName":"search_term_string"}}],"inLanguage":"es"},{"@type":"Person","@id":"https:\/\/www.aliadospuebla.com\/#\/schema\/person\/5da7dd09320bd4f392b710017ed5f8ad","name":"Aliados17","image":{"@type":"ImageObject","inLanguage":"es","@id":"https:\/\/www.aliadospuebla.com\/web2017\/wp-content\/uploads\/2025\/03\/cropped-para-perfil-8-anos-1-96x96.jpg","url":"https:\/\/www.aliadospuebla.com\/web2017\/wp-content\/uploads\/2025\/03\/cropped-para-perfil-8-anos-1-96x96.jpg","contentUrl":"https:\/\/www.aliadospuebla.com\/web2017\/wp-content\/uploads\/2025\/03\/cropped-para-perfil-8-anos-1-96x96.jpg","caption":"Aliados17"},"sameAs":["https:\/\/www.aliados17.com","https:\/\/www.facebook.com\/Aliados17Pue","https:\/\/x.com\/AliadosPuebla"],"url":"https:\/\/www.aliadospuebla.com\/?author=2"}]}},"views":15,"_links":{"self":[{"href":"https:\/\/www.aliadospuebla.com\/index.php?rest_route=\/wp\/v2\/posts\/115747","targetHints":{"allow":["GET"]}}],"collection":[{"href":"https:\/\/www.aliadospuebla.com\/index.php?rest_route=\/wp\/v2\/posts"}],"about":[{"href":"https:\/\/www.aliadospuebla.com\/index.php?rest_route=\/wp\/v2\/types\/post"}],"author":[{"embeddable":true,"href":"https:\/\/www.aliadospuebla.com\/index.php?rest_route=\/wp\/v2\/users\/2"}],"replies":[{"embeddable":true,"href":"https:\/\/www.aliadospuebla.com\/index.php?rest_route=%2Fwp%2Fv2%2Fcomments&post=115747"}],"version-history":[{"count":1,"href":"https:\/\/www.aliadospuebla.com\/index.php?rest_route=\/wp\/v2\/posts\/115747\/revisions"}],"predecessor-version":[{"id":115749,"href":"https:\/\/www.aliadospuebla.com\/index.php?rest_route=\/wp\/v2\/posts\/115747\/revisions\/115749"}],"wp:featuredmedia":[{"embeddable":true,"href":"https:\/\/www.aliadospuebla.com\/index.php?rest_route=\/wp\/v2\/media\/115748"}],"wp:attachment":[{"href":"https:\/\/www.aliadospuebla.com\/index.php?rest_route=%2Fwp%2Fv2%2Fmedia&parent=115747"}],"wp:term":[{"taxonomy":"category","embeddable":true,"href":"https:\/\/www.aliadospuebla.com\/index.php?rest_route=%2Fwp%2Fv2%2Fcategories&post=115747"},{"taxonomy":"post_tag","embeddable":true,"href":"https:\/\/www.aliadospuebla.com\/index.php?rest_route=%2Fwp%2Fv2%2Ftags&post=115747"}],"curies":[{"name":"wp","href":"https:\/\/api.w.org\/{rel}","templated":true}]}}