{"id":115528,"date":"2026-07-16T22:20:51","date_gmt":"2026-07-17T04:20:51","guid":{"rendered":"https:\/\/www.aliadospuebla.com\/?p=115528"},"modified":"2026-07-16T22:20:51","modified_gmt":"2026-07-17T04:20:51","slug":"tras-firma-de-convenio-entrega-tonantzin-fernandez-becas-udlap-a-jovenes-cholultecas","status":"publish","type":"post","link":"https:\/\/www.aliadospuebla.com\/?p=115528","title":{"rendered":"Tras firma de convenio, entrega Tonantzin Fern\u00e1ndez becas UDLAP a j\u00f3venes cholultecas"},"content":{"rendered":"<h4>San Pedro Cholula, Pue.\u2013 Como parte de su compromiso con el desarrollo acad\u00e9mico de las y los j\u00f3venes del municipio, el Gobierno de San Pedro Cholula, encabezado por la presidenta municipal Tonantzin Fern\u00e1ndez, realiz\u00f3 la entrega de tres becas de la Universidad de las Am\u00e9ricas Puebla (UDLAP) a estudiantes destacados del Centro Escolar Licenciado Miguel Alem\u00e1n (CELMA).<\/h4>\n<p>Durante la ceremonia de clausura del ciclo escolar, Tonantzin Fern\u00e1ndez destac\u00f3 que la educaci\u00f3n es uno de los pilares para transformar la sociedad y generar mayores oportunidades para las nuevas generaciones. En ese sentido, record\u00f3 que hace unas semanas su administraci\u00f3n firm\u00f3 un convenio de colaboraci\u00f3n con la UDLAP para otorgar cinco becas del 95 por ciento a estudiantes destacados de nivel bachillerato del municipio.<\/p>\n<p>Como parte de este convenio, en esta ocasi\u00f3n se entregaron tres becas a igual n\u00famero de estudiantes del CELMA, reafirmando el compromiso del Gobierno Municipal con la educaci\u00f3n y el bienestar de las juventudes. Esta acci\u00f3n se suma a otros programas impulsados por la administraci\u00f3n, como Amoxtli, dirigido a la entrega de mochilas y kits escolares para ni\u00f1as y ni\u00f1os de preescolar, as\u00ed como las Becas Quetzalc\u00f3atl, destinadas a estudiantes de nivel superior.<\/p>\n<p>Las y los j\u00f3venes beneficiarios agradecieron este respaldo, al se\u00f1alar que representa una oportunidad para continuar su preparaci\u00f3n acad\u00e9mica con mayor tranquilidad y los motiva a seguir esforz\u00e1ndose para alcanzar sus metas profesionales.<\/p>\n<p>Con estas acciones, el Gobierno Municipal de San Pedro Cholula refrenda su compromiso de fortalecer el acceso a la educaci\u00f3n mediante alianzas con instituciones de prestigio, generando mayores oportunidades para que las y los j\u00f3venes cholultecas contin\u00faen construyendo su futuro.<\/p>\n","protected":false},"excerpt":{"rendered":"<p>San Pedro Cholula, Pue.\u2013 Como parte de su compromiso con el desarrollo acad\u00e9mico de las y los j\u00f3venes del municipio, el Gobierno de San Pedro Cholula, encabezado por la presidenta municipal Tonantzin Fern\u00e1ndez, realiz\u00f3 la entrega de tres becas de la Universidad de las Am\u00e9ricas Puebla (UDLAP) a estudiantes destacados del Centro Escolar Licenciado Miguel Alem\u00e1n (CELMA). Durante la ceremonia de clausura del ciclo escolar, Tonantzin Fern\u00e1ndez destac\u00f3 que la educaci\u00f3n es uno de los pilares para transformar la sociedad y generar mayores oportunidades para las nuevas generaciones. En ese sentido, record\u00f3 que hace unas semanas su administraci\u00f3n firm\u00f3 un convenio de colaboraci\u00f3n con la UDLAP para otorgar cinco becas del 95 por ciento a estudiantes destacados de nivel bachillerato del municipio. Como parte de&hellip;<\/p>\n<p class=\"excerpt-more\"><a class=\"blog-excerpt button\" href=\"https:\/\/www.aliadospuebla.com\/?p=115528\">Leer m\u00e1s&#8230;<\/a><\/p>\n","protected":false},"author":2,"featured_media":115529,"comment_status":"open","ping_status":"open","sticky":false,"template":"","format":"standard","meta":{"_monsterinsights_skip_tracking":false,"footnotes":""},"categories":[4],"tags":[154,19561,990,387,7394,63],"class_list":["post-115528","post","type-post","status-publish","format-standard","has-post-thumbnail","hentry","category-municipios","tag-becas","tag-celma","tag-firma-de-convenio","tag-san-pedro-cholula","tag-tonantzin-fernandez","tag-udlap"],"yoast_head":"<!-- This site is optimized with the Yoast SEO plugin v28.3 - https:\/\/yoast.com\/product\/yoast-seo-wordpress\/ -->\n<title>Tras firma de convenio, entrega Tonantzin Fern\u00e1ndez becas UDLAP a j\u00f3venes cholultecas - AliadosPuebla<\/title>\n<meta name=\"robots\" content=\"index, follow, max-snippet:-1, max-image-preview:large, max-video-preview:-1\" \/>\n<link rel=\"canonical\" href=\"https:\/\/www.aliadospuebla.com\/?p=115528\" \/>\n<meta property=\"og:locale\" content=\"es_ES\" \/>\n<meta property=\"og:type\" content=\"article\" \/>\n<meta property=\"og:title\" content=\"Tras firma de convenio, entrega Tonantzin Fern\u00e1ndez becas UDLAP a j\u00f3venes cholultecas - AliadosPuebla\" \/>\n<meta property=\"og:description\" content=\"San Pedro Cholula, Pue.\u2013 Como parte de su compromiso con el desarrollo acad\u00e9mico de las y los j\u00f3venes del municipio, el Gobierno de San Pedro Cholula, encabezado por la presidenta municipal Tonantzin Fern\u00e1ndez, realiz\u00f3 la entrega de tres becas de la Universidad de las Am\u00e9ricas Puebla (UDLAP) a estudiantes destacados del Centro Escolar Licenciado Miguel Alem\u00e1n (CELMA). Durante la ceremonia de clausura del ciclo escolar, Tonantzin Fern\u00e1ndez destac\u00f3 que la educaci\u00f3n es uno de los pilares para transformar la sociedad y generar mayores oportunidades para las nuevas generaciones. En ese sentido, record\u00f3 que hace unas semanas su administraci\u00f3n firm\u00f3 un convenio de colaboraci\u00f3n con la UDLAP para otorgar cinco becas del 95 por ciento a estudiantes destacados de nivel bachillerato del municipio. Como parte de&hellip;Leer m\u00e1s...\" \/>\n<meta property=\"og:url\" content=\"https:\/\/www.aliadospuebla.com\/?p=115528\" \/>\n<meta property=\"og:site_name\" content=\"AliadosPuebla\" \/>\n<meta property=\"article:author\" content=\"https:\/\/www.facebook.com\/Aliados17Pue\" \/>\n<meta property=\"article:published_time\" content=\"2026-07-17T04:20:51+00:00\" \/>\n<meta property=\"og:image\" content=\"https:\/\/www.aliadospuebla.com\/web2017\/wp-content\/uploads\/2026\/07\/298.jpg\" \/>\n\t<meta property=\"og:image:width\" content=\"600\" \/>\n\t<meta property=\"og:image:height\" content=\"450\" \/>\n\t<meta property=\"og:image:type\" content=\"image\/jpeg\" \/>\n<meta name=\"author\" content=\"Aliados17\" \/>\n<meta name=\"twitter:card\" content=\"summary_large_image\" \/>\n<meta name=\"twitter:creator\" content=\"@AliadosPuebla\" \/>\n<meta name=\"twitter:label1\" content=\"Escrito por\" \/>\n\t<meta name=\"twitter:data1\" content=\"Aliados17\" \/>\n\t<meta name=\"twitter:label2\" content=\"Tiempo de lectura\" \/>\n\t<meta name=\"twitter:data2\" content=\"2 minutos\" \/>\n<script type=\"application\/ld+json\" class=\"yoast-schema-graph\">{\"@context\":\"https:\\\/\\\/schema.org\",\"@graph\":[{\"@type\":\"Article\",\"@id\":\"https:\\\/\\\/www.aliadospuebla.com\\\/?p=115528#article\",\"isPartOf\":{\"@id\":\"https:\\\/\\\/www.aliadospuebla.com\\\/?p=115528\"},\"author\":{\"name\":\"Aliados17\",\"@id\":\"https:\\\/\\\/www.aliadospuebla.com\\\/#\\\/schema\\\/person\\\/5da7dd09320bd4f392b710017ed5f8ad\"},\"headline\":\"Tras firma de convenio, entrega Tonantzin Fern\u00e1ndez becas UDLAP a j\u00f3venes cholultecas\",\"datePublished\":\"2026-07-17T04:20:51+00:00\",\"mainEntityOfPage\":{\"@id\":\"https:\\\/\\\/www.aliadospuebla.com\\\/?p=115528\"},\"wordCount\":306,\"commentCount\":0,\"image\":{\"@id\":\"https:\\\/\\\/www.aliadospuebla.com\\\/?p=115528#primaryimage\"},\"thumbnailUrl\":\"https:\\\/\\\/www.aliadospuebla.com\\\/web2017\\\/wp-content\\\/uploads\\\/2026\\\/07\\\/298.jpg\",\"keywords\":[\"becas\",\"CELMA\",\"FIRMA DE CONVENIO\",\"SAN PEDRO CHOLULA\",\"TONANTZIN FERN\u00c1NDEZ\",\"Udlap\"],\"articleSection\":[\"Municipios\"],\"inLanguage\":\"es\",\"potentialAction\":[{\"@type\":\"CommentAction\",\"name\":\"Comment\",\"target\":[\"https:\\\/\\\/www.aliadospuebla.com\\\/?p=115528#respond\"]}]},{\"@type\":\"WebPage\",\"@id\":\"https:\\\/\\\/www.aliadospuebla.com\\\/?p=115528\",\"url\":\"https:\\\/\\\/www.aliadospuebla.com\\\/?p=115528\",\"name\":\"Tras firma de convenio, entrega Tonantzin Fern\u00e1ndez becas UDLAP a j\u00f3venes cholultecas - AliadosPuebla\",\"isPartOf\":{\"@id\":\"https:\\\/\\\/www.aliadospuebla.com\\\/#website\"},\"primaryImageOfPage\":{\"@id\":\"https:\\\/\\\/www.aliadospuebla.com\\\/?p=115528#primaryimage\"},\"image\":{\"@id\":\"https:\\\/\\\/www.aliadospuebla.com\\\/?p=115528#primaryimage\"},\"thumbnailUrl\":\"https:\\\/\\\/www.aliadospuebla.com\\\/web2017\\\/wp-content\\\/uploads\\\/2026\\\/07\\\/298.jpg\",\"datePublished\":\"2026-07-17T04:20:51+00:00\",\"author\":{\"@id\":\"https:\\\/\\\/www.aliadospuebla.com\\\/#\\\/schema\\\/person\\\/5da7dd09320bd4f392b710017ed5f8ad\"},\"breadcrumb\":{\"@id\":\"https:\\\/\\\/www.aliadospuebla.com\\\/?p=115528#breadcrumb\"},\"inLanguage\":\"es\",\"potentialAction\":[{\"@type\":\"ReadAction\",\"target\":[\"https:\\\/\\\/www.aliadospuebla.com\\\/?p=115528\"]}]},{\"@type\":\"ImageObject\",\"inLanguage\":\"es\",\"@id\":\"https:\\\/\\\/www.aliadospuebla.com\\\/?p=115528#primaryimage\",\"url\":\"https:\\\/\\\/www.aliadospuebla.com\\\/web2017\\\/wp-content\\\/uploads\\\/2026\\\/07\\\/298.jpg\",\"contentUrl\":\"https:\\\/\\\/www.aliadospuebla.com\\\/web2017\\\/wp-content\\\/uploads\\\/2026\\\/07\\\/298.jpg\",\"width\":600,\"height\":450},{\"@type\":\"BreadcrumbList\",\"@id\":\"https:\\\/\\\/www.aliadospuebla.com\\\/?p=115528#breadcrumb\",\"itemListElement\":[{\"@type\":\"ListItem\",\"position\":1,\"name\":\"Portada\",\"item\":\"https:\\\/\\\/www.aliadospuebla.com\\\/\"},{\"@type\":\"ListItem\",\"position\":2,\"name\":\"Tras firma de convenio, entrega Tonantzin Fern\u00e1ndez becas UDLAP a j\u00f3venes cholultecas\"}]},{\"@type\":\"WebSite\",\"@id\":\"https:\\\/\\\/www.aliadospuebla.com\\\/#website\",\"url\":\"https:\\\/\\\/www.aliadospuebla.com\\\/\",\"name\":\"AliadosPuebla\",\"description\":\"La informaci\u00f3n en tus manos\",\"potentialAction\":[{\"@type\":\"SearchAction\",\"target\":{\"@type\":\"EntryPoint\",\"urlTemplate\":\"https:\\\/\\\/www.aliadospuebla.com\\\/?s={search_term_string}\"},\"query-input\":{\"@type\":\"PropertyValueSpecification\",\"valueRequired\":true,\"valueName\":\"search_term_string\"}}],\"inLanguage\":\"es\"},{\"@type\":\"Person\",\"@id\":\"https:\\\/\\\/www.aliadospuebla.com\\\/#\\\/schema\\\/person\\\/5da7dd09320bd4f392b710017ed5f8ad\",\"name\":\"Aliados17\",\"image\":{\"@type\":\"ImageObject\",\"inLanguage\":\"es\",\"@id\":\"https:\\\/\\\/www.aliadospuebla.com\\\/web2017\\\/wp-content\\\/uploads\\\/2025\\\/03\\\/cropped-para-perfil-8-anos-1-96x96.jpg\",\"url\":\"https:\\\/\\\/www.aliadospuebla.com\\\/web2017\\\/wp-content\\\/uploads\\\/2025\\\/03\\\/cropped-para-perfil-8-anos-1-96x96.jpg\",\"contentUrl\":\"https:\\\/\\\/www.aliadospuebla.com\\\/web2017\\\/wp-content\\\/uploads\\\/2025\\\/03\\\/cropped-para-perfil-8-anos-1-96x96.jpg\",\"caption\":\"Aliados17\"},\"sameAs\":[\"https:\\\/\\\/www.aliados17.com\",\"https:\\\/\\\/www.facebook.com\\\/Aliados17Pue\",\"https:\\\/\\\/x.com\\\/AliadosPuebla\"],\"url\":\"https:\\\/\\\/www.aliadospuebla.com\\\/?author=2\"}]}<\/script>\n<!-- \/ Yoast SEO plugin. -->","yoast_head_json":{"title":"Tras firma de convenio, entrega Tonantzin Fern\u00e1ndez becas UDLAP a j\u00f3venes cholultecas - AliadosPuebla","robots":{"index":"index","follow":"follow","max-snippet":"max-snippet:-1","max-image-preview":"max-image-preview:large","max-video-preview":"max-video-preview:-1"},"canonical":"https:\/\/www.aliadospuebla.com\/?p=115528","og_locale":"es_ES","og_type":"article","og_title":"Tras firma de convenio, entrega Tonantzin Fern\u00e1ndez becas UDLAP a j\u00f3venes cholultecas - AliadosPuebla","og_description":"San Pedro Cholula, Pue.\u2013 Como parte de su compromiso con el desarrollo acad\u00e9mico de las y los j\u00f3venes del municipio, el Gobierno de San Pedro Cholula, encabezado por la presidenta municipal Tonantzin Fern\u00e1ndez, realiz\u00f3 la entrega de tres becas de la Universidad de las Am\u00e9ricas Puebla (UDLAP) a estudiantes destacados del Centro Escolar Licenciado Miguel Alem\u00e1n (CELMA). Durante la ceremonia de clausura del ciclo escolar, Tonantzin Fern\u00e1ndez destac\u00f3 que la educaci\u00f3n es uno de los pilares para transformar la sociedad y generar mayores oportunidades para las nuevas generaciones. En ese sentido, record\u00f3 que hace unas semanas su administraci\u00f3n firm\u00f3 un convenio de colaboraci\u00f3n con la UDLAP para otorgar cinco becas del 95 por ciento a estudiantes destacados de nivel bachillerato del municipio. Como parte de&hellip;Leer m\u00e1s...","og_url":"https:\/\/www.aliadospuebla.com\/?p=115528","og_site_name":"AliadosPuebla","article_author":"https:\/\/www.facebook.com\/Aliados17Pue","article_published_time":"2026-07-17T04:20:51+00:00","og_image":[{"width":600,"height":450,"url":"https:\/\/www.aliadospuebla.com\/web2017\/wp-content\/uploads\/2026\/07\/298.jpg","type":"image\/jpeg"}],"author":"Aliados17","twitter_card":"summary_large_image","twitter_creator":"@AliadosPuebla","twitter_misc":{"Escrito por":"Aliados17","Tiempo de lectura":"2 minutos"},"schema":{"@context":"https:\/\/schema.org","@graph":[{"@type":"Article","@id":"https:\/\/www.aliadospuebla.com\/?p=115528#article","isPartOf":{"@id":"https:\/\/www.aliadospuebla.com\/?p=115528"},"author":{"name":"Aliados17","@id":"https:\/\/www.aliadospuebla.com\/#\/schema\/person\/5da7dd09320bd4f392b710017ed5f8ad"},"headline":"Tras firma de convenio, entrega Tonantzin Fern\u00e1ndez becas UDLAP a j\u00f3venes cholultecas","datePublished":"2026-07-17T04:20:51+00:00","mainEntityOfPage":{"@id":"https:\/\/www.aliadospuebla.com\/?p=115528"},"wordCount":306,"commentCount":0,"image":{"@id":"https:\/\/www.aliadospuebla.com\/?p=115528#primaryimage"},"thumbnailUrl":"https:\/\/www.aliadospuebla.com\/web2017\/wp-content\/uploads\/2026\/07\/298.jpg","keywords":["becas","CELMA","FIRMA DE CONVENIO","SAN PEDRO CHOLULA","TONANTZIN FERN\u00c1NDEZ","Udlap"],"articleSection":["Municipios"],"inLanguage":"es","potentialAction":[{"@type":"CommentAction","name":"Comment","target":["https:\/\/www.aliadospuebla.com\/?p=115528#respond"]}]},{"@type":"WebPage","@id":"https:\/\/www.aliadospuebla.com\/?p=115528","url":"https:\/\/www.aliadospuebla.com\/?p=115528","name":"Tras firma de convenio, entrega Tonantzin Fern\u00e1ndez becas UDLAP a j\u00f3venes cholultecas - AliadosPuebla","isPartOf":{"@id":"https:\/\/www.aliadospuebla.com\/#website"},"primaryImageOfPage":{"@id":"https:\/\/www.aliadospuebla.com\/?p=115528#primaryimage"},"image":{"@id":"https:\/\/www.aliadospuebla.com\/?p=115528#primaryimage"},"thumbnailUrl":"https:\/\/www.aliadospuebla.com\/web2017\/wp-content\/uploads\/2026\/07\/298.jpg","datePublished":"2026-07-17T04:20:51+00:00","author":{"@id":"https:\/\/www.aliadospuebla.com\/#\/schema\/person\/5da7dd09320bd4f392b710017ed5f8ad"},"breadcrumb":{"@id":"https:\/\/www.aliadospuebla.com\/?p=115528#breadcrumb"},"inLanguage":"es","potentialAction":[{"@type":"ReadAction","target":["https:\/\/www.aliadospuebla.com\/?p=115528"]}]},{"@type":"ImageObject","inLanguage":"es","@id":"https:\/\/www.aliadospuebla.com\/?p=115528#primaryimage","url":"https:\/\/www.aliadospuebla.com\/web2017\/wp-content\/uploads\/2026\/07\/298.jpg","contentUrl":"https:\/\/www.aliadospuebla.com\/web2017\/wp-content\/uploads\/2026\/07\/298.jpg","width":600,"height":450},{"@type":"BreadcrumbList","@id":"https:\/\/www.aliadospuebla.com\/?p=115528#breadcrumb","itemListElement":[{"@type":"ListItem","position":1,"name":"Portada","item":"https:\/\/www.aliadospuebla.com\/"},{"@type":"ListItem","position":2,"name":"Tras firma de convenio, entrega Tonantzin Fern\u00e1ndez becas UDLAP a j\u00f3venes cholultecas"}]},{"@type":"WebSite","@id":"https:\/\/www.aliadospuebla.com\/#website","url":"https:\/\/www.aliadospuebla.com\/","name":"AliadosPuebla","description":"La informaci\u00f3n en tus manos","potentialAction":[{"@type":"SearchAction","target":{"@type":"EntryPoint","urlTemplate":"https:\/\/www.aliadospuebla.com\/?s={search_term_string}"},"query-input":{"@type":"PropertyValueSpecification","valueRequired":true,"valueName":"search_term_string"}}],"inLanguage":"es"},{"@type":"Person","@id":"https:\/\/www.aliadospuebla.com\/#\/schema\/person\/5da7dd09320bd4f392b710017ed5f8ad","name":"Aliados17","image":{"@type":"ImageObject","inLanguage":"es","@id":"https:\/\/www.aliadospuebla.com\/web2017\/wp-content\/uploads\/2025\/03\/cropped-para-perfil-8-anos-1-96x96.jpg","url":"https:\/\/www.aliadospuebla.com\/web2017\/wp-content\/uploads\/2025\/03\/cropped-para-perfil-8-anos-1-96x96.jpg","contentUrl":"https:\/\/www.aliadospuebla.com\/web2017\/wp-content\/uploads\/2025\/03\/cropped-para-perfil-8-anos-1-96x96.jpg","caption":"Aliados17"},"sameAs":["https:\/\/www.aliados17.com","https:\/\/www.facebook.com\/Aliados17Pue","https:\/\/x.com\/AliadosPuebla"],"url":"https:\/\/www.aliadospuebla.com\/?author=2"}]}},"views":19,"_links":{"self":[{"href":"https:\/\/www.aliadospuebla.com\/index.php?rest_route=\/wp\/v2\/posts\/115528","targetHints":{"allow":["GET"]}}],"collection":[{"href":"https:\/\/www.aliadospuebla.com\/index.php?rest_route=\/wp\/v2\/posts"}],"about":[{"href":"https:\/\/www.aliadospuebla.com\/index.php?rest_route=\/wp\/v2\/types\/post"}],"author":[{"embeddable":true,"href":"https:\/\/www.aliadospuebla.com\/index.php?rest_route=\/wp\/v2\/users\/2"}],"replies":[{"embeddable":true,"href":"https:\/\/www.aliadospuebla.com\/index.php?rest_route=%2Fwp%2Fv2%2Fcomments&post=115528"}],"version-history":[{"count":1,"href":"https:\/\/www.aliadospuebla.com\/index.php?rest_route=\/wp\/v2\/posts\/115528\/revisions"}],"predecessor-version":[{"id":115530,"href":"https:\/\/www.aliadospuebla.com\/index.php?rest_route=\/wp\/v2\/posts\/115528\/revisions\/115530"}],"wp:featuredmedia":[{"embeddable":true,"href":"https:\/\/www.aliadospuebla.com\/index.php?rest_route=\/wp\/v2\/media\/115529"}],"wp:attachment":[{"href":"https:\/\/www.aliadospuebla.com\/index.php?rest_route=%2Fwp%2Fv2%2Fmedia&parent=115528"}],"wp:term":[{"taxonomy":"category","embeddable":true,"href":"https:\/\/www.aliadospuebla.com\/index.php?rest_route=%2Fwp%2Fv2%2Fcategories&post=115528"},{"taxonomy":"post_tag","embeddable":true,"href":"https:\/\/www.aliadospuebla.com\/index.php?rest_route=%2Fwp%2Fv2%2Ftags&post=115528"}],"curies":[{"name":"wp","href":"https:\/\/api.w.org\/{rel}","templated":true}]}}