{"id":115521,"date":"2026-07-16T21:31:31","date_gmt":"2026-07-17T03:31:31","guid":{"rendered":"https:\/\/www.aliadospuebla.com\/?p=115521"},"modified":"2026-07-16T21:31:31","modified_gmt":"2026-07-17T03:31:31","slug":"la-coordinacion-da-resultados-el-pan-solo-ofrece-criticas-y-desmemoria-alejandro-carvajal","status":"publish","type":"post","link":"https:\/\/www.aliadospuebla.com\/?p=115521","title":{"rendered":"LA COORDINACI\u00d3N DA RESULTADOS; EL PAN SOLO OFRECE CR\u00cdTICAS Y DESMEMORIA: ALEJANDRO CARVAJAL"},"content":{"rendered":"<h4>El Diputado Federal respald\u00f3 la estrategia de seguridad que encabeza la presidenta Claudia Sheinbaum y que en Puebla fortalece el gobernador Alejandro Armenta.<\/h4>\n<p>Reconoci\u00f3 la coordinaci\u00f3n institucional que permiti\u00f3 la detenci\u00f3n<\/p>\n<p>del probable responsable de realizar disparos contra automovilistas<\/p>\n<p>en la V\u00eda Atlixc\u00e1yotl. Morena Puebla respald\u00f3 el Sistema Integral de Movilidad<\/p>\n<p>presentado ante el Congreso del Estado y se\u00f1al\u00f3 que el PAN pretende<\/p>\n<p>desacreditar proyectos que buscan reducir tiempos de traslado y mejorar la vida de las familias poblanas.<\/p>\n<p>Durante la rueda de prensa del Comit\u00e9 Ejecutivo Estatal de Morena en Puebla,<\/p>\n<p>el diputado federal Alejandro Carvajal Hidalgo respald\u00f3 los resultados del gobierno humanista<\/p>\n<p>que encabeza Alejandro Armenta Mier, particularmente en materia de seguridad,<\/p>\n<p>coordinaci\u00f3n institucional y transformaci\u00f3n de la movilidad.<\/p>\n<p>Al abordar los hechos registrados en la V\u00eda Atlixc\u00e1yotl, el legislador federal se\u00f1al\u00f3 que<\/p>\n<p>los ataques contra automovilistas hab\u00edan generado un ambiente de temor<\/p>\n<p>e inseguridad entre las personas que transitan diariamente por esta importante zona de la entidad.<\/p>\n<p>Sin embargo, destac\u00f3 que la respuesta coordinada de las autoridades permiti\u00f3 ubicar<\/p>\n<p>y detener al probable responsable, brindando tranquilidad a las familias poblanas y demostrando<\/p>\n<p>que en Puebla no existe tolerancia frente a quienes pretenden alterar la paz<\/p>\n<p>y poner en riesgo a la poblaci\u00f3n.<\/p>\n<p>Alejandro Carvajal subray\u00f3 que este resultado es producto de la Estrategia Nacional de Seguridad<\/p>\n<p>que encabeza la presidenta Claudia Sheinbaum Pardo, sustentada en cuatro ejes:<\/p>\n<p>atenci\u00f3n a las causas, consolidaci\u00f3n de la Guardia Nacional, fortalecimiento de la inteligencia<\/p>\n<p>y la investigaci\u00f3n, as\u00ed como coordinaci\u00f3n entre las instituciones y los distintos \u00f3rdenes de gobierno.<\/p>\n<h4>Agreg\u00f3 que esta estrategia se aplica en Puebla en estrecha coordinaci\u00f3n con el gobierno humanista del gobernador Alejandro Armenta Mier, quien ha asumido el compromiso de fortalecer la seguridad, combatir la impunidad y recuperar la tranquilidad en todos los espacios p\u00fablicos.<\/h4>\n<p>El diputado federal se\u00f1al\u00f3 que, mientras los gobiernos de la Cuarta Transformaci\u00f3n<\/p>\n<p>fortalecen la inteligencia, la prevenci\u00f3n y la coordinaci\u00f3n operativa, algunos sectores<\/p>\n<p>de la oposici\u00f3n pretenden minimizar los resultados o utilizar pol\u00edticamente los temas de seguridad.<\/p>\n<p>En un segundo tema, Pablo Salazar, Coordinador General de Delegados de Morena Puebla,<\/p>\n<p>quien particip\u00f3 en representaci\u00f3n de la Presidenta del Comit\u00e9 Ejecutivo Estatal,<\/p>\n<p>Olga Luc\u00eda Romero Garci-Crespo, respald\u00f3 la comparecencia del Coordinador<\/p>\n<p>de Gabinete del Gobierno del Estado, Jos\u00e9 Luis Garc\u00eda Parra.<\/p>\n<p>Destac\u00f3 que durante este ejercicio ante el H. Congreso del Estado se present\u00f3<\/p>\n<p>con claridad el Sistema Integral de Movilidad, un proyecto que forma parte de la visi\u00f3n humanista<\/p>\n<p>y transformadora del gobernador Alejandro Armenta Mier para conectar comunidades,<\/p>\n<p>reducir desigualdades territoriales y mejorar la calidad de vida de las familias poblanas.<\/p>\n<h4>Pablo Salazar se\u00f1al\u00f3 que el Sistema de Transporte por Cable no debe entenderse como una obra aislada, sino como una estrategia integral que contempla obras de pavimentaci\u00f3n, rehabilitaci\u00f3n y relaminaci\u00f3n de vialidades, renovaci\u00f3n del transporte p\u00fablico, movilidad peatonal y ciclista, as\u00ed como la articulaci\u00f3n de distintos medios de transporte.<\/h4>\n<p>Explic\u00f3 que experiencias como la de la Ciudad de M\u00e9xico demuestran que el transporte<\/p>\n<p>por cable es una alternativa segura, eficiente y r\u00e1pida para trasladar a las personas<\/p>\n<p>desde zonas de dif\u00edcil acceso hacia puntos de mayor conectividad, actividad econ\u00f3mica y concentraci\u00f3n de servicios.<\/p>\n<p>A\u00f1adi\u00f3 que en Puebla este sistema permitir\u00e1 reducir los tiempos de traslado,<\/p>\n<p>facilitar el acceso a centros de trabajo, escuelas y servicios p\u00fablicos, adem\u00e1s de generar condiciones<\/p>\n<p>para fortalecer la econom\u00eda de las comunidades beneficiadas.<\/p>\n<p>\u201cEl transporte por cable no solo representa una nueva forma de movilidad;<\/p>\n<p>tambi\u00e9n significa mayor seguridad para las personas, traslados m\u00e1s r\u00e1pidos<\/p>\n<p>y mejores oportunidades para quienes diariamente necesitan llegar<\/p>\n<p>a las zonas con mayor actividad econ\u00f3mica\u201d, expres\u00f3.<\/p>\n<p>En materia ambiental, Pablo Salazar sostuvo que los grandes proyectos de transformaci\u00f3n<\/p>\n<p>suelen ser objeto de campa\u00f1as de desinformaci\u00f3n, como ocurri\u00f3 con el Tren Maya,<\/p>\n<p>cuyos opositores pretendieron presentarlo \u00fanicamente como una afectaci\u00f3n ecol\u00f3gica,<\/p>\n<p>sin reconocer las acciones de protecci\u00f3n ambiental y reforestaci\u00f3n que acompa\u00f1aron su construcci\u00f3n.<\/p>\n<h4>En este sentido, record\u00f3 que el gobernador Alejandro Armenta ha mantenido desde hace a\u00f1os un compromiso permanente con la protecci\u00f3n de la naturaleza y la recuperaci\u00f3n de las \u00e1reas verdes de Puebla.<\/h4>\n<p>\u201cMientras algunos funcionarios entregaban art\u00edculos de pl\u00e1stico y objetos sin utilidad social, Alejandro Armenta promov\u00eda la entrega de \u00e1rboles para que fueran plantados y cuidados. Su compromiso con la ecolog\u00eda no es nuevo; forma parte de una visi\u00f3n de gobierno que busca transformar a Puebla sin descuidar su riqueza natural\u201d, afirm\u00f3. Posteriormente, Alfonso Berm\u00fadez Ruiz, Representante de Morena ante el Instituto Electoral del Estado, rechaz\u00f3 los se\u00f1alamientos realizados por representantes del Partido Acci\u00f3n Nacional durante la comparecencia y sostuvo que las cr\u00edticas carecen de memoria y autoridad pol\u00edtica. \u201cAnte la mentira no nos vamos a quedar callados. Respetamos el actuar y las opiniones del diputado Rafael Micalco, pero tambi\u00e9n es necesario recordar lo que hicieron y lo que dejaron de hacer los gobiernos del PAN en Puebla\u201d, se\u00f1al\u00f3. Asimismo, record\u00f3 que quienes hoy cuestionan este proyecto guardaron silencio frente a decisiones como la construcci\u00f3n del Museo Internacional del Barroco y otras obras fara\u00f3nicas que comprometieron durante a\u00f1os las finanzas p\u00fablicas, dejaron deudas millonarias y utilizaron los recursos del estado sin atender las verdaderas necesidades de las y los poblanos. \u201cParece que la memoria del PAN es muy corta. No cuestionaron las obras costosas, in\u00fatiles, fr\u00edvolas y alejadas de las necesidades de la gente que realizaron sus gobiernos, pero ahora pretenden desacreditar un proyecto planeado para conectar comunidades y generar bienestar\u201d, sostuvo. Finalmente, Morena Puebla reiter\u00f3 que su respaldo siempre estar\u00e1 del lado de los proyectos que nacen de la planeaci\u00f3n, la responsabilidad, el cuidado ambiental y el compromiso social. Mientras la oposici\u00f3n apuesta por conservar las desigualdades y frenar las oportunidades, la Cuarta Transformaci\u00f3n impulsa decisiones que reducen tiempos de traslado, fortalecen la seguridad, conectan comunidades y cambian positivamente la vida cotidiana de las y los poblanos.<\/p>\n","protected":false},"excerpt":{"rendered":"<p>El Diputado Federal respald\u00f3 la estrategia de seguridad que encabeza la presidenta Claudia Sheinbaum y que en Puebla fortalece el gobernador Alejandro Armenta. Reconoci\u00f3 la coordinaci\u00f3n institucional que permiti\u00f3 la detenci\u00f3n del probable responsable de realizar disparos contra automovilistas en la V\u00eda Atlixc\u00e1yotl. Morena Puebla respald\u00f3 el Sistema Integral de Movilidad presentado ante el Congreso del Estado y se\u00f1al\u00f3 que el PAN pretende desacreditar proyectos que buscan reducir tiempos de traslado y mejorar la vida de las familias poblanas. Durante la rueda de prensa del Comit\u00e9 Ejecutivo Estatal de Morena en Puebla, el diputado federal Alejandro Carvajal Hidalgo respald\u00f3 los resultados del gobierno humanista que encabeza Alejandro Armenta Mier, particularmente en materia de seguridad, coordinaci\u00f3n institucional y transformaci\u00f3n de la movilidad. Al abordar los hechos&hellip;<\/p>\n<p class=\"excerpt-more\"><a class=\"blog-excerpt button\" href=\"https:\/\/www.aliadospuebla.com\/?p=115521\">Leer m\u00e1s&#8230;<\/a><\/p>\n","protected":false},"author":2,"featured_media":115522,"comment_status":"open","ping_status":"open","sticky":false,"template":"","format":"standard","meta":{"_monsterinsights_skip_tracking":false,"footnotes":""},"categories":[6],"tags":[2496,12720,19918,3507,22533,4896,34311,32623],"class_list":["post-115521","post","type-post","status-publish","format-standard","has-post-thumbnail","hentry","category-politica","tag-alejandro-armenta-mier","tag-alejandro-carvajal-hidalgo","tag-claudia-sheinbaum","tag-estrategia-nacional-de-seguridad","tag-gobierno-humanista","tag-morena-puebla","tag-pablo-salazar","tag-transporte-por-cable"],"yoast_head":"<!-- This site is optimized with the Yoast SEO plugin v28.4 - https:\/\/yoast.com\/product\/yoast-seo-wordpress\/ -->\n<title>LA COORDINACI\u00d3N DA RESULTADOS; EL PAN SOLO OFRECE CR\u00cdTICAS Y DESMEMORIA: ALEJANDRO CARVAJAL - AliadosPuebla<\/title>\n<meta name=\"robots\" content=\"index, follow, max-snippet:-1, max-image-preview:large, max-video-preview:-1\" \/>\n<link rel=\"canonical\" href=\"https:\/\/www.aliadospuebla.com\/?p=115521\" \/>\n<meta property=\"og:locale\" content=\"es_ES\" \/>\n<meta property=\"og:type\" content=\"article\" \/>\n<meta property=\"og:title\" content=\"LA COORDINACI\u00d3N DA RESULTADOS; EL PAN SOLO OFRECE CR\u00cdTICAS Y DESMEMORIA: ALEJANDRO CARVAJAL - AliadosPuebla\" \/>\n<meta property=\"og:description\" content=\"El Diputado Federal respald\u00f3 la estrategia de seguridad que encabeza la presidenta Claudia Sheinbaum y que en Puebla fortalece el gobernador Alejandro Armenta. Reconoci\u00f3 la coordinaci\u00f3n institucional que permiti\u00f3 la detenci\u00f3n del probable responsable de realizar disparos contra automovilistas en la V\u00eda Atlixc\u00e1yotl. Morena Puebla respald\u00f3 el Sistema Integral de Movilidad presentado ante el Congreso del Estado y se\u00f1al\u00f3 que el PAN pretende desacreditar proyectos que buscan reducir tiempos de traslado y mejorar la vida de las familias poblanas. Durante la rueda de prensa del Comit\u00e9 Ejecutivo Estatal de Morena en Puebla, el diputado federal Alejandro Carvajal Hidalgo respald\u00f3 los resultados del gobierno humanista que encabeza Alejandro Armenta Mier, particularmente en materia de seguridad, coordinaci\u00f3n institucional y transformaci\u00f3n de la movilidad. Al abordar los hechos&hellip;Leer m\u00e1s...\" \/>\n<meta property=\"og:url\" content=\"https:\/\/www.aliadospuebla.com\/?p=115521\" \/>\n<meta property=\"og:site_name\" content=\"AliadosPuebla\" \/>\n<meta property=\"article:author\" content=\"https:\/\/www.facebook.com\/Aliados17Pue\" \/>\n<meta property=\"article:published_time\" content=\"2026-07-17T03:31:31+00:00\" \/>\n<meta property=\"og:image\" content=\"https:\/\/www.aliadospuebla.com\/web2017\/wp-content\/uploads\/2026\/07\/296.jpg\" \/>\n\t<meta property=\"og:image:width\" content=\"600\" \/>\n\t<meta property=\"og:image:height\" content=\"450\" \/>\n\t<meta property=\"og:image:type\" content=\"image\/jpeg\" \/>\n<meta name=\"author\" content=\"Aliados17\" \/>\n<meta name=\"twitter:card\" content=\"summary_large_image\" \/>\n<meta name=\"twitter:creator\" content=\"@AliadosPuebla\" \/>\n<meta name=\"twitter:label1\" content=\"Escrito por\" \/>\n\t<meta name=\"twitter:data1\" content=\"Aliados17\" \/>\n\t<meta name=\"twitter:label2\" content=\"Tiempo de lectura\" \/>\n\t<meta name=\"twitter:data2\" content=\"5 minutos\" \/>\n<script type=\"application\/ld+json\" class=\"yoast-schema-graph\">{\"@context\":\"https:\\\/\\\/schema.org\",\"@graph\":[{\"@type\":\"Article\",\"@id\":\"https:\\\/\\\/www.aliadospuebla.com\\\/?p=115521#article\",\"isPartOf\":{\"@id\":\"https:\\\/\\\/www.aliadospuebla.com\\\/?p=115521\"},\"author\":{\"name\":\"Aliados17\",\"@id\":\"https:\\\/\\\/www.aliadospuebla.com\\\/#\\\/schema\\\/person\\\/5da7dd09320bd4f392b710017ed5f8ad\"},\"headline\":\"LA COORDINACI\u00d3N DA RESULTADOS; EL PAN SOLO OFRECE CR\u00cdTICAS Y DESMEMORIA: ALEJANDRO CARVAJAL\",\"datePublished\":\"2026-07-17T03:31:31+00:00\",\"mainEntityOfPage\":{\"@id\":\"https:\\\/\\\/www.aliadospuebla.com\\\/?p=115521\"},\"wordCount\":1059,\"commentCount\":0,\"image\":{\"@id\":\"https:\\\/\\\/www.aliadospuebla.com\\\/?p=115521#primaryimage\"},\"thumbnailUrl\":\"https:\\\/\\\/www.aliadospuebla.com\\\/web2017\\\/wp-content\\\/uploads\\\/2026\\\/07\\\/296.jpg\",\"keywords\":[\"ALEJANDRO ARMENTA MIER\",\"Alejandro Carvajal Hidalgo\",\"Claudia Sheinbaum\",\"ESTRATEGIA NACIONAL DE SEGURIDAD\",\"gobierno humanista\",\"MORENA PUEBLA\",\"Pablo Salazar\",\"Transporte por Cable\"],\"articleSection\":[\"Pol\u00edtica\"],\"inLanguage\":\"es\",\"potentialAction\":[{\"@type\":\"CommentAction\",\"name\":\"Comment\",\"target\":[\"https:\\\/\\\/www.aliadospuebla.com\\\/?p=115521#respond\"]}]},{\"@type\":\"WebPage\",\"@id\":\"https:\\\/\\\/www.aliadospuebla.com\\\/?p=115521\",\"url\":\"https:\\\/\\\/www.aliadospuebla.com\\\/?p=115521\",\"name\":\"LA COORDINACI\u00d3N DA RESULTADOS; EL PAN SOLO OFRECE CR\u00cdTICAS Y DESMEMORIA: ALEJANDRO CARVAJAL - AliadosPuebla\",\"isPartOf\":{\"@id\":\"https:\\\/\\\/www.aliadospuebla.com\\\/#website\"},\"primaryImageOfPage\":{\"@id\":\"https:\\\/\\\/www.aliadospuebla.com\\\/?p=115521#primaryimage\"},\"image\":{\"@id\":\"https:\\\/\\\/www.aliadospuebla.com\\\/?p=115521#primaryimage\"},\"thumbnailUrl\":\"https:\\\/\\\/www.aliadospuebla.com\\\/web2017\\\/wp-content\\\/uploads\\\/2026\\\/07\\\/296.jpg\",\"datePublished\":\"2026-07-17T03:31:31+00:00\",\"author\":{\"@id\":\"https:\\\/\\\/www.aliadospuebla.com\\\/#\\\/schema\\\/person\\\/5da7dd09320bd4f392b710017ed5f8ad\"},\"breadcrumb\":{\"@id\":\"https:\\\/\\\/www.aliadospuebla.com\\\/?p=115521#breadcrumb\"},\"inLanguage\":\"es\",\"potentialAction\":[{\"@type\":\"ReadAction\",\"target\":[\"https:\\\/\\\/www.aliadospuebla.com\\\/?p=115521\"]}]},{\"@type\":\"ImageObject\",\"inLanguage\":\"es\",\"@id\":\"https:\\\/\\\/www.aliadospuebla.com\\\/?p=115521#primaryimage\",\"url\":\"https:\\\/\\\/www.aliadospuebla.com\\\/web2017\\\/wp-content\\\/uploads\\\/2026\\\/07\\\/296.jpg\",\"contentUrl\":\"https:\\\/\\\/www.aliadospuebla.com\\\/web2017\\\/wp-content\\\/uploads\\\/2026\\\/07\\\/296.jpg\",\"width\":600,\"height\":450},{\"@type\":\"BreadcrumbList\",\"@id\":\"https:\\\/\\\/www.aliadospuebla.com\\\/?p=115521#breadcrumb\",\"itemListElement\":[{\"@type\":\"ListItem\",\"position\":1,\"name\":\"Portada\",\"item\":\"https:\\\/\\\/www.aliadospuebla.com\\\/\"},{\"@type\":\"ListItem\",\"position\":2,\"name\":\"LA COORDINACI\u00d3N DA RESULTADOS; EL PAN SOLO OFRECE CR\u00cdTICAS Y DESMEMORIA: ALEJANDRO CARVAJAL\"}]},{\"@type\":\"WebSite\",\"@id\":\"https:\\\/\\\/www.aliadospuebla.com\\\/#website\",\"url\":\"https:\\\/\\\/www.aliadospuebla.com\\\/\",\"name\":\"AliadosPuebla\",\"description\":\"La informaci\u00f3n en tus manos\",\"potentialAction\":[{\"@type\":\"SearchAction\",\"target\":{\"@type\":\"EntryPoint\",\"urlTemplate\":\"https:\\\/\\\/www.aliadospuebla.com\\\/?s={search_term_string}\"},\"query-input\":{\"@type\":\"PropertyValueSpecification\",\"valueRequired\":true,\"valueName\":\"search_term_string\"}}],\"inLanguage\":\"es\"},{\"@type\":\"Person\",\"@id\":\"https:\\\/\\\/www.aliadospuebla.com\\\/#\\\/schema\\\/person\\\/5da7dd09320bd4f392b710017ed5f8ad\",\"name\":\"Aliados17\",\"image\":{\"@type\":\"ImageObject\",\"inLanguage\":\"es\",\"@id\":\"https:\\\/\\\/www.aliadospuebla.com\\\/web2017\\\/wp-content\\\/uploads\\\/2025\\\/03\\\/cropped-para-perfil-8-anos-1-96x96.jpg\",\"url\":\"https:\\\/\\\/www.aliadospuebla.com\\\/web2017\\\/wp-content\\\/uploads\\\/2025\\\/03\\\/cropped-para-perfil-8-anos-1-96x96.jpg\",\"contentUrl\":\"https:\\\/\\\/www.aliadospuebla.com\\\/web2017\\\/wp-content\\\/uploads\\\/2025\\\/03\\\/cropped-para-perfil-8-anos-1-96x96.jpg\",\"caption\":\"Aliados17\"},\"sameAs\":[\"https:\\\/\\\/www.aliados17.com\",\"https:\\\/\\\/www.facebook.com\\\/Aliados17Pue\",\"https:\\\/\\\/x.com\\\/AliadosPuebla\"],\"url\":\"https:\\\/\\\/www.aliadospuebla.com\\\/?author=2\"}]}<\/script>\n<!-- \/ Yoast SEO plugin. -->","yoast_head_json":{"title":"LA COORDINACI\u00d3N DA RESULTADOS; EL PAN SOLO OFRECE CR\u00cdTICAS Y DESMEMORIA: ALEJANDRO CARVAJAL - AliadosPuebla","robots":{"index":"index","follow":"follow","max-snippet":"max-snippet:-1","max-image-preview":"max-image-preview:large","max-video-preview":"max-video-preview:-1"},"canonical":"https:\/\/www.aliadospuebla.com\/?p=115521","og_locale":"es_ES","og_type":"article","og_title":"LA COORDINACI\u00d3N DA RESULTADOS; EL PAN SOLO OFRECE CR\u00cdTICAS Y DESMEMORIA: ALEJANDRO CARVAJAL - AliadosPuebla","og_description":"El Diputado Federal respald\u00f3 la estrategia de seguridad que encabeza la presidenta Claudia Sheinbaum y que en Puebla fortalece el gobernador Alejandro Armenta. Reconoci\u00f3 la coordinaci\u00f3n institucional que permiti\u00f3 la detenci\u00f3n del probable responsable de realizar disparos contra automovilistas en la V\u00eda Atlixc\u00e1yotl. Morena Puebla respald\u00f3 el Sistema Integral de Movilidad presentado ante el Congreso del Estado y se\u00f1al\u00f3 que el PAN pretende desacreditar proyectos que buscan reducir tiempos de traslado y mejorar la vida de las familias poblanas. Durante la rueda de prensa del Comit\u00e9 Ejecutivo Estatal de Morena en Puebla, el diputado federal Alejandro Carvajal Hidalgo respald\u00f3 los resultados del gobierno humanista que encabeza Alejandro Armenta Mier, particularmente en materia de seguridad, coordinaci\u00f3n institucional y transformaci\u00f3n de la movilidad. Al abordar los hechos&hellip;Leer m\u00e1s...","og_url":"https:\/\/www.aliadospuebla.com\/?p=115521","og_site_name":"AliadosPuebla","article_author":"https:\/\/www.facebook.com\/Aliados17Pue","article_published_time":"2026-07-17T03:31:31+00:00","og_image":[{"width":600,"height":450,"url":"https:\/\/www.aliadospuebla.com\/web2017\/wp-content\/uploads\/2026\/07\/296.jpg","type":"image\/jpeg"}],"author":"Aliados17","twitter_card":"summary_large_image","twitter_creator":"@AliadosPuebla","twitter_misc":{"Escrito por":"Aliados17","Tiempo de lectura":"5 minutos"},"schema":{"@context":"https:\/\/schema.org","@graph":[{"@type":"Article","@id":"https:\/\/www.aliadospuebla.com\/?p=115521#article","isPartOf":{"@id":"https:\/\/www.aliadospuebla.com\/?p=115521"},"author":{"name":"Aliados17","@id":"https:\/\/www.aliadospuebla.com\/#\/schema\/person\/5da7dd09320bd4f392b710017ed5f8ad"},"headline":"LA COORDINACI\u00d3N DA RESULTADOS; EL PAN SOLO OFRECE CR\u00cdTICAS Y DESMEMORIA: ALEJANDRO CARVAJAL","datePublished":"2026-07-17T03:31:31+00:00","mainEntityOfPage":{"@id":"https:\/\/www.aliadospuebla.com\/?p=115521"},"wordCount":1059,"commentCount":0,"image":{"@id":"https:\/\/www.aliadospuebla.com\/?p=115521#primaryimage"},"thumbnailUrl":"https:\/\/www.aliadospuebla.com\/web2017\/wp-content\/uploads\/2026\/07\/296.jpg","keywords":["ALEJANDRO ARMENTA MIER","Alejandro Carvajal Hidalgo","Claudia Sheinbaum","ESTRATEGIA NACIONAL DE SEGURIDAD","gobierno humanista","MORENA PUEBLA","Pablo Salazar","Transporte por Cable"],"articleSection":["Pol\u00edtica"],"inLanguage":"es","potentialAction":[{"@type":"CommentAction","name":"Comment","target":["https:\/\/www.aliadospuebla.com\/?p=115521#respond"]}]},{"@type":"WebPage","@id":"https:\/\/www.aliadospuebla.com\/?p=115521","url":"https:\/\/www.aliadospuebla.com\/?p=115521","name":"LA COORDINACI\u00d3N DA RESULTADOS; EL PAN SOLO OFRECE CR\u00cdTICAS Y DESMEMORIA: ALEJANDRO CARVAJAL - AliadosPuebla","isPartOf":{"@id":"https:\/\/www.aliadospuebla.com\/#website"},"primaryImageOfPage":{"@id":"https:\/\/www.aliadospuebla.com\/?p=115521#primaryimage"},"image":{"@id":"https:\/\/www.aliadospuebla.com\/?p=115521#primaryimage"},"thumbnailUrl":"https:\/\/www.aliadospuebla.com\/web2017\/wp-content\/uploads\/2026\/07\/296.jpg","datePublished":"2026-07-17T03:31:31+00:00","author":{"@id":"https:\/\/www.aliadospuebla.com\/#\/schema\/person\/5da7dd09320bd4f392b710017ed5f8ad"},"breadcrumb":{"@id":"https:\/\/www.aliadospuebla.com\/?p=115521#breadcrumb"},"inLanguage":"es","potentialAction":[{"@type":"ReadAction","target":["https:\/\/www.aliadospuebla.com\/?p=115521"]}]},{"@type":"ImageObject","inLanguage":"es","@id":"https:\/\/www.aliadospuebla.com\/?p=115521#primaryimage","url":"https:\/\/www.aliadospuebla.com\/web2017\/wp-content\/uploads\/2026\/07\/296.jpg","contentUrl":"https:\/\/www.aliadospuebla.com\/web2017\/wp-content\/uploads\/2026\/07\/296.jpg","width":600,"height":450},{"@type":"BreadcrumbList","@id":"https:\/\/www.aliadospuebla.com\/?p=115521#breadcrumb","itemListElement":[{"@type":"ListItem","position":1,"name":"Portada","item":"https:\/\/www.aliadospuebla.com\/"},{"@type":"ListItem","position":2,"name":"LA COORDINACI\u00d3N DA RESULTADOS; EL PAN SOLO OFRECE CR\u00cdTICAS Y DESMEMORIA: ALEJANDRO CARVAJAL"}]},{"@type":"WebSite","@id":"https:\/\/www.aliadospuebla.com\/#website","url":"https:\/\/www.aliadospuebla.com\/","name":"AliadosPuebla","description":"La informaci\u00f3n en tus manos","potentialAction":[{"@type":"SearchAction","target":{"@type":"EntryPoint","urlTemplate":"https:\/\/www.aliadospuebla.com\/?s={search_term_string}"},"query-input":{"@type":"PropertyValueSpecification","valueRequired":true,"valueName":"search_term_string"}}],"inLanguage":"es"},{"@type":"Person","@id":"https:\/\/www.aliadospuebla.com\/#\/schema\/person\/5da7dd09320bd4f392b710017ed5f8ad","name":"Aliados17","image":{"@type":"ImageObject","inLanguage":"es","@id":"https:\/\/www.aliadospuebla.com\/web2017\/wp-content\/uploads\/2025\/03\/cropped-para-perfil-8-anos-1-96x96.jpg","url":"https:\/\/www.aliadospuebla.com\/web2017\/wp-content\/uploads\/2025\/03\/cropped-para-perfil-8-anos-1-96x96.jpg","contentUrl":"https:\/\/www.aliadospuebla.com\/web2017\/wp-content\/uploads\/2025\/03\/cropped-para-perfil-8-anos-1-96x96.jpg","caption":"Aliados17"},"sameAs":["https:\/\/www.aliados17.com","https:\/\/www.facebook.com\/Aliados17Pue","https:\/\/x.com\/AliadosPuebla"],"url":"https:\/\/www.aliadospuebla.com\/?author=2"}]}},"views":19,"_links":{"self":[{"href":"https:\/\/www.aliadospuebla.com\/index.php?rest_route=\/wp\/v2\/posts\/115521","targetHints":{"allow":["GET"]}}],"collection":[{"href":"https:\/\/www.aliadospuebla.com\/index.php?rest_route=\/wp\/v2\/posts"}],"about":[{"href":"https:\/\/www.aliadospuebla.com\/index.php?rest_route=\/wp\/v2\/types\/post"}],"author":[{"embeddable":true,"href":"https:\/\/www.aliadospuebla.com\/index.php?rest_route=\/wp\/v2\/users\/2"}],"replies":[{"embeddable":true,"href":"https:\/\/www.aliadospuebla.com\/index.php?rest_route=%2Fwp%2Fv2%2Fcomments&post=115521"}],"version-history":[{"count":1,"href":"https:\/\/www.aliadospuebla.com\/index.php?rest_route=\/wp\/v2\/posts\/115521\/revisions"}],"predecessor-version":[{"id":115523,"href":"https:\/\/www.aliadospuebla.com\/index.php?rest_route=\/wp\/v2\/posts\/115521\/revisions\/115523"}],"wp:featuredmedia":[{"embeddable":true,"href":"https:\/\/www.aliadospuebla.com\/index.php?rest_route=\/wp\/v2\/media\/115522"}],"wp:attachment":[{"href":"https:\/\/www.aliadospuebla.com\/index.php?rest_route=%2Fwp%2Fv2%2Fmedia&parent=115521"}],"wp:term":[{"taxonomy":"category","embeddable":true,"href":"https:\/\/www.aliadospuebla.com\/index.php?rest_route=%2Fwp%2Fv2%2Fcategories&post=115521"},{"taxonomy":"post_tag","embeddable":true,"href":"https:\/\/www.aliadospuebla.com\/index.php?rest_route=%2Fwp%2Fv2%2Ftags&post=115521"}],"curies":[{"name":"wp","href":"https:\/\/api.w.org\/{rel}","templated":true}]}}