{"id":115493,"date":"2026-07-15T09:53:16","date_gmt":"2026-07-15T15:53:16","guid":{"rendered":"https:\/\/www.aliadospuebla.com\/?p=115493"},"modified":"2026-07-15T09:53:16","modified_gmt":"2026-07-15T15:53:16","slug":"lupita-cuautle-consolida-primer-centro-de-rehabilitacion-integral-municipal-para-ampliar-la-atencion-a-mas-familias","status":"publish","type":"post","link":"https:\/\/www.aliadospuebla.com\/?p=115493","title":{"rendered":"Lupita Cuautle consolida primer Centro de Rehabilitaci\u00f3n Integral municipal para ampliar la atenci\u00f3n a m\u00e1s familias"},"content":{"rendered":"<h4>San Andr\u00e9s Cholula, Puebla. \u2013 Como resultado del fortalecimiento de la infraestructura, la ampliaci\u00f3n de los servicios especializados y el cumplimiento de los lineamientos establecidos por el Sistema Estatal DIF (SEDIF), la presidenta municipal Lupita Cuautle encabez\u00f3 el protocolo de nombramiento de Unidad B\u00e1sica de Rehabilitaci\u00f3n (UBR) a Centro de Rehabilitaci\u00f3n Integral (CRI).<\/h4>\n<p>Durante el acto, la mun\u00edcipe destac\u00f3 que este logro permitir\u00e1 ofrecer una atenci\u00f3n<\/p>\n<p>m\u00e1s completa y de mayor alcance para las personas con discapacidad y quienes<\/p>\n<p>requieren procesos de rehabilitaci\u00f3n. Se\u00f1al\u00f3 que este reconocimiento es resultado<\/p>\n<p>de un trabajo continuo que comenz\u00f3 desde la administraci\u00f3n anterior,<\/p>\n<p>cuando se impuls\u00f3 la creaci\u00f3n de espacios y unidades de atenci\u00f3n que,<\/p>\n<p>adem\u00e1s de brindar servicios especializados, contribuyeron a generar<\/p>\n<p>una mayor conciencia sobre los diferentes tipos de discapacidad<\/p>\n<p>y detectar las necesidades de las familias no solo de la zona, sino de la regi\u00f3n.<\/p>\n<p>Al hacer \u00e9nfasis en este proyecto que inici\u00f3 como un sue\u00f1o y que ahora es una realidad,<\/p>\n<p>Lupita Cuautle subray\u00f3 que tambi\u00e9n ha permitido conocer historias de vida<\/p>\n<p>que inspiran a seguir trabajando por una atenci\u00f3n m\u00e1s humana e incluyente,<\/p>\n<p>por lo cual es motivo de orgullo consolidar este nuevo CRI.<\/p>\n<h4>Adem\u00e1s, reconoci\u00f3 el esfuerzo del personal que diariamente brinda terapias, as\u00ed como de las madres, padres y familiares que, con paciencia y compromiso acompa\u00f1an cada proceso de rehabilitaci\u00f3n.<\/h4>\n<p>La edil record\u00f3 el caso de Mauricio, quien gracias a la constancia en sus terapias y al acompa\u00f1amiento permanente ha logrado caminar, ejemplo que refleja el impacto positivo que tienen estos servicios en la calidad de vida de las y los usuarios del Sistema Municipal DIF (SMDIF).<\/p>\n<p>Por su parte, Aurora Tlatehui Cuautle, directora general del SMDIF inform\u00f3 que actualmente, el centro atiende diariamente entre 100 y 120 personas, por lo que cumplir con las reglas de operaci\u00f3n establecidas por el SEDIF representaba un paso indispensable para responder a la creciente demanda y fortalecer la capacidad de atenci\u00f3n especializada.<\/p>\n<p>Durante el 2026, la entonces UBR brind\u00f3 atenci\u00f3n a m\u00e1s de 4 mil pacientes, con los servicios, entre ellos sesiones de terapia f\u00edsica, terapia del lenguaje, terapia ocupacional, educaci\u00f3n especias e hidroterapia.<\/p>\n<p>Asimismo, mediante convenios de colaboraci\u00f3n con especialistas se ampliaron los servicios de valoraci\u00f3n m\u00e9dica, diagn\u00f3stico oportuno y canalizaci\u00f3n a tratamientos integrales, pr\u00f3ximamente se brindar\u00e1 equinoterapia, fortaleciendo la atenci\u00f3n multidisciplinaria.<\/p>\n<p>Con este nombramiento, San Andr\u00e9s Cholula da un paso hist\u00f3rico en la atenci\u00f3n a las personas con discapacidad, al consolidar el Centro de Rehabilitaci\u00f3n Integral que ampliar\u00e1 la cobertura, aumentar\u00e1 la calidad de los servicios y la atenci\u00f3n especializada para cientos de familias del municipio.<\/p>\n","protected":false},"excerpt":{"rendered":"<p>San Andr\u00e9s Cholula, Puebla. \u2013 Como resultado del fortalecimiento de la infraestructura, la ampliaci\u00f3n de los servicios especializados y el cumplimiento de los lineamientos establecidos por el Sistema Estatal DIF (SEDIF), la presidenta municipal Lupita Cuautle encabez\u00f3 el protocolo de nombramiento de Unidad B\u00e1sica de Rehabilitaci\u00f3n (UBR) a Centro de Rehabilitaci\u00f3n Integral (CRI). Durante el acto, la mun\u00edcipe destac\u00f3 que este logro permitir\u00e1 ofrecer una atenci\u00f3n m\u00e1s completa y de mayor alcance para las personas con discapacidad y quienes requieren procesos de rehabilitaci\u00f3n. Se\u00f1al\u00f3 que este reconocimiento es resultado de un trabajo continuo que comenz\u00f3 desde la administraci\u00f3n anterior, cuando se impuls\u00f3 la creaci\u00f3n de espacios y unidades de atenci\u00f3n que, adem\u00e1s de brindar servicios especializados, contribuyeron a generar una mayor conciencia sobre los diferentes&hellip;<\/p>\n<p class=\"excerpt-more\"><a class=\"blog-excerpt button\" href=\"https:\/\/www.aliadospuebla.com\/?p=115493\">Leer m\u00e1s&#8230;<\/a><\/p>\n","protected":false},"author":2,"featured_media":115494,"comment_status":"open","ping_status":"open","sticky":false,"template":"","format":"standard","meta":{"_monsterinsights_skip_tracking":false,"footnotes":""},"categories":[4],"tags":[25017,7799,16664,84,272,34298,19949],"class_list":["post-115493","post","type-post","status-publish","format-standard","has-post-thumbnail","hentry","category-municipios","tag-centro-de-rehabilitacion-integral","tag-cri","tag-lupita-cuautle","tag-san-andres-cholula","tag-sedif","tag-servicios-especializados","tag-valoracion-medica"],"yoast_head":"<!-- This site is optimized with the Yoast SEO plugin v28.4 - https:\/\/yoast.com\/product\/yoast-seo-wordpress\/ -->\n<title>Lupita Cuautle consolida primer Centro de Rehabilitaci\u00f3n Integral municipal para ampliar la atenci\u00f3n a m\u00e1s familias - AliadosPuebla<\/title>\n<meta name=\"robots\" content=\"index, follow, max-snippet:-1, max-image-preview:large, max-video-preview:-1\" \/>\n<link rel=\"canonical\" href=\"https:\/\/www.aliadospuebla.com\/?p=115493\" \/>\n<meta property=\"og:locale\" content=\"es_ES\" \/>\n<meta property=\"og:type\" content=\"article\" \/>\n<meta property=\"og:title\" content=\"Lupita Cuautle consolida primer Centro de Rehabilitaci\u00f3n Integral municipal para ampliar la atenci\u00f3n a m\u00e1s familias - AliadosPuebla\" \/>\n<meta property=\"og:description\" content=\"San Andr\u00e9s Cholula, Puebla. \u2013 Como resultado del fortalecimiento de la infraestructura, la ampliaci\u00f3n de los servicios especializados y el cumplimiento de los lineamientos establecidos por el Sistema Estatal DIF (SEDIF), la presidenta municipal Lupita Cuautle encabez\u00f3 el protocolo de nombramiento de Unidad B\u00e1sica de Rehabilitaci\u00f3n (UBR) a Centro de Rehabilitaci\u00f3n Integral (CRI). Durante el acto, la mun\u00edcipe destac\u00f3 que este logro permitir\u00e1 ofrecer una atenci\u00f3n m\u00e1s completa y de mayor alcance para las personas con discapacidad y quienes requieren procesos de rehabilitaci\u00f3n. Se\u00f1al\u00f3 que este reconocimiento es resultado de un trabajo continuo que comenz\u00f3 desde la administraci\u00f3n anterior, cuando se impuls\u00f3 la creaci\u00f3n de espacios y unidades de atenci\u00f3n que, adem\u00e1s de brindar servicios especializados, contribuyeron a generar una mayor conciencia sobre los diferentes&hellip;Leer m\u00e1s...\" \/>\n<meta property=\"og:url\" content=\"https:\/\/www.aliadospuebla.com\/?p=115493\" \/>\n<meta property=\"og:site_name\" content=\"AliadosPuebla\" \/>\n<meta property=\"article:author\" content=\"https:\/\/www.facebook.com\/Aliados17Pue\" \/>\n<meta property=\"article:published_time\" content=\"2026-07-15T15:53:16+00:00\" \/>\n<meta property=\"og:image\" content=\"https:\/\/www.aliadospuebla.com\/web2017\/wp-content\/uploads\/2026\/07\/288.jpg\" \/>\n\t<meta property=\"og:image:width\" content=\"600\" \/>\n\t<meta property=\"og:image:height\" content=\"450\" \/>\n\t<meta property=\"og:image:type\" content=\"image\/jpeg\" \/>\n<meta name=\"author\" content=\"Aliados17\" \/>\n<meta name=\"twitter:card\" content=\"summary_large_image\" \/>\n<meta name=\"twitter:creator\" content=\"@AliadosPuebla\" \/>\n<meta name=\"twitter:label1\" content=\"Escrito por\" \/>\n\t<meta name=\"twitter:data1\" content=\"Aliados17\" \/>\n\t<meta name=\"twitter:label2\" content=\"Tiempo de lectura\" \/>\n\t<meta name=\"twitter:data2\" content=\"3 minutos\" \/>\n<script type=\"application\/ld+json\" class=\"yoast-schema-graph\">{\"@context\":\"https:\\\/\\\/schema.org\",\"@graph\":[{\"@type\":\"Article\",\"@id\":\"https:\\\/\\\/www.aliadospuebla.com\\\/?p=115493#article\",\"isPartOf\":{\"@id\":\"https:\\\/\\\/www.aliadospuebla.com\\\/?p=115493\"},\"author\":{\"name\":\"Aliados17\",\"@id\":\"https:\\\/\\\/www.aliadospuebla.com\\\/#\\\/schema\\\/person\\\/5da7dd09320bd4f392b710017ed5f8ad\"},\"headline\":\"Lupita Cuautle consolida primer Centro de Rehabilitaci\u00f3n Integral municipal para ampliar la atenci\u00f3n a m\u00e1s familias\",\"datePublished\":\"2026-07-15T15:53:16+00:00\",\"mainEntityOfPage\":{\"@id\":\"https:\\\/\\\/www.aliadospuebla.com\\\/?p=115493\"},\"wordCount\":483,\"commentCount\":0,\"image\":{\"@id\":\"https:\\\/\\\/www.aliadospuebla.com\\\/?p=115493#primaryimage\"},\"thumbnailUrl\":\"https:\\\/\\\/www.aliadospuebla.com\\\/web2017\\\/wp-content\\\/uploads\\\/2026\\\/07\\\/288.jpg\",\"keywords\":[\"Centro de Rehabilitaci\u00f3n Integral\",\"CRI\",\"Lupita Cuautle\",\"San Andr\u00e9s Cholula\",\"SEDIF\",\"servicios especializados\",\"valoraci\u00f3n m\u00e9dica\"],\"articleSection\":[\"Municipios\"],\"inLanguage\":\"es\",\"potentialAction\":[{\"@type\":\"CommentAction\",\"name\":\"Comment\",\"target\":[\"https:\\\/\\\/www.aliadospuebla.com\\\/?p=115493#respond\"]}]},{\"@type\":\"WebPage\",\"@id\":\"https:\\\/\\\/www.aliadospuebla.com\\\/?p=115493\",\"url\":\"https:\\\/\\\/www.aliadospuebla.com\\\/?p=115493\",\"name\":\"Lupita Cuautle consolida primer Centro de Rehabilitaci\u00f3n Integral municipal para ampliar la atenci\u00f3n a m\u00e1s familias - AliadosPuebla\",\"isPartOf\":{\"@id\":\"https:\\\/\\\/www.aliadospuebla.com\\\/#website\"},\"primaryImageOfPage\":{\"@id\":\"https:\\\/\\\/www.aliadospuebla.com\\\/?p=115493#primaryimage\"},\"image\":{\"@id\":\"https:\\\/\\\/www.aliadospuebla.com\\\/?p=115493#primaryimage\"},\"thumbnailUrl\":\"https:\\\/\\\/www.aliadospuebla.com\\\/web2017\\\/wp-content\\\/uploads\\\/2026\\\/07\\\/288.jpg\",\"datePublished\":\"2026-07-15T15:53:16+00:00\",\"author\":{\"@id\":\"https:\\\/\\\/www.aliadospuebla.com\\\/#\\\/schema\\\/person\\\/5da7dd09320bd4f392b710017ed5f8ad\"},\"breadcrumb\":{\"@id\":\"https:\\\/\\\/www.aliadospuebla.com\\\/?p=115493#breadcrumb\"},\"inLanguage\":\"es\",\"potentialAction\":[{\"@type\":\"ReadAction\",\"target\":[\"https:\\\/\\\/www.aliadospuebla.com\\\/?p=115493\"]}]},{\"@type\":\"ImageObject\",\"inLanguage\":\"es\",\"@id\":\"https:\\\/\\\/www.aliadospuebla.com\\\/?p=115493#primaryimage\",\"url\":\"https:\\\/\\\/www.aliadospuebla.com\\\/web2017\\\/wp-content\\\/uploads\\\/2026\\\/07\\\/288.jpg\",\"contentUrl\":\"https:\\\/\\\/www.aliadospuebla.com\\\/web2017\\\/wp-content\\\/uploads\\\/2026\\\/07\\\/288.jpg\",\"width\":600,\"height\":450},{\"@type\":\"BreadcrumbList\",\"@id\":\"https:\\\/\\\/www.aliadospuebla.com\\\/?p=115493#breadcrumb\",\"itemListElement\":[{\"@type\":\"ListItem\",\"position\":1,\"name\":\"Portada\",\"item\":\"https:\\\/\\\/www.aliadospuebla.com\\\/\"},{\"@type\":\"ListItem\",\"position\":2,\"name\":\"Lupita Cuautle consolida primer Centro de Rehabilitaci\u00f3n Integral municipal para ampliar la atenci\u00f3n a m\u00e1s familias\"}]},{\"@type\":\"WebSite\",\"@id\":\"https:\\\/\\\/www.aliadospuebla.com\\\/#website\",\"url\":\"https:\\\/\\\/www.aliadospuebla.com\\\/\",\"name\":\"AliadosPuebla\",\"description\":\"La informaci\u00f3n en tus manos\",\"potentialAction\":[{\"@type\":\"SearchAction\",\"target\":{\"@type\":\"EntryPoint\",\"urlTemplate\":\"https:\\\/\\\/www.aliadospuebla.com\\\/?s={search_term_string}\"},\"query-input\":{\"@type\":\"PropertyValueSpecification\",\"valueRequired\":true,\"valueName\":\"search_term_string\"}}],\"inLanguage\":\"es\"},{\"@type\":\"Person\",\"@id\":\"https:\\\/\\\/www.aliadospuebla.com\\\/#\\\/schema\\\/person\\\/5da7dd09320bd4f392b710017ed5f8ad\",\"name\":\"Aliados17\",\"image\":{\"@type\":\"ImageObject\",\"inLanguage\":\"es\",\"@id\":\"https:\\\/\\\/www.aliadospuebla.com\\\/web2017\\\/wp-content\\\/uploads\\\/2025\\\/03\\\/cropped-para-perfil-8-anos-1-96x96.jpg\",\"url\":\"https:\\\/\\\/www.aliadospuebla.com\\\/web2017\\\/wp-content\\\/uploads\\\/2025\\\/03\\\/cropped-para-perfil-8-anos-1-96x96.jpg\",\"contentUrl\":\"https:\\\/\\\/www.aliadospuebla.com\\\/web2017\\\/wp-content\\\/uploads\\\/2025\\\/03\\\/cropped-para-perfil-8-anos-1-96x96.jpg\",\"caption\":\"Aliados17\"},\"sameAs\":[\"https:\\\/\\\/www.aliados17.com\",\"https:\\\/\\\/www.facebook.com\\\/Aliados17Pue\",\"https:\\\/\\\/x.com\\\/AliadosPuebla\"],\"url\":\"https:\\\/\\\/www.aliadospuebla.com\\\/?author=2\"}]}<\/script>\n<!-- \/ Yoast SEO plugin. -->","yoast_head_json":{"title":"Lupita Cuautle consolida primer Centro de Rehabilitaci\u00f3n Integral municipal para ampliar la atenci\u00f3n a m\u00e1s familias - AliadosPuebla","robots":{"index":"index","follow":"follow","max-snippet":"max-snippet:-1","max-image-preview":"max-image-preview:large","max-video-preview":"max-video-preview:-1"},"canonical":"https:\/\/www.aliadospuebla.com\/?p=115493","og_locale":"es_ES","og_type":"article","og_title":"Lupita Cuautle consolida primer Centro de Rehabilitaci\u00f3n Integral municipal para ampliar la atenci\u00f3n a m\u00e1s familias - AliadosPuebla","og_description":"San Andr\u00e9s Cholula, Puebla. \u2013 Como resultado del fortalecimiento de la infraestructura, la ampliaci\u00f3n de los servicios especializados y el cumplimiento de los lineamientos establecidos por el Sistema Estatal DIF (SEDIF), la presidenta municipal Lupita Cuautle encabez\u00f3 el protocolo de nombramiento de Unidad B\u00e1sica de Rehabilitaci\u00f3n (UBR) a Centro de Rehabilitaci\u00f3n Integral (CRI). Durante el acto, la mun\u00edcipe destac\u00f3 que este logro permitir\u00e1 ofrecer una atenci\u00f3n m\u00e1s completa y de mayor alcance para las personas con discapacidad y quienes requieren procesos de rehabilitaci\u00f3n. Se\u00f1al\u00f3 que este reconocimiento es resultado de un trabajo continuo que comenz\u00f3 desde la administraci\u00f3n anterior, cuando se impuls\u00f3 la creaci\u00f3n de espacios y unidades de atenci\u00f3n que, adem\u00e1s de brindar servicios especializados, contribuyeron a generar una mayor conciencia sobre los diferentes&hellip;Leer m\u00e1s...","og_url":"https:\/\/www.aliadospuebla.com\/?p=115493","og_site_name":"AliadosPuebla","article_author":"https:\/\/www.facebook.com\/Aliados17Pue","article_published_time":"2026-07-15T15:53:16+00:00","og_image":[{"width":600,"height":450,"url":"https:\/\/www.aliadospuebla.com\/web2017\/wp-content\/uploads\/2026\/07\/288.jpg","type":"image\/jpeg"}],"author":"Aliados17","twitter_card":"summary_large_image","twitter_creator":"@AliadosPuebla","twitter_misc":{"Escrito por":"Aliados17","Tiempo de lectura":"3 minutos"},"schema":{"@context":"https:\/\/schema.org","@graph":[{"@type":"Article","@id":"https:\/\/www.aliadospuebla.com\/?p=115493#article","isPartOf":{"@id":"https:\/\/www.aliadospuebla.com\/?p=115493"},"author":{"name":"Aliados17","@id":"https:\/\/www.aliadospuebla.com\/#\/schema\/person\/5da7dd09320bd4f392b710017ed5f8ad"},"headline":"Lupita Cuautle consolida primer Centro de Rehabilitaci\u00f3n Integral municipal para ampliar la atenci\u00f3n a m\u00e1s familias","datePublished":"2026-07-15T15:53:16+00:00","mainEntityOfPage":{"@id":"https:\/\/www.aliadospuebla.com\/?p=115493"},"wordCount":483,"commentCount":0,"image":{"@id":"https:\/\/www.aliadospuebla.com\/?p=115493#primaryimage"},"thumbnailUrl":"https:\/\/www.aliadospuebla.com\/web2017\/wp-content\/uploads\/2026\/07\/288.jpg","keywords":["Centro de Rehabilitaci\u00f3n Integral","CRI","Lupita Cuautle","San Andr\u00e9s Cholula","SEDIF","servicios especializados","valoraci\u00f3n m\u00e9dica"],"articleSection":["Municipios"],"inLanguage":"es","potentialAction":[{"@type":"CommentAction","name":"Comment","target":["https:\/\/www.aliadospuebla.com\/?p=115493#respond"]}]},{"@type":"WebPage","@id":"https:\/\/www.aliadospuebla.com\/?p=115493","url":"https:\/\/www.aliadospuebla.com\/?p=115493","name":"Lupita Cuautle consolida primer Centro de Rehabilitaci\u00f3n Integral municipal para ampliar la atenci\u00f3n a m\u00e1s familias - AliadosPuebla","isPartOf":{"@id":"https:\/\/www.aliadospuebla.com\/#website"},"primaryImageOfPage":{"@id":"https:\/\/www.aliadospuebla.com\/?p=115493#primaryimage"},"image":{"@id":"https:\/\/www.aliadospuebla.com\/?p=115493#primaryimage"},"thumbnailUrl":"https:\/\/www.aliadospuebla.com\/web2017\/wp-content\/uploads\/2026\/07\/288.jpg","datePublished":"2026-07-15T15:53:16+00:00","author":{"@id":"https:\/\/www.aliadospuebla.com\/#\/schema\/person\/5da7dd09320bd4f392b710017ed5f8ad"},"breadcrumb":{"@id":"https:\/\/www.aliadospuebla.com\/?p=115493#breadcrumb"},"inLanguage":"es","potentialAction":[{"@type":"ReadAction","target":["https:\/\/www.aliadospuebla.com\/?p=115493"]}]},{"@type":"ImageObject","inLanguage":"es","@id":"https:\/\/www.aliadospuebla.com\/?p=115493#primaryimage","url":"https:\/\/www.aliadospuebla.com\/web2017\/wp-content\/uploads\/2026\/07\/288.jpg","contentUrl":"https:\/\/www.aliadospuebla.com\/web2017\/wp-content\/uploads\/2026\/07\/288.jpg","width":600,"height":450},{"@type":"BreadcrumbList","@id":"https:\/\/www.aliadospuebla.com\/?p=115493#breadcrumb","itemListElement":[{"@type":"ListItem","position":1,"name":"Portada","item":"https:\/\/www.aliadospuebla.com\/"},{"@type":"ListItem","position":2,"name":"Lupita Cuautle consolida primer Centro de Rehabilitaci\u00f3n Integral municipal para ampliar la atenci\u00f3n a m\u00e1s familias"}]},{"@type":"WebSite","@id":"https:\/\/www.aliadospuebla.com\/#website","url":"https:\/\/www.aliadospuebla.com\/","name":"AliadosPuebla","description":"La informaci\u00f3n en tus manos","potentialAction":[{"@type":"SearchAction","target":{"@type":"EntryPoint","urlTemplate":"https:\/\/www.aliadospuebla.com\/?s={search_term_string}"},"query-input":{"@type":"PropertyValueSpecification","valueRequired":true,"valueName":"search_term_string"}}],"inLanguage":"es"},{"@type":"Person","@id":"https:\/\/www.aliadospuebla.com\/#\/schema\/person\/5da7dd09320bd4f392b710017ed5f8ad","name":"Aliados17","image":{"@type":"ImageObject","inLanguage":"es","@id":"https:\/\/www.aliadospuebla.com\/web2017\/wp-content\/uploads\/2025\/03\/cropped-para-perfil-8-anos-1-96x96.jpg","url":"https:\/\/www.aliadospuebla.com\/web2017\/wp-content\/uploads\/2025\/03\/cropped-para-perfil-8-anos-1-96x96.jpg","contentUrl":"https:\/\/www.aliadospuebla.com\/web2017\/wp-content\/uploads\/2025\/03\/cropped-para-perfil-8-anos-1-96x96.jpg","caption":"Aliados17"},"sameAs":["https:\/\/www.aliados17.com","https:\/\/www.facebook.com\/Aliados17Pue","https:\/\/x.com\/AliadosPuebla"],"url":"https:\/\/www.aliadospuebla.com\/?author=2"}]}},"views":15,"_links":{"self":[{"href":"https:\/\/www.aliadospuebla.com\/index.php?rest_route=\/wp\/v2\/posts\/115493","targetHints":{"allow":["GET"]}}],"collection":[{"href":"https:\/\/www.aliadospuebla.com\/index.php?rest_route=\/wp\/v2\/posts"}],"about":[{"href":"https:\/\/www.aliadospuebla.com\/index.php?rest_route=\/wp\/v2\/types\/post"}],"author":[{"embeddable":true,"href":"https:\/\/www.aliadospuebla.com\/index.php?rest_route=\/wp\/v2\/users\/2"}],"replies":[{"embeddable":true,"href":"https:\/\/www.aliadospuebla.com\/index.php?rest_route=%2Fwp%2Fv2%2Fcomments&post=115493"}],"version-history":[{"count":1,"href":"https:\/\/www.aliadospuebla.com\/index.php?rest_route=\/wp\/v2\/posts\/115493\/revisions"}],"predecessor-version":[{"id":115495,"href":"https:\/\/www.aliadospuebla.com\/index.php?rest_route=\/wp\/v2\/posts\/115493\/revisions\/115495"}],"wp:featuredmedia":[{"embeddable":true,"href":"https:\/\/www.aliadospuebla.com\/index.php?rest_route=\/wp\/v2\/media\/115494"}],"wp:attachment":[{"href":"https:\/\/www.aliadospuebla.com\/index.php?rest_route=%2Fwp%2Fv2%2Fmedia&parent=115493"}],"wp:term":[{"taxonomy":"category","embeddable":true,"href":"https:\/\/www.aliadospuebla.com\/index.php?rest_route=%2Fwp%2Fv2%2Fcategories&post=115493"},{"taxonomy":"post_tag","embeddable":true,"href":"https:\/\/www.aliadospuebla.com\/index.php?rest_route=%2Fwp%2Fv2%2Ftags&post=115493"}],"curies":[{"name":"wp","href":"https:\/\/api.w.org\/{rel}","templated":true}]}}