{"id":115440,"date":"2026-07-13T20:55:10","date_gmt":"2026-07-14T02:55:10","guid":{"rendered":"https:\/\/www.aliadospuebla.com\/?p=115440"},"modified":"2026-07-13T20:55:10","modified_gmt":"2026-07-14T02:55:10","slug":"respalda-ctm-polo-de-desarrollo-en-san-jose-chiapa-y-exige-a-mc-sacar-las-manos-del-tema-ambiental","status":"publish","type":"post","link":"https:\/\/www.aliadospuebla.com\/?p=115440","title":{"rendered":"Respalda CTM polo de desarrollo en San Jos\u00e9 Chiapa y exige a MC \u201csacar las manos\u201d del tema ambiental"},"content":{"rendered":"<h4>El l\u00edder de la central obrera, Leobardo Soto Mart\u00ednez, denunci\u00f3 agresiones y amenazas contra m\u00e1s de 100 agremiados, incluyendo a una madre buscadora de Nopalucan.<\/h4>\n<p>Refrend\u00f3 el apoyo total de la CTM al gobernador del estado y critic\u00f3 la inacci\u00f3n<\/p>\n<p>de los alcaldes de la regi\u00f3n en materia de seguridad e inversi\u00f3n.<\/p>\n<p>\u200bPUEBLA, PUE. \u2014 El secretario general de la Federaci\u00f3n de Trabajadores del Estado<\/p>\n<p>de Puebla CTM, Leobardo Soto Mart\u00ednez, fij\u00f3 una postura contundente a favor del progreso<\/p>\n<p>econ\u00f3mico de la regi\u00f3n de San Jos\u00e9 Chiapa, al dar un \u00abs\u00ed\u00bb rotundo a la creaci\u00f3n del polo<\/p>\n<p>de desarrollo y los proyectos de econom\u00eda circular en la zona.<\/p>\n<p>\u200bSin embargo, el pronunciamiento del l\u00edder cetemista estuvo acompa\u00f1ado<\/p>\n<p>de fuertes reclamos pol\u00edticos y de seguridad.<\/p>\n<p>Soto Mart\u00ednez acus\u00f3 directamente al partido Movimiento Ciudadano (MC)<\/p>\n<p>de politizar y lucrar con la agenda ambiental de la regi\u00f3n con fines meramente electorales,<\/p>\n<p>por lo que les exigi\u00f3 de manera en\u00e9rgica que \u201csaquen las manos\u201d del conflicto.<\/p>\n<h4>\u200bDenuncian ola de violencia y agresiones contra trabajadores<\/h4>\n<p>El panorama descrito por el dirigente sindical es alarmante.<\/p>\n<p>Soto Mart\u00ednez denunci\u00f3 p\u00fablicamente que m\u00e1s de 100 integrantes de la CTM<\/p>\n<p>han sido v\u00edctimas de amenazas y agresiones f\u00edsicas en la zona de San Jos\u00e9 Chiapa y sus alrededores.<\/p>\n<p>\u200bEntre los casos m\u00e1s graves, el l\u00edder obrero destac\u00f3 el ataque perpetrado<\/p>\n<p>contra una madre buscadora originaria del municipio de Nopalucan,<\/p>\n<p>quien tambi\u00e9n forma parte de la organizaci\u00f3n sindical.<\/p>\n<p>Ante esta situaci\u00f3n, advirti\u00f3 que no habr\u00e1 impunidad y anunci\u00f3 que en los pr\u00f3ximos d\u00edas<\/p>\n<p>se dar\u00e1n a conocer los nombres de los presuntos responsables, asegurando que<\/p>\n<p>las denuncias correspondientes ya han sido formalmente presentadas<\/p>\n<p>ante las autoridades ministeriales.<br \/>\n\u200b\u201cNo vamos a permitir que se siga amedrentando a los trabajadores.<\/p>\n<h4>Las denuncias ya est\u00e1n puestas y vamos a llegar hasta las \u00faltimas consecuencias dando a conocer los nombres de quienes est\u00e1n detr\u00e1s de estos ataques\u201d, sentenci\u00f3.<\/h4>\n<p>Cr\u00edtica a alcaldes y respaldo al Gobierno Estatal.<\/p>\n<p>\u200bEn el rubro pol\u00edtico y de gobernabilidad, el l\u00edder de la CTM refrend\u00f3 el apoyo total del sector obrero hacia el gobernador del estado, respaldando sus iniciativas de crecimiento industrial. En contraste, lanz\u00f3 una dura cr\u00edtica a los presidentes municipales de la regi\u00f3n, a quienes acus\u00f3 de mantener una actitud omisa e indiferente.<\/p>\n<p>\u200bDe acuerdo con Soto Mart\u00ednez, los alcaldes han fallado en su responsabilidad de garantizar la seguridad p\u00fablica y han sido incapaces de facilitar la llegada de nuevas inversiones que beneficien a los habitantes locales.<\/p>\n<p>\u200bCon este posicionamiento, la CTM busca blindar el proyecto del polo de desarrollo en San Jos\u00e9 Chiapa, exigiendo que las disputas partidistas no frenen la econom\u00eda circular ni pongan en riesgo la integridad de la base trabajadora.<\/p>\n","protected":false},"excerpt":{"rendered":"<p>El l\u00edder de la central obrera, Leobardo Soto Mart\u00ednez, denunci\u00f3 agresiones y amenazas contra m\u00e1s de 100 agremiados, incluyendo a una madre buscadora de Nopalucan. Refrend\u00f3 el apoyo total de la CTM al gobernador del estado y critic\u00f3 la inacci\u00f3n de los alcaldes de la regi\u00f3n en materia de seguridad e inversi\u00f3n. \u200bPUEBLA, PUE. \u2014 El secretario general de la Federaci\u00f3n de Trabajadores del Estado de Puebla CTM, Leobardo Soto Mart\u00ednez, fij\u00f3 una postura contundente a favor del progreso econ\u00f3mico de la regi\u00f3n de San Jos\u00e9 Chiapa, al dar un \u00abs\u00ed\u00bb rotundo a la creaci\u00f3n del polo de desarrollo y los proyectos de econom\u00eda circular en la zona. \u200bSin embargo, el pronunciamiento del l\u00edder cetemista estuvo acompa\u00f1ado de fuertes reclamos pol\u00edticos y de seguridad. Soto&hellip;<\/p>\n<p class=\"excerpt-more\"><a class=\"blog-excerpt button\" href=\"https:\/\/www.aliadospuebla.com\/?p=115440\">Leer m\u00e1s&#8230;<\/a><\/p>\n","protected":false},"author":2,"featured_media":115441,"comment_status":"open","ping_status":"open","sticky":false,"template":"","format":"standard","meta":{"_monsterinsights_skip_tracking":false,"footnotes":""},"categories":[6],"tags":[2707,296,16504,324,5334,1131],"class_list":["post-115440","post","type-post","status-publish","format-standard","has-post-thumbnail","hentry","category-politica","tag-agresiones","tag-ctm","tag-economia-circular","tag-leobardo-soto-martinez","tag-movimiento-ciudadano","tag-san-jose-chiapa"],"yoast_head":"<!-- This site is optimized with the Yoast SEO plugin v28.3 - https:\/\/yoast.com\/product\/yoast-seo-wordpress\/ -->\n<title>Respalda CTM polo de desarrollo en San Jos\u00e9 Chiapa y exige a MC \u201csacar las manos\u201d del tema ambiental - AliadosPuebla<\/title>\n<meta name=\"robots\" content=\"index, follow, max-snippet:-1, max-image-preview:large, max-video-preview:-1\" \/>\n<link rel=\"canonical\" href=\"https:\/\/www.aliadospuebla.com\/?p=115440\" \/>\n<meta property=\"og:locale\" content=\"es_ES\" \/>\n<meta property=\"og:type\" content=\"article\" \/>\n<meta property=\"og:title\" content=\"Respalda CTM polo de desarrollo en San Jos\u00e9 Chiapa y exige a MC \u201csacar las manos\u201d del tema ambiental - AliadosPuebla\" \/>\n<meta property=\"og:description\" content=\"El l\u00edder de la central obrera, Leobardo Soto Mart\u00ednez, denunci\u00f3 agresiones y amenazas contra m\u00e1s de 100 agremiados, incluyendo a una madre buscadora de Nopalucan. Refrend\u00f3 el apoyo total de la CTM al gobernador del estado y critic\u00f3 la inacci\u00f3n de los alcaldes de la regi\u00f3n en materia de seguridad e inversi\u00f3n. \u200bPUEBLA, PUE. \u2014 El secretario general de la Federaci\u00f3n de Trabajadores del Estado de Puebla CTM, Leobardo Soto Mart\u00ednez, fij\u00f3 una postura contundente a favor del progreso econ\u00f3mico de la regi\u00f3n de San Jos\u00e9 Chiapa, al dar un \u00abs\u00ed\u00bb rotundo a la creaci\u00f3n del polo de desarrollo y los proyectos de econom\u00eda circular en la zona. \u200bSin embargo, el pronunciamiento del l\u00edder cetemista estuvo acompa\u00f1ado de fuertes reclamos pol\u00edticos y de seguridad. Soto&hellip;Leer m\u00e1s...\" \/>\n<meta property=\"og:url\" content=\"https:\/\/www.aliadospuebla.com\/?p=115440\" \/>\n<meta property=\"og:site_name\" content=\"AliadosPuebla\" \/>\n<meta property=\"article:author\" content=\"https:\/\/www.facebook.com\/Aliados17Pue\" \/>\n<meta property=\"article:published_time\" content=\"2026-07-14T02:55:10+00:00\" \/>\n<meta property=\"og:image\" content=\"https:\/\/www.aliadospuebla.com\/web2017\/wp-content\/uploads\/2026\/07\/273.jpg\" \/>\n\t<meta property=\"og:image:width\" content=\"600\" \/>\n\t<meta property=\"og:image:height\" content=\"450\" \/>\n\t<meta property=\"og:image:type\" content=\"image\/jpeg\" \/>\n<meta name=\"author\" content=\"Aliados17\" \/>\n<meta name=\"twitter:card\" content=\"summary_large_image\" \/>\n<meta name=\"twitter:creator\" content=\"@AliadosPuebla\" \/>\n<meta name=\"twitter:label1\" content=\"Escrito por\" \/>\n\t<meta name=\"twitter:data1\" content=\"Aliados17\" \/>\n\t<meta name=\"twitter:label2\" content=\"Tiempo de lectura\" \/>\n\t<meta name=\"twitter:data2\" content=\"3 minutos\" \/>\n<script type=\"application\/ld+json\" class=\"yoast-schema-graph\">{\"@context\":\"https:\\\/\\\/schema.org\",\"@graph\":[{\"@type\":\"Article\",\"@id\":\"https:\\\/\\\/www.aliadospuebla.com\\\/?p=115440#article\",\"isPartOf\":{\"@id\":\"https:\\\/\\\/www.aliadospuebla.com\\\/?p=115440\"},\"author\":{\"name\":\"Aliados17\",\"@id\":\"https:\\\/\\\/www.aliadospuebla.com\\\/#\\\/schema\\\/person\\\/5da7dd09320bd4f392b710017ed5f8ad\"},\"headline\":\"Respalda CTM polo de desarrollo en San Jos\u00e9 Chiapa y exige a MC \u201csacar las manos\u201d del tema ambiental\",\"datePublished\":\"2026-07-14T02:55:10+00:00\",\"mainEntityOfPage\":{\"@id\":\"https:\\\/\\\/www.aliadospuebla.com\\\/?p=115440\"},\"wordCount\":504,\"commentCount\":0,\"image\":{\"@id\":\"https:\\\/\\\/www.aliadospuebla.com\\\/?p=115440#primaryimage\"},\"thumbnailUrl\":\"https:\\\/\\\/www.aliadospuebla.com\\\/web2017\\\/wp-content\\\/uploads\\\/2026\\\/07\\\/273.jpg\",\"keywords\":[\"AGRESIONES\",\"CTM\",\"ECONOM\u00cdA CIRCULAR\",\"LEOBARDO SOTO MART\u00cdNEZ\",\"MOVIMIENTO CIUDADANO\",\"SAN JOS\u00c9 CHIAPA\"],\"articleSection\":[\"Pol\u00edtica\"],\"inLanguage\":\"es\",\"potentialAction\":[{\"@type\":\"CommentAction\",\"name\":\"Comment\",\"target\":[\"https:\\\/\\\/www.aliadospuebla.com\\\/?p=115440#respond\"]}]},{\"@type\":\"WebPage\",\"@id\":\"https:\\\/\\\/www.aliadospuebla.com\\\/?p=115440\",\"url\":\"https:\\\/\\\/www.aliadospuebla.com\\\/?p=115440\",\"name\":\"Respalda CTM polo de desarrollo en San Jos\u00e9 Chiapa y exige a MC \u201csacar las manos\u201d del tema ambiental - AliadosPuebla\",\"isPartOf\":{\"@id\":\"https:\\\/\\\/www.aliadospuebla.com\\\/#website\"},\"primaryImageOfPage\":{\"@id\":\"https:\\\/\\\/www.aliadospuebla.com\\\/?p=115440#primaryimage\"},\"image\":{\"@id\":\"https:\\\/\\\/www.aliadospuebla.com\\\/?p=115440#primaryimage\"},\"thumbnailUrl\":\"https:\\\/\\\/www.aliadospuebla.com\\\/web2017\\\/wp-content\\\/uploads\\\/2026\\\/07\\\/273.jpg\",\"datePublished\":\"2026-07-14T02:55:10+00:00\",\"author\":{\"@id\":\"https:\\\/\\\/www.aliadospuebla.com\\\/#\\\/schema\\\/person\\\/5da7dd09320bd4f392b710017ed5f8ad\"},\"breadcrumb\":{\"@id\":\"https:\\\/\\\/www.aliadospuebla.com\\\/?p=115440#breadcrumb\"},\"inLanguage\":\"es\",\"potentialAction\":[{\"@type\":\"ReadAction\",\"target\":[\"https:\\\/\\\/www.aliadospuebla.com\\\/?p=115440\"]}]},{\"@type\":\"ImageObject\",\"inLanguage\":\"es\",\"@id\":\"https:\\\/\\\/www.aliadospuebla.com\\\/?p=115440#primaryimage\",\"url\":\"https:\\\/\\\/www.aliadospuebla.com\\\/web2017\\\/wp-content\\\/uploads\\\/2026\\\/07\\\/273.jpg\",\"contentUrl\":\"https:\\\/\\\/www.aliadospuebla.com\\\/web2017\\\/wp-content\\\/uploads\\\/2026\\\/07\\\/273.jpg\",\"width\":600,\"height\":450},{\"@type\":\"BreadcrumbList\",\"@id\":\"https:\\\/\\\/www.aliadospuebla.com\\\/?p=115440#breadcrumb\",\"itemListElement\":[{\"@type\":\"ListItem\",\"position\":1,\"name\":\"Portada\",\"item\":\"https:\\\/\\\/www.aliadospuebla.com\\\/\"},{\"@type\":\"ListItem\",\"position\":2,\"name\":\"Respalda CTM polo de desarrollo en San Jos\u00e9 Chiapa y exige a MC \u201csacar las manos\u201d del tema ambiental\"}]},{\"@type\":\"WebSite\",\"@id\":\"https:\\\/\\\/www.aliadospuebla.com\\\/#website\",\"url\":\"https:\\\/\\\/www.aliadospuebla.com\\\/\",\"name\":\"AliadosPuebla\",\"description\":\"La informaci\u00f3n en tus manos\",\"potentialAction\":[{\"@type\":\"SearchAction\",\"target\":{\"@type\":\"EntryPoint\",\"urlTemplate\":\"https:\\\/\\\/www.aliadospuebla.com\\\/?s={search_term_string}\"},\"query-input\":{\"@type\":\"PropertyValueSpecification\",\"valueRequired\":true,\"valueName\":\"search_term_string\"}}],\"inLanguage\":\"es\"},{\"@type\":\"Person\",\"@id\":\"https:\\\/\\\/www.aliadospuebla.com\\\/#\\\/schema\\\/person\\\/5da7dd09320bd4f392b710017ed5f8ad\",\"name\":\"Aliados17\",\"image\":{\"@type\":\"ImageObject\",\"inLanguage\":\"es\",\"@id\":\"https:\\\/\\\/www.aliadospuebla.com\\\/web2017\\\/wp-content\\\/uploads\\\/2025\\\/03\\\/cropped-para-perfil-8-anos-1-96x96.jpg\",\"url\":\"https:\\\/\\\/www.aliadospuebla.com\\\/web2017\\\/wp-content\\\/uploads\\\/2025\\\/03\\\/cropped-para-perfil-8-anos-1-96x96.jpg\",\"contentUrl\":\"https:\\\/\\\/www.aliadospuebla.com\\\/web2017\\\/wp-content\\\/uploads\\\/2025\\\/03\\\/cropped-para-perfil-8-anos-1-96x96.jpg\",\"caption\":\"Aliados17\"},\"sameAs\":[\"https:\\\/\\\/www.aliados17.com\",\"https:\\\/\\\/www.facebook.com\\\/Aliados17Pue\",\"https:\\\/\\\/x.com\\\/AliadosPuebla\"],\"url\":\"https:\\\/\\\/www.aliadospuebla.com\\\/?author=2\"}]}<\/script>\n<!-- \/ Yoast SEO plugin. -->","yoast_head_json":{"title":"Respalda CTM polo de desarrollo en San Jos\u00e9 Chiapa y exige a MC \u201csacar las manos\u201d del tema ambiental - AliadosPuebla","robots":{"index":"index","follow":"follow","max-snippet":"max-snippet:-1","max-image-preview":"max-image-preview:large","max-video-preview":"max-video-preview:-1"},"canonical":"https:\/\/www.aliadospuebla.com\/?p=115440","og_locale":"es_ES","og_type":"article","og_title":"Respalda CTM polo de desarrollo en San Jos\u00e9 Chiapa y exige a MC \u201csacar las manos\u201d del tema ambiental - AliadosPuebla","og_description":"El l\u00edder de la central obrera, Leobardo Soto Mart\u00ednez, denunci\u00f3 agresiones y amenazas contra m\u00e1s de 100 agremiados, incluyendo a una madre buscadora de Nopalucan. Refrend\u00f3 el apoyo total de la CTM al gobernador del estado y critic\u00f3 la inacci\u00f3n de los alcaldes de la regi\u00f3n en materia de seguridad e inversi\u00f3n. \u200bPUEBLA, PUE. \u2014 El secretario general de la Federaci\u00f3n de Trabajadores del Estado de Puebla CTM, Leobardo Soto Mart\u00ednez, fij\u00f3 una postura contundente a favor del progreso econ\u00f3mico de la regi\u00f3n de San Jos\u00e9 Chiapa, al dar un \u00abs\u00ed\u00bb rotundo a la creaci\u00f3n del polo de desarrollo y los proyectos de econom\u00eda circular en la zona. \u200bSin embargo, el pronunciamiento del l\u00edder cetemista estuvo acompa\u00f1ado de fuertes reclamos pol\u00edticos y de seguridad. Soto&hellip;Leer m\u00e1s...","og_url":"https:\/\/www.aliadospuebla.com\/?p=115440","og_site_name":"AliadosPuebla","article_author":"https:\/\/www.facebook.com\/Aliados17Pue","article_published_time":"2026-07-14T02:55:10+00:00","og_image":[{"width":600,"height":450,"url":"https:\/\/www.aliadospuebla.com\/web2017\/wp-content\/uploads\/2026\/07\/273.jpg","type":"image\/jpeg"}],"author":"Aliados17","twitter_card":"summary_large_image","twitter_creator":"@AliadosPuebla","twitter_misc":{"Escrito por":"Aliados17","Tiempo de lectura":"3 minutos"},"schema":{"@context":"https:\/\/schema.org","@graph":[{"@type":"Article","@id":"https:\/\/www.aliadospuebla.com\/?p=115440#article","isPartOf":{"@id":"https:\/\/www.aliadospuebla.com\/?p=115440"},"author":{"name":"Aliados17","@id":"https:\/\/www.aliadospuebla.com\/#\/schema\/person\/5da7dd09320bd4f392b710017ed5f8ad"},"headline":"Respalda CTM polo de desarrollo en San Jos\u00e9 Chiapa y exige a MC \u201csacar las manos\u201d del tema ambiental","datePublished":"2026-07-14T02:55:10+00:00","mainEntityOfPage":{"@id":"https:\/\/www.aliadospuebla.com\/?p=115440"},"wordCount":504,"commentCount":0,"image":{"@id":"https:\/\/www.aliadospuebla.com\/?p=115440#primaryimage"},"thumbnailUrl":"https:\/\/www.aliadospuebla.com\/web2017\/wp-content\/uploads\/2026\/07\/273.jpg","keywords":["AGRESIONES","CTM","ECONOM\u00cdA CIRCULAR","LEOBARDO SOTO MART\u00cdNEZ","MOVIMIENTO CIUDADANO","SAN JOS\u00c9 CHIAPA"],"articleSection":["Pol\u00edtica"],"inLanguage":"es","potentialAction":[{"@type":"CommentAction","name":"Comment","target":["https:\/\/www.aliadospuebla.com\/?p=115440#respond"]}]},{"@type":"WebPage","@id":"https:\/\/www.aliadospuebla.com\/?p=115440","url":"https:\/\/www.aliadospuebla.com\/?p=115440","name":"Respalda CTM polo de desarrollo en San Jos\u00e9 Chiapa y exige a MC \u201csacar las manos\u201d del tema ambiental - AliadosPuebla","isPartOf":{"@id":"https:\/\/www.aliadospuebla.com\/#website"},"primaryImageOfPage":{"@id":"https:\/\/www.aliadospuebla.com\/?p=115440#primaryimage"},"image":{"@id":"https:\/\/www.aliadospuebla.com\/?p=115440#primaryimage"},"thumbnailUrl":"https:\/\/www.aliadospuebla.com\/web2017\/wp-content\/uploads\/2026\/07\/273.jpg","datePublished":"2026-07-14T02:55:10+00:00","author":{"@id":"https:\/\/www.aliadospuebla.com\/#\/schema\/person\/5da7dd09320bd4f392b710017ed5f8ad"},"breadcrumb":{"@id":"https:\/\/www.aliadospuebla.com\/?p=115440#breadcrumb"},"inLanguage":"es","potentialAction":[{"@type":"ReadAction","target":["https:\/\/www.aliadospuebla.com\/?p=115440"]}]},{"@type":"ImageObject","inLanguage":"es","@id":"https:\/\/www.aliadospuebla.com\/?p=115440#primaryimage","url":"https:\/\/www.aliadospuebla.com\/web2017\/wp-content\/uploads\/2026\/07\/273.jpg","contentUrl":"https:\/\/www.aliadospuebla.com\/web2017\/wp-content\/uploads\/2026\/07\/273.jpg","width":600,"height":450},{"@type":"BreadcrumbList","@id":"https:\/\/www.aliadospuebla.com\/?p=115440#breadcrumb","itemListElement":[{"@type":"ListItem","position":1,"name":"Portada","item":"https:\/\/www.aliadospuebla.com\/"},{"@type":"ListItem","position":2,"name":"Respalda CTM polo de desarrollo en San Jos\u00e9 Chiapa y exige a MC \u201csacar las manos\u201d del tema ambiental"}]},{"@type":"WebSite","@id":"https:\/\/www.aliadospuebla.com\/#website","url":"https:\/\/www.aliadospuebla.com\/","name":"AliadosPuebla","description":"La informaci\u00f3n en tus manos","potentialAction":[{"@type":"SearchAction","target":{"@type":"EntryPoint","urlTemplate":"https:\/\/www.aliadospuebla.com\/?s={search_term_string}"},"query-input":{"@type":"PropertyValueSpecification","valueRequired":true,"valueName":"search_term_string"}}],"inLanguage":"es"},{"@type":"Person","@id":"https:\/\/www.aliadospuebla.com\/#\/schema\/person\/5da7dd09320bd4f392b710017ed5f8ad","name":"Aliados17","image":{"@type":"ImageObject","inLanguage":"es","@id":"https:\/\/www.aliadospuebla.com\/web2017\/wp-content\/uploads\/2025\/03\/cropped-para-perfil-8-anos-1-96x96.jpg","url":"https:\/\/www.aliadospuebla.com\/web2017\/wp-content\/uploads\/2025\/03\/cropped-para-perfil-8-anos-1-96x96.jpg","contentUrl":"https:\/\/www.aliadospuebla.com\/web2017\/wp-content\/uploads\/2025\/03\/cropped-para-perfil-8-anos-1-96x96.jpg","caption":"Aliados17"},"sameAs":["https:\/\/www.aliados17.com","https:\/\/www.facebook.com\/Aliados17Pue","https:\/\/x.com\/AliadosPuebla"],"url":"https:\/\/www.aliadospuebla.com\/?author=2"}]}},"views":22,"_links":{"self":[{"href":"https:\/\/www.aliadospuebla.com\/index.php?rest_route=\/wp\/v2\/posts\/115440","targetHints":{"allow":["GET"]}}],"collection":[{"href":"https:\/\/www.aliadospuebla.com\/index.php?rest_route=\/wp\/v2\/posts"}],"about":[{"href":"https:\/\/www.aliadospuebla.com\/index.php?rest_route=\/wp\/v2\/types\/post"}],"author":[{"embeddable":true,"href":"https:\/\/www.aliadospuebla.com\/index.php?rest_route=\/wp\/v2\/users\/2"}],"replies":[{"embeddable":true,"href":"https:\/\/www.aliadospuebla.com\/index.php?rest_route=%2Fwp%2Fv2%2Fcomments&post=115440"}],"version-history":[{"count":1,"href":"https:\/\/www.aliadospuebla.com\/index.php?rest_route=\/wp\/v2\/posts\/115440\/revisions"}],"predecessor-version":[{"id":115442,"href":"https:\/\/www.aliadospuebla.com\/index.php?rest_route=\/wp\/v2\/posts\/115440\/revisions\/115442"}],"wp:featuredmedia":[{"embeddable":true,"href":"https:\/\/www.aliadospuebla.com\/index.php?rest_route=\/wp\/v2\/media\/115441"}],"wp:attachment":[{"href":"https:\/\/www.aliadospuebla.com\/index.php?rest_route=%2Fwp%2Fv2%2Fmedia&parent=115440"}],"wp:term":[{"taxonomy":"category","embeddable":true,"href":"https:\/\/www.aliadospuebla.com\/index.php?rest_route=%2Fwp%2Fv2%2Fcategories&post=115440"},{"taxonomy":"post_tag","embeddable":true,"href":"https:\/\/www.aliadospuebla.com\/index.php?rest_route=%2Fwp%2Fv2%2Ftags&post=115440"}],"curies":[{"name":"wp","href":"https:\/\/api.w.org\/{rel}","templated":true}]}}