{"id":115415,"date":"2026-07-13T17:07:11","date_gmt":"2026-07-13T23:07:11","guid":{"rendered":"https:\/\/www.aliadospuebla.com\/?p=115415"},"modified":"2026-07-13T17:07:11","modified_gmt":"2026-07-13T23:07:11","slug":"consolida-gobierno-estatal-espacios-seguros-con-la-via-recreativa-metropolitana","status":"publish","type":"post","link":"https:\/\/www.aliadospuebla.com\/?p=115415","title":{"rendered":"Consolida gobierno estatal espacios seguros con la V\u00eda Recreativa Metropolitana"},"content":{"rendered":"<h4>M\u00e1s de 11,600 poblanas y poblanos participaron en una nueva jornada de movilidad activa y convivencia familiar.<\/h4>\n<p>-Se fortalece el uso seguro del espacio p\u00fablico.<\/p>\n<p>PUEBLA, Pue.- Como parte del compromiso del Gobierno del Estado de Puebla, encabezado por el gobernador Alejandro Armenta Mier, de fortalecer la movilidad activa y recuperar los espacios p\u00fablicos para las familias, la Secretar\u00eda de Movilidad y Transporte (SMT) llev\u00f3 a cabo una nueva edici\u00f3n de la V\u00eda Recreativa Metropolitana, en la que participaron 11 mil 697 poblanas y poblanos a lo largo del circuito comprendido entre La Paz y el Distribuidor Cholula.<\/p>\n<p>Cada domingo, este espacio re\u00fane a familias, ciclistas, corredoras, corredores, personas que practican distintas actividades f\u00edsicas y animales de compa\u00f1\u00eda, quienes encuentran un entorno seguro, accesible e incluyente para disfrutar del deporte, la recreaci\u00f3n y la convivencia. La V\u00eda Recreativa Metropolitana se consolida como el plan perfecto para que las familias poblanas disfruten de sus domingos en un ambiente de bienestar y convivencia.<\/p>\n<p>Durante la jornada, las calles volvieron a abrirse para las y los poblanos, quienes caminaron, corrieron, patinaron y recorrieron el circuito en bicicleta, adem\u00e1s de participar en las distintas actividades recreativas instaladas a lo largo del recorrido. La creciente participaci\u00f3n ciudadana confirma el inter\u00e9s por contar con espacios permanentes que promuevan h\u00e1bitos saludables y una movilidad con enfoque humano.<\/p>\n<p>Con estas acciones, el Gobierno del Estado de Puebla reafirma su compromiso de consolidar la V\u00eda Recreativa Metropolitana como un programa semanal que fortalece la movilidad sustentable, la activaci\u00f3n f\u00edsica y la convivencia familiar, mediante espacios p\u00fablicos seguros, accesibles e incluyentes que contribuyen al bienestar y a la calidad de vida de las y los poblanos.<\/p>\n","protected":false},"excerpt":{"rendered":"<p>M\u00e1s de 11,600 poblanas y poblanos participaron en una nueva jornada de movilidad activa y convivencia familiar. -Se fortalece el uso seguro del espacio p\u00fablico. PUEBLA, Pue.- Como parte del compromiso del Gobierno del Estado de Puebla, encabezado por el gobernador Alejandro Armenta Mier, de fortalecer la movilidad activa y recuperar los espacios p\u00fablicos para las familias, la Secretar\u00eda de Movilidad y Transporte (SMT) llev\u00f3 a cabo una nueva edici\u00f3n de la V\u00eda Recreativa Metropolitana, en la que participaron 11 mil 697 poblanas y poblanos a lo largo del circuito comprendido entre La Paz y el Distribuidor Cholula. Cada domingo, este espacio re\u00fane a familias, ciclistas, corredoras, corredores, personas que practican distintas actividades f\u00edsicas y animales de compa\u00f1\u00eda, quienes encuentran un entorno seguro, accesible e&hellip;<\/p>\n<p class=\"excerpt-more\"><a class=\"blog-excerpt button\" href=\"https:\/\/www.aliadospuebla.com\/?p=115415\">Leer m\u00e1s&#8230;<\/a><\/p>\n","protected":false},"author":2,"featured_media":115416,"comment_status":"open","ping_status":"open","sticky":false,"template":"","format":"standard","meta":{"_monsterinsights_skip_tracking":false,"footnotes":""},"categories":[61],"tags":[2496,1879,19868,706,15258,21803,26742,3022],"class_list":["post-115415","post","type-post","status-publish","format-standard","has-post-thumbnail","hentry","category-gobierno","tag-alejandro-armenta-mier","tag-ciclistas","tag-corredoras","tag-corredores","tag-espacios-seguros","tag-movilidad-activa","tag-secretaria-de-movilidad-y-transporte","tag-via-recreativa-metropolitana"],"yoast_head":"<!-- This site is optimized with the Yoast SEO plugin v28.3 - https:\/\/yoast.com\/product\/yoast-seo-wordpress\/ -->\n<title>Consolida gobierno estatal espacios seguros con la V\u00eda Recreativa Metropolitana - AliadosPuebla<\/title>\n<meta name=\"robots\" content=\"index, follow, max-snippet:-1, max-image-preview:large, max-video-preview:-1\" \/>\n<link rel=\"canonical\" href=\"https:\/\/www.aliadospuebla.com\/?p=115415\" \/>\n<meta property=\"og:locale\" content=\"es_ES\" \/>\n<meta property=\"og:type\" content=\"article\" \/>\n<meta property=\"og:title\" content=\"Consolida gobierno estatal espacios seguros con la V\u00eda Recreativa Metropolitana - AliadosPuebla\" \/>\n<meta property=\"og:description\" content=\"M\u00e1s de 11,600 poblanas y poblanos participaron en una nueva jornada de movilidad activa y convivencia familiar. -Se fortalece el uso seguro del espacio p\u00fablico. PUEBLA, Pue.- Como parte del compromiso del Gobierno del Estado de Puebla, encabezado por el gobernador Alejandro Armenta Mier, de fortalecer la movilidad activa y recuperar los espacios p\u00fablicos para las familias, la Secretar\u00eda de Movilidad y Transporte (SMT) llev\u00f3 a cabo una nueva edici\u00f3n de la V\u00eda Recreativa Metropolitana, en la que participaron 11 mil 697 poblanas y poblanos a lo largo del circuito comprendido entre La Paz y el Distribuidor Cholula. Cada domingo, este espacio re\u00fane a familias, ciclistas, corredoras, corredores, personas que practican distintas actividades f\u00edsicas y animales de compa\u00f1\u00eda, quienes encuentran un entorno seguro, accesible e&hellip;Leer m\u00e1s...\" \/>\n<meta property=\"og:url\" content=\"https:\/\/www.aliadospuebla.com\/?p=115415\" \/>\n<meta property=\"og:site_name\" content=\"AliadosPuebla\" \/>\n<meta property=\"article:author\" content=\"https:\/\/www.facebook.com\/Aliados17Pue\" \/>\n<meta property=\"article:published_time\" content=\"2026-07-13T23:07:11+00:00\" \/>\n<meta property=\"og:image\" content=\"https:\/\/www.aliadospuebla.com\/web2017\/wp-content\/uploads\/2026\/07\/266.jpg\" \/>\n\t<meta property=\"og:image:width\" content=\"600\" \/>\n\t<meta property=\"og:image:height\" content=\"450\" \/>\n\t<meta property=\"og:image:type\" content=\"image\/jpeg\" \/>\n<meta name=\"author\" content=\"Aliados17\" \/>\n<meta name=\"twitter:card\" content=\"summary_large_image\" \/>\n<meta name=\"twitter:creator\" content=\"@AliadosPuebla\" \/>\n<meta name=\"twitter:label1\" content=\"Escrito por\" \/>\n\t<meta name=\"twitter:data1\" content=\"Aliados17\" \/>\n\t<meta name=\"twitter:label2\" content=\"Tiempo de lectura\" \/>\n\t<meta name=\"twitter:data2\" content=\"2 minutos\" \/>\n<script type=\"application\/ld+json\" class=\"yoast-schema-graph\">{\"@context\":\"https:\\\/\\\/schema.org\",\"@graph\":[{\"@type\":\"Article\",\"@id\":\"https:\\\/\\\/www.aliadospuebla.com\\\/?p=115415#article\",\"isPartOf\":{\"@id\":\"https:\\\/\\\/www.aliadospuebla.com\\\/?p=115415\"},\"author\":{\"name\":\"Aliados17\",\"@id\":\"https:\\\/\\\/www.aliadospuebla.com\\\/#\\\/schema\\\/person\\\/5da7dd09320bd4f392b710017ed5f8ad\"},\"headline\":\"Consolida gobierno estatal espacios seguros con la V\u00eda Recreativa Metropolitana\",\"datePublished\":\"2026-07-13T23:07:11+00:00\",\"mainEntityOfPage\":{\"@id\":\"https:\\\/\\\/www.aliadospuebla.com\\\/?p=115415\"},\"wordCount\":304,\"commentCount\":0,\"image\":{\"@id\":\"https:\\\/\\\/www.aliadospuebla.com\\\/?p=115415#primaryimage\"},\"thumbnailUrl\":\"https:\\\/\\\/www.aliadospuebla.com\\\/web2017\\\/wp-content\\\/uploads\\\/2026\\\/07\\\/266.jpg\",\"keywords\":[\"ALEJANDRO ARMENTA MIER\",\"CICLISTAS\",\"corredoras\",\"CORREDORES\",\"espacios seguros\",\"Movilidad activa\",\"Secretar\u00eda de Movilidad y Transporte\",\"V\u00cdA RECREATIVA METROPOLITANA\"],\"articleSection\":[\"Gobierno\"],\"inLanguage\":\"es\",\"potentialAction\":[{\"@type\":\"CommentAction\",\"name\":\"Comment\",\"target\":[\"https:\\\/\\\/www.aliadospuebla.com\\\/?p=115415#respond\"]}]},{\"@type\":\"WebPage\",\"@id\":\"https:\\\/\\\/www.aliadospuebla.com\\\/?p=115415\",\"url\":\"https:\\\/\\\/www.aliadospuebla.com\\\/?p=115415\",\"name\":\"Consolida gobierno estatal espacios seguros con la V\u00eda Recreativa Metropolitana - AliadosPuebla\",\"isPartOf\":{\"@id\":\"https:\\\/\\\/www.aliadospuebla.com\\\/#website\"},\"primaryImageOfPage\":{\"@id\":\"https:\\\/\\\/www.aliadospuebla.com\\\/?p=115415#primaryimage\"},\"image\":{\"@id\":\"https:\\\/\\\/www.aliadospuebla.com\\\/?p=115415#primaryimage\"},\"thumbnailUrl\":\"https:\\\/\\\/www.aliadospuebla.com\\\/web2017\\\/wp-content\\\/uploads\\\/2026\\\/07\\\/266.jpg\",\"datePublished\":\"2026-07-13T23:07:11+00:00\",\"author\":{\"@id\":\"https:\\\/\\\/www.aliadospuebla.com\\\/#\\\/schema\\\/person\\\/5da7dd09320bd4f392b710017ed5f8ad\"},\"breadcrumb\":{\"@id\":\"https:\\\/\\\/www.aliadospuebla.com\\\/?p=115415#breadcrumb\"},\"inLanguage\":\"es\",\"potentialAction\":[{\"@type\":\"ReadAction\",\"target\":[\"https:\\\/\\\/www.aliadospuebla.com\\\/?p=115415\"]}]},{\"@type\":\"ImageObject\",\"inLanguage\":\"es\",\"@id\":\"https:\\\/\\\/www.aliadospuebla.com\\\/?p=115415#primaryimage\",\"url\":\"https:\\\/\\\/www.aliadospuebla.com\\\/web2017\\\/wp-content\\\/uploads\\\/2026\\\/07\\\/266.jpg\",\"contentUrl\":\"https:\\\/\\\/www.aliadospuebla.com\\\/web2017\\\/wp-content\\\/uploads\\\/2026\\\/07\\\/266.jpg\",\"width\":600,\"height\":450},{\"@type\":\"BreadcrumbList\",\"@id\":\"https:\\\/\\\/www.aliadospuebla.com\\\/?p=115415#breadcrumb\",\"itemListElement\":[{\"@type\":\"ListItem\",\"position\":1,\"name\":\"Portada\",\"item\":\"https:\\\/\\\/www.aliadospuebla.com\\\/\"},{\"@type\":\"ListItem\",\"position\":2,\"name\":\"Consolida gobierno estatal espacios seguros con la V\u00eda Recreativa Metropolitana\"}]},{\"@type\":\"WebSite\",\"@id\":\"https:\\\/\\\/www.aliadospuebla.com\\\/#website\",\"url\":\"https:\\\/\\\/www.aliadospuebla.com\\\/\",\"name\":\"AliadosPuebla\",\"description\":\"La informaci\u00f3n en tus manos\",\"potentialAction\":[{\"@type\":\"SearchAction\",\"target\":{\"@type\":\"EntryPoint\",\"urlTemplate\":\"https:\\\/\\\/www.aliadospuebla.com\\\/?s={search_term_string}\"},\"query-input\":{\"@type\":\"PropertyValueSpecification\",\"valueRequired\":true,\"valueName\":\"search_term_string\"}}],\"inLanguage\":\"es\"},{\"@type\":\"Person\",\"@id\":\"https:\\\/\\\/www.aliadospuebla.com\\\/#\\\/schema\\\/person\\\/5da7dd09320bd4f392b710017ed5f8ad\",\"name\":\"Aliados17\",\"image\":{\"@type\":\"ImageObject\",\"inLanguage\":\"es\",\"@id\":\"https:\\\/\\\/www.aliadospuebla.com\\\/web2017\\\/wp-content\\\/uploads\\\/2025\\\/03\\\/cropped-para-perfil-8-anos-1-96x96.jpg\",\"url\":\"https:\\\/\\\/www.aliadospuebla.com\\\/web2017\\\/wp-content\\\/uploads\\\/2025\\\/03\\\/cropped-para-perfil-8-anos-1-96x96.jpg\",\"contentUrl\":\"https:\\\/\\\/www.aliadospuebla.com\\\/web2017\\\/wp-content\\\/uploads\\\/2025\\\/03\\\/cropped-para-perfil-8-anos-1-96x96.jpg\",\"caption\":\"Aliados17\"},\"sameAs\":[\"https:\\\/\\\/www.aliados17.com\",\"https:\\\/\\\/www.facebook.com\\\/Aliados17Pue\",\"https:\\\/\\\/x.com\\\/AliadosPuebla\"],\"url\":\"https:\\\/\\\/www.aliadospuebla.com\\\/?author=2\"}]}<\/script>\n<!-- \/ Yoast SEO plugin. -->","yoast_head_json":{"title":"Consolida gobierno estatal espacios seguros con la V\u00eda Recreativa Metropolitana - AliadosPuebla","robots":{"index":"index","follow":"follow","max-snippet":"max-snippet:-1","max-image-preview":"max-image-preview:large","max-video-preview":"max-video-preview:-1"},"canonical":"https:\/\/www.aliadospuebla.com\/?p=115415","og_locale":"es_ES","og_type":"article","og_title":"Consolida gobierno estatal espacios seguros con la V\u00eda Recreativa Metropolitana - AliadosPuebla","og_description":"M\u00e1s de 11,600 poblanas y poblanos participaron en una nueva jornada de movilidad activa y convivencia familiar. -Se fortalece el uso seguro del espacio p\u00fablico. PUEBLA, Pue.- Como parte del compromiso del Gobierno del Estado de Puebla, encabezado por el gobernador Alejandro Armenta Mier, de fortalecer la movilidad activa y recuperar los espacios p\u00fablicos para las familias, la Secretar\u00eda de Movilidad y Transporte (SMT) llev\u00f3 a cabo una nueva edici\u00f3n de la V\u00eda Recreativa Metropolitana, en la que participaron 11 mil 697 poblanas y poblanos a lo largo del circuito comprendido entre La Paz y el Distribuidor Cholula. Cada domingo, este espacio re\u00fane a familias, ciclistas, corredoras, corredores, personas que practican distintas actividades f\u00edsicas y animales de compa\u00f1\u00eda, quienes encuentran un entorno seguro, accesible e&hellip;Leer m\u00e1s...","og_url":"https:\/\/www.aliadospuebla.com\/?p=115415","og_site_name":"AliadosPuebla","article_author":"https:\/\/www.facebook.com\/Aliados17Pue","article_published_time":"2026-07-13T23:07:11+00:00","og_image":[{"width":600,"height":450,"url":"https:\/\/www.aliadospuebla.com\/web2017\/wp-content\/uploads\/2026\/07\/266.jpg","type":"image\/jpeg"}],"author":"Aliados17","twitter_card":"summary_large_image","twitter_creator":"@AliadosPuebla","twitter_misc":{"Escrito por":"Aliados17","Tiempo de lectura":"2 minutos"},"schema":{"@context":"https:\/\/schema.org","@graph":[{"@type":"Article","@id":"https:\/\/www.aliadospuebla.com\/?p=115415#article","isPartOf":{"@id":"https:\/\/www.aliadospuebla.com\/?p=115415"},"author":{"name":"Aliados17","@id":"https:\/\/www.aliadospuebla.com\/#\/schema\/person\/5da7dd09320bd4f392b710017ed5f8ad"},"headline":"Consolida gobierno estatal espacios seguros con la V\u00eda Recreativa Metropolitana","datePublished":"2026-07-13T23:07:11+00:00","mainEntityOfPage":{"@id":"https:\/\/www.aliadospuebla.com\/?p=115415"},"wordCount":304,"commentCount":0,"image":{"@id":"https:\/\/www.aliadospuebla.com\/?p=115415#primaryimage"},"thumbnailUrl":"https:\/\/www.aliadospuebla.com\/web2017\/wp-content\/uploads\/2026\/07\/266.jpg","keywords":["ALEJANDRO ARMENTA MIER","CICLISTAS","corredoras","CORREDORES","espacios seguros","Movilidad activa","Secretar\u00eda de Movilidad y Transporte","V\u00cdA RECREATIVA METROPOLITANA"],"articleSection":["Gobierno"],"inLanguage":"es","potentialAction":[{"@type":"CommentAction","name":"Comment","target":["https:\/\/www.aliadospuebla.com\/?p=115415#respond"]}]},{"@type":"WebPage","@id":"https:\/\/www.aliadospuebla.com\/?p=115415","url":"https:\/\/www.aliadospuebla.com\/?p=115415","name":"Consolida gobierno estatal espacios seguros con la V\u00eda Recreativa Metropolitana - AliadosPuebla","isPartOf":{"@id":"https:\/\/www.aliadospuebla.com\/#website"},"primaryImageOfPage":{"@id":"https:\/\/www.aliadospuebla.com\/?p=115415#primaryimage"},"image":{"@id":"https:\/\/www.aliadospuebla.com\/?p=115415#primaryimage"},"thumbnailUrl":"https:\/\/www.aliadospuebla.com\/web2017\/wp-content\/uploads\/2026\/07\/266.jpg","datePublished":"2026-07-13T23:07:11+00:00","author":{"@id":"https:\/\/www.aliadospuebla.com\/#\/schema\/person\/5da7dd09320bd4f392b710017ed5f8ad"},"breadcrumb":{"@id":"https:\/\/www.aliadospuebla.com\/?p=115415#breadcrumb"},"inLanguage":"es","potentialAction":[{"@type":"ReadAction","target":["https:\/\/www.aliadospuebla.com\/?p=115415"]}]},{"@type":"ImageObject","inLanguage":"es","@id":"https:\/\/www.aliadospuebla.com\/?p=115415#primaryimage","url":"https:\/\/www.aliadospuebla.com\/web2017\/wp-content\/uploads\/2026\/07\/266.jpg","contentUrl":"https:\/\/www.aliadospuebla.com\/web2017\/wp-content\/uploads\/2026\/07\/266.jpg","width":600,"height":450},{"@type":"BreadcrumbList","@id":"https:\/\/www.aliadospuebla.com\/?p=115415#breadcrumb","itemListElement":[{"@type":"ListItem","position":1,"name":"Portada","item":"https:\/\/www.aliadospuebla.com\/"},{"@type":"ListItem","position":2,"name":"Consolida gobierno estatal espacios seguros con la V\u00eda Recreativa Metropolitana"}]},{"@type":"WebSite","@id":"https:\/\/www.aliadospuebla.com\/#website","url":"https:\/\/www.aliadospuebla.com\/","name":"AliadosPuebla","description":"La informaci\u00f3n en tus manos","potentialAction":[{"@type":"SearchAction","target":{"@type":"EntryPoint","urlTemplate":"https:\/\/www.aliadospuebla.com\/?s={search_term_string}"},"query-input":{"@type":"PropertyValueSpecification","valueRequired":true,"valueName":"search_term_string"}}],"inLanguage":"es"},{"@type":"Person","@id":"https:\/\/www.aliadospuebla.com\/#\/schema\/person\/5da7dd09320bd4f392b710017ed5f8ad","name":"Aliados17","image":{"@type":"ImageObject","inLanguage":"es","@id":"https:\/\/www.aliadospuebla.com\/web2017\/wp-content\/uploads\/2025\/03\/cropped-para-perfil-8-anos-1-96x96.jpg","url":"https:\/\/www.aliadospuebla.com\/web2017\/wp-content\/uploads\/2025\/03\/cropped-para-perfil-8-anos-1-96x96.jpg","contentUrl":"https:\/\/www.aliadospuebla.com\/web2017\/wp-content\/uploads\/2025\/03\/cropped-para-perfil-8-anos-1-96x96.jpg","caption":"Aliados17"},"sameAs":["https:\/\/www.aliados17.com","https:\/\/www.facebook.com\/Aliados17Pue","https:\/\/x.com\/AliadosPuebla"],"url":"https:\/\/www.aliadospuebla.com\/?author=2"}]}},"views":17,"_links":{"self":[{"href":"https:\/\/www.aliadospuebla.com\/index.php?rest_route=\/wp\/v2\/posts\/115415","targetHints":{"allow":["GET"]}}],"collection":[{"href":"https:\/\/www.aliadospuebla.com\/index.php?rest_route=\/wp\/v2\/posts"}],"about":[{"href":"https:\/\/www.aliadospuebla.com\/index.php?rest_route=\/wp\/v2\/types\/post"}],"author":[{"embeddable":true,"href":"https:\/\/www.aliadospuebla.com\/index.php?rest_route=\/wp\/v2\/users\/2"}],"replies":[{"embeddable":true,"href":"https:\/\/www.aliadospuebla.com\/index.php?rest_route=%2Fwp%2Fv2%2Fcomments&post=115415"}],"version-history":[{"count":1,"href":"https:\/\/www.aliadospuebla.com\/index.php?rest_route=\/wp\/v2\/posts\/115415\/revisions"}],"predecessor-version":[{"id":115417,"href":"https:\/\/www.aliadospuebla.com\/index.php?rest_route=\/wp\/v2\/posts\/115415\/revisions\/115417"}],"wp:featuredmedia":[{"embeddable":true,"href":"https:\/\/www.aliadospuebla.com\/index.php?rest_route=\/wp\/v2\/media\/115416"}],"wp:attachment":[{"href":"https:\/\/www.aliadospuebla.com\/index.php?rest_route=%2Fwp%2Fv2%2Fmedia&parent=115415"}],"wp:term":[{"taxonomy":"category","embeddable":true,"href":"https:\/\/www.aliadospuebla.com\/index.php?rest_route=%2Fwp%2Fv2%2Fcategories&post=115415"},{"taxonomy":"post_tag","embeddable":true,"href":"https:\/\/www.aliadospuebla.com\/index.php?rest_route=%2Fwp%2Fv2%2Ftags&post=115415"}],"curies":[{"name":"wp","href":"https:\/\/api.w.org\/{rel}","templated":true}]}}