{"id":115409,"date":"2026-07-13T16:36:33","date_gmt":"2026-07-13T22:36:33","guid":{"rendered":"https:\/\/www.aliadospuebla.com\/?p=115409"},"modified":"2026-07-13T16:36:33","modified_gmt":"2026-07-13T22:36:33","slug":"san-andres-cholula-celebra-25-anos-de-tradicion-de-la-feria-del-queso","status":"publish","type":"post","link":"https:\/\/www.aliadospuebla.com\/?p=115409","title":{"rendered":"San Andr\u00e9s Cholula celebra 25 a\u00f1os de tradici\u00f3n de la Feria del Queso"},"content":{"rendered":"<h4>Del 31 de julio al 2 de agosto Santa Mar\u00eda Tonantzintla espera la visita de m\u00e1s de12 mil personas y una importante derrama econ\u00f3mica.<\/h4>\n<p>San Andr\u00e9s Cholula, Puebla. \u2013 Lupita Cuautle, presidenta municipal, encabez\u00f3 la presentaci\u00f3n de la 25\u00aa Feria del Queso en Santa Mar\u00eda Tonanzintla, evento que tiene el prop\u00f3sito de impulsar la econom\u00eda local, promover los productos elaborados por las familias de la comunidad y preservar una de las tradiciones m\u00e1s simb\u00f3licas del municipio.<\/p>\n<p>Durante el acto, la edil Lupita Cuautle expres\u00f3 sentirse orgullosa de presenciar los 25 a\u00f1os de esta feria, una celebraci\u00f3n que refleja el trabajo, la dedicaci\u00f3n y el legado de las familias productoras. Asimismo, destac\u00f3 que estas actividades fortalecen la identidad, generan oportunidades para las y los productores locales y consolidan a San Andr\u00e9s Cholula como un destino insignia del turismo y la gastronom\u00eda a nivel estatal y nacional.<\/p>\n<p>Por su parte, Eva Mar\u00eda Toxqui Daniel, secretaria de Cultura y Turismo, inform\u00f3 que en esta edici\u00f3n participar\u00e1n m\u00e1s de 25 productores de queso y derivados l\u00e1cteos, quienes ofrecer\u00e1n los artesanales quesos frescos, de molino, botaneros, crema, yogur, mantequilla y diversas variedades que se estar\u00e1n exhibiendo durante los d\u00edas 31 de julio, 1 y 2 de agosto en la explanada de la presidencia de la junta auxiliar.<\/p>\n<p>Se estima la asistencia de m\u00e1s de 12 mil visitantes durante los tres d\u00edas, as\u00ed como una derrama econ\u00f3mica de m\u00e1s de tres millones de pesos. La feria contar\u00e1 con una amplia cartelera de conciertos, actividades culturales y art\u00edsticas, as\u00ed como degustaciones gastron\u00f3micas, aptas para todas las familias visitantes.<\/p>\n<p>Con estas acciones, el Gobierno Municipal de San Andr\u00e9s Cholula, promueve el turismo, preserva las tradiciones y contin\u00faa impulsando iniciativas de crecimiento econ\u00f3mico.<\/p>\n","protected":false},"excerpt":{"rendered":"<p>Del 31 de julio al 2 de agosto Santa Mar\u00eda Tonantzintla espera la visita de m\u00e1s de12 mil personas y una importante derrama econ\u00f3mica. San Andr\u00e9s Cholula, Puebla. \u2013 Lupita Cuautle, presidenta municipal, encabez\u00f3 la presentaci\u00f3n de la 25\u00aa Feria del Queso en Santa Mar\u00eda Tonanzintla, evento que tiene el prop\u00f3sito de impulsar la econom\u00eda local, promover los productos elaborados por las familias de la comunidad y preservar una de las tradiciones m\u00e1s simb\u00f3licas del municipio. Durante el acto, la edil Lupita Cuautle expres\u00f3 sentirse orgullosa de presenciar los 25 a\u00f1os de esta feria, una celebraci\u00f3n que refleja el trabajo, la dedicaci\u00f3n y el legado de las familias productoras. Asimismo, destac\u00f3 que estas actividades fortalecen la identidad, generan oportunidades para las y los productores locales&hellip;<\/p>\n<p class=\"excerpt-more\"><a class=\"blog-excerpt button\" href=\"https:\/\/www.aliadospuebla.com\/?p=115409\">Leer m\u00e1s&#8230;<\/a><\/p>\n","protected":false},"author":2,"featured_media":115410,"comment_status":"open","ping_status":"open","sticky":false,"template":"","format":"standard","meta":{"_monsterinsights_skip_tracking":false,"footnotes":""},"categories":[4],"tags":[34253,2173,6823,34254,29597,16664,84,24352,631,127],"class_list":["post-115409","post","type-post","status-publish","format-standard","has-post-thumbnail","hentry","category-municipios","tag-25a-feria-del-queso","tag-actividades-culturales","tag-conciertos","tag-eva-maria-toxqui-daniel","tag-familias-productoras","tag-lupita-cuautle","tag-san-andres-cholula","tag-santa-maria-tonantzintla","tag-tradiciones","tag-turismo"],"yoast_head":"<!-- This site is optimized with the Yoast SEO plugin v28.4 - https:\/\/yoast.com\/product\/yoast-seo-wordpress\/ -->\n<title>San Andr\u00e9s Cholula celebra 25 a\u00f1os de tradici\u00f3n de la Feria del Queso - AliadosPuebla<\/title>\n<meta name=\"robots\" content=\"index, follow, max-snippet:-1, max-image-preview:large, max-video-preview:-1\" \/>\n<link rel=\"canonical\" href=\"https:\/\/www.aliadospuebla.com\/?p=115409\" \/>\n<meta property=\"og:locale\" content=\"es_ES\" \/>\n<meta property=\"og:type\" content=\"article\" \/>\n<meta property=\"og:title\" content=\"San Andr\u00e9s Cholula celebra 25 a\u00f1os de tradici\u00f3n de la Feria del Queso - AliadosPuebla\" \/>\n<meta property=\"og:description\" content=\"Del 31 de julio al 2 de agosto Santa Mar\u00eda Tonantzintla espera la visita de m\u00e1s de12 mil personas y una importante derrama econ\u00f3mica. San Andr\u00e9s Cholula, Puebla. \u2013 Lupita Cuautle, presidenta municipal, encabez\u00f3 la presentaci\u00f3n de la 25\u00aa Feria del Queso en Santa Mar\u00eda Tonanzintla, evento que tiene el prop\u00f3sito de impulsar la econom\u00eda local, promover los productos elaborados por las familias de la comunidad y preservar una de las tradiciones m\u00e1s simb\u00f3licas del municipio. Durante el acto, la edil Lupita Cuautle expres\u00f3 sentirse orgullosa de presenciar los 25 a\u00f1os de esta feria, una celebraci\u00f3n que refleja el trabajo, la dedicaci\u00f3n y el legado de las familias productoras. Asimismo, destac\u00f3 que estas actividades fortalecen la identidad, generan oportunidades para las y los productores locales&hellip;Leer m\u00e1s...\" \/>\n<meta property=\"og:url\" content=\"https:\/\/www.aliadospuebla.com\/?p=115409\" \/>\n<meta property=\"og:site_name\" content=\"AliadosPuebla\" \/>\n<meta property=\"article:author\" content=\"https:\/\/www.facebook.com\/Aliados17Pue\" \/>\n<meta property=\"article:published_time\" content=\"2026-07-13T22:36:33+00:00\" \/>\n<meta property=\"og:image\" content=\"https:\/\/www.aliadospuebla.com\/web2017\/wp-content\/uploads\/2026\/07\/264.jpg\" \/>\n\t<meta property=\"og:image:width\" content=\"600\" \/>\n\t<meta property=\"og:image:height\" content=\"450\" \/>\n\t<meta property=\"og:image:type\" content=\"image\/jpeg\" \/>\n<meta name=\"author\" content=\"Aliados17\" \/>\n<meta name=\"twitter:card\" content=\"summary_large_image\" \/>\n<meta name=\"twitter:creator\" content=\"@AliadosPuebla\" \/>\n<meta name=\"twitter:label1\" content=\"Escrito por\" \/>\n\t<meta name=\"twitter:data1\" content=\"Aliados17\" \/>\n\t<meta name=\"twitter:label2\" content=\"Tiempo de lectura\" \/>\n\t<meta name=\"twitter:data2\" content=\"2 minutos\" \/>\n<script type=\"application\/ld+json\" class=\"yoast-schema-graph\">{\"@context\":\"https:\\\/\\\/schema.org\",\"@graph\":[{\"@type\":\"Article\",\"@id\":\"https:\\\/\\\/www.aliadospuebla.com\\\/?p=115409#article\",\"isPartOf\":{\"@id\":\"https:\\\/\\\/www.aliadospuebla.com\\\/?p=115409\"},\"author\":{\"name\":\"Aliados17\",\"@id\":\"https:\\\/\\\/www.aliadospuebla.com\\\/#\\\/schema\\\/person\\\/5da7dd09320bd4f392b710017ed5f8ad\"},\"headline\":\"San Andr\u00e9s Cholula celebra 25 a\u00f1os de tradici\u00f3n de la Feria del Queso\",\"datePublished\":\"2026-07-13T22:36:33+00:00\",\"mainEntityOfPage\":{\"@id\":\"https:\\\/\\\/www.aliadospuebla.com\\\/?p=115409\"},\"wordCount\":321,\"commentCount\":0,\"image\":{\"@id\":\"https:\\\/\\\/www.aliadospuebla.com\\\/?p=115409#primaryimage\"},\"thumbnailUrl\":\"https:\\\/\\\/www.aliadospuebla.com\\\/web2017\\\/wp-content\\\/uploads\\\/2026\\\/07\\\/264.jpg\",\"keywords\":[\"25\u00aa Feria del Queso\",\"ACTIVIDADES CULTURALES\",\"CONCIERTOS\",\"Eva Mar\u00eda Toxqui Daniel\",\"familias productoras\",\"Lupita Cuautle\",\"San Andr\u00e9s Cholula\",\"Santa Mar\u00eda Tonantzintla\",\"TRADICIONES\",\"turismo\"],\"articleSection\":[\"Municipios\"],\"inLanguage\":\"es\",\"potentialAction\":[{\"@type\":\"CommentAction\",\"name\":\"Comment\",\"target\":[\"https:\\\/\\\/www.aliadospuebla.com\\\/?p=115409#respond\"]}]},{\"@type\":\"WebPage\",\"@id\":\"https:\\\/\\\/www.aliadospuebla.com\\\/?p=115409\",\"url\":\"https:\\\/\\\/www.aliadospuebla.com\\\/?p=115409\",\"name\":\"San Andr\u00e9s Cholula celebra 25 a\u00f1os de tradici\u00f3n de la Feria del Queso - AliadosPuebla\",\"isPartOf\":{\"@id\":\"https:\\\/\\\/www.aliadospuebla.com\\\/#website\"},\"primaryImageOfPage\":{\"@id\":\"https:\\\/\\\/www.aliadospuebla.com\\\/?p=115409#primaryimage\"},\"image\":{\"@id\":\"https:\\\/\\\/www.aliadospuebla.com\\\/?p=115409#primaryimage\"},\"thumbnailUrl\":\"https:\\\/\\\/www.aliadospuebla.com\\\/web2017\\\/wp-content\\\/uploads\\\/2026\\\/07\\\/264.jpg\",\"datePublished\":\"2026-07-13T22:36:33+00:00\",\"author\":{\"@id\":\"https:\\\/\\\/www.aliadospuebla.com\\\/#\\\/schema\\\/person\\\/5da7dd09320bd4f392b710017ed5f8ad\"},\"breadcrumb\":{\"@id\":\"https:\\\/\\\/www.aliadospuebla.com\\\/?p=115409#breadcrumb\"},\"inLanguage\":\"es\",\"potentialAction\":[{\"@type\":\"ReadAction\",\"target\":[\"https:\\\/\\\/www.aliadospuebla.com\\\/?p=115409\"]}]},{\"@type\":\"ImageObject\",\"inLanguage\":\"es\",\"@id\":\"https:\\\/\\\/www.aliadospuebla.com\\\/?p=115409#primaryimage\",\"url\":\"https:\\\/\\\/www.aliadospuebla.com\\\/web2017\\\/wp-content\\\/uploads\\\/2026\\\/07\\\/264.jpg\",\"contentUrl\":\"https:\\\/\\\/www.aliadospuebla.com\\\/web2017\\\/wp-content\\\/uploads\\\/2026\\\/07\\\/264.jpg\",\"width\":600,\"height\":450},{\"@type\":\"BreadcrumbList\",\"@id\":\"https:\\\/\\\/www.aliadospuebla.com\\\/?p=115409#breadcrumb\",\"itemListElement\":[{\"@type\":\"ListItem\",\"position\":1,\"name\":\"Portada\",\"item\":\"https:\\\/\\\/www.aliadospuebla.com\\\/\"},{\"@type\":\"ListItem\",\"position\":2,\"name\":\"San Andr\u00e9s Cholula celebra 25 a\u00f1os de tradici\u00f3n de la Feria del Queso\"}]},{\"@type\":\"WebSite\",\"@id\":\"https:\\\/\\\/www.aliadospuebla.com\\\/#website\",\"url\":\"https:\\\/\\\/www.aliadospuebla.com\\\/\",\"name\":\"AliadosPuebla\",\"description\":\"La informaci\u00f3n en tus manos\",\"potentialAction\":[{\"@type\":\"SearchAction\",\"target\":{\"@type\":\"EntryPoint\",\"urlTemplate\":\"https:\\\/\\\/www.aliadospuebla.com\\\/?s={search_term_string}\"},\"query-input\":{\"@type\":\"PropertyValueSpecification\",\"valueRequired\":true,\"valueName\":\"search_term_string\"}}],\"inLanguage\":\"es\"},{\"@type\":\"Person\",\"@id\":\"https:\\\/\\\/www.aliadospuebla.com\\\/#\\\/schema\\\/person\\\/5da7dd09320bd4f392b710017ed5f8ad\",\"name\":\"Aliados17\",\"image\":{\"@type\":\"ImageObject\",\"inLanguage\":\"es\",\"@id\":\"https:\\\/\\\/www.aliadospuebla.com\\\/web2017\\\/wp-content\\\/uploads\\\/2025\\\/03\\\/cropped-para-perfil-8-anos-1-96x96.jpg\",\"url\":\"https:\\\/\\\/www.aliadospuebla.com\\\/web2017\\\/wp-content\\\/uploads\\\/2025\\\/03\\\/cropped-para-perfil-8-anos-1-96x96.jpg\",\"contentUrl\":\"https:\\\/\\\/www.aliadospuebla.com\\\/web2017\\\/wp-content\\\/uploads\\\/2025\\\/03\\\/cropped-para-perfil-8-anos-1-96x96.jpg\",\"caption\":\"Aliados17\"},\"sameAs\":[\"https:\\\/\\\/www.aliados17.com\",\"https:\\\/\\\/www.facebook.com\\\/Aliados17Pue\",\"https:\\\/\\\/x.com\\\/AliadosPuebla\"],\"url\":\"https:\\\/\\\/www.aliadospuebla.com\\\/?author=2\"}]}<\/script>\n<!-- \/ Yoast SEO plugin. -->","yoast_head_json":{"title":"San Andr\u00e9s Cholula celebra 25 a\u00f1os de tradici\u00f3n de la Feria del Queso - AliadosPuebla","robots":{"index":"index","follow":"follow","max-snippet":"max-snippet:-1","max-image-preview":"max-image-preview:large","max-video-preview":"max-video-preview:-1"},"canonical":"https:\/\/www.aliadospuebla.com\/?p=115409","og_locale":"es_ES","og_type":"article","og_title":"San Andr\u00e9s Cholula celebra 25 a\u00f1os de tradici\u00f3n de la Feria del Queso - AliadosPuebla","og_description":"Del 31 de julio al 2 de agosto Santa Mar\u00eda Tonantzintla espera la visita de m\u00e1s de12 mil personas y una importante derrama econ\u00f3mica. San Andr\u00e9s Cholula, Puebla. \u2013 Lupita Cuautle, presidenta municipal, encabez\u00f3 la presentaci\u00f3n de la 25\u00aa Feria del Queso en Santa Mar\u00eda Tonanzintla, evento que tiene el prop\u00f3sito de impulsar la econom\u00eda local, promover los productos elaborados por las familias de la comunidad y preservar una de las tradiciones m\u00e1s simb\u00f3licas del municipio. Durante el acto, la edil Lupita Cuautle expres\u00f3 sentirse orgullosa de presenciar los 25 a\u00f1os de esta feria, una celebraci\u00f3n que refleja el trabajo, la dedicaci\u00f3n y el legado de las familias productoras. Asimismo, destac\u00f3 que estas actividades fortalecen la identidad, generan oportunidades para las y los productores locales&hellip;Leer m\u00e1s...","og_url":"https:\/\/www.aliadospuebla.com\/?p=115409","og_site_name":"AliadosPuebla","article_author":"https:\/\/www.facebook.com\/Aliados17Pue","article_published_time":"2026-07-13T22:36:33+00:00","og_image":[{"width":600,"height":450,"url":"https:\/\/www.aliadospuebla.com\/web2017\/wp-content\/uploads\/2026\/07\/264.jpg","type":"image\/jpeg"}],"author":"Aliados17","twitter_card":"summary_large_image","twitter_creator":"@AliadosPuebla","twitter_misc":{"Escrito por":"Aliados17","Tiempo de lectura":"2 minutos"},"schema":{"@context":"https:\/\/schema.org","@graph":[{"@type":"Article","@id":"https:\/\/www.aliadospuebla.com\/?p=115409#article","isPartOf":{"@id":"https:\/\/www.aliadospuebla.com\/?p=115409"},"author":{"name":"Aliados17","@id":"https:\/\/www.aliadospuebla.com\/#\/schema\/person\/5da7dd09320bd4f392b710017ed5f8ad"},"headline":"San Andr\u00e9s Cholula celebra 25 a\u00f1os de tradici\u00f3n de la Feria del Queso","datePublished":"2026-07-13T22:36:33+00:00","mainEntityOfPage":{"@id":"https:\/\/www.aliadospuebla.com\/?p=115409"},"wordCount":321,"commentCount":0,"image":{"@id":"https:\/\/www.aliadospuebla.com\/?p=115409#primaryimage"},"thumbnailUrl":"https:\/\/www.aliadospuebla.com\/web2017\/wp-content\/uploads\/2026\/07\/264.jpg","keywords":["25\u00aa Feria del Queso","ACTIVIDADES CULTURALES","CONCIERTOS","Eva Mar\u00eda Toxqui Daniel","familias productoras","Lupita Cuautle","San Andr\u00e9s Cholula","Santa Mar\u00eda Tonantzintla","TRADICIONES","turismo"],"articleSection":["Municipios"],"inLanguage":"es","potentialAction":[{"@type":"CommentAction","name":"Comment","target":["https:\/\/www.aliadospuebla.com\/?p=115409#respond"]}]},{"@type":"WebPage","@id":"https:\/\/www.aliadospuebla.com\/?p=115409","url":"https:\/\/www.aliadospuebla.com\/?p=115409","name":"San Andr\u00e9s Cholula celebra 25 a\u00f1os de tradici\u00f3n de la Feria del Queso - AliadosPuebla","isPartOf":{"@id":"https:\/\/www.aliadospuebla.com\/#website"},"primaryImageOfPage":{"@id":"https:\/\/www.aliadospuebla.com\/?p=115409#primaryimage"},"image":{"@id":"https:\/\/www.aliadospuebla.com\/?p=115409#primaryimage"},"thumbnailUrl":"https:\/\/www.aliadospuebla.com\/web2017\/wp-content\/uploads\/2026\/07\/264.jpg","datePublished":"2026-07-13T22:36:33+00:00","author":{"@id":"https:\/\/www.aliadospuebla.com\/#\/schema\/person\/5da7dd09320bd4f392b710017ed5f8ad"},"breadcrumb":{"@id":"https:\/\/www.aliadospuebla.com\/?p=115409#breadcrumb"},"inLanguage":"es","potentialAction":[{"@type":"ReadAction","target":["https:\/\/www.aliadospuebla.com\/?p=115409"]}]},{"@type":"ImageObject","inLanguage":"es","@id":"https:\/\/www.aliadospuebla.com\/?p=115409#primaryimage","url":"https:\/\/www.aliadospuebla.com\/web2017\/wp-content\/uploads\/2026\/07\/264.jpg","contentUrl":"https:\/\/www.aliadospuebla.com\/web2017\/wp-content\/uploads\/2026\/07\/264.jpg","width":600,"height":450},{"@type":"BreadcrumbList","@id":"https:\/\/www.aliadospuebla.com\/?p=115409#breadcrumb","itemListElement":[{"@type":"ListItem","position":1,"name":"Portada","item":"https:\/\/www.aliadospuebla.com\/"},{"@type":"ListItem","position":2,"name":"San Andr\u00e9s Cholula celebra 25 a\u00f1os de tradici\u00f3n de la Feria del Queso"}]},{"@type":"WebSite","@id":"https:\/\/www.aliadospuebla.com\/#website","url":"https:\/\/www.aliadospuebla.com\/","name":"AliadosPuebla","description":"La informaci\u00f3n en tus manos","potentialAction":[{"@type":"SearchAction","target":{"@type":"EntryPoint","urlTemplate":"https:\/\/www.aliadospuebla.com\/?s={search_term_string}"},"query-input":{"@type":"PropertyValueSpecification","valueRequired":true,"valueName":"search_term_string"}}],"inLanguage":"es"},{"@type":"Person","@id":"https:\/\/www.aliadospuebla.com\/#\/schema\/person\/5da7dd09320bd4f392b710017ed5f8ad","name":"Aliados17","image":{"@type":"ImageObject","inLanguage":"es","@id":"https:\/\/www.aliadospuebla.com\/web2017\/wp-content\/uploads\/2025\/03\/cropped-para-perfil-8-anos-1-96x96.jpg","url":"https:\/\/www.aliadospuebla.com\/web2017\/wp-content\/uploads\/2025\/03\/cropped-para-perfil-8-anos-1-96x96.jpg","contentUrl":"https:\/\/www.aliadospuebla.com\/web2017\/wp-content\/uploads\/2025\/03\/cropped-para-perfil-8-anos-1-96x96.jpg","caption":"Aliados17"},"sameAs":["https:\/\/www.aliados17.com","https:\/\/www.facebook.com\/Aliados17Pue","https:\/\/x.com\/AliadosPuebla"],"url":"https:\/\/www.aliadospuebla.com\/?author=2"}]}},"views":18,"_links":{"self":[{"href":"https:\/\/www.aliadospuebla.com\/index.php?rest_route=\/wp\/v2\/posts\/115409","targetHints":{"allow":["GET"]}}],"collection":[{"href":"https:\/\/www.aliadospuebla.com\/index.php?rest_route=\/wp\/v2\/posts"}],"about":[{"href":"https:\/\/www.aliadospuebla.com\/index.php?rest_route=\/wp\/v2\/types\/post"}],"author":[{"embeddable":true,"href":"https:\/\/www.aliadospuebla.com\/index.php?rest_route=\/wp\/v2\/users\/2"}],"replies":[{"embeddable":true,"href":"https:\/\/www.aliadospuebla.com\/index.php?rest_route=%2Fwp%2Fv2%2Fcomments&post=115409"}],"version-history":[{"count":1,"href":"https:\/\/www.aliadospuebla.com\/index.php?rest_route=\/wp\/v2\/posts\/115409\/revisions"}],"predecessor-version":[{"id":115411,"href":"https:\/\/www.aliadospuebla.com\/index.php?rest_route=\/wp\/v2\/posts\/115409\/revisions\/115411"}],"wp:featuredmedia":[{"embeddable":true,"href":"https:\/\/www.aliadospuebla.com\/index.php?rest_route=\/wp\/v2\/media\/115410"}],"wp:attachment":[{"href":"https:\/\/www.aliadospuebla.com\/index.php?rest_route=%2Fwp%2Fv2%2Fmedia&parent=115409"}],"wp:term":[{"taxonomy":"category","embeddable":true,"href":"https:\/\/www.aliadospuebla.com\/index.php?rest_route=%2Fwp%2Fv2%2Fcategories&post=115409"},{"taxonomy":"post_tag","embeddable":true,"href":"https:\/\/www.aliadospuebla.com\/index.php?rest_route=%2Fwp%2Fv2%2Ftags&post=115409"}],"curies":[{"name":"wp","href":"https:\/\/api.w.org\/{rel}","templated":true}]}}