{"id":115406,"date":"2026-07-13T16:22:16","date_gmt":"2026-07-13T22:22:16","guid":{"rendered":"https:\/\/www.aliadospuebla.com\/?p=115406"},"modified":"2026-07-13T16:22:16","modified_gmt":"2026-07-13T22:22:16","slug":"hector-landero-anuncia-una-nueva-etapa-para-la-camara-nacional-de-comercio-servicios-y-turismo-de-puebla-con-la-toma-de-protesta-del-consejo-2026-2028","status":"publish","type":"post","link":"https:\/\/www.aliadospuebla.com\/?p=115406","title":{"rendered":"H\u00e9ctor Landero anuncia una nueva etapa para la C\u00e1mara Nacional de Comercio, Servicios y Turismo de Puebla con la toma de protesta del Consejo 2026-2028"},"content":{"rendered":"<p>Puebla, Pue.- El presidente de la C\u00e1mara Nacional de Comercio, Servicios y Turismo de Puebla,<\/p>\n<p>H\u00e9ctor Landero Camacho, anunci\u00f3 la realizaci\u00f3n de la Toma de Protesta del Consejo Directivo<\/p>\n<p>2026-2028, ceremonia que tendr\u00e1 lugar el pr\u00f3ximo 30 de julio, a las 18:00 horas,<\/p>\n<p>en Hacienda Textil Santo Domingo, donde dar\u00e1 inicio formal una nueva etapa<\/p>\n<p>para el organismo empresarial, enfocada en fortalecer la representaci\u00f3n del comercio,<\/p>\n<p>los servicios y el turismo en el estado.<\/p>\n<p>El anuncio se realiz\u00f3 durante una rueda de prensa en la que participaron integrantes<\/p>\n<p>del Consejo Directivo de la C\u00e1mara y representantes de la Universidad de las Am\u00e9ricas Puebla (UDLAP),<\/p>\n<p>instituci\u00f3n patrocinadora del evento.<\/p>\n<h4>Durante su mensaje, H\u00e9ctor Landero afirm\u00f3 que esta toma de protesta representa mucho m\u00e1s que un acto protocolario, pues simboliza el inicio de una administraci\u00f3n cercana a los empresarios, de puertas abiertas y comprometida con generar resultados concretos para los sectores productivos de Puebla.<\/h4>\n<p>\u00abQueremos ser generadores de oportunidades para que la derrama econ\u00f3mica llegue<\/p>\n<p>a m\u00e1s familias poblanas.<\/p>\n<p>Trabajaremos para crear mejores condiciones para que comerciantes, prestadores de servicios<\/p>\n<p>y empresarios puedan crecer, generar empleo y fortalecer la econom\u00eda del estado\u00bb, expres\u00f3.<\/p>\n<p>El presidente destac\u00f3 que, a cuatro meses de haber asumido la dirigencia de la C\u00e1mara,<\/p>\n<p>ya se han fortalecido los v\u00ednculos con autoridades de los tres \u00f3rdenes de gobierno,<\/p>\n<p>organismos empresariales e instituciones acad\u00e9micas, impulsando una agenda de trabajo<\/p>\n<p>enfocada en traducir el di\u00e1logo en beneficios tangibles para los afiliados.<\/p>\n<p>Como parte de esa visi\u00f3n, anunci\u00f3 que durante este a\u00f1o la C\u00e1mara firmar\u00e1 10 convenios<\/p>\n<p>de colaboraci\u00f3n con municipios poblanos, con el objetivo de ampliar su presencia territorial<\/p>\n<p>mediante oficinas de representaci\u00f3n, implementar el Sello CANACO como distintivo<\/p>\n<p>de cumplimiento empresarial y contribuir a la construcci\u00f3n de un padr\u00f3n<\/p>\n<p>confiable de unidades econ\u00f3micas que permita dise\u00f1ar pol\u00edticas p\u00fablicas y estrategias<\/p>\n<p>de desarrollo m\u00e1s eficientes para cada regi\u00f3n.<\/p>\n<p>Asimismo, reiter\u00f3 que el turismo ser\u00e1 uno de los pilares de su administraci\u00f3n,<\/p>\n<p>impulsando acciones para fortalecer la conectividad a\u00e9rea, promover los nuevos destinos nacionales<\/p>\n<p>con vuelos desde Puebla y consolidar alianzas que incrementen la llegada de visitantes<\/p>\n<p>y la derrama econ\u00f3mica en beneficio del comercio y los servicios.<\/p>\n<p>Como parte de la estrategia para fortalecer la actividad tur\u00edstica y el consumo local,<\/p>\n<p>H\u00e9ctor Landero anunci\u00f3 el pr\u00f3ximo lanzamiento del programa \u00abPuebla Te Premia\u00bb,<\/p>\n<p>una iniciativa desarrollada en coordinaci\u00f3n con la Secretar\u00eda de Desarrollo Tur\u00edstico<\/p>\n<p>del Estado que ofrecer\u00e1 beneficios y descuentos exclusivos a los visitantes que lleguen a Puebla por v\u00eda a\u00e9rea.<\/p>\n<h4>Mediante la presentaci\u00f3n de su pase de abordar, los turistas podr\u00e1n acceder a promociones en restaurantes, hoteles, museos, atractivos tur\u00edsticos y diversos establecimientos afiliados.<\/h4>\n<p>Durante la rueda de prensa tambi\u00e9n se destac\u00f3 la participaci\u00f3n de la Universidad de las Am\u00e9ricas Puebla (UDLAP) como patrocinador oficial de la ceremonia. La doctora M\u00f3nica N\u00fa\u00f1ez Huerta, directora de Finanzas, refrend\u00f3 el compromiso de la instituci\u00f3n con el fortalecimiento de los organismos empresariales y reconoci\u00f3 la importancia de acompa\u00f1ar el inicio de esta nueva etapa de la C\u00e1mara. Por su parte, el maestro Luis Enrique Lara \u00c1lvarez, director general de Incorporaci\u00f3n Estudiantil y Egresados, subray\u00f3 que la vinculaci\u00f3n entre la academia y el sector productivo permite formar mejores profesionistas, actualizar los programas educativos conforme a las necesidades de la industria y generar oportunidades para estudiantes, empresarios y sus familias mediante programas de apoyo acad\u00e9mico y educativo. Por su parte, la vicepresidenta Elisa Guti\u00e9rrez Estrada present\u00f3 la experiencia institucional que ofrecer\u00e1 la ceremonia del 30 de julio, la cual combinar\u00e1 historia, tecnolog\u00eda y networking para mostrar la evoluci\u00f3n de la C\u00e1mara y proyectar su visi\u00f3n de futuro. Explic\u00f3 que el evento reunir\u00e1 a los 56 integrantes del Consejo Directivo, autoridades de los tres \u00f3rdenes de gobierno, organismos empresariales, instituciones acad\u00e9micas y representantes del sector privado, convirti\u00e9ndose en uno de los encuentros empresariales m\u00e1s importantes del a\u00f1o.<\/p>\n<p>Finalmente, la directora general de la C\u00e1mara, Alejandra Mendoza Luna, inform\u00f3 que los boletos para asistir a la ceremonia ya se encuentran disponibles en www.canacopuebla.org.mx\/ e invit\u00f3 a empresarios, afiliados, organismos e instituciones a asegurar su participaci\u00f3n, al tratarse de un evento con cupo limitado. Asimismo, destac\u00f3 que la toma de protesta ser\u00e1 un espacio para fortalecer la vinculaci\u00f3n entre empresas, academia y gobierno.<\/p>\n","protected":false},"excerpt":{"rendered":"<p>Puebla, Pue.- El presidente de la C\u00e1mara Nacional de Comercio, Servicios y Turismo de Puebla, H\u00e9ctor Landero Camacho, anunci\u00f3 la realizaci\u00f3n de la Toma de Protesta del Consejo Directivo 2026-2028, ceremonia que tendr\u00e1 lugar el pr\u00f3ximo 30 de julio, a las 18:00 horas, en Hacienda Textil Santo Domingo, donde dar\u00e1 inicio formal una nueva etapa para el organismo empresarial, enfocada en fortalecer la representaci\u00f3n del comercio, los servicios y el turismo en el estado. El anuncio se realiz\u00f3 durante una rueda de prensa en la que participaron integrantes del Consejo Directivo de la C\u00e1mara y representantes de la Universidad de las Am\u00e9ricas Puebla (UDLAP), instituci\u00f3n patrocinadora del evento. Durante su mensaje, H\u00e9ctor Landero afirm\u00f3 que esta toma de protesta representa mucho m\u00e1s que un acto&hellip;<\/p>\n<p class=\"excerpt-more\"><a class=\"blog-excerpt button\" href=\"https:\/\/www.aliadospuebla.com\/?p=115406\">Leer m\u00e1s&#8230;<\/a><\/p>\n","protected":false},"author":2,"featured_media":115407,"comment_status":"open","ping_status":"open","sticky":false,"template":"","format":"standard","meta":{"_monsterinsights_skip_tracking":false,"footnotes":""},"categories":[11],"tags":[34251,1318,5010,34250,34252,23231,1084,63],"class_list":["post-115406","post","type-post","status-publish","format-standard","has-post-thumbnail","hentry","category-economia","tag-camara-nacional-de-comercio","tag-canaco","tag-consejo-directivo","tag-hector-landero","tag-puebla-te-premia","tag-resultados-concretos","tag-toma-de-protesta","tag-udlap"],"yoast_head":"<!-- This site is optimized with the Yoast SEO plugin v28.3 - https:\/\/yoast.com\/product\/yoast-seo-wordpress\/ -->\n<title>H\u00e9ctor Landero anuncia una nueva etapa para la C\u00e1mara Nacional de Comercio, Servicios y Turismo de Puebla con la toma de protesta del Consejo 2026-2028 - AliadosPuebla<\/title>\n<meta name=\"robots\" content=\"index, follow, max-snippet:-1, max-image-preview:large, max-video-preview:-1\" \/>\n<link rel=\"canonical\" href=\"https:\/\/www.aliadospuebla.com\/?p=115406\" \/>\n<meta property=\"og:locale\" content=\"es_ES\" \/>\n<meta property=\"og:type\" content=\"article\" \/>\n<meta property=\"og:title\" content=\"H\u00e9ctor Landero anuncia una nueva etapa para la C\u00e1mara Nacional de Comercio, Servicios y Turismo de Puebla con la toma de protesta del Consejo 2026-2028 - AliadosPuebla\" \/>\n<meta property=\"og:description\" content=\"Puebla, Pue.- El presidente de la C\u00e1mara Nacional de Comercio, Servicios y Turismo de Puebla, H\u00e9ctor Landero Camacho, anunci\u00f3 la realizaci\u00f3n de la Toma de Protesta del Consejo Directivo 2026-2028, ceremonia que tendr\u00e1 lugar el pr\u00f3ximo 30 de julio, a las 18:00 horas, en Hacienda Textil Santo Domingo, donde dar\u00e1 inicio formal una nueva etapa para el organismo empresarial, enfocada en fortalecer la representaci\u00f3n del comercio, los servicios y el turismo en el estado. El anuncio se realiz\u00f3 durante una rueda de prensa en la que participaron integrantes del Consejo Directivo de la C\u00e1mara y representantes de la Universidad de las Am\u00e9ricas Puebla (UDLAP), instituci\u00f3n patrocinadora del evento. Durante su mensaje, H\u00e9ctor Landero afirm\u00f3 que esta toma de protesta representa mucho m\u00e1s que un acto&hellip;Leer m\u00e1s...\" \/>\n<meta property=\"og:url\" content=\"https:\/\/www.aliadospuebla.com\/?p=115406\" \/>\n<meta property=\"og:site_name\" content=\"AliadosPuebla\" \/>\n<meta property=\"article:author\" content=\"https:\/\/www.facebook.com\/Aliados17Pue\" \/>\n<meta property=\"article:published_time\" content=\"2026-07-13T22:22:16+00:00\" \/>\n<meta property=\"og:image\" content=\"https:\/\/www.aliadospuebla.com\/web2017\/wp-content\/uploads\/2026\/07\/263.jpg\" \/>\n\t<meta property=\"og:image:width\" content=\"600\" \/>\n\t<meta property=\"og:image:height\" content=\"450\" \/>\n\t<meta property=\"og:image:type\" content=\"image\/jpeg\" \/>\n<meta name=\"author\" content=\"Aliados17\" \/>\n<meta name=\"twitter:card\" content=\"summary_large_image\" \/>\n<meta name=\"twitter:creator\" content=\"@AliadosPuebla\" \/>\n<meta name=\"twitter:label1\" content=\"Escrito por\" \/>\n\t<meta name=\"twitter:data1\" content=\"Aliados17\" \/>\n\t<meta name=\"twitter:label2\" content=\"Tiempo de lectura\" \/>\n\t<meta name=\"twitter:data2\" content=\"4 minutos\" \/>\n<script type=\"application\/ld+json\" class=\"yoast-schema-graph\">{\"@context\":\"https:\\\/\\\/schema.org\",\"@graph\":[{\"@type\":\"Article\",\"@id\":\"https:\\\/\\\/www.aliadospuebla.com\\\/?p=115406#article\",\"isPartOf\":{\"@id\":\"https:\\\/\\\/www.aliadospuebla.com\\\/?p=115406\"},\"author\":{\"name\":\"Aliados17\",\"@id\":\"https:\\\/\\\/www.aliadospuebla.com\\\/#\\\/schema\\\/person\\\/5da7dd09320bd4f392b710017ed5f8ad\"},\"headline\":\"H\u00e9ctor Landero anuncia una nueva etapa para la C\u00e1mara Nacional de Comercio, Servicios y Turismo de Puebla con la toma de protesta del Consejo 2026-2028\",\"datePublished\":\"2026-07-13T22:22:16+00:00\",\"mainEntityOfPage\":{\"@id\":\"https:\\\/\\\/www.aliadospuebla.com\\\/?p=115406\"},\"wordCount\":790,\"commentCount\":0,\"image\":{\"@id\":\"https:\\\/\\\/www.aliadospuebla.com\\\/?p=115406#primaryimage\"},\"thumbnailUrl\":\"https:\\\/\\\/www.aliadospuebla.com\\\/web2017\\\/wp-content\\\/uploads\\\/2026\\\/07\\\/263.jpg\",\"keywords\":[\"C\u00e1mara Nacional de Comercio\",\"CANACO\",\"CONSEJO DIRECTIVO\",\"H\u00e9ctor Landero\",\"Puebla Te Premia\",\"resultados concretos\",\"TOMA DE PROTESTA\",\"Udlap\"],\"articleSection\":[\"Econom\u00eda\"],\"inLanguage\":\"es\",\"potentialAction\":[{\"@type\":\"CommentAction\",\"name\":\"Comment\",\"target\":[\"https:\\\/\\\/www.aliadospuebla.com\\\/?p=115406#respond\"]}]},{\"@type\":\"WebPage\",\"@id\":\"https:\\\/\\\/www.aliadospuebla.com\\\/?p=115406\",\"url\":\"https:\\\/\\\/www.aliadospuebla.com\\\/?p=115406\",\"name\":\"H\u00e9ctor Landero anuncia una nueva etapa para la C\u00e1mara Nacional de Comercio, Servicios y Turismo de Puebla con la toma de protesta del Consejo 2026-2028 - AliadosPuebla\",\"isPartOf\":{\"@id\":\"https:\\\/\\\/www.aliadospuebla.com\\\/#website\"},\"primaryImageOfPage\":{\"@id\":\"https:\\\/\\\/www.aliadospuebla.com\\\/?p=115406#primaryimage\"},\"image\":{\"@id\":\"https:\\\/\\\/www.aliadospuebla.com\\\/?p=115406#primaryimage\"},\"thumbnailUrl\":\"https:\\\/\\\/www.aliadospuebla.com\\\/web2017\\\/wp-content\\\/uploads\\\/2026\\\/07\\\/263.jpg\",\"datePublished\":\"2026-07-13T22:22:16+00:00\",\"author\":{\"@id\":\"https:\\\/\\\/www.aliadospuebla.com\\\/#\\\/schema\\\/person\\\/5da7dd09320bd4f392b710017ed5f8ad\"},\"breadcrumb\":{\"@id\":\"https:\\\/\\\/www.aliadospuebla.com\\\/?p=115406#breadcrumb\"},\"inLanguage\":\"es\",\"potentialAction\":[{\"@type\":\"ReadAction\",\"target\":[\"https:\\\/\\\/www.aliadospuebla.com\\\/?p=115406\"]}]},{\"@type\":\"ImageObject\",\"inLanguage\":\"es\",\"@id\":\"https:\\\/\\\/www.aliadospuebla.com\\\/?p=115406#primaryimage\",\"url\":\"https:\\\/\\\/www.aliadospuebla.com\\\/web2017\\\/wp-content\\\/uploads\\\/2026\\\/07\\\/263.jpg\",\"contentUrl\":\"https:\\\/\\\/www.aliadospuebla.com\\\/web2017\\\/wp-content\\\/uploads\\\/2026\\\/07\\\/263.jpg\",\"width\":600,\"height\":450},{\"@type\":\"BreadcrumbList\",\"@id\":\"https:\\\/\\\/www.aliadospuebla.com\\\/?p=115406#breadcrumb\",\"itemListElement\":[{\"@type\":\"ListItem\",\"position\":1,\"name\":\"Portada\",\"item\":\"https:\\\/\\\/www.aliadospuebla.com\\\/\"},{\"@type\":\"ListItem\",\"position\":2,\"name\":\"H\u00e9ctor Landero anuncia una nueva etapa para la C\u00e1mara Nacional de Comercio, Servicios y Turismo de Puebla con la toma de protesta del Consejo 2026-2028\"}]},{\"@type\":\"WebSite\",\"@id\":\"https:\\\/\\\/www.aliadospuebla.com\\\/#website\",\"url\":\"https:\\\/\\\/www.aliadospuebla.com\\\/\",\"name\":\"AliadosPuebla\",\"description\":\"La informaci\u00f3n en tus manos\",\"potentialAction\":[{\"@type\":\"SearchAction\",\"target\":{\"@type\":\"EntryPoint\",\"urlTemplate\":\"https:\\\/\\\/www.aliadospuebla.com\\\/?s={search_term_string}\"},\"query-input\":{\"@type\":\"PropertyValueSpecification\",\"valueRequired\":true,\"valueName\":\"search_term_string\"}}],\"inLanguage\":\"es\"},{\"@type\":\"Person\",\"@id\":\"https:\\\/\\\/www.aliadospuebla.com\\\/#\\\/schema\\\/person\\\/5da7dd09320bd4f392b710017ed5f8ad\",\"name\":\"Aliados17\",\"image\":{\"@type\":\"ImageObject\",\"inLanguage\":\"es\",\"@id\":\"https:\\\/\\\/www.aliadospuebla.com\\\/web2017\\\/wp-content\\\/uploads\\\/2025\\\/03\\\/cropped-para-perfil-8-anos-1-96x96.jpg\",\"url\":\"https:\\\/\\\/www.aliadospuebla.com\\\/web2017\\\/wp-content\\\/uploads\\\/2025\\\/03\\\/cropped-para-perfil-8-anos-1-96x96.jpg\",\"contentUrl\":\"https:\\\/\\\/www.aliadospuebla.com\\\/web2017\\\/wp-content\\\/uploads\\\/2025\\\/03\\\/cropped-para-perfil-8-anos-1-96x96.jpg\",\"caption\":\"Aliados17\"},\"sameAs\":[\"https:\\\/\\\/www.aliados17.com\",\"https:\\\/\\\/www.facebook.com\\\/Aliados17Pue\",\"https:\\\/\\\/x.com\\\/AliadosPuebla\"],\"url\":\"https:\\\/\\\/www.aliadospuebla.com\\\/?author=2\"}]}<\/script>\n<!-- \/ Yoast SEO plugin. -->","yoast_head_json":{"title":"H\u00e9ctor Landero anuncia una nueva etapa para la C\u00e1mara Nacional de Comercio, Servicios y Turismo de Puebla con la toma de protesta del Consejo 2026-2028 - AliadosPuebla","robots":{"index":"index","follow":"follow","max-snippet":"max-snippet:-1","max-image-preview":"max-image-preview:large","max-video-preview":"max-video-preview:-1"},"canonical":"https:\/\/www.aliadospuebla.com\/?p=115406","og_locale":"es_ES","og_type":"article","og_title":"H\u00e9ctor Landero anuncia una nueva etapa para la C\u00e1mara Nacional de Comercio, Servicios y Turismo de Puebla con la toma de protesta del Consejo 2026-2028 - AliadosPuebla","og_description":"Puebla, Pue.- El presidente de la C\u00e1mara Nacional de Comercio, Servicios y Turismo de Puebla, H\u00e9ctor Landero Camacho, anunci\u00f3 la realizaci\u00f3n de la Toma de Protesta del Consejo Directivo 2026-2028, ceremonia que tendr\u00e1 lugar el pr\u00f3ximo 30 de julio, a las 18:00 horas, en Hacienda Textil Santo Domingo, donde dar\u00e1 inicio formal una nueva etapa para el organismo empresarial, enfocada en fortalecer la representaci\u00f3n del comercio, los servicios y el turismo en el estado. El anuncio se realiz\u00f3 durante una rueda de prensa en la que participaron integrantes del Consejo Directivo de la C\u00e1mara y representantes de la Universidad de las Am\u00e9ricas Puebla (UDLAP), instituci\u00f3n patrocinadora del evento. Durante su mensaje, H\u00e9ctor Landero afirm\u00f3 que esta toma de protesta representa mucho m\u00e1s que un acto&hellip;Leer m\u00e1s...","og_url":"https:\/\/www.aliadospuebla.com\/?p=115406","og_site_name":"AliadosPuebla","article_author":"https:\/\/www.facebook.com\/Aliados17Pue","article_published_time":"2026-07-13T22:22:16+00:00","og_image":[{"width":600,"height":450,"url":"https:\/\/www.aliadospuebla.com\/web2017\/wp-content\/uploads\/2026\/07\/263.jpg","type":"image\/jpeg"}],"author":"Aliados17","twitter_card":"summary_large_image","twitter_creator":"@AliadosPuebla","twitter_misc":{"Escrito por":"Aliados17","Tiempo de lectura":"4 minutos"},"schema":{"@context":"https:\/\/schema.org","@graph":[{"@type":"Article","@id":"https:\/\/www.aliadospuebla.com\/?p=115406#article","isPartOf":{"@id":"https:\/\/www.aliadospuebla.com\/?p=115406"},"author":{"name":"Aliados17","@id":"https:\/\/www.aliadospuebla.com\/#\/schema\/person\/5da7dd09320bd4f392b710017ed5f8ad"},"headline":"H\u00e9ctor Landero anuncia una nueva etapa para la C\u00e1mara Nacional de Comercio, Servicios y Turismo de Puebla con la toma de protesta del Consejo 2026-2028","datePublished":"2026-07-13T22:22:16+00:00","mainEntityOfPage":{"@id":"https:\/\/www.aliadospuebla.com\/?p=115406"},"wordCount":790,"commentCount":0,"image":{"@id":"https:\/\/www.aliadospuebla.com\/?p=115406#primaryimage"},"thumbnailUrl":"https:\/\/www.aliadospuebla.com\/web2017\/wp-content\/uploads\/2026\/07\/263.jpg","keywords":["C\u00e1mara Nacional de Comercio","CANACO","CONSEJO DIRECTIVO","H\u00e9ctor Landero","Puebla Te Premia","resultados concretos","TOMA DE PROTESTA","Udlap"],"articleSection":["Econom\u00eda"],"inLanguage":"es","potentialAction":[{"@type":"CommentAction","name":"Comment","target":["https:\/\/www.aliadospuebla.com\/?p=115406#respond"]}]},{"@type":"WebPage","@id":"https:\/\/www.aliadospuebla.com\/?p=115406","url":"https:\/\/www.aliadospuebla.com\/?p=115406","name":"H\u00e9ctor Landero anuncia una nueva etapa para la C\u00e1mara Nacional de Comercio, Servicios y Turismo de Puebla con la toma de protesta del Consejo 2026-2028 - AliadosPuebla","isPartOf":{"@id":"https:\/\/www.aliadospuebla.com\/#website"},"primaryImageOfPage":{"@id":"https:\/\/www.aliadospuebla.com\/?p=115406#primaryimage"},"image":{"@id":"https:\/\/www.aliadospuebla.com\/?p=115406#primaryimage"},"thumbnailUrl":"https:\/\/www.aliadospuebla.com\/web2017\/wp-content\/uploads\/2026\/07\/263.jpg","datePublished":"2026-07-13T22:22:16+00:00","author":{"@id":"https:\/\/www.aliadospuebla.com\/#\/schema\/person\/5da7dd09320bd4f392b710017ed5f8ad"},"breadcrumb":{"@id":"https:\/\/www.aliadospuebla.com\/?p=115406#breadcrumb"},"inLanguage":"es","potentialAction":[{"@type":"ReadAction","target":["https:\/\/www.aliadospuebla.com\/?p=115406"]}]},{"@type":"ImageObject","inLanguage":"es","@id":"https:\/\/www.aliadospuebla.com\/?p=115406#primaryimage","url":"https:\/\/www.aliadospuebla.com\/web2017\/wp-content\/uploads\/2026\/07\/263.jpg","contentUrl":"https:\/\/www.aliadospuebla.com\/web2017\/wp-content\/uploads\/2026\/07\/263.jpg","width":600,"height":450},{"@type":"BreadcrumbList","@id":"https:\/\/www.aliadospuebla.com\/?p=115406#breadcrumb","itemListElement":[{"@type":"ListItem","position":1,"name":"Portada","item":"https:\/\/www.aliadospuebla.com\/"},{"@type":"ListItem","position":2,"name":"H\u00e9ctor Landero anuncia una nueva etapa para la C\u00e1mara Nacional de Comercio, Servicios y Turismo de Puebla con la toma de protesta del Consejo 2026-2028"}]},{"@type":"WebSite","@id":"https:\/\/www.aliadospuebla.com\/#website","url":"https:\/\/www.aliadospuebla.com\/","name":"AliadosPuebla","description":"La informaci\u00f3n en tus manos","potentialAction":[{"@type":"SearchAction","target":{"@type":"EntryPoint","urlTemplate":"https:\/\/www.aliadospuebla.com\/?s={search_term_string}"},"query-input":{"@type":"PropertyValueSpecification","valueRequired":true,"valueName":"search_term_string"}}],"inLanguage":"es"},{"@type":"Person","@id":"https:\/\/www.aliadospuebla.com\/#\/schema\/person\/5da7dd09320bd4f392b710017ed5f8ad","name":"Aliados17","image":{"@type":"ImageObject","inLanguage":"es","@id":"https:\/\/www.aliadospuebla.com\/web2017\/wp-content\/uploads\/2025\/03\/cropped-para-perfil-8-anos-1-96x96.jpg","url":"https:\/\/www.aliadospuebla.com\/web2017\/wp-content\/uploads\/2025\/03\/cropped-para-perfil-8-anos-1-96x96.jpg","contentUrl":"https:\/\/www.aliadospuebla.com\/web2017\/wp-content\/uploads\/2025\/03\/cropped-para-perfil-8-anos-1-96x96.jpg","caption":"Aliados17"},"sameAs":["https:\/\/www.aliados17.com","https:\/\/www.facebook.com\/Aliados17Pue","https:\/\/x.com\/AliadosPuebla"],"url":"https:\/\/www.aliadospuebla.com\/?author=2"}]}},"views":20,"_links":{"self":[{"href":"https:\/\/www.aliadospuebla.com\/index.php?rest_route=\/wp\/v2\/posts\/115406","targetHints":{"allow":["GET"]}}],"collection":[{"href":"https:\/\/www.aliadospuebla.com\/index.php?rest_route=\/wp\/v2\/posts"}],"about":[{"href":"https:\/\/www.aliadospuebla.com\/index.php?rest_route=\/wp\/v2\/types\/post"}],"author":[{"embeddable":true,"href":"https:\/\/www.aliadospuebla.com\/index.php?rest_route=\/wp\/v2\/users\/2"}],"replies":[{"embeddable":true,"href":"https:\/\/www.aliadospuebla.com\/index.php?rest_route=%2Fwp%2Fv2%2Fcomments&post=115406"}],"version-history":[{"count":1,"href":"https:\/\/www.aliadospuebla.com\/index.php?rest_route=\/wp\/v2\/posts\/115406\/revisions"}],"predecessor-version":[{"id":115408,"href":"https:\/\/www.aliadospuebla.com\/index.php?rest_route=\/wp\/v2\/posts\/115406\/revisions\/115408"}],"wp:featuredmedia":[{"embeddable":true,"href":"https:\/\/www.aliadospuebla.com\/index.php?rest_route=\/wp\/v2\/media\/115407"}],"wp:attachment":[{"href":"https:\/\/www.aliadospuebla.com\/index.php?rest_route=%2Fwp%2Fv2%2Fmedia&parent=115406"}],"wp:term":[{"taxonomy":"category","embeddable":true,"href":"https:\/\/www.aliadospuebla.com\/index.php?rest_route=%2Fwp%2Fv2%2Fcategories&post=115406"},{"taxonomy":"post_tag","embeddable":true,"href":"https:\/\/www.aliadospuebla.com\/index.php?rest_route=%2Fwp%2Fv2%2Ftags&post=115406"}],"curies":[{"name":"wp","href":"https:\/\/api.w.org\/{rel}","templated":true}]}}