{"id":115394,"date":"2026-07-11T21:55:25","date_gmt":"2026-07-12T03:55:25","guid":{"rendered":"https:\/\/www.aliadospuebla.com\/?p=115394"},"modified":"2026-07-11T21:55:25","modified_gmt":"2026-07-12T03:55:25","slug":"refuerza-fiscalia-procuracion-de-justicia-para-mujeres-en-xicotepec","status":"publish","type":"post","link":"https:\/\/www.aliadospuebla.com\/?p=115394","title":{"rendered":"Refuerza Fiscal\u00eda procuraci\u00f3n de justicia para mujeres en Xicotepec"},"content":{"rendered":"<h4 class=\"ql-align-justify\">Con el compromiso de contribuir a la construcci\u00f3n de un estado libre de violencia contra las mujeres, la Fiscal General del Estado de Puebla, Idamis Pastor Betancourt, presidi\u00f3 la inauguraci\u00f3n de la Casa Carmen Serd\u00e1n en el municipio de Xicotepec, en coordinaci\u00f3n con el Gobierno del Estado que encabeza Alejandro Armenta.<\/h4>\n<p class=\"ql-align-justify\">En su mensaje, la titular de la Fiscal\u00eda General del Estado afirm\u00f3 que en Puebla<\/p>\n<p class=\"ql-align-justify\">existe una pol\u00edtica clara para garantizar la seguridad y el bienestar de las mujeres,<\/p>\n<p class=\"ql-align-justify\">al se\u00f1alar que \u201clas poblanas sabemos que existen las violencias y que no podemos permitirlas.<\/p>\n<p class=\"ql-align-justify\">No m\u00e1s violentadores en Puebla; hoy somos un ejemplo a nivel nacional\u201d.<\/p>\n<p class=\"ql-align-justify\">Asimismo, Pastor Betancourt enfatiz\u00f3 que la presencia de la Fiscal\u00eda en este espacio<\/p>\n<p class=\"ql-align-justify\">permitir\u00e1 acercar servicios de procuraci\u00f3n de justicia a las mujeres de la regi\u00f3n,<\/p>\n<p class=\"ql-align-justify\">\u201cque sepan que ning\u00fan violentador les volver\u00e1 a hacer da\u00f1o; hoy<\/p>\n<p class=\"ql-align-justify\">es un d\u00eda muy importante para este municipio\u201d, expres\u00f3.<\/p>\n<p class=\"ql-align-justify\">Durante su participaci\u00f3n, el presidente municipal de Xicotepec, Carlos Barrag\u00e1n Amador,<\/p>\n<p class=\"ql-align-justify\">inform\u00f3 que el ayuntamiento destin\u00f3 una inversi\u00f3n superior a 6 millones 200 mil pesos<\/p>\n<p class=\"ql-align-justify\">para la consolidaci\u00f3n de este proyecto, realizado con el respaldo y acompa\u00f1amiento<\/p>\n<p class=\"ql-align-justify\">del Gobierno del Estado, a fin de contar con un espacio digno, funcional y especializado para la atenci\u00f3n de mujeres.<\/p>\n<p class=\"ql-align-justify\">Como parte del modelo de atenci\u00f3n de la Casa Carmen Serd\u00e1n, la Fiscal\u00eda General del Estado brindar\u00e1 servicios de procuraci\u00f3n de justicia mediante la presencia de agentes del Ministerio P\u00fablico, m\u00e9dicas legistas y agentes investigadores, quienes ofrecer\u00e1n atenci\u00f3n inmediata, especializada y cercana a quienes requieran acompa\u00f1amiento institucional.<\/p>\n<p class=\"ql-align-justify\">Con estas acciones, la Fiscal\u00eda General del Estado refrenda su compromiso de fortalecer una procuraci\u00f3n de justicia cercana, sensible, eficaz y con perspectiva de g\u00e9nero, mediante el trabajo coordinado con el Gobierno del Estado y los municipios, para contribuir a que las mujeres vivan libres de violencia y con pleno acceso a sus derechos.<\/p>\n","protected":false},"excerpt":{"rendered":"<p>Con el compromiso de contribuir a la construcci\u00f3n de un estado libre de violencia contra las mujeres, la Fiscal General del Estado de Puebla, Idamis Pastor Betancourt, presidi\u00f3 la inauguraci\u00f3n de la Casa Carmen Serd\u00e1n en el municipio de Xicotepec, en coordinaci\u00f3n con el Gobierno del Estado que encabeza Alejandro Armenta. En su mensaje, la titular de la Fiscal\u00eda General del Estado afirm\u00f3 que en Puebla existe una pol\u00edtica clara para garantizar la seguridad y el bienestar de las mujeres, al se\u00f1alar que \u201clas poblanas sabemos que existen las violencias y que no podemos permitirlas. No m\u00e1s violentadores en Puebla; hoy somos un ejemplo a nivel nacional\u201d. Asimismo, Pastor Betancourt enfatiz\u00f3 que la presencia de la Fiscal\u00eda en este espacio permitir\u00e1 acercar servicios de procuraci\u00f3n&hellip;<\/p>\n<p class=\"excerpt-more\"><a class=\"blog-excerpt button\" href=\"https:\/\/www.aliadospuebla.com\/?p=115394\">Leer m\u00e1s&#8230;<\/a><\/p>\n","protected":false},"author":2,"featured_media":115395,"comment_status":"open","ping_status":"open","sticky":false,"template":"","format":"standard","meta":{"_monsterinsights_skip_tracking":false,"footnotes":""},"categories":[61],"tags":[4780,26310,20826,404,24546,48],"class_list":["post-115394","post","type-post","status-publish","format-standard","has-post-thumbnail","hentry","category-gobierno","tag-alejandro-armenta","tag-fiscal-general-del-estado-de-puebla","tag-idamis-pastor-betancourt","tag-mujeres","tag-procuracion-de-justicia","tag-xicotepec"],"yoast_head":"<!-- This site is optimized with the Yoast SEO plugin v28.4 - https:\/\/yoast.com\/product\/yoast-seo-wordpress\/ -->\n<title>Refuerza Fiscal\u00eda procuraci\u00f3n de justicia para mujeres en Xicotepec - AliadosPuebla<\/title>\n<meta name=\"robots\" content=\"index, follow, max-snippet:-1, max-image-preview:large, max-video-preview:-1\" \/>\n<link rel=\"canonical\" href=\"https:\/\/www.aliadospuebla.com\/?p=115394\" \/>\n<meta property=\"og:locale\" content=\"es_ES\" \/>\n<meta property=\"og:type\" content=\"article\" \/>\n<meta property=\"og:title\" content=\"Refuerza Fiscal\u00eda procuraci\u00f3n de justicia para mujeres en Xicotepec - AliadosPuebla\" \/>\n<meta property=\"og:description\" content=\"Con el compromiso de contribuir a la construcci\u00f3n de un estado libre de violencia contra las mujeres, la Fiscal General del Estado de Puebla, Idamis Pastor Betancourt, presidi\u00f3 la inauguraci\u00f3n de la Casa Carmen Serd\u00e1n en el municipio de Xicotepec, en coordinaci\u00f3n con el Gobierno del Estado que encabeza Alejandro Armenta. En su mensaje, la titular de la Fiscal\u00eda General del Estado afirm\u00f3 que en Puebla existe una pol\u00edtica clara para garantizar la seguridad y el bienestar de las mujeres, al se\u00f1alar que \u201clas poblanas sabemos que existen las violencias y que no podemos permitirlas. No m\u00e1s violentadores en Puebla; hoy somos un ejemplo a nivel nacional\u201d. Asimismo, Pastor Betancourt enfatiz\u00f3 que la presencia de la Fiscal\u00eda en este espacio permitir\u00e1 acercar servicios de procuraci\u00f3n&hellip;Leer m\u00e1s...\" \/>\n<meta property=\"og:url\" content=\"https:\/\/www.aliadospuebla.com\/?p=115394\" \/>\n<meta property=\"og:site_name\" content=\"AliadosPuebla\" \/>\n<meta property=\"article:author\" content=\"https:\/\/www.facebook.com\/Aliados17Pue\" \/>\n<meta property=\"article:published_time\" content=\"2026-07-12T03:55:25+00:00\" \/>\n<meta property=\"og:image\" content=\"https:\/\/www.aliadospuebla.com\/web2017\/wp-content\/uploads\/2026\/07\/259.jpg\" \/>\n\t<meta property=\"og:image:width\" content=\"600\" \/>\n\t<meta property=\"og:image:height\" content=\"450\" \/>\n\t<meta property=\"og:image:type\" content=\"image\/jpeg\" \/>\n<meta name=\"author\" content=\"Aliados17\" \/>\n<meta name=\"twitter:card\" content=\"summary_large_image\" \/>\n<meta name=\"twitter:creator\" content=\"@AliadosPuebla\" \/>\n<meta name=\"twitter:label1\" content=\"Escrito por\" \/>\n\t<meta name=\"twitter:data1\" content=\"Aliados17\" \/>\n\t<meta name=\"twitter:label2\" content=\"Tiempo de lectura\" \/>\n\t<meta name=\"twitter:data2\" content=\"2 minutos\" \/>\n<script type=\"application\/ld+json\" class=\"yoast-schema-graph\">{\"@context\":\"https:\\\/\\\/schema.org\",\"@graph\":[{\"@type\":\"Article\",\"@id\":\"https:\\\/\\\/www.aliadospuebla.com\\\/?p=115394#article\",\"isPartOf\":{\"@id\":\"https:\\\/\\\/www.aliadospuebla.com\\\/?p=115394\"},\"author\":{\"name\":\"Aliados17\",\"@id\":\"https:\\\/\\\/www.aliadospuebla.com\\\/#\\\/schema\\\/person\\\/5da7dd09320bd4f392b710017ed5f8ad\"},\"headline\":\"Refuerza Fiscal\u00eda procuraci\u00f3n de justicia para mujeres en Xicotepec\",\"datePublished\":\"2026-07-12T03:55:25+00:00\",\"mainEntityOfPage\":{\"@id\":\"https:\\\/\\\/www.aliadospuebla.com\\\/?p=115394\"},\"wordCount\":352,\"commentCount\":0,\"image\":{\"@id\":\"https:\\\/\\\/www.aliadospuebla.com\\\/?p=115394#primaryimage\"},\"thumbnailUrl\":\"https:\\\/\\\/www.aliadospuebla.com\\\/web2017\\\/wp-content\\\/uploads\\\/2026\\\/07\\\/259.jpg\",\"keywords\":[\"ALEJANDRO ARMENTA\",\"Fiscal General del Estado de Puebla\",\"Idamis Pastor Betancourt\",\"MUJERES\",\"procuraci\u00f3n de justicia\",\"Xicotepec\"],\"articleSection\":[\"Gobierno\"],\"inLanguage\":\"es\",\"potentialAction\":[{\"@type\":\"CommentAction\",\"name\":\"Comment\",\"target\":[\"https:\\\/\\\/www.aliadospuebla.com\\\/?p=115394#respond\"]}]},{\"@type\":\"WebPage\",\"@id\":\"https:\\\/\\\/www.aliadospuebla.com\\\/?p=115394\",\"url\":\"https:\\\/\\\/www.aliadospuebla.com\\\/?p=115394\",\"name\":\"Refuerza Fiscal\u00eda procuraci\u00f3n de justicia para mujeres en Xicotepec - AliadosPuebla\",\"isPartOf\":{\"@id\":\"https:\\\/\\\/www.aliadospuebla.com\\\/#website\"},\"primaryImageOfPage\":{\"@id\":\"https:\\\/\\\/www.aliadospuebla.com\\\/?p=115394#primaryimage\"},\"image\":{\"@id\":\"https:\\\/\\\/www.aliadospuebla.com\\\/?p=115394#primaryimage\"},\"thumbnailUrl\":\"https:\\\/\\\/www.aliadospuebla.com\\\/web2017\\\/wp-content\\\/uploads\\\/2026\\\/07\\\/259.jpg\",\"datePublished\":\"2026-07-12T03:55:25+00:00\",\"author\":{\"@id\":\"https:\\\/\\\/www.aliadospuebla.com\\\/#\\\/schema\\\/person\\\/5da7dd09320bd4f392b710017ed5f8ad\"},\"breadcrumb\":{\"@id\":\"https:\\\/\\\/www.aliadospuebla.com\\\/?p=115394#breadcrumb\"},\"inLanguage\":\"es\",\"potentialAction\":[{\"@type\":\"ReadAction\",\"target\":[\"https:\\\/\\\/www.aliadospuebla.com\\\/?p=115394\"]}]},{\"@type\":\"ImageObject\",\"inLanguage\":\"es\",\"@id\":\"https:\\\/\\\/www.aliadospuebla.com\\\/?p=115394#primaryimage\",\"url\":\"https:\\\/\\\/www.aliadospuebla.com\\\/web2017\\\/wp-content\\\/uploads\\\/2026\\\/07\\\/259.jpg\",\"contentUrl\":\"https:\\\/\\\/www.aliadospuebla.com\\\/web2017\\\/wp-content\\\/uploads\\\/2026\\\/07\\\/259.jpg\",\"width\":600,\"height\":450},{\"@type\":\"BreadcrumbList\",\"@id\":\"https:\\\/\\\/www.aliadospuebla.com\\\/?p=115394#breadcrumb\",\"itemListElement\":[{\"@type\":\"ListItem\",\"position\":1,\"name\":\"Portada\",\"item\":\"https:\\\/\\\/www.aliadospuebla.com\\\/\"},{\"@type\":\"ListItem\",\"position\":2,\"name\":\"Refuerza Fiscal\u00eda procuraci\u00f3n de justicia para mujeres en Xicotepec\"}]},{\"@type\":\"WebSite\",\"@id\":\"https:\\\/\\\/www.aliadospuebla.com\\\/#website\",\"url\":\"https:\\\/\\\/www.aliadospuebla.com\\\/\",\"name\":\"AliadosPuebla\",\"description\":\"La informaci\u00f3n en tus manos\",\"potentialAction\":[{\"@type\":\"SearchAction\",\"target\":{\"@type\":\"EntryPoint\",\"urlTemplate\":\"https:\\\/\\\/www.aliadospuebla.com\\\/?s={search_term_string}\"},\"query-input\":{\"@type\":\"PropertyValueSpecification\",\"valueRequired\":true,\"valueName\":\"search_term_string\"}}],\"inLanguage\":\"es\"},{\"@type\":\"Person\",\"@id\":\"https:\\\/\\\/www.aliadospuebla.com\\\/#\\\/schema\\\/person\\\/5da7dd09320bd4f392b710017ed5f8ad\",\"name\":\"Aliados17\",\"image\":{\"@type\":\"ImageObject\",\"inLanguage\":\"es\",\"@id\":\"https:\\\/\\\/www.aliadospuebla.com\\\/web2017\\\/wp-content\\\/uploads\\\/2025\\\/03\\\/cropped-para-perfil-8-anos-1-96x96.jpg\",\"url\":\"https:\\\/\\\/www.aliadospuebla.com\\\/web2017\\\/wp-content\\\/uploads\\\/2025\\\/03\\\/cropped-para-perfil-8-anos-1-96x96.jpg\",\"contentUrl\":\"https:\\\/\\\/www.aliadospuebla.com\\\/web2017\\\/wp-content\\\/uploads\\\/2025\\\/03\\\/cropped-para-perfil-8-anos-1-96x96.jpg\",\"caption\":\"Aliados17\"},\"sameAs\":[\"https:\\\/\\\/www.aliados17.com\",\"https:\\\/\\\/www.facebook.com\\\/Aliados17Pue\",\"https:\\\/\\\/x.com\\\/AliadosPuebla\"],\"url\":\"https:\\\/\\\/www.aliadospuebla.com\\\/?author=2\"}]}<\/script>\n<!-- \/ Yoast SEO plugin. -->","yoast_head_json":{"title":"Refuerza Fiscal\u00eda procuraci\u00f3n de justicia para mujeres en Xicotepec - AliadosPuebla","robots":{"index":"index","follow":"follow","max-snippet":"max-snippet:-1","max-image-preview":"max-image-preview:large","max-video-preview":"max-video-preview:-1"},"canonical":"https:\/\/www.aliadospuebla.com\/?p=115394","og_locale":"es_ES","og_type":"article","og_title":"Refuerza Fiscal\u00eda procuraci\u00f3n de justicia para mujeres en Xicotepec - AliadosPuebla","og_description":"Con el compromiso de contribuir a la construcci\u00f3n de un estado libre de violencia contra las mujeres, la Fiscal General del Estado de Puebla, Idamis Pastor Betancourt, presidi\u00f3 la inauguraci\u00f3n de la Casa Carmen Serd\u00e1n en el municipio de Xicotepec, en coordinaci\u00f3n con el Gobierno del Estado que encabeza Alejandro Armenta. En su mensaje, la titular de la Fiscal\u00eda General del Estado afirm\u00f3 que en Puebla existe una pol\u00edtica clara para garantizar la seguridad y el bienestar de las mujeres, al se\u00f1alar que \u201clas poblanas sabemos que existen las violencias y que no podemos permitirlas. No m\u00e1s violentadores en Puebla; hoy somos un ejemplo a nivel nacional\u201d. Asimismo, Pastor Betancourt enfatiz\u00f3 que la presencia de la Fiscal\u00eda en este espacio permitir\u00e1 acercar servicios de procuraci\u00f3n&hellip;Leer m\u00e1s...","og_url":"https:\/\/www.aliadospuebla.com\/?p=115394","og_site_name":"AliadosPuebla","article_author":"https:\/\/www.facebook.com\/Aliados17Pue","article_published_time":"2026-07-12T03:55:25+00:00","og_image":[{"width":600,"height":450,"url":"https:\/\/www.aliadospuebla.com\/web2017\/wp-content\/uploads\/2026\/07\/259.jpg","type":"image\/jpeg"}],"author":"Aliados17","twitter_card":"summary_large_image","twitter_creator":"@AliadosPuebla","twitter_misc":{"Escrito por":"Aliados17","Tiempo de lectura":"2 minutos"},"schema":{"@context":"https:\/\/schema.org","@graph":[{"@type":"Article","@id":"https:\/\/www.aliadospuebla.com\/?p=115394#article","isPartOf":{"@id":"https:\/\/www.aliadospuebla.com\/?p=115394"},"author":{"name":"Aliados17","@id":"https:\/\/www.aliadospuebla.com\/#\/schema\/person\/5da7dd09320bd4f392b710017ed5f8ad"},"headline":"Refuerza Fiscal\u00eda procuraci\u00f3n de justicia para mujeres en Xicotepec","datePublished":"2026-07-12T03:55:25+00:00","mainEntityOfPage":{"@id":"https:\/\/www.aliadospuebla.com\/?p=115394"},"wordCount":352,"commentCount":0,"image":{"@id":"https:\/\/www.aliadospuebla.com\/?p=115394#primaryimage"},"thumbnailUrl":"https:\/\/www.aliadospuebla.com\/web2017\/wp-content\/uploads\/2026\/07\/259.jpg","keywords":["ALEJANDRO ARMENTA","Fiscal General del Estado de Puebla","Idamis Pastor Betancourt","MUJERES","procuraci\u00f3n de justicia","Xicotepec"],"articleSection":["Gobierno"],"inLanguage":"es","potentialAction":[{"@type":"CommentAction","name":"Comment","target":["https:\/\/www.aliadospuebla.com\/?p=115394#respond"]}]},{"@type":"WebPage","@id":"https:\/\/www.aliadospuebla.com\/?p=115394","url":"https:\/\/www.aliadospuebla.com\/?p=115394","name":"Refuerza Fiscal\u00eda procuraci\u00f3n de justicia para mujeres en Xicotepec - AliadosPuebla","isPartOf":{"@id":"https:\/\/www.aliadospuebla.com\/#website"},"primaryImageOfPage":{"@id":"https:\/\/www.aliadospuebla.com\/?p=115394#primaryimage"},"image":{"@id":"https:\/\/www.aliadospuebla.com\/?p=115394#primaryimage"},"thumbnailUrl":"https:\/\/www.aliadospuebla.com\/web2017\/wp-content\/uploads\/2026\/07\/259.jpg","datePublished":"2026-07-12T03:55:25+00:00","author":{"@id":"https:\/\/www.aliadospuebla.com\/#\/schema\/person\/5da7dd09320bd4f392b710017ed5f8ad"},"breadcrumb":{"@id":"https:\/\/www.aliadospuebla.com\/?p=115394#breadcrumb"},"inLanguage":"es","potentialAction":[{"@type":"ReadAction","target":["https:\/\/www.aliadospuebla.com\/?p=115394"]}]},{"@type":"ImageObject","inLanguage":"es","@id":"https:\/\/www.aliadospuebla.com\/?p=115394#primaryimage","url":"https:\/\/www.aliadospuebla.com\/web2017\/wp-content\/uploads\/2026\/07\/259.jpg","contentUrl":"https:\/\/www.aliadospuebla.com\/web2017\/wp-content\/uploads\/2026\/07\/259.jpg","width":600,"height":450},{"@type":"BreadcrumbList","@id":"https:\/\/www.aliadospuebla.com\/?p=115394#breadcrumb","itemListElement":[{"@type":"ListItem","position":1,"name":"Portada","item":"https:\/\/www.aliadospuebla.com\/"},{"@type":"ListItem","position":2,"name":"Refuerza Fiscal\u00eda procuraci\u00f3n de justicia para mujeres en Xicotepec"}]},{"@type":"WebSite","@id":"https:\/\/www.aliadospuebla.com\/#website","url":"https:\/\/www.aliadospuebla.com\/","name":"AliadosPuebla","description":"La informaci\u00f3n en tus manos","potentialAction":[{"@type":"SearchAction","target":{"@type":"EntryPoint","urlTemplate":"https:\/\/www.aliadospuebla.com\/?s={search_term_string}"},"query-input":{"@type":"PropertyValueSpecification","valueRequired":true,"valueName":"search_term_string"}}],"inLanguage":"es"},{"@type":"Person","@id":"https:\/\/www.aliadospuebla.com\/#\/schema\/person\/5da7dd09320bd4f392b710017ed5f8ad","name":"Aliados17","image":{"@type":"ImageObject","inLanguage":"es","@id":"https:\/\/www.aliadospuebla.com\/web2017\/wp-content\/uploads\/2025\/03\/cropped-para-perfil-8-anos-1-96x96.jpg","url":"https:\/\/www.aliadospuebla.com\/web2017\/wp-content\/uploads\/2025\/03\/cropped-para-perfil-8-anos-1-96x96.jpg","contentUrl":"https:\/\/www.aliadospuebla.com\/web2017\/wp-content\/uploads\/2025\/03\/cropped-para-perfil-8-anos-1-96x96.jpg","caption":"Aliados17"},"sameAs":["https:\/\/www.aliados17.com","https:\/\/www.facebook.com\/Aliados17Pue","https:\/\/x.com\/AliadosPuebla"],"url":"https:\/\/www.aliadospuebla.com\/?author=2"}]}},"views":10,"_links":{"self":[{"href":"https:\/\/www.aliadospuebla.com\/index.php?rest_route=\/wp\/v2\/posts\/115394","targetHints":{"allow":["GET"]}}],"collection":[{"href":"https:\/\/www.aliadospuebla.com\/index.php?rest_route=\/wp\/v2\/posts"}],"about":[{"href":"https:\/\/www.aliadospuebla.com\/index.php?rest_route=\/wp\/v2\/types\/post"}],"author":[{"embeddable":true,"href":"https:\/\/www.aliadospuebla.com\/index.php?rest_route=\/wp\/v2\/users\/2"}],"replies":[{"embeddable":true,"href":"https:\/\/www.aliadospuebla.com\/index.php?rest_route=%2Fwp%2Fv2%2Fcomments&post=115394"}],"version-history":[{"count":1,"href":"https:\/\/www.aliadospuebla.com\/index.php?rest_route=\/wp\/v2\/posts\/115394\/revisions"}],"predecessor-version":[{"id":115396,"href":"https:\/\/www.aliadospuebla.com\/index.php?rest_route=\/wp\/v2\/posts\/115394\/revisions\/115396"}],"wp:featuredmedia":[{"embeddable":true,"href":"https:\/\/www.aliadospuebla.com\/index.php?rest_route=\/wp\/v2\/media\/115395"}],"wp:attachment":[{"href":"https:\/\/www.aliadospuebla.com\/index.php?rest_route=%2Fwp%2Fv2%2Fmedia&parent=115394"}],"wp:term":[{"taxonomy":"category","embeddable":true,"href":"https:\/\/www.aliadospuebla.com\/index.php?rest_route=%2Fwp%2Fv2%2Fcategories&post=115394"},{"taxonomy":"post_tag","embeddable":true,"href":"https:\/\/www.aliadospuebla.com\/index.php?rest_route=%2Fwp%2Fv2%2Ftags&post=115394"}],"curies":[{"name":"wp","href":"https:\/\/api.w.org\/{rel}","templated":true}]}}