{"id":115391,"date":"2026-07-11T21:31:21","date_gmt":"2026-07-12T03:31:21","guid":{"rendered":"https:\/\/www.aliadospuebla.com\/?p=115391"},"modified":"2026-07-11T21:31:21","modified_gmt":"2026-07-12T03:31:21","slug":"fortalecen-buap-y-teep-lazos-institucionales-con-firma-de-convenio","status":"publish","type":"post","link":"https:\/\/www.aliadospuebla.com\/?p=115391","title":{"rendered":"Fortalecen BUAP y TEEP lazos institucionales con firma de convenio"},"content":{"rendered":"<h4><em>La rectora Lilia Cedillo Ram\u00edrez y el magistrado presidente Israel Arg\u00fcello Boy encabezaron el acto protocolario.<\/em><\/h4>\n<p><em>\u2022\u00a0\u00a0\u00a0\u00a0\u00a0\u00a0\u00a0\u00a0\u00a0 El acuerdo impulsar\u00e1 la colaboraci\u00f3n entre la m\u00e1xima casa de estudios y el organismo jurisdiccional en materia pol\u00edtico-electoral<\/em><\/p>\n<p>PUEBLA, PUE.\u2014 Con el objetivo de consolidar v\u00ednculos que beneficien la formaci\u00f3n acad\u00e9mica,<\/p>\n<p>la capacitaci\u00f3n especializada y el fortalecimiento de la cultura democr\u00e1tica<\/p>\n<p>en la entidad, la Benem\u00e9rita Universidad Aut\u00f3noma de Puebla (BUAP)<\/p>\n<p>y el Tribunal Electoral del Estado de Puebla (TEEP) formalizaron un convenio de colaboraci\u00f3n.<\/p>\n<p>La firma del acuerdo estuvo a cargo de la Dra. Mar\u00eda Lilia Cedillo Ram\u00edrez,<\/p>\n<p>rectora de la BUAP, y del Mtro. Israel Arg\u00fcello Boy, Magistrado Presidente del TEEP,<\/p>\n<p>quienes coincidieron en la importancia de vincular el conocimiento cient\u00edfico<\/p>\n<p>con la pr\u00e1ctica legal en beneficio de la ciudadan\u00eda.<\/p>\n<p>Al respecto, la rectora Lilia Cedillo Ram\u00edrez destac\u00f3 que esta alianza abre las puertas<\/p>\n<p>para que la comunidad universitaria aplique sus conocimientos en escenarios reales.<\/p>\n<p>\u00abNuestros egresados son la mejor carta de presentaci\u00f3n de la universidad.<\/p>\n<p>Este convenio permitir\u00e1 que las y los estudiantes adquieran experiencia,<\/p>\n<p>desarrollen nuevas competencias y fortalezcan la confianza en su desempe\u00f1o profesional\u00bb, afirm\u00f3.<\/p>\n<p>Por su parte, el Magistrado Presidente Israel Arg\u00fcello Boy subray\u00f3 la trascendencia<\/p>\n<p>de contar con el respaldo de la m\u00e1xima casa de estudios del estado.<\/p>\n<p>\u00abLa justicia electoral requiere de constante actualizaci\u00f3n y rigor cient\u00edfico.<\/p>\n<h4>Trabajar de la mano con la BUAP nos permitir\u00e1 robustecer la capacitaci\u00f3n del personal jurisdiccional y, al mismo tiempo, fomentar en las nuevas generaciones un profundo entendimiento de los principios pol\u00edtico-electorales de nuestro estado\u00bb, se\u00f1al\u00f3.<\/h4>\n<p>Al encuentro asistieron, por parte del organismo jurisdiccional, la Dra. Irma Josefina Montiel Rodr\u00edguez, Magistrada del TEEP, y el Mtro. Luis David Ben\u00edtez Taboada, Magistrado en funciones; mientras que por la m\u00e1xima casa de estudios acudieron la Abogada General, Dra. Miriam Olga Ponce G\u00f3mez, y el Mtro. Alejandro Adri\u00e1n Rebollar Mier, Director de la Facultad de Derecho. Los presentes respaldaron y celebraron este lazo institucional, dando fe de las bases t\u00e9cnicas de un convenio estrat\u00e9gico que detonar\u00e1 el desarrollo conjunto de programas acad\u00e9micos, de actualizaci\u00f3n, servicio social y pr\u00e1cticas profesionales en beneficio de ambas comunidades.<\/p>\n<p>Con estas acciones, la BUAP y el TEEP refrendan su compromiso con la excelencia educativa, el desarrollo del derecho electoral y la vinculaci\u00f3n institucional en favor de la sociedad poblana.<\/p>\n","protected":false},"excerpt":{"rendered":"<p>La rectora Lilia Cedillo Ram\u00edrez y el magistrado presidente Israel Arg\u00fcello Boy encabezaron el acto protocolario. \u2022\u00a0\u00a0\u00a0\u00a0\u00a0\u00a0\u00a0\u00a0\u00a0 El acuerdo impulsar\u00e1 la colaboraci\u00f3n entre la m\u00e1xima casa de estudios y el organismo jurisdiccional en materia pol\u00edtico-electoral PUEBLA, PUE.\u2014 Con el objetivo de consolidar v\u00ednculos que beneficien la formaci\u00f3n acad\u00e9mica, la capacitaci\u00f3n especializada y el fortalecimiento de la cultura democr\u00e1tica en la entidad, la Benem\u00e9rita Universidad Aut\u00f3noma de Puebla (BUAP) y el Tribunal Electoral del Estado de Puebla (TEEP) formalizaron un convenio de colaboraci\u00f3n. La firma del acuerdo estuvo a cargo de la Dra. Mar\u00eda Lilia Cedillo Ram\u00edrez, rectora de la BUAP, y del Mtro. Israel Arg\u00fcello Boy, Magistrado Presidente del TEEP, quienes coincidieron en la importancia de vincular el conocimiento cient\u00edfico con la pr\u00e1ctica legal en&hellip;<\/p>\n<p class=\"excerpt-more\"><a class=\"blog-excerpt button\" href=\"https:\/\/www.aliadospuebla.com\/?p=115391\">Leer m\u00e1s&#8230;<\/a><\/p>\n","protected":false},"author":2,"featured_media":115392,"comment_status":"open","ping_status":"open","sticky":false,"template":"","format":"standard","meta":{"_monsterinsights_skip_tracking":false,"footnotes":""},"categories":[6,5],"tags":[653,558,990,18363,34247,20844,3430],"class_list":["post-115391","post","type-post","status-publish","format-standard","has-post-thumbnail","hentry","category-politica","category-universidades","tag-buap","tag-capacitacion","tag-firma-de-convenio","tag-formacion-academica","tag-lazos-institucionales","tag-maria-lilia-cedillo-ramirez","tag-teep"],"yoast_head":"<!-- This site is optimized with the Yoast SEO plugin v28.3 - https:\/\/yoast.com\/product\/yoast-seo-wordpress\/ -->\n<title>Fortalecen BUAP y TEEP lazos institucionales con firma de convenio - AliadosPuebla<\/title>\n<meta name=\"robots\" content=\"index, follow, max-snippet:-1, max-image-preview:large, max-video-preview:-1\" \/>\n<link rel=\"canonical\" href=\"https:\/\/www.aliadospuebla.com\/?p=115391\" \/>\n<meta property=\"og:locale\" content=\"es_ES\" \/>\n<meta property=\"og:type\" content=\"article\" \/>\n<meta property=\"og:title\" content=\"Fortalecen BUAP y TEEP lazos institucionales con firma de convenio - AliadosPuebla\" \/>\n<meta property=\"og:description\" content=\"La rectora Lilia Cedillo Ram\u00edrez y el magistrado presidente Israel Arg\u00fcello Boy encabezaron el acto protocolario. \u2022\u00a0\u00a0\u00a0\u00a0\u00a0\u00a0\u00a0\u00a0\u00a0 El acuerdo impulsar\u00e1 la colaboraci\u00f3n entre la m\u00e1xima casa de estudios y el organismo jurisdiccional en materia pol\u00edtico-electoral PUEBLA, PUE.\u2014 Con el objetivo de consolidar v\u00ednculos que beneficien la formaci\u00f3n acad\u00e9mica, la capacitaci\u00f3n especializada y el fortalecimiento de la cultura democr\u00e1tica en la entidad, la Benem\u00e9rita Universidad Aut\u00f3noma de Puebla (BUAP) y el Tribunal Electoral del Estado de Puebla (TEEP) formalizaron un convenio de colaboraci\u00f3n. La firma del acuerdo estuvo a cargo de la Dra. Mar\u00eda Lilia Cedillo Ram\u00edrez, rectora de la BUAP, y del Mtro. Israel Arg\u00fcello Boy, Magistrado Presidente del TEEP, quienes coincidieron en la importancia de vincular el conocimiento cient\u00edfico con la pr\u00e1ctica legal en&hellip;Leer m\u00e1s...\" \/>\n<meta property=\"og:url\" content=\"https:\/\/www.aliadospuebla.com\/?p=115391\" \/>\n<meta property=\"og:site_name\" content=\"AliadosPuebla\" \/>\n<meta property=\"article:author\" content=\"https:\/\/www.facebook.com\/Aliados17Pue\" \/>\n<meta property=\"article:published_time\" content=\"2026-07-12T03:31:21+00:00\" \/>\n<meta property=\"og:image\" content=\"https:\/\/www.aliadospuebla.com\/web2017\/wp-content\/uploads\/2026\/07\/258.jpg\" \/>\n\t<meta property=\"og:image:width\" content=\"600\" \/>\n\t<meta property=\"og:image:height\" content=\"450\" \/>\n\t<meta property=\"og:image:type\" content=\"image\/jpeg\" \/>\n<meta name=\"author\" content=\"Aliados17\" \/>\n<meta name=\"twitter:card\" content=\"summary_large_image\" \/>\n<meta name=\"twitter:creator\" content=\"@AliadosPuebla\" \/>\n<meta name=\"twitter:label1\" content=\"Escrito por\" \/>\n\t<meta name=\"twitter:data1\" content=\"Aliados17\" \/>\n\t<meta name=\"twitter:label2\" content=\"Tiempo de lectura\" \/>\n\t<meta name=\"twitter:data2\" content=\"2 minutos\" \/>\n<script type=\"application\/ld+json\" class=\"yoast-schema-graph\">{\"@context\":\"https:\\\/\\\/schema.org\",\"@graph\":[{\"@type\":\"Article\",\"@id\":\"https:\\\/\\\/www.aliadospuebla.com\\\/?p=115391#article\",\"isPartOf\":{\"@id\":\"https:\\\/\\\/www.aliadospuebla.com\\\/?p=115391\"},\"author\":{\"name\":\"Aliados17\",\"@id\":\"https:\\\/\\\/www.aliadospuebla.com\\\/#\\\/schema\\\/person\\\/5da7dd09320bd4f392b710017ed5f8ad\"},\"headline\":\"Fortalecen BUAP y TEEP lazos institucionales con firma de convenio\",\"datePublished\":\"2026-07-12T03:31:21+00:00\",\"mainEntityOfPage\":{\"@id\":\"https:\\\/\\\/www.aliadospuebla.com\\\/?p=115391\"},\"wordCount\":431,\"commentCount\":0,\"image\":{\"@id\":\"https:\\\/\\\/www.aliadospuebla.com\\\/?p=115391#primaryimage\"},\"thumbnailUrl\":\"https:\\\/\\\/www.aliadospuebla.com\\\/web2017\\\/wp-content\\\/uploads\\\/2026\\\/07\\\/258.jpg\",\"keywords\":[\"BUAP\",\"CAPACITACI\u00d3N\",\"FIRMA DE CONVENIO\",\"formaci\u00f3n acad\u00e9mica\",\"lazos institucionales\",\"Mar\u00eda Lilia Cedillo Ram\u00edrez\",\"TEEP\"],\"articleSection\":[\"Pol\u00edtica\",\"Universidades\"],\"inLanguage\":\"es\",\"potentialAction\":[{\"@type\":\"CommentAction\",\"name\":\"Comment\",\"target\":[\"https:\\\/\\\/www.aliadospuebla.com\\\/?p=115391#respond\"]}]},{\"@type\":\"WebPage\",\"@id\":\"https:\\\/\\\/www.aliadospuebla.com\\\/?p=115391\",\"url\":\"https:\\\/\\\/www.aliadospuebla.com\\\/?p=115391\",\"name\":\"Fortalecen BUAP y TEEP lazos institucionales con firma de convenio - AliadosPuebla\",\"isPartOf\":{\"@id\":\"https:\\\/\\\/www.aliadospuebla.com\\\/#website\"},\"primaryImageOfPage\":{\"@id\":\"https:\\\/\\\/www.aliadospuebla.com\\\/?p=115391#primaryimage\"},\"image\":{\"@id\":\"https:\\\/\\\/www.aliadospuebla.com\\\/?p=115391#primaryimage\"},\"thumbnailUrl\":\"https:\\\/\\\/www.aliadospuebla.com\\\/web2017\\\/wp-content\\\/uploads\\\/2026\\\/07\\\/258.jpg\",\"datePublished\":\"2026-07-12T03:31:21+00:00\",\"author\":{\"@id\":\"https:\\\/\\\/www.aliadospuebla.com\\\/#\\\/schema\\\/person\\\/5da7dd09320bd4f392b710017ed5f8ad\"},\"breadcrumb\":{\"@id\":\"https:\\\/\\\/www.aliadospuebla.com\\\/?p=115391#breadcrumb\"},\"inLanguage\":\"es\",\"potentialAction\":[{\"@type\":\"ReadAction\",\"target\":[\"https:\\\/\\\/www.aliadospuebla.com\\\/?p=115391\"]}]},{\"@type\":\"ImageObject\",\"inLanguage\":\"es\",\"@id\":\"https:\\\/\\\/www.aliadospuebla.com\\\/?p=115391#primaryimage\",\"url\":\"https:\\\/\\\/www.aliadospuebla.com\\\/web2017\\\/wp-content\\\/uploads\\\/2026\\\/07\\\/258.jpg\",\"contentUrl\":\"https:\\\/\\\/www.aliadospuebla.com\\\/web2017\\\/wp-content\\\/uploads\\\/2026\\\/07\\\/258.jpg\",\"width\":600,\"height\":450},{\"@type\":\"BreadcrumbList\",\"@id\":\"https:\\\/\\\/www.aliadospuebla.com\\\/?p=115391#breadcrumb\",\"itemListElement\":[{\"@type\":\"ListItem\",\"position\":1,\"name\":\"Portada\",\"item\":\"https:\\\/\\\/www.aliadospuebla.com\\\/\"},{\"@type\":\"ListItem\",\"position\":2,\"name\":\"Fortalecen BUAP y TEEP lazos institucionales con firma de convenio\"}]},{\"@type\":\"WebSite\",\"@id\":\"https:\\\/\\\/www.aliadospuebla.com\\\/#website\",\"url\":\"https:\\\/\\\/www.aliadospuebla.com\\\/\",\"name\":\"AliadosPuebla\",\"description\":\"La informaci\u00f3n en tus manos\",\"potentialAction\":[{\"@type\":\"SearchAction\",\"target\":{\"@type\":\"EntryPoint\",\"urlTemplate\":\"https:\\\/\\\/www.aliadospuebla.com\\\/?s={search_term_string}\"},\"query-input\":{\"@type\":\"PropertyValueSpecification\",\"valueRequired\":true,\"valueName\":\"search_term_string\"}}],\"inLanguage\":\"es\"},{\"@type\":\"Person\",\"@id\":\"https:\\\/\\\/www.aliadospuebla.com\\\/#\\\/schema\\\/person\\\/5da7dd09320bd4f392b710017ed5f8ad\",\"name\":\"Aliados17\",\"image\":{\"@type\":\"ImageObject\",\"inLanguage\":\"es\",\"@id\":\"https:\\\/\\\/www.aliadospuebla.com\\\/web2017\\\/wp-content\\\/uploads\\\/2025\\\/03\\\/cropped-para-perfil-8-anos-1-96x96.jpg\",\"url\":\"https:\\\/\\\/www.aliadospuebla.com\\\/web2017\\\/wp-content\\\/uploads\\\/2025\\\/03\\\/cropped-para-perfil-8-anos-1-96x96.jpg\",\"contentUrl\":\"https:\\\/\\\/www.aliadospuebla.com\\\/web2017\\\/wp-content\\\/uploads\\\/2025\\\/03\\\/cropped-para-perfil-8-anos-1-96x96.jpg\",\"caption\":\"Aliados17\"},\"sameAs\":[\"https:\\\/\\\/www.aliados17.com\",\"https:\\\/\\\/www.facebook.com\\\/Aliados17Pue\",\"https:\\\/\\\/x.com\\\/AliadosPuebla\"],\"url\":\"https:\\\/\\\/www.aliadospuebla.com\\\/?author=2\"}]}<\/script>\n<!-- \/ Yoast SEO plugin. -->","yoast_head_json":{"title":"Fortalecen BUAP y TEEP lazos institucionales con firma de convenio - AliadosPuebla","robots":{"index":"index","follow":"follow","max-snippet":"max-snippet:-1","max-image-preview":"max-image-preview:large","max-video-preview":"max-video-preview:-1"},"canonical":"https:\/\/www.aliadospuebla.com\/?p=115391","og_locale":"es_ES","og_type":"article","og_title":"Fortalecen BUAP y TEEP lazos institucionales con firma de convenio - AliadosPuebla","og_description":"La rectora Lilia Cedillo Ram\u00edrez y el magistrado presidente Israel Arg\u00fcello Boy encabezaron el acto protocolario. \u2022\u00a0\u00a0\u00a0\u00a0\u00a0\u00a0\u00a0\u00a0\u00a0 El acuerdo impulsar\u00e1 la colaboraci\u00f3n entre la m\u00e1xima casa de estudios y el organismo jurisdiccional en materia pol\u00edtico-electoral PUEBLA, PUE.\u2014 Con el objetivo de consolidar v\u00ednculos que beneficien la formaci\u00f3n acad\u00e9mica, la capacitaci\u00f3n especializada y el fortalecimiento de la cultura democr\u00e1tica en la entidad, la Benem\u00e9rita Universidad Aut\u00f3noma de Puebla (BUAP) y el Tribunal Electoral del Estado de Puebla (TEEP) formalizaron un convenio de colaboraci\u00f3n. La firma del acuerdo estuvo a cargo de la Dra. Mar\u00eda Lilia Cedillo Ram\u00edrez, rectora de la BUAP, y del Mtro. Israel Arg\u00fcello Boy, Magistrado Presidente del TEEP, quienes coincidieron en la importancia de vincular el conocimiento cient\u00edfico con la pr\u00e1ctica legal en&hellip;Leer m\u00e1s...","og_url":"https:\/\/www.aliadospuebla.com\/?p=115391","og_site_name":"AliadosPuebla","article_author":"https:\/\/www.facebook.com\/Aliados17Pue","article_published_time":"2026-07-12T03:31:21+00:00","og_image":[{"width":600,"height":450,"url":"https:\/\/www.aliadospuebla.com\/web2017\/wp-content\/uploads\/2026\/07\/258.jpg","type":"image\/jpeg"}],"author":"Aliados17","twitter_card":"summary_large_image","twitter_creator":"@AliadosPuebla","twitter_misc":{"Escrito por":"Aliados17","Tiempo de lectura":"2 minutos"},"schema":{"@context":"https:\/\/schema.org","@graph":[{"@type":"Article","@id":"https:\/\/www.aliadospuebla.com\/?p=115391#article","isPartOf":{"@id":"https:\/\/www.aliadospuebla.com\/?p=115391"},"author":{"name":"Aliados17","@id":"https:\/\/www.aliadospuebla.com\/#\/schema\/person\/5da7dd09320bd4f392b710017ed5f8ad"},"headline":"Fortalecen BUAP y TEEP lazos institucionales con firma de convenio","datePublished":"2026-07-12T03:31:21+00:00","mainEntityOfPage":{"@id":"https:\/\/www.aliadospuebla.com\/?p=115391"},"wordCount":431,"commentCount":0,"image":{"@id":"https:\/\/www.aliadospuebla.com\/?p=115391#primaryimage"},"thumbnailUrl":"https:\/\/www.aliadospuebla.com\/web2017\/wp-content\/uploads\/2026\/07\/258.jpg","keywords":["BUAP","CAPACITACI\u00d3N","FIRMA DE CONVENIO","formaci\u00f3n acad\u00e9mica","lazos institucionales","Mar\u00eda Lilia Cedillo Ram\u00edrez","TEEP"],"articleSection":["Pol\u00edtica","Universidades"],"inLanguage":"es","potentialAction":[{"@type":"CommentAction","name":"Comment","target":["https:\/\/www.aliadospuebla.com\/?p=115391#respond"]}]},{"@type":"WebPage","@id":"https:\/\/www.aliadospuebla.com\/?p=115391","url":"https:\/\/www.aliadospuebla.com\/?p=115391","name":"Fortalecen BUAP y TEEP lazos institucionales con firma de convenio - AliadosPuebla","isPartOf":{"@id":"https:\/\/www.aliadospuebla.com\/#website"},"primaryImageOfPage":{"@id":"https:\/\/www.aliadospuebla.com\/?p=115391#primaryimage"},"image":{"@id":"https:\/\/www.aliadospuebla.com\/?p=115391#primaryimage"},"thumbnailUrl":"https:\/\/www.aliadospuebla.com\/web2017\/wp-content\/uploads\/2026\/07\/258.jpg","datePublished":"2026-07-12T03:31:21+00:00","author":{"@id":"https:\/\/www.aliadospuebla.com\/#\/schema\/person\/5da7dd09320bd4f392b710017ed5f8ad"},"breadcrumb":{"@id":"https:\/\/www.aliadospuebla.com\/?p=115391#breadcrumb"},"inLanguage":"es","potentialAction":[{"@type":"ReadAction","target":["https:\/\/www.aliadospuebla.com\/?p=115391"]}]},{"@type":"ImageObject","inLanguage":"es","@id":"https:\/\/www.aliadospuebla.com\/?p=115391#primaryimage","url":"https:\/\/www.aliadospuebla.com\/web2017\/wp-content\/uploads\/2026\/07\/258.jpg","contentUrl":"https:\/\/www.aliadospuebla.com\/web2017\/wp-content\/uploads\/2026\/07\/258.jpg","width":600,"height":450},{"@type":"BreadcrumbList","@id":"https:\/\/www.aliadospuebla.com\/?p=115391#breadcrumb","itemListElement":[{"@type":"ListItem","position":1,"name":"Portada","item":"https:\/\/www.aliadospuebla.com\/"},{"@type":"ListItem","position":2,"name":"Fortalecen BUAP y TEEP lazos institucionales con firma de convenio"}]},{"@type":"WebSite","@id":"https:\/\/www.aliadospuebla.com\/#website","url":"https:\/\/www.aliadospuebla.com\/","name":"AliadosPuebla","description":"La informaci\u00f3n en tus manos","potentialAction":[{"@type":"SearchAction","target":{"@type":"EntryPoint","urlTemplate":"https:\/\/www.aliadospuebla.com\/?s={search_term_string}"},"query-input":{"@type":"PropertyValueSpecification","valueRequired":true,"valueName":"search_term_string"}}],"inLanguage":"es"},{"@type":"Person","@id":"https:\/\/www.aliadospuebla.com\/#\/schema\/person\/5da7dd09320bd4f392b710017ed5f8ad","name":"Aliados17","image":{"@type":"ImageObject","inLanguage":"es","@id":"https:\/\/www.aliadospuebla.com\/web2017\/wp-content\/uploads\/2025\/03\/cropped-para-perfil-8-anos-1-96x96.jpg","url":"https:\/\/www.aliadospuebla.com\/web2017\/wp-content\/uploads\/2025\/03\/cropped-para-perfil-8-anos-1-96x96.jpg","contentUrl":"https:\/\/www.aliadospuebla.com\/web2017\/wp-content\/uploads\/2025\/03\/cropped-para-perfil-8-anos-1-96x96.jpg","caption":"Aliados17"},"sameAs":["https:\/\/www.aliados17.com","https:\/\/www.facebook.com\/Aliados17Pue","https:\/\/x.com\/AliadosPuebla"],"url":"https:\/\/www.aliadospuebla.com\/?author=2"}]}},"views":19,"_links":{"self":[{"href":"https:\/\/www.aliadospuebla.com\/index.php?rest_route=\/wp\/v2\/posts\/115391","targetHints":{"allow":["GET"]}}],"collection":[{"href":"https:\/\/www.aliadospuebla.com\/index.php?rest_route=\/wp\/v2\/posts"}],"about":[{"href":"https:\/\/www.aliadospuebla.com\/index.php?rest_route=\/wp\/v2\/types\/post"}],"author":[{"embeddable":true,"href":"https:\/\/www.aliadospuebla.com\/index.php?rest_route=\/wp\/v2\/users\/2"}],"replies":[{"embeddable":true,"href":"https:\/\/www.aliadospuebla.com\/index.php?rest_route=%2Fwp%2Fv2%2Fcomments&post=115391"}],"version-history":[{"count":1,"href":"https:\/\/www.aliadospuebla.com\/index.php?rest_route=\/wp\/v2\/posts\/115391\/revisions"}],"predecessor-version":[{"id":115393,"href":"https:\/\/www.aliadospuebla.com\/index.php?rest_route=\/wp\/v2\/posts\/115391\/revisions\/115393"}],"wp:featuredmedia":[{"embeddable":true,"href":"https:\/\/www.aliadospuebla.com\/index.php?rest_route=\/wp\/v2\/media\/115392"}],"wp:attachment":[{"href":"https:\/\/www.aliadospuebla.com\/index.php?rest_route=%2Fwp%2Fv2%2Fmedia&parent=115391"}],"wp:term":[{"taxonomy":"category","embeddable":true,"href":"https:\/\/www.aliadospuebla.com\/index.php?rest_route=%2Fwp%2Fv2%2Fcategories&post=115391"},{"taxonomy":"post_tag","embeddable":true,"href":"https:\/\/www.aliadospuebla.com\/index.php?rest_route=%2Fwp%2Fv2%2Ftags&post=115391"}],"curies":[{"name":"wp","href":"https:\/\/api.w.org\/{rel}","templated":true}]}}