{"id":115377,"date":"2026-07-11T18:35:27","date_gmt":"2026-07-12T00:35:27","guid":{"rendered":"https:\/\/www.aliadospuebla.com\/?p=115377"},"modified":"2026-07-11T18:35:27","modified_gmt":"2026-07-12T00:35:27","slug":"con-las-brigadas-de-la-transformacion-tonantzin-fernandez-fortalece-el-desarrollo-de-san-pedro-cholula","status":"publish","type":"post","link":"https:\/\/www.aliadospuebla.com\/?p=115377","title":{"rendered":"Con las Brigadas de la Transformaci\u00f3n, Tonantzin Fern\u00e1ndez fortalece el desarrollo de San Pedro Cholula"},"content":{"rendered":"<h4>Supervisa el inicio de la rehabilitaci\u00f3n de la calle 3 Norte en Santiago Mixquitla y encabeza la recuperaci\u00f3n del Deportivo Olmeca en Santiago Momoxpan.<\/h4>\n<p>San Pedro Cholula, Pue.- Con el objetivo de seguir impulsando pol\u00edticas p\u00fablicas y acciones<\/p>\n<p>que mejoren la calidad de vida de las y los cholultecas, las Brigadas de la Transformaci\u00f3n<\/p>\n<p>contin\u00faan recorriendo el municipio para acercar bienestar integral a las familias,<\/p>\n<p>encabezadas por la presidenta municipal, Tonantzin Fern\u00e1ndez, en coordinaci\u00f3n<\/p>\n<p>con las diferentes \u00e1reas del Ayuntamiento.<\/p>\n<p>Como parte de estas acciones, dio inicio la supervisi\u00f3n de los trabajos de rehabilitaci\u00f3n<\/p>\n<p>de la calle 3 Norte, en el barrio de Santiago Mixquitla, donde se realizar\u00e1<\/p>\n<p>la sustituci\u00f3n de las redes de drenaje y agua potable, as\u00ed como la renovaci\u00f3n de la carpeta asf\u00e1ltica,<\/p>\n<p>guarniciones y banquetas. Esta obra beneficiar\u00e1 a miles de habitantes y visitantes<\/p>\n<p>que diariamente transitan por esta importante vialidad.<\/p>\n<p>Al respecto, Tonantzin Fern\u00e1ndez destac\u00f3 que su administraci\u00f3n ha comenzado con el paquete de obras p\u00fablicas programadas para este a\u00f1o, mediante el cual se atender\u00e1n todos los barrios de la cabecera municipal, adem\u00e1s de reforzar servicios esenciales como el alumbrado p\u00fablico, el mantenimiento de espacios p\u00fablicos y el mejoramiento de la infraestructura urbana.<\/p>\n<p>Como parte de la jornada, en la junta auxiliar de Santiago Momoxpan tambi\u00e9n se realizaron trabajos de rehabilitaci\u00f3n en el Deportivo Olmeca, un espacio destinado al deporte, la recreaci\u00f3n y la convivencia familiar, cuya intervenci\u00f3n fue ampliamente reconocida por las y los vecinos debido al deterioro que presentaba.<\/p>\n<p>Las labores incluyeron poda de pasto y \u00e1rboles, retiro de maleza, pintura de guarniciones, canchas y aparatos de ejercicio, rehabilitaci\u00f3n de bardas y muros, limpieza de las \u00e1reas comunes, as\u00ed como trabajos de bacheo en las calles aleda\u00f1as.<\/p>\n<p>Finalmente, la presidenta municipal afirm\u00f3 que estas acciones son resultado del trabajo coordinado entre gobierno y ciudadan\u00eda, fortaleciendo la participaci\u00f3n social para avanzar, de manera conjunta, en la transformaci\u00f3n integral de San Pedro Cholula y mejorar la calidad de vida de sus habitantes.<\/p>\n","protected":false},"excerpt":{"rendered":"<p>Supervisa el inicio de la rehabilitaci\u00f3n de la calle 3 Norte en Santiago Mixquitla y encabeza la recuperaci\u00f3n del Deportivo Olmeca en Santiago Momoxpan. San Pedro Cholula, Pue.- Con el objetivo de seguir impulsando pol\u00edticas p\u00fablicas y acciones que mejoren la calidad de vida de las y los cholultecas, las Brigadas de la Transformaci\u00f3n contin\u00faan recorriendo el municipio para acercar bienestar integral a las familias, encabezadas por la presidenta municipal, Tonantzin Fern\u00e1ndez, en coordinaci\u00f3n con las diferentes \u00e1reas del Ayuntamiento. Como parte de estas acciones, dio inicio la supervisi\u00f3n de los trabajos de rehabilitaci\u00f3n de la calle 3 Norte, en el barrio de Santiago Mixquitla, donde se realizar\u00e1 la sustituci\u00f3n de las redes de drenaje y agua potable, as\u00ed como la renovaci\u00f3n de la carpeta&hellip;<\/p>\n<p class=\"excerpt-more\"><a class=\"blog-excerpt button\" href=\"https:\/\/www.aliadospuebla.com\/?p=115377\">Leer m\u00e1s&#8230;<\/a><\/p>\n","protected":false},"author":2,"featured_media":115378,"comment_status":"open","ping_status":"open","sticky":false,"template":"","format":"standard","meta":{"_monsterinsights_skip_tracking":false,"footnotes":""},"categories":[4],"tags":[23036,34241,2052,7242,1076,7394],"class_list":["post-115377","post","type-post","status-publish","format-standard","has-post-thumbnail","hentry","category-municipios","tag-bienestar-integral","tag-brigadas-de-la-transformacion","tag-carpeta-asfaltica","tag-obras-publicas","tag-rehabilitacion","tag-tonantzin-fernandez"],"yoast_head":"<!-- This site is optimized with the Yoast SEO plugin v28.4 - https:\/\/yoast.com\/product\/yoast-seo-wordpress\/ -->\n<title>Con las Brigadas de la Transformaci\u00f3n, Tonantzin Fern\u00e1ndez fortalece el desarrollo de San Pedro Cholula - AliadosPuebla<\/title>\n<meta name=\"robots\" content=\"index, follow, max-snippet:-1, max-image-preview:large, max-video-preview:-1\" \/>\n<link rel=\"canonical\" href=\"https:\/\/www.aliadospuebla.com\/?p=115377\" \/>\n<meta property=\"og:locale\" content=\"es_ES\" \/>\n<meta property=\"og:type\" content=\"article\" \/>\n<meta property=\"og:title\" content=\"Con las Brigadas de la Transformaci\u00f3n, Tonantzin Fern\u00e1ndez fortalece el desarrollo de San Pedro Cholula - AliadosPuebla\" \/>\n<meta property=\"og:description\" content=\"Supervisa el inicio de la rehabilitaci\u00f3n de la calle 3 Norte en Santiago Mixquitla y encabeza la recuperaci\u00f3n del Deportivo Olmeca en Santiago Momoxpan. San Pedro Cholula, Pue.- Con el objetivo de seguir impulsando pol\u00edticas p\u00fablicas y acciones que mejoren la calidad de vida de las y los cholultecas, las Brigadas de la Transformaci\u00f3n contin\u00faan recorriendo el municipio para acercar bienestar integral a las familias, encabezadas por la presidenta municipal, Tonantzin Fern\u00e1ndez, en coordinaci\u00f3n con las diferentes \u00e1reas del Ayuntamiento. Como parte de estas acciones, dio inicio la supervisi\u00f3n de los trabajos de rehabilitaci\u00f3n de la calle 3 Norte, en el barrio de Santiago Mixquitla, donde se realizar\u00e1 la sustituci\u00f3n de las redes de drenaje y agua potable, as\u00ed como la renovaci\u00f3n de la carpeta&hellip;Leer m\u00e1s...\" \/>\n<meta property=\"og:url\" content=\"https:\/\/www.aliadospuebla.com\/?p=115377\" \/>\n<meta property=\"og:site_name\" content=\"AliadosPuebla\" \/>\n<meta property=\"article:author\" content=\"https:\/\/www.facebook.com\/Aliados17Pue\" \/>\n<meta property=\"article:published_time\" content=\"2026-07-12T00:35:27+00:00\" \/>\n<meta property=\"og:image\" content=\"https:\/\/www.aliadospuebla.com\/web2017\/wp-content\/uploads\/2026\/07\/254.jpg\" \/>\n\t<meta property=\"og:image:width\" content=\"600\" \/>\n\t<meta property=\"og:image:height\" content=\"450\" \/>\n\t<meta property=\"og:image:type\" content=\"image\/jpeg\" \/>\n<meta name=\"author\" content=\"Aliados17\" \/>\n<meta name=\"twitter:card\" content=\"summary_large_image\" \/>\n<meta name=\"twitter:creator\" content=\"@AliadosPuebla\" \/>\n<meta name=\"twitter:label1\" content=\"Escrito por\" \/>\n\t<meta name=\"twitter:data1\" content=\"Aliados17\" \/>\n\t<meta name=\"twitter:label2\" content=\"Tiempo de lectura\" \/>\n\t<meta name=\"twitter:data2\" content=\"2 minutos\" \/>\n<script type=\"application\/ld+json\" class=\"yoast-schema-graph\">{\"@context\":\"https:\\\/\\\/schema.org\",\"@graph\":[{\"@type\":\"Article\",\"@id\":\"https:\\\/\\\/www.aliadospuebla.com\\\/?p=115377#article\",\"isPartOf\":{\"@id\":\"https:\\\/\\\/www.aliadospuebla.com\\\/?p=115377\"},\"author\":{\"name\":\"Aliados17\",\"@id\":\"https:\\\/\\\/www.aliadospuebla.com\\\/#\\\/schema\\\/person\\\/5da7dd09320bd4f392b710017ed5f8ad\"},\"headline\":\"Con las Brigadas de la Transformaci\u00f3n, Tonantzin Fern\u00e1ndez fortalece el desarrollo de San Pedro Cholula\",\"datePublished\":\"2026-07-12T00:35:27+00:00\",\"mainEntityOfPage\":{\"@id\":\"https:\\\/\\\/www.aliadospuebla.com\\\/?p=115377\"},\"wordCount\":373,\"commentCount\":0,\"image\":{\"@id\":\"https:\\\/\\\/www.aliadospuebla.com\\\/?p=115377#primaryimage\"},\"thumbnailUrl\":\"https:\\\/\\\/www.aliadospuebla.com\\\/web2017\\\/wp-content\\\/uploads\\\/2026\\\/07\\\/254.jpg\",\"keywords\":[\"bienestar integral\",\"Brigadas de la Transformaci\u00f3n\",\"CARPETA ASF\u00c1LTICA\",\"OBRAS P\u00daBLICAS\",\"REHABILITACI\u00d3N\",\"TONANTZIN FERN\u00c1NDEZ\"],\"articleSection\":[\"Municipios\"],\"inLanguage\":\"es\",\"potentialAction\":[{\"@type\":\"CommentAction\",\"name\":\"Comment\",\"target\":[\"https:\\\/\\\/www.aliadospuebla.com\\\/?p=115377#respond\"]}]},{\"@type\":\"WebPage\",\"@id\":\"https:\\\/\\\/www.aliadospuebla.com\\\/?p=115377\",\"url\":\"https:\\\/\\\/www.aliadospuebla.com\\\/?p=115377\",\"name\":\"Con las Brigadas de la Transformaci\u00f3n, Tonantzin Fern\u00e1ndez fortalece el desarrollo de San Pedro Cholula - AliadosPuebla\",\"isPartOf\":{\"@id\":\"https:\\\/\\\/www.aliadospuebla.com\\\/#website\"},\"primaryImageOfPage\":{\"@id\":\"https:\\\/\\\/www.aliadospuebla.com\\\/?p=115377#primaryimage\"},\"image\":{\"@id\":\"https:\\\/\\\/www.aliadospuebla.com\\\/?p=115377#primaryimage\"},\"thumbnailUrl\":\"https:\\\/\\\/www.aliadospuebla.com\\\/web2017\\\/wp-content\\\/uploads\\\/2026\\\/07\\\/254.jpg\",\"datePublished\":\"2026-07-12T00:35:27+00:00\",\"author\":{\"@id\":\"https:\\\/\\\/www.aliadospuebla.com\\\/#\\\/schema\\\/person\\\/5da7dd09320bd4f392b710017ed5f8ad\"},\"breadcrumb\":{\"@id\":\"https:\\\/\\\/www.aliadospuebla.com\\\/?p=115377#breadcrumb\"},\"inLanguage\":\"es\",\"potentialAction\":[{\"@type\":\"ReadAction\",\"target\":[\"https:\\\/\\\/www.aliadospuebla.com\\\/?p=115377\"]}]},{\"@type\":\"ImageObject\",\"inLanguage\":\"es\",\"@id\":\"https:\\\/\\\/www.aliadospuebla.com\\\/?p=115377#primaryimage\",\"url\":\"https:\\\/\\\/www.aliadospuebla.com\\\/web2017\\\/wp-content\\\/uploads\\\/2026\\\/07\\\/254.jpg\",\"contentUrl\":\"https:\\\/\\\/www.aliadospuebla.com\\\/web2017\\\/wp-content\\\/uploads\\\/2026\\\/07\\\/254.jpg\",\"width\":600,\"height\":450},{\"@type\":\"BreadcrumbList\",\"@id\":\"https:\\\/\\\/www.aliadospuebla.com\\\/?p=115377#breadcrumb\",\"itemListElement\":[{\"@type\":\"ListItem\",\"position\":1,\"name\":\"Portada\",\"item\":\"https:\\\/\\\/www.aliadospuebla.com\\\/\"},{\"@type\":\"ListItem\",\"position\":2,\"name\":\"Con las Brigadas de la Transformaci\u00f3n, Tonantzin Fern\u00e1ndez fortalece el desarrollo de San Pedro Cholula\"}]},{\"@type\":\"WebSite\",\"@id\":\"https:\\\/\\\/www.aliadospuebla.com\\\/#website\",\"url\":\"https:\\\/\\\/www.aliadospuebla.com\\\/\",\"name\":\"AliadosPuebla\",\"description\":\"La informaci\u00f3n en tus manos\",\"potentialAction\":[{\"@type\":\"SearchAction\",\"target\":{\"@type\":\"EntryPoint\",\"urlTemplate\":\"https:\\\/\\\/www.aliadospuebla.com\\\/?s={search_term_string}\"},\"query-input\":{\"@type\":\"PropertyValueSpecification\",\"valueRequired\":true,\"valueName\":\"search_term_string\"}}],\"inLanguage\":\"es\"},{\"@type\":\"Person\",\"@id\":\"https:\\\/\\\/www.aliadospuebla.com\\\/#\\\/schema\\\/person\\\/5da7dd09320bd4f392b710017ed5f8ad\",\"name\":\"Aliados17\",\"image\":{\"@type\":\"ImageObject\",\"inLanguage\":\"es\",\"@id\":\"https:\\\/\\\/www.aliadospuebla.com\\\/web2017\\\/wp-content\\\/uploads\\\/2025\\\/03\\\/cropped-para-perfil-8-anos-1-96x96.jpg\",\"url\":\"https:\\\/\\\/www.aliadospuebla.com\\\/web2017\\\/wp-content\\\/uploads\\\/2025\\\/03\\\/cropped-para-perfil-8-anos-1-96x96.jpg\",\"contentUrl\":\"https:\\\/\\\/www.aliadospuebla.com\\\/web2017\\\/wp-content\\\/uploads\\\/2025\\\/03\\\/cropped-para-perfil-8-anos-1-96x96.jpg\",\"caption\":\"Aliados17\"},\"sameAs\":[\"https:\\\/\\\/www.aliados17.com\",\"https:\\\/\\\/www.facebook.com\\\/Aliados17Pue\",\"https:\\\/\\\/x.com\\\/AliadosPuebla\"],\"url\":\"https:\\\/\\\/www.aliadospuebla.com\\\/?author=2\"}]}<\/script>\n<!-- \/ Yoast SEO plugin. -->","yoast_head_json":{"title":"Con las Brigadas de la Transformaci\u00f3n, Tonantzin Fern\u00e1ndez fortalece el desarrollo de San Pedro Cholula - AliadosPuebla","robots":{"index":"index","follow":"follow","max-snippet":"max-snippet:-1","max-image-preview":"max-image-preview:large","max-video-preview":"max-video-preview:-1"},"canonical":"https:\/\/www.aliadospuebla.com\/?p=115377","og_locale":"es_ES","og_type":"article","og_title":"Con las Brigadas de la Transformaci\u00f3n, Tonantzin Fern\u00e1ndez fortalece el desarrollo de San Pedro Cholula - AliadosPuebla","og_description":"Supervisa el inicio de la rehabilitaci\u00f3n de la calle 3 Norte en Santiago Mixquitla y encabeza la recuperaci\u00f3n del Deportivo Olmeca en Santiago Momoxpan. San Pedro Cholula, Pue.- Con el objetivo de seguir impulsando pol\u00edticas p\u00fablicas y acciones que mejoren la calidad de vida de las y los cholultecas, las Brigadas de la Transformaci\u00f3n contin\u00faan recorriendo el municipio para acercar bienestar integral a las familias, encabezadas por la presidenta municipal, Tonantzin Fern\u00e1ndez, en coordinaci\u00f3n con las diferentes \u00e1reas del Ayuntamiento. Como parte de estas acciones, dio inicio la supervisi\u00f3n de los trabajos de rehabilitaci\u00f3n de la calle 3 Norte, en el barrio de Santiago Mixquitla, donde se realizar\u00e1 la sustituci\u00f3n de las redes de drenaje y agua potable, as\u00ed como la renovaci\u00f3n de la carpeta&hellip;Leer m\u00e1s...","og_url":"https:\/\/www.aliadospuebla.com\/?p=115377","og_site_name":"AliadosPuebla","article_author":"https:\/\/www.facebook.com\/Aliados17Pue","article_published_time":"2026-07-12T00:35:27+00:00","og_image":[{"width":600,"height":450,"url":"https:\/\/www.aliadospuebla.com\/web2017\/wp-content\/uploads\/2026\/07\/254.jpg","type":"image\/jpeg"}],"author":"Aliados17","twitter_card":"summary_large_image","twitter_creator":"@AliadosPuebla","twitter_misc":{"Escrito por":"Aliados17","Tiempo de lectura":"2 minutos"},"schema":{"@context":"https:\/\/schema.org","@graph":[{"@type":"Article","@id":"https:\/\/www.aliadospuebla.com\/?p=115377#article","isPartOf":{"@id":"https:\/\/www.aliadospuebla.com\/?p=115377"},"author":{"name":"Aliados17","@id":"https:\/\/www.aliadospuebla.com\/#\/schema\/person\/5da7dd09320bd4f392b710017ed5f8ad"},"headline":"Con las Brigadas de la Transformaci\u00f3n, Tonantzin Fern\u00e1ndez fortalece el desarrollo de San Pedro Cholula","datePublished":"2026-07-12T00:35:27+00:00","mainEntityOfPage":{"@id":"https:\/\/www.aliadospuebla.com\/?p=115377"},"wordCount":373,"commentCount":0,"image":{"@id":"https:\/\/www.aliadospuebla.com\/?p=115377#primaryimage"},"thumbnailUrl":"https:\/\/www.aliadospuebla.com\/web2017\/wp-content\/uploads\/2026\/07\/254.jpg","keywords":["bienestar integral","Brigadas de la Transformaci\u00f3n","CARPETA ASF\u00c1LTICA","OBRAS P\u00daBLICAS","REHABILITACI\u00d3N","TONANTZIN FERN\u00c1NDEZ"],"articleSection":["Municipios"],"inLanguage":"es","potentialAction":[{"@type":"CommentAction","name":"Comment","target":["https:\/\/www.aliadospuebla.com\/?p=115377#respond"]}]},{"@type":"WebPage","@id":"https:\/\/www.aliadospuebla.com\/?p=115377","url":"https:\/\/www.aliadospuebla.com\/?p=115377","name":"Con las Brigadas de la Transformaci\u00f3n, Tonantzin Fern\u00e1ndez fortalece el desarrollo de San Pedro Cholula - AliadosPuebla","isPartOf":{"@id":"https:\/\/www.aliadospuebla.com\/#website"},"primaryImageOfPage":{"@id":"https:\/\/www.aliadospuebla.com\/?p=115377#primaryimage"},"image":{"@id":"https:\/\/www.aliadospuebla.com\/?p=115377#primaryimage"},"thumbnailUrl":"https:\/\/www.aliadospuebla.com\/web2017\/wp-content\/uploads\/2026\/07\/254.jpg","datePublished":"2026-07-12T00:35:27+00:00","author":{"@id":"https:\/\/www.aliadospuebla.com\/#\/schema\/person\/5da7dd09320bd4f392b710017ed5f8ad"},"breadcrumb":{"@id":"https:\/\/www.aliadospuebla.com\/?p=115377#breadcrumb"},"inLanguage":"es","potentialAction":[{"@type":"ReadAction","target":["https:\/\/www.aliadospuebla.com\/?p=115377"]}]},{"@type":"ImageObject","inLanguage":"es","@id":"https:\/\/www.aliadospuebla.com\/?p=115377#primaryimage","url":"https:\/\/www.aliadospuebla.com\/web2017\/wp-content\/uploads\/2026\/07\/254.jpg","contentUrl":"https:\/\/www.aliadospuebla.com\/web2017\/wp-content\/uploads\/2026\/07\/254.jpg","width":600,"height":450},{"@type":"BreadcrumbList","@id":"https:\/\/www.aliadospuebla.com\/?p=115377#breadcrumb","itemListElement":[{"@type":"ListItem","position":1,"name":"Portada","item":"https:\/\/www.aliadospuebla.com\/"},{"@type":"ListItem","position":2,"name":"Con las Brigadas de la Transformaci\u00f3n, Tonantzin Fern\u00e1ndez fortalece el desarrollo de San Pedro Cholula"}]},{"@type":"WebSite","@id":"https:\/\/www.aliadospuebla.com\/#website","url":"https:\/\/www.aliadospuebla.com\/","name":"AliadosPuebla","description":"La informaci\u00f3n en tus manos","potentialAction":[{"@type":"SearchAction","target":{"@type":"EntryPoint","urlTemplate":"https:\/\/www.aliadospuebla.com\/?s={search_term_string}"},"query-input":{"@type":"PropertyValueSpecification","valueRequired":true,"valueName":"search_term_string"}}],"inLanguage":"es"},{"@type":"Person","@id":"https:\/\/www.aliadospuebla.com\/#\/schema\/person\/5da7dd09320bd4f392b710017ed5f8ad","name":"Aliados17","image":{"@type":"ImageObject","inLanguage":"es","@id":"https:\/\/www.aliadospuebla.com\/web2017\/wp-content\/uploads\/2025\/03\/cropped-para-perfil-8-anos-1-96x96.jpg","url":"https:\/\/www.aliadospuebla.com\/web2017\/wp-content\/uploads\/2025\/03\/cropped-para-perfil-8-anos-1-96x96.jpg","contentUrl":"https:\/\/www.aliadospuebla.com\/web2017\/wp-content\/uploads\/2025\/03\/cropped-para-perfil-8-anos-1-96x96.jpg","caption":"Aliados17"},"sameAs":["https:\/\/www.aliados17.com","https:\/\/www.facebook.com\/Aliados17Pue","https:\/\/x.com\/AliadosPuebla"],"url":"https:\/\/www.aliadospuebla.com\/?author=2"}]}},"views":13,"_links":{"self":[{"href":"https:\/\/www.aliadospuebla.com\/index.php?rest_route=\/wp\/v2\/posts\/115377","targetHints":{"allow":["GET"]}}],"collection":[{"href":"https:\/\/www.aliadospuebla.com\/index.php?rest_route=\/wp\/v2\/posts"}],"about":[{"href":"https:\/\/www.aliadospuebla.com\/index.php?rest_route=\/wp\/v2\/types\/post"}],"author":[{"embeddable":true,"href":"https:\/\/www.aliadospuebla.com\/index.php?rest_route=\/wp\/v2\/users\/2"}],"replies":[{"embeddable":true,"href":"https:\/\/www.aliadospuebla.com\/index.php?rest_route=%2Fwp%2Fv2%2Fcomments&post=115377"}],"version-history":[{"count":1,"href":"https:\/\/www.aliadospuebla.com\/index.php?rest_route=\/wp\/v2\/posts\/115377\/revisions"}],"predecessor-version":[{"id":115379,"href":"https:\/\/www.aliadospuebla.com\/index.php?rest_route=\/wp\/v2\/posts\/115377\/revisions\/115379"}],"wp:featuredmedia":[{"embeddable":true,"href":"https:\/\/www.aliadospuebla.com\/index.php?rest_route=\/wp\/v2\/media\/115378"}],"wp:attachment":[{"href":"https:\/\/www.aliadospuebla.com\/index.php?rest_route=%2Fwp%2Fv2%2Fmedia&parent=115377"}],"wp:term":[{"taxonomy":"category","embeddable":true,"href":"https:\/\/www.aliadospuebla.com\/index.php?rest_route=%2Fwp%2Fv2%2Fcategories&post=115377"},{"taxonomy":"post_tag","embeddable":true,"href":"https:\/\/www.aliadospuebla.com\/index.php?rest_route=%2Fwp%2Fv2%2Ftags&post=115377"}],"curies":[{"name":"wp","href":"https:\/\/api.w.org\/{rel}","templated":true}]}}