{"id":115374,"date":"2026-07-10T18:00:55","date_gmt":"2026-07-11T00:00:55","guid":{"rendered":"https:\/\/www.aliadospuebla.com\/?p=115374"},"modified":"2026-07-11T18:23:05","modified_gmt":"2026-07-12T00:23:05","slug":"a-traves-de-la-feria-del-molote-impulsa-tonantzin-fernandez-la-gastronomia-y-el-turismo","status":"publish","type":"post","link":"https:\/\/www.aliadospuebla.com\/?p=115374","title":{"rendered":"A trav\u00e9s de la Feria del Molote, impulsa Tonantzin Fern\u00e1ndez la gastronom\u00eda y el turismo"},"content":{"rendered":"<h4>La presidenta municipal inaugur\u00f3 la d\u00e9cimo cuarta edici\u00f3n de esta tradici\u00f3n culinaria<\/h4>\n<p>San Pedro Cholula, Pue. \u2013 Con el objetivo de fortalecer el turismo, el comercio y la econom\u00eda local,<\/p>\n<p>la presidenta municipal de San Pedro Cholula, Tonantzin Fern\u00e1ndez,<\/p>\n<p>encabez\u00f3 el corte del list\u00f3n inaugural de la d\u00e9cimo cuarta Feria del Molote,<\/p>\n<p>la cual se llevar\u00e1 a cabo del 10 al 12 de julio, invitando a cholultecas y visitantes<\/p>\n<p>a disfrutar de la gran variedad de sabores que ofrece este tradicional platillo.<\/p>\n<p>En su intervenci\u00f3n, la secretaria de Turismo, Cultura y Desarrollo Econ\u00f3mico, Nohem\u00ed Luna,<\/p>\n<p>destac\u00f3 que el Gobierno Municipal trabaja de manera permanente para promover a San Pedro Cholula<\/p>\n<p>como un destino tur\u00edstico y gastron\u00f3mico de primer nivel, impulsando su riqueza cultural<\/p>\n<p>y culinaria a nivel estatal y nacional, lo que ha permitido consolidar el \u00e9xito de este tipo de eventos.<\/p>\n<p>Por su parte, Tonantzin Fern\u00e1ndez se\u00f1al\u00f3 que la realizaci\u00f3n de esta d\u00e9cimo cuarta edici\u00f3n<\/p>\n<p>de la Feria del Molote es resultado de la suma de esfuerzos entre el Gobierno Municipal,<\/p>\n<p>las productoras y expositoras, as\u00ed como de las y los cholultecas que preservan esta tradici\u00f3n y de quienes visitan el municipio para disfrutar de su gastronom\u00eda.<\/p>\n<p>Asimismo, invit\u00f3 a las familias a recorrer la feria durante este fin de semana y degustar los distintos tipos de molotes, cuyos precios van de 50 a 200 pesos, con rellenos tradicionales como tinga, queso, papa y reques\u00f3n, adem\u00e1s de opciones especiales como pulpo, camar\u00f3n, huitlacoche y tres quesos, entre otros.<\/p>\n<p>Finalmente, la presidenta municipal exhort\u00f3 a la ciudadan\u00eda y a las y los turistas a visitar este espacio, donde adem\u00e1s podr\u00e1n encontrar nieves artesanales, bebidas de cacao, aguas frescas, artesan\u00edas y un foro art\u00edstico con presentaciones culturales para disfrutar en un ambiente familiar, reafirmando el compromiso de su administraci\u00f3n de seguir posicionando a San Pedro Cholula como uno de los principales referentes tur\u00edsticos, culturales y gastron\u00f3micos de Puebla y de M\u00e9xico.<\/p>\n","protected":false},"excerpt":{"rendered":"<p>La presidenta municipal inaugur\u00f3 la d\u00e9cimo cuarta edici\u00f3n de esta tradici\u00f3n culinaria San Pedro Cholula, Pue. \u2013 Con el objetivo de fortalecer el turismo, el comercio y la econom\u00eda local, la presidenta municipal de San Pedro Cholula, Tonantzin Fern\u00e1ndez, encabez\u00f3 el corte del list\u00f3n inaugural de la d\u00e9cimo cuarta Feria del Molote, la cual se llevar\u00e1 a cabo del 10 al 12 de julio, invitando a cholultecas y visitantes a disfrutar de la gran variedad de sabores que ofrece este tradicional platillo. En su intervenci\u00f3n, la secretaria de Turismo, Cultura y Desarrollo Econ\u00f3mico, Nohem\u00ed Luna, destac\u00f3 que el Gobierno Municipal trabaja de manera permanente para promover a San Pedro Cholula como un destino tur\u00edstico y gastron\u00f3mico de primer nivel, impulsando su riqueza cultural y culinaria&hellip;<\/p>\n<p class=\"excerpt-more\"><a class=\"blog-excerpt button\" href=\"https:\/\/www.aliadospuebla.com\/?p=115374\">Leer m\u00e1s&#8230;<\/a><\/p>\n","protected":false},"author":2,"featured_media":115375,"comment_status":"open","ping_status":"open","sticky":false,"template":"","format":"standard","meta":{"_monsterinsights_skip_tracking":false,"footnotes":""},"categories":[4],"tags":[19526,4934,292,23314,21336,387,7394],"class_list":["post-115374","post","type-post","status-publish","format-standard","has-post-thumbnail","hentry","category-municipios","tag-feria-del-molote","tag-foro-artistico","tag-gastronomia","tag-nohemi-luna","tag-productoras","tag-san-pedro-cholula","tag-tonantzin-fernandez"],"yoast_head":"<!-- This site is optimized with the Yoast SEO plugin v28.4 - https:\/\/yoast.com\/product\/yoast-seo-wordpress\/ -->\n<title>A trav\u00e9s de la Feria del Molote, impulsa Tonantzin Fern\u00e1ndez la gastronom\u00eda y el turismo - AliadosPuebla<\/title>\n<meta name=\"robots\" content=\"index, follow, max-snippet:-1, max-image-preview:large, max-video-preview:-1\" \/>\n<link rel=\"canonical\" href=\"https:\/\/www.aliadospuebla.com\/?p=115374\" \/>\n<meta property=\"og:locale\" content=\"es_ES\" \/>\n<meta property=\"og:type\" content=\"article\" \/>\n<meta property=\"og:title\" content=\"A trav\u00e9s de la Feria del Molote, impulsa Tonantzin Fern\u00e1ndez la gastronom\u00eda y el turismo - AliadosPuebla\" \/>\n<meta property=\"og:description\" content=\"La presidenta municipal inaugur\u00f3 la d\u00e9cimo cuarta edici\u00f3n de esta tradici\u00f3n culinaria San Pedro Cholula, Pue. \u2013 Con el objetivo de fortalecer el turismo, el comercio y la econom\u00eda local, la presidenta municipal de San Pedro Cholula, Tonantzin Fern\u00e1ndez, encabez\u00f3 el corte del list\u00f3n inaugural de la d\u00e9cimo cuarta Feria del Molote, la cual se llevar\u00e1 a cabo del 10 al 12 de julio, invitando a cholultecas y visitantes a disfrutar de la gran variedad de sabores que ofrece este tradicional platillo. En su intervenci\u00f3n, la secretaria de Turismo, Cultura y Desarrollo Econ\u00f3mico, Nohem\u00ed Luna, destac\u00f3 que el Gobierno Municipal trabaja de manera permanente para promover a San Pedro Cholula como un destino tur\u00edstico y gastron\u00f3mico de primer nivel, impulsando su riqueza cultural y culinaria&hellip;Leer m\u00e1s...\" \/>\n<meta property=\"og:url\" content=\"https:\/\/www.aliadospuebla.com\/?p=115374\" \/>\n<meta property=\"og:site_name\" content=\"AliadosPuebla\" \/>\n<meta property=\"article:author\" content=\"https:\/\/www.facebook.com\/Aliados17Pue\" \/>\n<meta property=\"article:published_time\" content=\"2026-07-11T00:00:55+00:00\" \/>\n<meta property=\"article:modified_time\" content=\"2026-07-12T00:23:05+00:00\" \/>\n<meta property=\"og:image\" content=\"https:\/\/www.aliadospuebla.com\/web2017\/wp-content\/uploads\/2026\/07\/253.jpg\" \/>\n\t<meta property=\"og:image:width\" content=\"600\" \/>\n\t<meta property=\"og:image:height\" content=\"450\" \/>\n\t<meta property=\"og:image:type\" content=\"image\/jpeg\" \/>\n<meta name=\"author\" content=\"Aliados17\" \/>\n<meta name=\"twitter:card\" content=\"summary_large_image\" \/>\n<meta name=\"twitter:creator\" content=\"@AliadosPuebla\" \/>\n<meta name=\"twitter:label1\" content=\"Escrito por\" \/>\n\t<meta name=\"twitter:data1\" content=\"Aliados17\" \/>\n\t<meta name=\"twitter:label2\" content=\"Tiempo de lectura\" \/>\n\t<meta name=\"twitter:data2\" content=\"2 minutos\" \/>\n<script type=\"application\/ld+json\" class=\"yoast-schema-graph\">{\"@context\":\"https:\\\/\\\/schema.org\",\"@graph\":[{\"@type\":\"Article\",\"@id\":\"https:\\\/\\\/www.aliadospuebla.com\\\/?p=115374#article\",\"isPartOf\":{\"@id\":\"https:\\\/\\\/www.aliadospuebla.com\\\/?p=115374\"},\"author\":{\"name\":\"Aliados17\",\"@id\":\"https:\\\/\\\/www.aliadospuebla.com\\\/#\\\/schema\\\/person\\\/5da7dd09320bd4f392b710017ed5f8ad\"},\"headline\":\"A trav\u00e9s de la Feria del Molote, impulsa Tonantzin Fern\u00e1ndez la gastronom\u00eda y el turismo\",\"datePublished\":\"2026-07-11T00:00:55+00:00\",\"dateModified\":\"2026-07-12T00:23:05+00:00\",\"mainEntityOfPage\":{\"@id\":\"https:\\\/\\\/www.aliadospuebla.com\\\/?p=115374\"},\"wordCount\":363,\"commentCount\":0,\"image\":{\"@id\":\"https:\\\/\\\/www.aliadospuebla.com\\\/?p=115374#primaryimage\"},\"thumbnailUrl\":\"https:\\\/\\\/www.aliadospuebla.com\\\/web2017\\\/wp-content\\\/uploads\\\/2026\\\/07\\\/253.jpg\",\"keywords\":[\"feria del molote\",\"FORO ART\u00cdSTICO\",\"gastronom\u00eda\",\"Nohem\u00ed Luna\",\"productoras\",\"SAN PEDRO CHOLULA\",\"TONANTZIN FERN\u00c1NDEZ\"],\"articleSection\":[\"Municipios\"],\"inLanguage\":\"es\",\"potentialAction\":[{\"@type\":\"CommentAction\",\"name\":\"Comment\",\"target\":[\"https:\\\/\\\/www.aliadospuebla.com\\\/?p=115374#respond\"]}]},{\"@type\":\"WebPage\",\"@id\":\"https:\\\/\\\/www.aliadospuebla.com\\\/?p=115374\",\"url\":\"https:\\\/\\\/www.aliadospuebla.com\\\/?p=115374\",\"name\":\"A trav\u00e9s de la Feria del Molote, impulsa Tonantzin Fern\u00e1ndez la gastronom\u00eda y el turismo - AliadosPuebla\",\"isPartOf\":{\"@id\":\"https:\\\/\\\/www.aliadospuebla.com\\\/#website\"},\"primaryImageOfPage\":{\"@id\":\"https:\\\/\\\/www.aliadospuebla.com\\\/?p=115374#primaryimage\"},\"image\":{\"@id\":\"https:\\\/\\\/www.aliadospuebla.com\\\/?p=115374#primaryimage\"},\"thumbnailUrl\":\"https:\\\/\\\/www.aliadospuebla.com\\\/web2017\\\/wp-content\\\/uploads\\\/2026\\\/07\\\/253.jpg\",\"datePublished\":\"2026-07-11T00:00:55+00:00\",\"dateModified\":\"2026-07-12T00:23:05+00:00\",\"author\":{\"@id\":\"https:\\\/\\\/www.aliadospuebla.com\\\/#\\\/schema\\\/person\\\/5da7dd09320bd4f392b710017ed5f8ad\"},\"breadcrumb\":{\"@id\":\"https:\\\/\\\/www.aliadospuebla.com\\\/?p=115374#breadcrumb\"},\"inLanguage\":\"es\",\"potentialAction\":[{\"@type\":\"ReadAction\",\"target\":[\"https:\\\/\\\/www.aliadospuebla.com\\\/?p=115374\"]}]},{\"@type\":\"ImageObject\",\"inLanguage\":\"es\",\"@id\":\"https:\\\/\\\/www.aliadospuebla.com\\\/?p=115374#primaryimage\",\"url\":\"https:\\\/\\\/www.aliadospuebla.com\\\/web2017\\\/wp-content\\\/uploads\\\/2026\\\/07\\\/253.jpg\",\"contentUrl\":\"https:\\\/\\\/www.aliadospuebla.com\\\/web2017\\\/wp-content\\\/uploads\\\/2026\\\/07\\\/253.jpg\",\"width\":600,\"height\":450},{\"@type\":\"BreadcrumbList\",\"@id\":\"https:\\\/\\\/www.aliadospuebla.com\\\/?p=115374#breadcrumb\",\"itemListElement\":[{\"@type\":\"ListItem\",\"position\":1,\"name\":\"Portada\",\"item\":\"https:\\\/\\\/www.aliadospuebla.com\\\/\"},{\"@type\":\"ListItem\",\"position\":2,\"name\":\"A trav\u00e9s de la Feria del Molote, impulsa Tonantzin Fern\u00e1ndez la gastronom\u00eda y el turismo\"}]},{\"@type\":\"WebSite\",\"@id\":\"https:\\\/\\\/www.aliadospuebla.com\\\/#website\",\"url\":\"https:\\\/\\\/www.aliadospuebla.com\\\/\",\"name\":\"AliadosPuebla\",\"description\":\"La informaci\u00f3n en tus manos\",\"potentialAction\":[{\"@type\":\"SearchAction\",\"target\":{\"@type\":\"EntryPoint\",\"urlTemplate\":\"https:\\\/\\\/www.aliadospuebla.com\\\/?s={search_term_string}\"},\"query-input\":{\"@type\":\"PropertyValueSpecification\",\"valueRequired\":true,\"valueName\":\"search_term_string\"}}],\"inLanguage\":\"es\"},{\"@type\":\"Person\",\"@id\":\"https:\\\/\\\/www.aliadospuebla.com\\\/#\\\/schema\\\/person\\\/5da7dd09320bd4f392b710017ed5f8ad\",\"name\":\"Aliados17\",\"image\":{\"@type\":\"ImageObject\",\"inLanguage\":\"es\",\"@id\":\"https:\\\/\\\/www.aliadospuebla.com\\\/web2017\\\/wp-content\\\/uploads\\\/2025\\\/03\\\/cropped-para-perfil-8-anos-1-96x96.jpg\",\"url\":\"https:\\\/\\\/www.aliadospuebla.com\\\/web2017\\\/wp-content\\\/uploads\\\/2025\\\/03\\\/cropped-para-perfil-8-anos-1-96x96.jpg\",\"contentUrl\":\"https:\\\/\\\/www.aliadospuebla.com\\\/web2017\\\/wp-content\\\/uploads\\\/2025\\\/03\\\/cropped-para-perfil-8-anos-1-96x96.jpg\",\"caption\":\"Aliados17\"},\"sameAs\":[\"https:\\\/\\\/www.aliados17.com\",\"https:\\\/\\\/www.facebook.com\\\/Aliados17Pue\",\"https:\\\/\\\/x.com\\\/AliadosPuebla\"],\"url\":\"https:\\\/\\\/www.aliadospuebla.com\\\/?author=2\"}]}<\/script>\n<!-- \/ Yoast SEO plugin. -->","yoast_head_json":{"title":"A trav\u00e9s de la Feria del Molote, impulsa Tonantzin Fern\u00e1ndez la gastronom\u00eda y el turismo - AliadosPuebla","robots":{"index":"index","follow":"follow","max-snippet":"max-snippet:-1","max-image-preview":"max-image-preview:large","max-video-preview":"max-video-preview:-1"},"canonical":"https:\/\/www.aliadospuebla.com\/?p=115374","og_locale":"es_ES","og_type":"article","og_title":"A trav\u00e9s de la Feria del Molote, impulsa Tonantzin Fern\u00e1ndez la gastronom\u00eda y el turismo - AliadosPuebla","og_description":"La presidenta municipal inaugur\u00f3 la d\u00e9cimo cuarta edici\u00f3n de esta tradici\u00f3n culinaria San Pedro Cholula, Pue. \u2013 Con el objetivo de fortalecer el turismo, el comercio y la econom\u00eda local, la presidenta municipal de San Pedro Cholula, Tonantzin Fern\u00e1ndez, encabez\u00f3 el corte del list\u00f3n inaugural de la d\u00e9cimo cuarta Feria del Molote, la cual se llevar\u00e1 a cabo del 10 al 12 de julio, invitando a cholultecas y visitantes a disfrutar de la gran variedad de sabores que ofrece este tradicional platillo. En su intervenci\u00f3n, la secretaria de Turismo, Cultura y Desarrollo Econ\u00f3mico, Nohem\u00ed Luna, destac\u00f3 que el Gobierno Municipal trabaja de manera permanente para promover a San Pedro Cholula como un destino tur\u00edstico y gastron\u00f3mico de primer nivel, impulsando su riqueza cultural y culinaria&hellip;Leer m\u00e1s...","og_url":"https:\/\/www.aliadospuebla.com\/?p=115374","og_site_name":"AliadosPuebla","article_author":"https:\/\/www.facebook.com\/Aliados17Pue","article_published_time":"2026-07-11T00:00:55+00:00","article_modified_time":"2026-07-12T00:23:05+00:00","og_image":[{"width":600,"height":450,"url":"https:\/\/www.aliadospuebla.com\/web2017\/wp-content\/uploads\/2026\/07\/253.jpg","type":"image\/jpeg"}],"author":"Aliados17","twitter_card":"summary_large_image","twitter_creator":"@AliadosPuebla","twitter_misc":{"Escrito por":"Aliados17","Tiempo de lectura":"2 minutos"},"schema":{"@context":"https:\/\/schema.org","@graph":[{"@type":"Article","@id":"https:\/\/www.aliadospuebla.com\/?p=115374#article","isPartOf":{"@id":"https:\/\/www.aliadospuebla.com\/?p=115374"},"author":{"name":"Aliados17","@id":"https:\/\/www.aliadospuebla.com\/#\/schema\/person\/5da7dd09320bd4f392b710017ed5f8ad"},"headline":"A trav\u00e9s de la Feria del Molote, impulsa Tonantzin Fern\u00e1ndez la gastronom\u00eda y el turismo","datePublished":"2026-07-11T00:00:55+00:00","dateModified":"2026-07-12T00:23:05+00:00","mainEntityOfPage":{"@id":"https:\/\/www.aliadospuebla.com\/?p=115374"},"wordCount":363,"commentCount":0,"image":{"@id":"https:\/\/www.aliadospuebla.com\/?p=115374#primaryimage"},"thumbnailUrl":"https:\/\/www.aliadospuebla.com\/web2017\/wp-content\/uploads\/2026\/07\/253.jpg","keywords":["feria del molote","FORO ART\u00cdSTICO","gastronom\u00eda","Nohem\u00ed Luna","productoras","SAN PEDRO CHOLULA","TONANTZIN FERN\u00c1NDEZ"],"articleSection":["Municipios"],"inLanguage":"es","potentialAction":[{"@type":"CommentAction","name":"Comment","target":["https:\/\/www.aliadospuebla.com\/?p=115374#respond"]}]},{"@type":"WebPage","@id":"https:\/\/www.aliadospuebla.com\/?p=115374","url":"https:\/\/www.aliadospuebla.com\/?p=115374","name":"A trav\u00e9s de la Feria del Molote, impulsa Tonantzin Fern\u00e1ndez la gastronom\u00eda y el turismo - AliadosPuebla","isPartOf":{"@id":"https:\/\/www.aliadospuebla.com\/#website"},"primaryImageOfPage":{"@id":"https:\/\/www.aliadospuebla.com\/?p=115374#primaryimage"},"image":{"@id":"https:\/\/www.aliadospuebla.com\/?p=115374#primaryimage"},"thumbnailUrl":"https:\/\/www.aliadospuebla.com\/web2017\/wp-content\/uploads\/2026\/07\/253.jpg","datePublished":"2026-07-11T00:00:55+00:00","dateModified":"2026-07-12T00:23:05+00:00","author":{"@id":"https:\/\/www.aliadospuebla.com\/#\/schema\/person\/5da7dd09320bd4f392b710017ed5f8ad"},"breadcrumb":{"@id":"https:\/\/www.aliadospuebla.com\/?p=115374#breadcrumb"},"inLanguage":"es","potentialAction":[{"@type":"ReadAction","target":["https:\/\/www.aliadospuebla.com\/?p=115374"]}]},{"@type":"ImageObject","inLanguage":"es","@id":"https:\/\/www.aliadospuebla.com\/?p=115374#primaryimage","url":"https:\/\/www.aliadospuebla.com\/web2017\/wp-content\/uploads\/2026\/07\/253.jpg","contentUrl":"https:\/\/www.aliadospuebla.com\/web2017\/wp-content\/uploads\/2026\/07\/253.jpg","width":600,"height":450},{"@type":"BreadcrumbList","@id":"https:\/\/www.aliadospuebla.com\/?p=115374#breadcrumb","itemListElement":[{"@type":"ListItem","position":1,"name":"Portada","item":"https:\/\/www.aliadospuebla.com\/"},{"@type":"ListItem","position":2,"name":"A trav\u00e9s de la Feria del Molote, impulsa Tonantzin Fern\u00e1ndez la gastronom\u00eda y el turismo"}]},{"@type":"WebSite","@id":"https:\/\/www.aliadospuebla.com\/#website","url":"https:\/\/www.aliadospuebla.com\/","name":"AliadosPuebla","description":"La informaci\u00f3n en tus manos","potentialAction":[{"@type":"SearchAction","target":{"@type":"EntryPoint","urlTemplate":"https:\/\/www.aliadospuebla.com\/?s={search_term_string}"},"query-input":{"@type":"PropertyValueSpecification","valueRequired":true,"valueName":"search_term_string"}}],"inLanguage":"es"},{"@type":"Person","@id":"https:\/\/www.aliadospuebla.com\/#\/schema\/person\/5da7dd09320bd4f392b710017ed5f8ad","name":"Aliados17","image":{"@type":"ImageObject","inLanguage":"es","@id":"https:\/\/www.aliadospuebla.com\/web2017\/wp-content\/uploads\/2025\/03\/cropped-para-perfil-8-anos-1-96x96.jpg","url":"https:\/\/www.aliadospuebla.com\/web2017\/wp-content\/uploads\/2025\/03\/cropped-para-perfil-8-anos-1-96x96.jpg","contentUrl":"https:\/\/www.aliadospuebla.com\/web2017\/wp-content\/uploads\/2025\/03\/cropped-para-perfil-8-anos-1-96x96.jpg","caption":"Aliados17"},"sameAs":["https:\/\/www.aliados17.com","https:\/\/www.facebook.com\/Aliados17Pue","https:\/\/x.com\/AliadosPuebla"],"url":"https:\/\/www.aliadospuebla.com\/?author=2"}]}},"views":18,"_links":{"self":[{"href":"https:\/\/www.aliadospuebla.com\/index.php?rest_route=\/wp\/v2\/posts\/115374","targetHints":{"allow":["GET"]}}],"collection":[{"href":"https:\/\/www.aliadospuebla.com\/index.php?rest_route=\/wp\/v2\/posts"}],"about":[{"href":"https:\/\/www.aliadospuebla.com\/index.php?rest_route=\/wp\/v2\/types\/post"}],"author":[{"embeddable":true,"href":"https:\/\/www.aliadospuebla.com\/index.php?rest_route=\/wp\/v2\/users\/2"}],"replies":[{"embeddable":true,"href":"https:\/\/www.aliadospuebla.com\/index.php?rest_route=%2Fwp%2Fv2%2Fcomments&post=115374"}],"version-history":[{"count":1,"href":"https:\/\/www.aliadospuebla.com\/index.php?rest_route=\/wp\/v2\/posts\/115374\/revisions"}],"predecessor-version":[{"id":115376,"href":"https:\/\/www.aliadospuebla.com\/index.php?rest_route=\/wp\/v2\/posts\/115374\/revisions\/115376"}],"wp:featuredmedia":[{"embeddable":true,"href":"https:\/\/www.aliadospuebla.com\/index.php?rest_route=\/wp\/v2\/media\/115375"}],"wp:attachment":[{"href":"https:\/\/www.aliadospuebla.com\/index.php?rest_route=%2Fwp%2Fv2%2Fmedia&parent=115374"}],"wp:term":[{"taxonomy":"category","embeddable":true,"href":"https:\/\/www.aliadospuebla.com\/index.php?rest_route=%2Fwp%2Fv2%2Fcategories&post=115374"},{"taxonomy":"post_tag","embeddable":true,"href":"https:\/\/www.aliadospuebla.com\/index.php?rest_route=%2Fwp%2Fv2%2Ftags&post=115374"}],"curies":[{"name":"wp","href":"https:\/\/api.w.org\/{rel}","templated":true}]}}