{"id":115335,"date":"2026-07-09T11:13:21","date_gmt":"2026-07-09T17:13:21","guid":{"rendered":"https:\/\/www.aliadospuebla.com\/?p=115335"},"modified":"2026-07-09T11:13:21","modified_gmt":"2026-07-09T17:13:21","slug":"agua-de-puebla-rinde-cuentas-ante-el-congreso-la-equidad-en-el-acceso-al-agua-marca-los-avances-presentados","status":"publish","type":"post","link":"https:\/\/www.aliadospuebla.com\/?p=115335","title":{"rendered":"Agua de Puebla rinde cuentas ante el Congreso; la equidad en el acceso al agua marca los avances presentados"},"content":{"rendered":"<h4><strong>Por tercera ocasi\u00f3n, el director general Jordi Bosch Bragado compareci\u00f3 ante la Comisi\u00f3n de Hacienda y Patrimonio Municipal del H. Congreso del Estado para informar resultados, responder a los cuestionamientos de las y los diputados y presentar las acciones que hoy permiten llevar m\u00e1s agua a m\u00e1s familias poblanas.<\/strong><\/h4>\n<p><strong>PUEBLA, Pue.<\/strong>\u2013 <strong>Rendir cuentas tambi\u00e9n es construir confianza y avanzar hacia una mayor equidad en el acceso al agua.<\/strong><\/p>\n<p>Bajo esa premisa, por tercera ocasi\u00f3n consecutiva Agua de Puebla compareci\u00f3<\/p>\n<p>ante la Comisi\u00f3n de Hacienda y Patrimonio Municipal del Honorable Congreso del Estado,<\/p>\n<p>no s\u00f3lo para dar cumplimiento a una obligaci\u00f3n institucional, sino para informar<\/p>\n<p>con transparencia el estado que guarda la concesi\u00f3n, las inversiones realizadas y,<\/p>\n<p>sobre todo, los resultados que hoy permiten que un mayor n\u00famero de familias poblanas<\/p>\n<p>dispongan del servicio durante m\u00e1s d\u00edas a la semana.<\/p>\n<p>Durante su comparecencia, el director general de Agua de Puebla, <strong>Jordi Bosch Bragado<\/strong>,<\/p>\n<p>present\u00f3 un balance de las principales acciones emprendidas por la empresa<\/p>\n<p>y respondi\u00f3 puntualmente a los cuestionamientos formulados por las diputadas y diputados<\/p>\n<p>integrantes de la Comisi\u00f3n, reiterando la disposici\u00f3n permanente de la concesionaria<\/p>\n<p>para mantener un di\u00e1logo abierto, transparente y de colaboraci\u00f3n con el Poder Legislativo.<\/p>\n<p>En su exposici\u00f3n destac\u00f3 que actualmente Agua de Puebla presta los servicios de agua potable,<\/p>\n<p>drenaje y saneamiento a <strong>casi medio mill\u00f3n de usuarios<\/strong>, mediante una infraestructura integrada<\/p>\n<p>por <strong>212 pozos en operaci\u00f3n, seis plantas potabilizadoras, <\/strong><\/p>\n<p><strong>seis plantas de tratamiento de aguas residuales, 211 tanques de almacenamiento<\/strong><\/p>\n<p><strong> y una red superior a 7 mil 800 kil\u00f3metros de tuber\u00edas<\/strong>, infraestructura que diariamente<\/p>\n<p>permite abastecer a miles de hogares y mantener en operaci\u00f3n uno de los sistemas hidr\u00e1ulicos urbanos m\u00e1s importantes del pa\u00eds.<\/p>\n<p>El director general inform\u00f3 que durante 2026 Agua de Puebla ejercer\u00e1 una inversi\u00f3n superior<\/p>\n<p>a <strong>247 millones de pesos<\/strong>, destinada principalmente a infraestructura hidr\u00e1ulica,<\/p>\n<p>saneamiento y proyectos para incrementar la disponibilidad del agua.<\/p>\n<p>Entre las acciones m\u00e1s relevantes se encuentran la incorporaci\u00f3n de <strong>tres nuevos pozos profundos<\/strong>,<\/p>\n<p>que permitir\u00e1n beneficiar directamente a <strong>120 mil habitantes<\/strong>, as\u00ed como obras estrat\u00e9gicas<\/p>\n<p>para fortalecer el sistema de distribuci\u00f3n y garantizar una mejor continuidad del servicio.<\/p>\n<h4><strong>M\u00e1s agua para m\u00e1s familias: el principal indicador de equidad<\/strong><\/h4>\n<p>Uno de los resultados m\u00e1s relevantes presentados durante la comparecencia fue el avance en la <strong>equidad del servicio<\/strong>. Gracias a las inversiones realizadas, la incorporaci\u00f3n de nuevas fuentes de abastecimiento y las acciones permanentes de mantenimiento, el n\u00famero de usuarios que hoy reciben agua <strong>entre cuatro y siete d\u00edas por semana<\/strong> pas\u00f3 de <strong>195 mil 525 en 2025 a 217 mil 65 en lo que va de 2026<\/strong>, lo que representa un <strong>incremento del 11 por ciento<\/strong>, equivalente a <strong>m\u00e1s de 21 mil 500 hogares adicionales<\/strong> que hoy cuentan con una mayor disponibilidad del servicio. Este resultado refleja el compromiso de que el agua llegue cada vez a m\u00e1s familias poblanas y con una mejor continuidad.<\/p>\n<p>Bosch Bragado explic\u00f3 que esta mejora es posible gracias a una estrategia integral que combina inversi\u00f3n, mantenimiento, modernizaci\u00f3n de la infraestructura y una mejor gesti\u00f3n de las fuentes de abastecimiento. Entre enero y mayo de este a\u00f1o se realizaron <strong>m\u00e1s de 4 mil 500 acciones adicionales de mantenimiento<\/strong> en la red de agua potable, incluyendo la reparaci\u00f3n de <strong>4 mil 885 fugas<\/strong>, trabajos en pozos, v\u00e1lvulas e instalaciones hidr\u00e1ulicas que permiten recuperar caudales y destinarlos a un mayor n\u00famero de usuarios.<\/p>\n<p>Asimismo, inform\u00f3 que durante 2025 y 2026 se han incorporado y gestionado nuevas fuentes de abastecimiento que representan <strong>286 litros por segundo adicionales<\/strong>, suficientes para beneficiar a <strong>247 mil habitantes<\/strong>, fortaleciendo gradualmente el suministro en distintas colonias de la capital y municipios conurbados.<\/p>\n<p>En materia ambiental, destac\u00f3 que este a\u00f1o se invertir\u00e1n <strong>70 millones de pesos<\/strong> para fortalecer el saneamiento de las aguas residuales, reactivar proyectos estrat\u00e9gicos y continuar mejorando la infraestructura de tratamiento, mientras que m\u00e1s de <strong>65 millones de pesos<\/strong> ser\u00e1n destinados a la modernizaci\u00f3n de l\u00edneas de conducci\u00f3n para reducir p\u00e9rdidas de agua y hacer m\u00e1s eficiente la operaci\u00f3n del sistema hidr\u00e1ulico.<\/p>\n<p>La comparecencia tambi\u00e9n permiti\u00f3 presentar los avances en la transformaci\u00f3n de la atenci\u00f3n al usuario. Jordi Bosch inform\u00f3 que Agua de Puebla implement\u00f3 una <strong>nueva boleta f\u00edsica y digital<\/strong>, con un dise\u00f1o m\u00e1s claro, transparente y amigable, que permite conocer de forma sencilla el consumo registrado, el saldo, el historial de pagos, los datos del contrato y dem\u00e1s informaci\u00f3n relevante del servicio, brindando mayor certeza y confianza a las y los usuarios. Esta estrategia se complementa con la modernizaci\u00f3n de sucursales, la renovaci\u00f3n de la aplicaci\u00f3n m\u00f3vil y la internalizaci\u00f3n del Centro de Atenci\u00f3n Telef\u00f3nica para ofrecer un servicio m\u00e1s cercano, eficiente y oportuno.<\/p>\n<p>Como parte de su compromiso con la inclusi\u00f3n y el derecho humano al agua, Agua de Puebla mantiene adem\u00e1s programas de apoyo que actualmente benefician a <strong>m\u00e1s de 82 mil usuarios<\/strong>, entre adultos mayores, pensionados, viudas, personas con discapacidad y enfermos terminales, quienes reciben tarifas preferenciales para facilitar el acceso al servicio.<\/p>\n<p>Al concluir su participaci\u00f3n, Jordi Bosch Bragado reiter\u00f3 que Agua de Puebla continuar\u00e1 trabajando de manera coordinada con el Gobierno del Estado, el SOAPAP, los ayuntamientos y el Poder Legislativo para consolidar un sistema hidr\u00e1ulico cada vez m\u00e1s eficiente, sostenible y, sobre todo, <strong>m\u00e1s equitativo<\/strong>, donde las inversiones se traduzcan en beneficios medibles para la poblaci\u00f3n.<\/p>\n<p><strong>\u201cLa verdadera medida de nuestro trabajo no est\u00e1 \u00fanicamente en los kil\u00f3metros de tuber\u00eda que construimos o en las inversiones que realizamos. Est\u00e1 en que cada vez m\u00e1s familias tengan agua m\u00e1s d\u00edas a la semana. Esa es la mejor expresi\u00f3n de la equidad y hacia ese objetivo seguiremos orientando todos nuestros esfuerzos.\u201d<\/strong><\/p>\n","protected":false},"excerpt":{"rendered":"<p>Por tercera ocasi\u00f3n, el director general Jordi Bosch Bragado compareci\u00f3 ante la Comisi\u00f3n de Hacienda y Patrimonio Municipal del H. Congreso del Estado para informar resultados, responder a los cuestionamientos de las y los diputados y presentar las acciones que hoy permiten llevar m\u00e1s agua a m\u00e1s familias poblanas. PUEBLA, Pue.\u2013 Rendir cuentas tambi\u00e9n es construir confianza y avanzar hacia una mayor equidad en el acceso al agua. Bajo esa premisa, por tercera ocasi\u00f3n consecutiva Agua de Puebla compareci\u00f3 ante la Comisi\u00f3n de Hacienda y Patrimonio Municipal del Honorable Congreso del Estado, no s\u00f3lo para dar cumplimiento a una obligaci\u00f3n institucional, sino para informar con transparencia el estado que guarda la concesi\u00f3n, las inversiones realizadas y, sobre todo, los resultados que hoy permiten que un&hellip;<\/p>\n<p class=\"excerpt-more\"><a class=\"blog-excerpt button\" href=\"https:\/\/www.aliadospuebla.com\/?p=115335\">Leer m\u00e1s&#8230;<\/a><\/p>\n","protected":false},"author":2,"featured_media":115336,"comment_status":"open","ping_status":"open","sticky":false,"template":"","format":"standard","meta":{"_monsterinsights_skip_tracking":false,"footnotes":""},"categories":[6],"tags":[546,88,337,4357,31273,34238,21818,30956,551],"class_list":["post-115335","post","type-post","status-publish","format-standard","has-post-thumbnail","hentry","category-politica","tag-agua-de-puebla","tag-congreso-del-estado","tag-infraestructura","tag-inversiones","tag-jordi-bosch-bragado","tag-plantas-potabilizadoras","tag-pozos-profundos","tag-servicios-de-agua-potable","tag-transparencia"],"yoast_head":"<!-- This site is optimized with the Yoast SEO plugin v28.3 - https:\/\/yoast.com\/product\/yoast-seo-wordpress\/ -->\n<title>Agua de Puebla rinde cuentas ante el Congreso; la equidad en el acceso al agua marca los avances presentados - AliadosPuebla<\/title>\n<meta name=\"robots\" content=\"index, follow, max-snippet:-1, max-image-preview:large, max-video-preview:-1\" \/>\n<link rel=\"canonical\" href=\"https:\/\/www.aliadospuebla.com\/?p=115335\" \/>\n<meta property=\"og:locale\" content=\"es_ES\" \/>\n<meta property=\"og:type\" content=\"article\" \/>\n<meta property=\"og:title\" content=\"Agua de Puebla rinde cuentas ante el Congreso; la equidad en el acceso al agua marca los avances presentados - AliadosPuebla\" \/>\n<meta property=\"og:description\" content=\"Por tercera ocasi\u00f3n, el director general Jordi Bosch Bragado compareci\u00f3 ante la Comisi\u00f3n de Hacienda y Patrimonio Municipal del H. Congreso del Estado para informar resultados, responder a los cuestionamientos de las y los diputados y presentar las acciones que hoy permiten llevar m\u00e1s agua a m\u00e1s familias poblanas. PUEBLA, Pue.\u2013 Rendir cuentas tambi\u00e9n es construir confianza y avanzar hacia una mayor equidad en el acceso al agua. Bajo esa premisa, por tercera ocasi\u00f3n consecutiva Agua de Puebla compareci\u00f3 ante la Comisi\u00f3n de Hacienda y Patrimonio Municipal del Honorable Congreso del Estado, no s\u00f3lo para dar cumplimiento a una obligaci\u00f3n institucional, sino para informar con transparencia el estado que guarda la concesi\u00f3n, las inversiones realizadas y, sobre todo, los resultados que hoy permiten que un&hellip;Leer m\u00e1s...\" \/>\n<meta property=\"og:url\" content=\"https:\/\/www.aliadospuebla.com\/?p=115335\" \/>\n<meta property=\"og:site_name\" content=\"AliadosPuebla\" \/>\n<meta property=\"article:author\" content=\"https:\/\/www.facebook.com\/Aliados17Pue\" \/>\n<meta property=\"article:published_time\" content=\"2026-07-09T17:13:21+00:00\" \/>\n<meta property=\"og:image\" content=\"https:\/\/www.aliadospuebla.com\/web2017\/wp-content\/uploads\/2026\/07\/241.jpg\" \/>\n\t<meta property=\"og:image:width\" content=\"600\" \/>\n\t<meta property=\"og:image:height\" content=\"450\" \/>\n\t<meta property=\"og:image:type\" content=\"image\/jpeg\" \/>\n<meta name=\"author\" content=\"Aliados17\" \/>\n<meta name=\"twitter:card\" content=\"summary_large_image\" \/>\n<meta name=\"twitter:creator\" content=\"@AliadosPuebla\" \/>\n<meta name=\"twitter:label1\" content=\"Escrito por\" \/>\n\t<meta name=\"twitter:data1\" content=\"Aliados17\" \/>\n\t<meta name=\"twitter:label2\" content=\"Tiempo de lectura\" \/>\n\t<meta name=\"twitter:data2\" content=\"5 minutos\" \/>\n<script type=\"application\/ld+json\" class=\"yoast-schema-graph\">{\"@context\":\"https:\\\/\\\/schema.org\",\"@graph\":[{\"@type\":\"Article\",\"@id\":\"https:\\\/\\\/www.aliadospuebla.com\\\/?p=115335#article\",\"isPartOf\":{\"@id\":\"https:\\\/\\\/www.aliadospuebla.com\\\/?p=115335\"},\"author\":{\"name\":\"Aliados17\",\"@id\":\"https:\\\/\\\/www.aliadospuebla.com\\\/#\\\/schema\\\/person\\\/5da7dd09320bd4f392b710017ed5f8ad\"},\"headline\":\"Agua de Puebla rinde cuentas ante el Congreso; la equidad en el acceso al agua marca los avances presentados\",\"datePublished\":\"2026-07-09T17:13:21+00:00\",\"mainEntityOfPage\":{\"@id\":\"https:\\\/\\\/www.aliadospuebla.com\\\/?p=115335\"},\"wordCount\":1013,\"commentCount\":0,\"image\":{\"@id\":\"https:\\\/\\\/www.aliadospuebla.com\\\/?p=115335#primaryimage\"},\"thumbnailUrl\":\"https:\\\/\\\/www.aliadospuebla.com\\\/web2017\\\/wp-content\\\/uploads\\\/2026\\\/07\\\/241.jpg\",\"keywords\":[\"AGUA DE PUEBLA\",\"Congreso del Estado\",\"INFRAESTRUCTURA\",\"INVERSIONES\",\"Jordi Bosch Bragado\",\"plantas potabilizadoras\",\"pozos profundos\",\"servicios de agua potable\",\"TRANSPARENCIA\"],\"articleSection\":[\"Pol\u00edtica\"],\"inLanguage\":\"es\",\"potentialAction\":[{\"@type\":\"CommentAction\",\"name\":\"Comment\",\"target\":[\"https:\\\/\\\/www.aliadospuebla.com\\\/?p=115335#respond\"]}]},{\"@type\":\"WebPage\",\"@id\":\"https:\\\/\\\/www.aliadospuebla.com\\\/?p=115335\",\"url\":\"https:\\\/\\\/www.aliadospuebla.com\\\/?p=115335\",\"name\":\"Agua de Puebla rinde cuentas ante el Congreso; la equidad en el acceso al agua marca los avances presentados - AliadosPuebla\",\"isPartOf\":{\"@id\":\"https:\\\/\\\/www.aliadospuebla.com\\\/#website\"},\"primaryImageOfPage\":{\"@id\":\"https:\\\/\\\/www.aliadospuebla.com\\\/?p=115335#primaryimage\"},\"image\":{\"@id\":\"https:\\\/\\\/www.aliadospuebla.com\\\/?p=115335#primaryimage\"},\"thumbnailUrl\":\"https:\\\/\\\/www.aliadospuebla.com\\\/web2017\\\/wp-content\\\/uploads\\\/2026\\\/07\\\/241.jpg\",\"datePublished\":\"2026-07-09T17:13:21+00:00\",\"author\":{\"@id\":\"https:\\\/\\\/www.aliadospuebla.com\\\/#\\\/schema\\\/person\\\/5da7dd09320bd4f392b710017ed5f8ad\"},\"breadcrumb\":{\"@id\":\"https:\\\/\\\/www.aliadospuebla.com\\\/?p=115335#breadcrumb\"},\"inLanguage\":\"es\",\"potentialAction\":[{\"@type\":\"ReadAction\",\"target\":[\"https:\\\/\\\/www.aliadospuebla.com\\\/?p=115335\"]}]},{\"@type\":\"ImageObject\",\"inLanguage\":\"es\",\"@id\":\"https:\\\/\\\/www.aliadospuebla.com\\\/?p=115335#primaryimage\",\"url\":\"https:\\\/\\\/www.aliadospuebla.com\\\/web2017\\\/wp-content\\\/uploads\\\/2026\\\/07\\\/241.jpg\",\"contentUrl\":\"https:\\\/\\\/www.aliadospuebla.com\\\/web2017\\\/wp-content\\\/uploads\\\/2026\\\/07\\\/241.jpg\",\"width\":600,\"height\":450},{\"@type\":\"BreadcrumbList\",\"@id\":\"https:\\\/\\\/www.aliadospuebla.com\\\/?p=115335#breadcrumb\",\"itemListElement\":[{\"@type\":\"ListItem\",\"position\":1,\"name\":\"Portada\",\"item\":\"https:\\\/\\\/www.aliadospuebla.com\\\/\"},{\"@type\":\"ListItem\",\"position\":2,\"name\":\"Agua de Puebla rinde cuentas ante el Congreso; la equidad en el acceso al agua marca los avances presentados\"}]},{\"@type\":\"WebSite\",\"@id\":\"https:\\\/\\\/www.aliadospuebla.com\\\/#website\",\"url\":\"https:\\\/\\\/www.aliadospuebla.com\\\/\",\"name\":\"AliadosPuebla\",\"description\":\"La informaci\u00f3n en tus manos\",\"potentialAction\":[{\"@type\":\"SearchAction\",\"target\":{\"@type\":\"EntryPoint\",\"urlTemplate\":\"https:\\\/\\\/www.aliadospuebla.com\\\/?s={search_term_string}\"},\"query-input\":{\"@type\":\"PropertyValueSpecification\",\"valueRequired\":true,\"valueName\":\"search_term_string\"}}],\"inLanguage\":\"es\"},{\"@type\":\"Person\",\"@id\":\"https:\\\/\\\/www.aliadospuebla.com\\\/#\\\/schema\\\/person\\\/5da7dd09320bd4f392b710017ed5f8ad\",\"name\":\"Aliados17\",\"image\":{\"@type\":\"ImageObject\",\"inLanguage\":\"es\",\"@id\":\"https:\\\/\\\/www.aliadospuebla.com\\\/web2017\\\/wp-content\\\/uploads\\\/2025\\\/03\\\/cropped-para-perfil-8-anos-1-96x96.jpg\",\"url\":\"https:\\\/\\\/www.aliadospuebla.com\\\/web2017\\\/wp-content\\\/uploads\\\/2025\\\/03\\\/cropped-para-perfil-8-anos-1-96x96.jpg\",\"contentUrl\":\"https:\\\/\\\/www.aliadospuebla.com\\\/web2017\\\/wp-content\\\/uploads\\\/2025\\\/03\\\/cropped-para-perfil-8-anos-1-96x96.jpg\",\"caption\":\"Aliados17\"},\"sameAs\":[\"https:\\\/\\\/www.aliados17.com\",\"https:\\\/\\\/www.facebook.com\\\/Aliados17Pue\",\"https:\\\/\\\/x.com\\\/AliadosPuebla\"],\"url\":\"https:\\\/\\\/www.aliadospuebla.com\\\/?author=2\"}]}<\/script>\n<!-- \/ Yoast SEO plugin. -->","yoast_head_json":{"title":"Agua de Puebla rinde cuentas ante el Congreso; la equidad en el acceso al agua marca los avances presentados - AliadosPuebla","robots":{"index":"index","follow":"follow","max-snippet":"max-snippet:-1","max-image-preview":"max-image-preview:large","max-video-preview":"max-video-preview:-1"},"canonical":"https:\/\/www.aliadospuebla.com\/?p=115335","og_locale":"es_ES","og_type":"article","og_title":"Agua de Puebla rinde cuentas ante el Congreso; la equidad en el acceso al agua marca los avances presentados - AliadosPuebla","og_description":"Por tercera ocasi\u00f3n, el director general Jordi Bosch Bragado compareci\u00f3 ante la Comisi\u00f3n de Hacienda y Patrimonio Municipal del H. Congreso del Estado para informar resultados, responder a los cuestionamientos de las y los diputados y presentar las acciones que hoy permiten llevar m\u00e1s agua a m\u00e1s familias poblanas. PUEBLA, Pue.\u2013 Rendir cuentas tambi\u00e9n es construir confianza y avanzar hacia una mayor equidad en el acceso al agua. Bajo esa premisa, por tercera ocasi\u00f3n consecutiva Agua de Puebla compareci\u00f3 ante la Comisi\u00f3n de Hacienda y Patrimonio Municipal del Honorable Congreso del Estado, no s\u00f3lo para dar cumplimiento a una obligaci\u00f3n institucional, sino para informar con transparencia el estado que guarda la concesi\u00f3n, las inversiones realizadas y, sobre todo, los resultados que hoy permiten que un&hellip;Leer m\u00e1s...","og_url":"https:\/\/www.aliadospuebla.com\/?p=115335","og_site_name":"AliadosPuebla","article_author":"https:\/\/www.facebook.com\/Aliados17Pue","article_published_time":"2026-07-09T17:13:21+00:00","og_image":[{"width":600,"height":450,"url":"https:\/\/www.aliadospuebla.com\/web2017\/wp-content\/uploads\/2026\/07\/241.jpg","type":"image\/jpeg"}],"author":"Aliados17","twitter_card":"summary_large_image","twitter_creator":"@AliadosPuebla","twitter_misc":{"Escrito por":"Aliados17","Tiempo de lectura":"5 minutos"},"schema":{"@context":"https:\/\/schema.org","@graph":[{"@type":"Article","@id":"https:\/\/www.aliadospuebla.com\/?p=115335#article","isPartOf":{"@id":"https:\/\/www.aliadospuebla.com\/?p=115335"},"author":{"name":"Aliados17","@id":"https:\/\/www.aliadospuebla.com\/#\/schema\/person\/5da7dd09320bd4f392b710017ed5f8ad"},"headline":"Agua de Puebla rinde cuentas ante el Congreso; la equidad en el acceso al agua marca los avances presentados","datePublished":"2026-07-09T17:13:21+00:00","mainEntityOfPage":{"@id":"https:\/\/www.aliadospuebla.com\/?p=115335"},"wordCount":1013,"commentCount":0,"image":{"@id":"https:\/\/www.aliadospuebla.com\/?p=115335#primaryimage"},"thumbnailUrl":"https:\/\/www.aliadospuebla.com\/web2017\/wp-content\/uploads\/2026\/07\/241.jpg","keywords":["AGUA DE PUEBLA","Congreso del Estado","INFRAESTRUCTURA","INVERSIONES","Jordi Bosch Bragado","plantas potabilizadoras","pozos profundos","servicios de agua potable","TRANSPARENCIA"],"articleSection":["Pol\u00edtica"],"inLanguage":"es","potentialAction":[{"@type":"CommentAction","name":"Comment","target":["https:\/\/www.aliadospuebla.com\/?p=115335#respond"]}]},{"@type":"WebPage","@id":"https:\/\/www.aliadospuebla.com\/?p=115335","url":"https:\/\/www.aliadospuebla.com\/?p=115335","name":"Agua de Puebla rinde cuentas ante el Congreso; la equidad en el acceso al agua marca los avances presentados - AliadosPuebla","isPartOf":{"@id":"https:\/\/www.aliadospuebla.com\/#website"},"primaryImageOfPage":{"@id":"https:\/\/www.aliadospuebla.com\/?p=115335#primaryimage"},"image":{"@id":"https:\/\/www.aliadospuebla.com\/?p=115335#primaryimage"},"thumbnailUrl":"https:\/\/www.aliadospuebla.com\/web2017\/wp-content\/uploads\/2026\/07\/241.jpg","datePublished":"2026-07-09T17:13:21+00:00","author":{"@id":"https:\/\/www.aliadospuebla.com\/#\/schema\/person\/5da7dd09320bd4f392b710017ed5f8ad"},"breadcrumb":{"@id":"https:\/\/www.aliadospuebla.com\/?p=115335#breadcrumb"},"inLanguage":"es","potentialAction":[{"@type":"ReadAction","target":["https:\/\/www.aliadospuebla.com\/?p=115335"]}]},{"@type":"ImageObject","inLanguage":"es","@id":"https:\/\/www.aliadospuebla.com\/?p=115335#primaryimage","url":"https:\/\/www.aliadospuebla.com\/web2017\/wp-content\/uploads\/2026\/07\/241.jpg","contentUrl":"https:\/\/www.aliadospuebla.com\/web2017\/wp-content\/uploads\/2026\/07\/241.jpg","width":600,"height":450},{"@type":"BreadcrumbList","@id":"https:\/\/www.aliadospuebla.com\/?p=115335#breadcrumb","itemListElement":[{"@type":"ListItem","position":1,"name":"Portada","item":"https:\/\/www.aliadospuebla.com\/"},{"@type":"ListItem","position":2,"name":"Agua de Puebla rinde cuentas ante el Congreso; la equidad en el acceso al agua marca los avances presentados"}]},{"@type":"WebSite","@id":"https:\/\/www.aliadospuebla.com\/#website","url":"https:\/\/www.aliadospuebla.com\/","name":"AliadosPuebla","description":"La informaci\u00f3n en tus manos","potentialAction":[{"@type":"SearchAction","target":{"@type":"EntryPoint","urlTemplate":"https:\/\/www.aliadospuebla.com\/?s={search_term_string}"},"query-input":{"@type":"PropertyValueSpecification","valueRequired":true,"valueName":"search_term_string"}}],"inLanguage":"es"},{"@type":"Person","@id":"https:\/\/www.aliadospuebla.com\/#\/schema\/person\/5da7dd09320bd4f392b710017ed5f8ad","name":"Aliados17","image":{"@type":"ImageObject","inLanguage":"es","@id":"https:\/\/www.aliadospuebla.com\/web2017\/wp-content\/uploads\/2025\/03\/cropped-para-perfil-8-anos-1-96x96.jpg","url":"https:\/\/www.aliadospuebla.com\/web2017\/wp-content\/uploads\/2025\/03\/cropped-para-perfil-8-anos-1-96x96.jpg","contentUrl":"https:\/\/www.aliadospuebla.com\/web2017\/wp-content\/uploads\/2025\/03\/cropped-para-perfil-8-anos-1-96x96.jpg","caption":"Aliados17"},"sameAs":["https:\/\/www.aliados17.com","https:\/\/www.facebook.com\/Aliados17Pue","https:\/\/x.com\/AliadosPuebla"],"url":"https:\/\/www.aliadospuebla.com\/?author=2"}]}},"views":13,"_links":{"self":[{"href":"https:\/\/www.aliadospuebla.com\/index.php?rest_route=\/wp\/v2\/posts\/115335","targetHints":{"allow":["GET"]}}],"collection":[{"href":"https:\/\/www.aliadospuebla.com\/index.php?rest_route=\/wp\/v2\/posts"}],"about":[{"href":"https:\/\/www.aliadospuebla.com\/index.php?rest_route=\/wp\/v2\/types\/post"}],"author":[{"embeddable":true,"href":"https:\/\/www.aliadospuebla.com\/index.php?rest_route=\/wp\/v2\/users\/2"}],"replies":[{"embeddable":true,"href":"https:\/\/www.aliadospuebla.com\/index.php?rest_route=%2Fwp%2Fv2%2Fcomments&post=115335"}],"version-history":[{"count":1,"href":"https:\/\/www.aliadospuebla.com\/index.php?rest_route=\/wp\/v2\/posts\/115335\/revisions"}],"predecessor-version":[{"id":115337,"href":"https:\/\/www.aliadospuebla.com\/index.php?rest_route=\/wp\/v2\/posts\/115335\/revisions\/115337"}],"wp:featuredmedia":[{"embeddable":true,"href":"https:\/\/www.aliadospuebla.com\/index.php?rest_route=\/wp\/v2\/media\/115336"}],"wp:attachment":[{"href":"https:\/\/www.aliadospuebla.com\/index.php?rest_route=%2Fwp%2Fv2%2Fmedia&parent=115335"}],"wp:term":[{"taxonomy":"category","embeddable":true,"href":"https:\/\/www.aliadospuebla.com\/index.php?rest_route=%2Fwp%2Fv2%2Fcategories&post=115335"},{"taxonomy":"post_tag","embeddable":true,"href":"https:\/\/www.aliadospuebla.com\/index.php?rest_route=%2Fwp%2Fv2%2Ftags&post=115335"}],"curies":[{"name":"wp","href":"https:\/\/api.w.org\/{rel}","templated":true}]}}