{"id":115321,"date":"2026-07-09T07:22:38","date_gmt":"2026-07-09T13:22:38","guid":{"rendered":"https:\/\/www.aliadospuebla.com\/?p=115321"},"modified":"2026-07-09T07:22:38","modified_gmt":"2026-07-09T13:22:38","slug":"proteccion-civil-intensifica-monitoreo-y-atencion-por-lluvias-en-diferentes-municipios","status":"publish","type":"post","link":"https:\/\/www.aliadospuebla.com\/?p=115321","title":{"rendered":"PROTECCI\u00d3N CIVIL INTENSIFICA MONITOREO Y ATENCI\u00d3N POR LLUVIAS EN DIFERENTES MUNICIPIOS"},"content":{"rendered":"<h4>El Gobierno del Estado mantiene vigilancia en coordinaci\u00f3n con los ayuntamientos.<\/h4>\n<p>-La Coordinaci\u00f3n de Protecci\u00f3n Civil atiende reportes sin registro de personas lesionadas.<\/p>\n<p>PUEBLA, Pue.\u2013 Ante las lluvias registradas en diversos municipios de la entidad,<\/p>\n<p>el Gobierno del Estado, encabezado por Alejandro Armenta Mier,<\/p>\n<p>despleg\u00f3 acciones de monitoreo y atenci\u00f3n inmediata a trav\u00e9s de la Coordinaci\u00f3n General<\/p>\n<p>de Protecci\u00f3n Civil y Gesti\u00f3n del Riesgo, con el prop\u00f3sito de proteger a la poblaci\u00f3n<\/p>\n<p>y atender de forma oportuna las incidencias derivadas de las precipitaciones.<\/p>\n<p>De acuerdo con el reporte del organismo que encabeza el coronel Bernab\u00e9 L\u00f3pez Santos,<\/p>\n<p>con corte a las 20:00 horas se registraron lluvias ligeras en Tepanco de L\u00f3pez,<\/p>\n<p>Juan N. M\u00e9ndez, Rafael Lara Grajales, Nopalucan de la Granja, San Pedro Cholula,<\/p>\n<p>Cuautlancingo, Tlahuapan, San Felipe Teotlalcingo, Huehuetla, Chilchotla,<\/p>\n<p>San Mat\u00edas Tlalancaleca, Tlacotepec de Benito Ju\u00e1rez, Chiautzingo,<\/p>\n<p>Calpan, Domingo Arenas y San Miguel Xoxtla, as\u00ed como en las regiones de Teziutl\u00e1n,<\/p>\n<p>Huauchinango y Xicotepec.<\/p>\n<p>Las lluvias moderadas se presentaron en Chichiquila, San Andr\u00e9s Cholula,<\/p>\n<p>Puebla, Atzala, Huaquechula, Huehuetl\u00e1n el Chico, Tepatlaxco de Hidalgo, Chiautla de Tapia,<\/p>\n<p>Epatl\u00e1n, Teotlalco, Juan C. Bonilla y Tlapanal\u00e1.<\/p>\n<h4>En tanto, las precipitaciones fuertes ocurrieron en San Jos\u00e9 Chiapa, Atlixco, Santa Isabel Cholula, San Jer\u00f3nimo Tecuanipan, Nealtican, Chietla, Iz\u00facar de Matamoros y Tilapa, asi como ca\u00edda de granizo en los municipios de Puebla e Iz\u00facar de Matamoros.<\/h4>\n<p>Personal de la dependencia atendi\u00f3 una vivienda inundada en la colonia La Concepci\u00f3n Sur, en San Andr\u00e9s Cholula, donde el nivel del agua alcanz\u00f3 aproximadamente 15 cent\u00edmetros en la sala. El equipo efectu\u00f3 labores de extracci\u00f3n mediante una bomba de achique.<\/p>\n<p>Asimismo, en las instalaciones del Sistema de Informaci\u00f3n y Comunicaci\u00f3n del Estado (SICOM), se realiz\u00f3 la apertura de alcantarillas para facilitar el desfogue del agua acumulada y reducir los niveles de encharcamiento.<\/p>\n<p>Respecto al incremento del nivel del r\u00edo Atoyac, personal de Protecci\u00f3n Civil Estatal verific\u00f3 la zona de la junta auxiliar Ignacio Romero Vargas, en la ciudad de Puebla. Se confirm\u00f3 que no exist\u00edan viviendas afectadas; se report\u00f3 el ingreso de agua a patios de algunos domicilios. Al momento de la revisi\u00f3n, el nivel del r\u00edo disminuy\u00f3, sin registro de personas lesionadas ni condiciones de riesgo para la poblaci\u00f3n.<\/p>\n<p>El Gobierno del Estado refrenda su compromiso con la seguridad de las y los poblanos, mantiene vigilancia permanente en las zonas donde se registran lluvias y exhorta a la ciudadan\u00eda a seguir las recomendaciones emitidas por Protecci\u00f3n Civil, consultar informaci\u00f3n difundida por medios oficiales y hacer uso de la l\u00ednea 9-1-1, para reportar alguna emergencia.<\/p>\n","protected":false},"excerpt":{"rendered":"<p>El Gobierno del Estado mantiene vigilancia en coordinaci\u00f3n con los ayuntamientos. -La Coordinaci\u00f3n de Protecci\u00f3n Civil atiende reportes sin registro de personas lesionadas. PUEBLA, Pue.\u2013 Ante las lluvias registradas en diversos municipios de la entidad, el Gobierno del Estado, encabezado por Alejandro Armenta Mier, despleg\u00f3 acciones de monitoreo y atenci\u00f3n inmediata a trav\u00e9s de la Coordinaci\u00f3n General de Protecci\u00f3n Civil y Gesti\u00f3n del Riesgo, con el prop\u00f3sito de proteger a la poblaci\u00f3n y atender de forma oportuna las incidencias derivadas de las precipitaciones. De acuerdo con el reporte del organismo que encabeza el coronel Bernab\u00e9 L\u00f3pez Santos, con corte a las 20:00 horas se registraron lluvias ligeras en Tepanco de L\u00f3pez, Juan N. M\u00e9ndez, Rafael Lara Grajales, Nopalucan de la Granja, San Pedro Cholula, Cuautlancingo,&hellip;<\/p>\n<p class=\"excerpt-more\"><a class=\"blog-excerpt button\" href=\"https:\/\/www.aliadospuebla.com\/?p=115321\">Leer m\u00e1s&#8230;<\/a><\/p>\n","protected":false},"author":2,"featured_media":115322,"comment_status":"open","ping_status":"open","sticky":false,"template":"","format":"standard","meta":{"_monsterinsights_skip_tracking":false,"footnotes":""},"categories":[61],"tags":[2496,29929,25595,1216,34230,109],"class_list":["post-115321","post","type-post","status-publish","format-standard","has-post-thumbnail","hentry","category-gobierno","tag-alejandro-armenta-mier","tag-atencion-por-lluvias","tag-bernabe-lopez-santos","tag-monitoreo","tag-precipitaciones","tag-proteccion-civil"],"yoast_head":"<!-- This site is optimized with the Yoast SEO plugin v28.4 - https:\/\/yoast.com\/product\/yoast-seo-wordpress\/ -->\n<title>PROTECCI\u00d3N CIVIL INTENSIFICA MONITOREO Y ATENCI\u00d3N POR LLUVIAS EN DIFERENTES MUNICIPIOS - AliadosPuebla<\/title>\n<meta name=\"robots\" content=\"index, follow, max-snippet:-1, max-image-preview:large, max-video-preview:-1\" \/>\n<link rel=\"canonical\" href=\"https:\/\/www.aliadospuebla.com\/?p=115321\" \/>\n<meta property=\"og:locale\" content=\"es_ES\" \/>\n<meta property=\"og:type\" content=\"article\" \/>\n<meta property=\"og:title\" content=\"PROTECCI\u00d3N CIVIL INTENSIFICA MONITOREO Y ATENCI\u00d3N POR LLUVIAS EN DIFERENTES MUNICIPIOS - AliadosPuebla\" \/>\n<meta property=\"og:description\" content=\"El Gobierno del Estado mantiene vigilancia en coordinaci\u00f3n con los ayuntamientos. -La Coordinaci\u00f3n de Protecci\u00f3n Civil atiende reportes sin registro de personas lesionadas. PUEBLA, Pue.\u2013 Ante las lluvias registradas en diversos municipios de la entidad, el Gobierno del Estado, encabezado por Alejandro Armenta Mier, despleg\u00f3 acciones de monitoreo y atenci\u00f3n inmediata a trav\u00e9s de la Coordinaci\u00f3n General de Protecci\u00f3n Civil y Gesti\u00f3n del Riesgo, con el prop\u00f3sito de proteger a la poblaci\u00f3n y atender de forma oportuna las incidencias derivadas de las precipitaciones. De acuerdo con el reporte del organismo que encabeza el coronel Bernab\u00e9 L\u00f3pez Santos, con corte a las 20:00 horas se registraron lluvias ligeras en Tepanco de L\u00f3pez, Juan N. M\u00e9ndez, Rafael Lara Grajales, Nopalucan de la Granja, San Pedro Cholula, Cuautlancingo,&hellip;Leer m\u00e1s...\" \/>\n<meta property=\"og:url\" content=\"https:\/\/www.aliadospuebla.com\/?p=115321\" \/>\n<meta property=\"og:site_name\" content=\"AliadosPuebla\" \/>\n<meta property=\"article:author\" content=\"https:\/\/www.facebook.com\/Aliados17Pue\" \/>\n<meta property=\"article:published_time\" content=\"2026-07-09T13:22:38+00:00\" \/>\n<meta property=\"og:image\" content=\"https:\/\/www.aliadospuebla.com\/web2017\/wp-content\/uploads\/2026\/07\/237.jpg\" \/>\n\t<meta property=\"og:image:width\" content=\"600\" \/>\n\t<meta property=\"og:image:height\" content=\"450\" \/>\n\t<meta property=\"og:image:type\" content=\"image\/jpeg\" \/>\n<meta name=\"author\" content=\"Aliados17\" \/>\n<meta name=\"twitter:card\" content=\"summary_large_image\" \/>\n<meta name=\"twitter:creator\" content=\"@AliadosPuebla\" \/>\n<meta name=\"twitter:label1\" content=\"Escrito por\" \/>\n\t<meta name=\"twitter:data1\" content=\"Aliados17\" \/>\n\t<meta name=\"twitter:label2\" content=\"Tiempo de lectura\" \/>\n\t<meta name=\"twitter:data2\" content=\"2 minutos\" \/>\n<script type=\"application\/ld+json\" class=\"yoast-schema-graph\">{\"@context\":\"https:\\\/\\\/schema.org\",\"@graph\":[{\"@type\":\"Article\",\"@id\":\"https:\\\/\\\/www.aliadospuebla.com\\\/?p=115321#article\",\"isPartOf\":{\"@id\":\"https:\\\/\\\/www.aliadospuebla.com\\\/?p=115321\"},\"author\":{\"name\":\"Aliados17\",\"@id\":\"https:\\\/\\\/www.aliadospuebla.com\\\/#\\\/schema\\\/person\\\/5da7dd09320bd4f392b710017ed5f8ad\"},\"headline\":\"PROTECCI\u00d3N CIVIL INTENSIFICA MONITOREO Y ATENCI\u00d3N POR LLUVIAS EN DIFERENTES MUNICIPIOS\",\"datePublished\":\"2026-07-09T13:22:38+00:00\",\"mainEntityOfPage\":{\"@id\":\"https:\\\/\\\/www.aliadospuebla.com\\\/?p=115321\"},\"wordCount\":470,\"commentCount\":0,\"image\":{\"@id\":\"https:\\\/\\\/www.aliadospuebla.com\\\/?p=115321#primaryimage\"},\"thumbnailUrl\":\"https:\\\/\\\/www.aliadospuebla.com\\\/web2017\\\/wp-content\\\/uploads\\\/2026\\\/07\\\/237.jpg\",\"keywords\":[\"ALEJANDRO ARMENTA MIER\",\"atenci\u00f3n por lluvias\",\"Bernab\u00e9 L\u00f3pez Santos\",\"MONITOREO\",\"precipitaciones\",\"protecci\u00f3n civil\"],\"articleSection\":[\"Gobierno\"],\"inLanguage\":\"es\",\"potentialAction\":[{\"@type\":\"CommentAction\",\"name\":\"Comment\",\"target\":[\"https:\\\/\\\/www.aliadospuebla.com\\\/?p=115321#respond\"]}]},{\"@type\":\"WebPage\",\"@id\":\"https:\\\/\\\/www.aliadospuebla.com\\\/?p=115321\",\"url\":\"https:\\\/\\\/www.aliadospuebla.com\\\/?p=115321\",\"name\":\"PROTECCI\u00d3N CIVIL INTENSIFICA MONITOREO Y ATENCI\u00d3N POR LLUVIAS EN DIFERENTES MUNICIPIOS - AliadosPuebla\",\"isPartOf\":{\"@id\":\"https:\\\/\\\/www.aliadospuebla.com\\\/#website\"},\"primaryImageOfPage\":{\"@id\":\"https:\\\/\\\/www.aliadospuebla.com\\\/?p=115321#primaryimage\"},\"image\":{\"@id\":\"https:\\\/\\\/www.aliadospuebla.com\\\/?p=115321#primaryimage\"},\"thumbnailUrl\":\"https:\\\/\\\/www.aliadospuebla.com\\\/web2017\\\/wp-content\\\/uploads\\\/2026\\\/07\\\/237.jpg\",\"datePublished\":\"2026-07-09T13:22:38+00:00\",\"author\":{\"@id\":\"https:\\\/\\\/www.aliadospuebla.com\\\/#\\\/schema\\\/person\\\/5da7dd09320bd4f392b710017ed5f8ad\"},\"breadcrumb\":{\"@id\":\"https:\\\/\\\/www.aliadospuebla.com\\\/?p=115321#breadcrumb\"},\"inLanguage\":\"es\",\"potentialAction\":[{\"@type\":\"ReadAction\",\"target\":[\"https:\\\/\\\/www.aliadospuebla.com\\\/?p=115321\"]}]},{\"@type\":\"ImageObject\",\"inLanguage\":\"es\",\"@id\":\"https:\\\/\\\/www.aliadospuebla.com\\\/?p=115321#primaryimage\",\"url\":\"https:\\\/\\\/www.aliadospuebla.com\\\/web2017\\\/wp-content\\\/uploads\\\/2026\\\/07\\\/237.jpg\",\"contentUrl\":\"https:\\\/\\\/www.aliadospuebla.com\\\/web2017\\\/wp-content\\\/uploads\\\/2026\\\/07\\\/237.jpg\",\"width\":600,\"height\":450},{\"@type\":\"BreadcrumbList\",\"@id\":\"https:\\\/\\\/www.aliadospuebla.com\\\/?p=115321#breadcrumb\",\"itemListElement\":[{\"@type\":\"ListItem\",\"position\":1,\"name\":\"Portada\",\"item\":\"https:\\\/\\\/www.aliadospuebla.com\\\/\"},{\"@type\":\"ListItem\",\"position\":2,\"name\":\"PROTECCI\u00d3N CIVIL INTENSIFICA MONITOREO Y ATENCI\u00d3N POR LLUVIAS EN DIFERENTES MUNICIPIOS\"}]},{\"@type\":\"WebSite\",\"@id\":\"https:\\\/\\\/www.aliadospuebla.com\\\/#website\",\"url\":\"https:\\\/\\\/www.aliadospuebla.com\\\/\",\"name\":\"AliadosPuebla\",\"description\":\"La informaci\u00f3n en tus manos\",\"potentialAction\":[{\"@type\":\"SearchAction\",\"target\":{\"@type\":\"EntryPoint\",\"urlTemplate\":\"https:\\\/\\\/www.aliadospuebla.com\\\/?s={search_term_string}\"},\"query-input\":{\"@type\":\"PropertyValueSpecification\",\"valueRequired\":true,\"valueName\":\"search_term_string\"}}],\"inLanguage\":\"es\"},{\"@type\":\"Person\",\"@id\":\"https:\\\/\\\/www.aliadospuebla.com\\\/#\\\/schema\\\/person\\\/5da7dd09320bd4f392b710017ed5f8ad\",\"name\":\"Aliados17\",\"image\":{\"@type\":\"ImageObject\",\"inLanguage\":\"es\",\"@id\":\"https:\\\/\\\/www.aliadospuebla.com\\\/web2017\\\/wp-content\\\/uploads\\\/2025\\\/03\\\/cropped-para-perfil-8-anos-1-96x96.jpg\",\"url\":\"https:\\\/\\\/www.aliadospuebla.com\\\/web2017\\\/wp-content\\\/uploads\\\/2025\\\/03\\\/cropped-para-perfil-8-anos-1-96x96.jpg\",\"contentUrl\":\"https:\\\/\\\/www.aliadospuebla.com\\\/web2017\\\/wp-content\\\/uploads\\\/2025\\\/03\\\/cropped-para-perfil-8-anos-1-96x96.jpg\",\"caption\":\"Aliados17\"},\"sameAs\":[\"https:\\\/\\\/www.aliados17.com\",\"https:\\\/\\\/www.facebook.com\\\/Aliados17Pue\",\"https:\\\/\\\/x.com\\\/AliadosPuebla\"],\"url\":\"https:\\\/\\\/www.aliadospuebla.com\\\/?author=2\"}]}<\/script>\n<!-- \/ Yoast SEO plugin. -->","yoast_head_json":{"title":"PROTECCI\u00d3N CIVIL INTENSIFICA MONITOREO Y ATENCI\u00d3N POR LLUVIAS EN DIFERENTES MUNICIPIOS - AliadosPuebla","robots":{"index":"index","follow":"follow","max-snippet":"max-snippet:-1","max-image-preview":"max-image-preview:large","max-video-preview":"max-video-preview:-1"},"canonical":"https:\/\/www.aliadospuebla.com\/?p=115321","og_locale":"es_ES","og_type":"article","og_title":"PROTECCI\u00d3N CIVIL INTENSIFICA MONITOREO Y ATENCI\u00d3N POR LLUVIAS EN DIFERENTES MUNICIPIOS - AliadosPuebla","og_description":"El Gobierno del Estado mantiene vigilancia en coordinaci\u00f3n con los ayuntamientos. -La Coordinaci\u00f3n de Protecci\u00f3n Civil atiende reportes sin registro de personas lesionadas. PUEBLA, Pue.\u2013 Ante las lluvias registradas en diversos municipios de la entidad, el Gobierno del Estado, encabezado por Alejandro Armenta Mier, despleg\u00f3 acciones de monitoreo y atenci\u00f3n inmediata a trav\u00e9s de la Coordinaci\u00f3n General de Protecci\u00f3n Civil y Gesti\u00f3n del Riesgo, con el prop\u00f3sito de proteger a la poblaci\u00f3n y atender de forma oportuna las incidencias derivadas de las precipitaciones. De acuerdo con el reporte del organismo que encabeza el coronel Bernab\u00e9 L\u00f3pez Santos, con corte a las 20:00 horas se registraron lluvias ligeras en Tepanco de L\u00f3pez, Juan N. M\u00e9ndez, Rafael Lara Grajales, Nopalucan de la Granja, San Pedro Cholula, Cuautlancingo,&hellip;Leer m\u00e1s...","og_url":"https:\/\/www.aliadospuebla.com\/?p=115321","og_site_name":"AliadosPuebla","article_author":"https:\/\/www.facebook.com\/Aliados17Pue","article_published_time":"2026-07-09T13:22:38+00:00","og_image":[{"width":600,"height":450,"url":"https:\/\/www.aliadospuebla.com\/web2017\/wp-content\/uploads\/2026\/07\/237.jpg","type":"image\/jpeg"}],"author":"Aliados17","twitter_card":"summary_large_image","twitter_creator":"@AliadosPuebla","twitter_misc":{"Escrito por":"Aliados17","Tiempo de lectura":"2 minutos"},"schema":{"@context":"https:\/\/schema.org","@graph":[{"@type":"Article","@id":"https:\/\/www.aliadospuebla.com\/?p=115321#article","isPartOf":{"@id":"https:\/\/www.aliadospuebla.com\/?p=115321"},"author":{"name":"Aliados17","@id":"https:\/\/www.aliadospuebla.com\/#\/schema\/person\/5da7dd09320bd4f392b710017ed5f8ad"},"headline":"PROTECCI\u00d3N CIVIL INTENSIFICA MONITOREO Y ATENCI\u00d3N POR LLUVIAS EN DIFERENTES MUNICIPIOS","datePublished":"2026-07-09T13:22:38+00:00","mainEntityOfPage":{"@id":"https:\/\/www.aliadospuebla.com\/?p=115321"},"wordCount":470,"commentCount":0,"image":{"@id":"https:\/\/www.aliadospuebla.com\/?p=115321#primaryimage"},"thumbnailUrl":"https:\/\/www.aliadospuebla.com\/web2017\/wp-content\/uploads\/2026\/07\/237.jpg","keywords":["ALEJANDRO ARMENTA MIER","atenci\u00f3n por lluvias","Bernab\u00e9 L\u00f3pez Santos","MONITOREO","precipitaciones","protecci\u00f3n civil"],"articleSection":["Gobierno"],"inLanguage":"es","potentialAction":[{"@type":"CommentAction","name":"Comment","target":["https:\/\/www.aliadospuebla.com\/?p=115321#respond"]}]},{"@type":"WebPage","@id":"https:\/\/www.aliadospuebla.com\/?p=115321","url":"https:\/\/www.aliadospuebla.com\/?p=115321","name":"PROTECCI\u00d3N CIVIL INTENSIFICA MONITOREO Y ATENCI\u00d3N POR LLUVIAS EN DIFERENTES MUNICIPIOS - AliadosPuebla","isPartOf":{"@id":"https:\/\/www.aliadospuebla.com\/#website"},"primaryImageOfPage":{"@id":"https:\/\/www.aliadospuebla.com\/?p=115321#primaryimage"},"image":{"@id":"https:\/\/www.aliadospuebla.com\/?p=115321#primaryimage"},"thumbnailUrl":"https:\/\/www.aliadospuebla.com\/web2017\/wp-content\/uploads\/2026\/07\/237.jpg","datePublished":"2026-07-09T13:22:38+00:00","author":{"@id":"https:\/\/www.aliadospuebla.com\/#\/schema\/person\/5da7dd09320bd4f392b710017ed5f8ad"},"breadcrumb":{"@id":"https:\/\/www.aliadospuebla.com\/?p=115321#breadcrumb"},"inLanguage":"es","potentialAction":[{"@type":"ReadAction","target":["https:\/\/www.aliadospuebla.com\/?p=115321"]}]},{"@type":"ImageObject","inLanguage":"es","@id":"https:\/\/www.aliadospuebla.com\/?p=115321#primaryimage","url":"https:\/\/www.aliadospuebla.com\/web2017\/wp-content\/uploads\/2026\/07\/237.jpg","contentUrl":"https:\/\/www.aliadospuebla.com\/web2017\/wp-content\/uploads\/2026\/07\/237.jpg","width":600,"height":450},{"@type":"BreadcrumbList","@id":"https:\/\/www.aliadospuebla.com\/?p=115321#breadcrumb","itemListElement":[{"@type":"ListItem","position":1,"name":"Portada","item":"https:\/\/www.aliadospuebla.com\/"},{"@type":"ListItem","position":2,"name":"PROTECCI\u00d3N CIVIL INTENSIFICA MONITOREO Y ATENCI\u00d3N POR LLUVIAS EN DIFERENTES MUNICIPIOS"}]},{"@type":"WebSite","@id":"https:\/\/www.aliadospuebla.com\/#website","url":"https:\/\/www.aliadospuebla.com\/","name":"AliadosPuebla","description":"La informaci\u00f3n en tus manos","potentialAction":[{"@type":"SearchAction","target":{"@type":"EntryPoint","urlTemplate":"https:\/\/www.aliadospuebla.com\/?s={search_term_string}"},"query-input":{"@type":"PropertyValueSpecification","valueRequired":true,"valueName":"search_term_string"}}],"inLanguage":"es"},{"@type":"Person","@id":"https:\/\/www.aliadospuebla.com\/#\/schema\/person\/5da7dd09320bd4f392b710017ed5f8ad","name":"Aliados17","image":{"@type":"ImageObject","inLanguage":"es","@id":"https:\/\/www.aliadospuebla.com\/web2017\/wp-content\/uploads\/2025\/03\/cropped-para-perfil-8-anos-1-96x96.jpg","url":"https:\/\/www.aliadospuebla.com\/web2017\/wp-content\/uploads\/2025\/03\/cropped-para-perfil-8-anos-1-96x96.jpg","contentUrl":"https:\/\/www.aliadospuebla.com\/web2017\/wp-content\/uploads\/2025\/03\/cropped-para-perfil-8-anos-1-96x96.jpg","caption":"Aliados17"},"sameAs":["https:\/\/www.aliados17.com","https:\/\/www.facebook.com\/Aliados17Pue","https:\/\/x.com\/AliadosPuebla"],"url":"https:\/\/www.aliadospuebla.com\/?author=2"}]}},"views":17,"_links":{"self":[{"href":"https:\/\/www.aliadospuebla.com\/index.php?rest_route=\/wp\/v2\/posts\/115321","targetHints":{"allow":["GET"]}}],"collection":[{"href":"https:\/\/www.aliadospuebla.com\/index.php?rest_route=\/wp\/v2\/posts"}],"about":[{"href":"https:\/\/www.aliadospuebla.com\/index.php?rest_route=\/wp\/v2\/types\/post"}],"author":[{"embeddable":true,"href":"https:\/\/www.aliadospuebla.com\/index.php?rest_route=\/wp\/v2\/users\/2"}],"replies":[{"embeddable":true,"href":"https:\/\/www.aliadospuebla.com\/index.php?rest_route=%2Fwp%2Fv2%2Fcomments&post=115321"}],"version-history":[{"count":1,"href":"https:\/\/www.aliadospuebla.com\/index.php?rest_route=\/wp\/v2\/posts\/115321\/revisions"}],"predecessor-version":[{"id":115323,"href":"https:\/\/www.aliadospuebla.com\/index.php?rest_route=\/wp\/v2\/posts\/115321\/revisions\/115323"}],"wp:featuredmedia":[{"embeddable":true,"href":"https:\/\/www.aliadospuebla.com\/index.php?rest_route=\/wp\/v2\/media\/115322"}],"wp:attachment":[{"href":"https:\/\/www.aliadospuebla.com\/index.php?rest_route=%2Fwp%2Fv2%2Fmedia&parent=115321"}],"wp:term":[{"taxonomy":"category","embeddable":true,"href":"https:\/\/www.aliadospuebla.com\/index.php?rest_route=%2Fwp%2Fv2%2Fcategories&post=115321"},{"taxonomy":"post_tag","embeddable":true,"href":"https:\/\/www.aliadospuebla.com\/index.php?rest_route=%2Fwp%2Fv2%2Ftags&post=115321"}],"curies":[{"name":"wp","href":"https:\/\/api.w.org\/{rel}","templated":true}]}}