{"id":115145,"date":"2026-07-02T22:56:47","date_gmt":"2026-07-03T04:56:47","guid":{"rendered":"https:\/\/www.aliadospuebla.com\/?p=115145"},"modified":"2026-07-02T22:56:47","modified_gmt":"2026-07-03T04:56:47","slug":"rimpulsa-tonantzin-fernandez-acciones-permanentes-de-reforestacion-en-el-cerro-zapotecas","status":"publish","type":"post","link":"https:\/\/www.aliadospuebla.com\/?p=115145","title":{"rendered":"Impulsa Tonantzin Fern\u00e1ndez acciones permanentes de reforestaci\u00f3n en el Cerro Zapotecas"},"content":{"rendered":"<h4>Fueron sembrados alrededor de 500 \u00e1rboles durante la Primera Jornada de Reforestaci\u00f3n 2026<\/h4>\n<p>San Pedro Cholula, Pue \u2013 Con el objetivo de impulsar una estrategia permanente<\/p>\n<p>para recuperar \u00e1reas verdes, mejorar la calidad del aire y proteger el patrimonio natural<\/p>\n<p>de San Pedro Cholula, el Gobierno Municipal, encabezado por la presidenta<\/p>\n<p>Tonantzin Fern\u00e1ndez, llev\u00f3 a cabo la Primera Jornada de Reforestaci\u00f3n 2026.<\/p>\n<p>La actividad se realiz\u00f3 en el Cerro Zapotecas, donde fueron sembrados alrededor<\/p>\n<p>de 500 \u00e1rboles con el apoyo de la Direcci\u00f3n de Ecolog\u00eda y Medio Ambiente,<\/p>\n<p>as\u00ed como de distintas \u00e1reas del Ayuntamiento que se sumaron a esta importante<\/p>\n<p>acci\u00f3n en favor de esta reserva natural.<\/p>\n<p>Durante su mensaje, la alcaldesa Tonantzin Fern\u00e1ndez destac\u00f3 la relevancia<\/p>\n<p>de realizar este tipo de actividades en uno de los pulmones naturales m\u00e1s importantes del estado,<\/p>\n<p>al se\u00f1alar que representan un acto de amor, conciencia y responsabilidad para devolverle<\/p>\n<p>a la madre tierra parte de lo que brinda a las y los ciudadanos.<\/p>\n<p>Asimismo, anunci\u00f3 que se llevar\u00e1n a cabo nuevas jornadas de reforestaci\u00f3n<\/p>\n<p>en el Cerro Zapotecas e invit\u00f3 a la poblaci\u00f3n a sumarse a estas iniciativas.<\/p>\n<h4>De igual forma, reiter\u00f3 que el Ayuntamiento acompa\u00f1ar\u00e1 y respaldar\u00e1 a los grupos y organizaciones que participen en la conservaci\u00f3n y recuperaci\u00f3n de esta importante \u00e1rea verde.<\/h4>\n<p>Por su parte, Benjam\u00edn Rosete, director de Ecolog\u00eda y Medio Ambiente, y Mois\u00e9s Ahuatl,<\/p>\n<p>secretario de Bienestar, coincidieron en que las acciones impulsadas<\/p>\n<p>por la actual administraci\u00f3n han sido fundamentales para recuperar espacios dignos<\/p>\n<p>y seguros para que las familias cholultecas puedan convivir y realizar actividades deportivas<\/p>\n<p>y recreativas, adem\u00e1s de generar beneficios ambientales para las futuras generaciones.<\/p>\n<p>Con estas acciones, el Gobierno de San Pedro Cholula refrenda su compromiso con la protecci\u00f3n del medio ambiente, la preservaci\u00f3n de los recursos naturales y la construcci\u00f3n de un municipio m\u00e1s sustentable y con mejores condiciones de vida para todas y todos.<\/p>\n","protected":false},"excerpt":{"rendered":"<p>Fueron sembrados alrededor de 500 \u00e1rboles durante la Primera Jornada de Reforestaci\u00f3n 2026 San Pedro Cholula, Pue \u2013 Con el objetivo de impulsar una estrategia permanente para recuperar \u00e1reas verdes, mejorar la calidad del aire y proteger el patrimonio natural de San Pedro Cholula, el Gobierno Municipal, encabezado por la presidenta Tonantzin Fern\u00e1ndez, llev\u00f3 a cabo la Primera Jornada de Reforestaci\u00f3n 2026. La actividad se realiz\u00f3 en el Cerro Zapotecas, donde fueron sembrados alrededor de 500 \u00e1rboles con el apoyo de la Direcci\u00f3n de Ecolog\u00eda y Medio Ambiente, as\u00ed como de distintas \u00e1reas del Ayuntamiento que se sumaron a esta importante acci\u00f3n en favor de esta reserva natural. Durante su mensaje, la alcaldesa Tonantzin Fern\u00e1ndez destac\u00f3 la relevancia de realizar este tipo de actividades en&hellip;<\/p>\n<p class=\"excerpt-more\"><a class=\"blog-excerpt button\" href=\"https:\/\/www.aliadospuebla.com\/?p=115145\">Leer m\u00e1s&#8230;<\/a><\/p>\n","protected":false},"author":2,"featured_media":115146,"comment_status":"open","ping_status":"open","sticky":false,"template":"","format":"standard","meta":{"_monsterinsights_skip_tracking":false,"footnotes":""},"categories":[4],"tags":[847,34173,34174,496,387,7394],"class_list":["post-115145","post","type-post","status-publish","format-standard","has-post-thumbnail","hentry","category-municipios","tag-cerro-zapotecas","tag-primera-jornada-de-reforestacion-2026","tag-pulmones-naturales","tag-reforestacion","tag-san-pedro-cholula","tag-tonantzin-fernandez"],"yoast_head":"<!-- This site is optimized with the Yoast SEO plugin v28.4 - https:\/\/yoast.com\/product\/yoast-seo-wordpress\/ -->\n<title>Impulsa Tonantzin Fern\u00e1ndez acciones permanentes de reforestaci\u00f3n en el Cerro Zapotecas - AliadosPuebla<\/title>\n<meta name=\"robots\" content=\"index, follow, max-snippet:-1, max-image-preview:large, max-video-preview:-1\" \/>\n<link rel=\"canonical\" href=\"https:\/\/www.aliadospuebla.com\/?p=115145\" \/>\n<meta property=\"og:locale\" content=\"es_ES\" \/>\n<meta property=\"og:type\" content=\"article\" \/>\n<meta property=\"og:title\" content=\"Impulsa Tonantzin Fern\u00e1ndez acciones permanentes de reforestaci\u00f3n en el Cerro Zapotecas - AliadosPuebla\" \/>\n<meta property=\"og:description\" content=\"Fueron sembrados alrededor de 500 \u00e1rboles durante la Primera Jornada de Reforestaci\u00f3n 2026 San Pedro Cholula, Pue \u2013 Con el objetivo de impulsar una estrategia permanente para recuperar \u00e1reas verdes, mejorar la calidad del aire y proteger el patrimonio natural de San Pedro Cholula, el Gobierno Municipal, encabezado por la presidenta Tonantzin Fern\u00e1ndez, llev\u00f3 a cabo la Primera Jornada de Reforestaci\u00f3n 2026. La actividad se realiz\u00f3 en el Cerro Zapotecas, donde fueron sembrados alrededor de 500 \u00e1rboles con el apoyo de la Direcci\u00f3n de Ecolog\u00eda y Medio Ambiente, as\u00ed como de distintas \u00e1reas del Ayuntamiento que se sumaron a esta importante acci\u00f3n en favor de esta reserva natural. Durante su mensaje, la alcaldesa Tonantzin Fern\u00e1ndez destac\u00f3 la relevancia de realizar este tipo de actividades en&hellip;Leer m\u00e1s...\" \/>\n<meta property=\"og:url\" content=\"https:\/\/www.aliadospuebla.com\/?p=115145\" \/>\n<meta property=\"og:site_name\" content=\"AliadosPuebla\" \/>\n<meta property=\"article:author\" content=\"https:\/\/www.facebook.com\/Aliados17Pue\" \/>\n<meta property=\"article:published_time\" content=\"2026-07-03T04:56:47+00:00\" \/>\n<meta property=\"og:image\" content=\"https:\/\/www.aliadospuebla.com\/web2017\/wp-content\/uploads\/2026\/07\/186.jpg\" \/>\n\t<meta property=\"og:image:width\" content=\"600\" \/>\n\t<meta property=\"og:image:height\" content=\"450\" \/>\n\t<meta property=\"og:image:type\" content=\"image\/jpeg\" \/>\n<meta name=\"author\" content=\"Aliados17\" \/>\n<meta name=\"twitter:card\" content=\"summary_large_image\" \/>\n<meta name=\"twitter:creator\" content=\"@AliadosPuebla\" \/>\n<meta name=\"twitter:label1\" content=\"Escrito por\" \/>\n\t<meta name=\"twitter:data1\" content=\"Aliados17\" \/>\n\t<meta name=\"twitter:label2\" content=\"Tiempo de lectura\" \/>\n\t<meta name=\"twitter:data2\" content=\"2 minutos\" \/>\n<script type=\"application\/ld+json\" class=\"yoast-schema-graph\">{\"@context\":\"https:\\\/\\\/schema.org\",\"@graph\":[{\"@type\":\"Article\",\"@id\":\"https:\\\/\\\/www.aliadospuebla.com\\\/?p=115145#article\",\"isPartOf\":{\"@id\":\"https:\\\/\\\/www.aliadospuebla.com\\\/?p=115145\"},\"author\":{\"name\":\"Aliados17\",\"@id\":\"https:\\\/\\\/www.aliadospuebla.com\\\/#\\\/schema\\\/person\\\/5da7dd09320bd4f392b710017ed5f8ad\"},\"headline\":\"Impulsa Tonantzin Fern\u00e1ndez acciones permanentes de reforestaci\u00f3n en el Cerro Zapotecas\",\"datePublished\":\"2026-07-03T04:56:47+00:00\",\"mainEntityOfPage\":{\"@id\":\"https:\\\/\\\/www.aliadospuebla.com\\\/?p=115145\"},\"wordCount\":345,\"commentCount\":0,\"image\":{\"@id\":\"https:\\\/\\\/www.aliadospuebla.com\\\/?p=115145#primaryimage\"},\"thumbnailUrl\":\"https:\\\/\\\/www.aliadospuebla.com\\\/web2017\\\/wp-content\\\/uploads\\\/2026\\\/07\\\/186.jpg\",\"keywords\":[\"CERRO ZAPOTECAS\",\"Primera Jornada de Reforestaci\u00f3n 2026\",\"pulmones naturales\",\"REFORESTACI\u00d3N\",\"SAN PEDRO CHOLULA\",\"TONANTZIN FERN\u00c1NDEZ\"],\"articleSection\":[\"Municipios\"],\"inLanguage\":\"es\",\"potentialAction\":[{\"@type\":\"CommentAction\",\"name\":\"Comment\",\"target\":[\"https:\\\/\\\/www.aliadospuebla.com\\\/?p=115145#respond\"]}]},{\"@type\":\"WebPage\",\"@id\":\"https:\\\/\\\/www.aliadospuebla.com\\\/?p=115145\",\"url\":\"https:\\\/\\\/www.aliadospuebla.com\\\/?p=115145\",\"name\":\"Impulsa Tonantzin Fern\u00e1ndez acciones permanentes de reforestaci\u00f3n en el Cerro Zapotecas - AliadosPuebla\",\"isPartOf\":{\"@id\":\"https:\\\/\\\/www.aliadospuebla.com\\\/#website\"},\"primaryImageOfPage\":{\"@id\":\"https:\\\/\\\/www.aliadospuebla.com\\\/?p=115145#primaryimage\"},\"image\":{\"@id\":\"https:\\\/\\\/www.aliadospuebla.com\\\/?p=115145#primaryimage\"},\"thumbnailUrl\":\"https:\\\/\\\/www.aliadospuebla.com\\\/web2017\\\/wp-content\\\/uploads\\\/2026\\\/07\\\/186.jpg\",\"datePublished\":\"2026-07-03T04:56:47+00:00\",\"author\":{\"@id\":\"https:\\\/\\\/www.aliadospuebla.com\\\/#\\\/schema\\\/person\\\/5da7dd09320bd4f392b710017ed5f8ad\"},\"breadcrumb\":{\"@id\":\"https:\\\/\\\/www.aliadospuebla.com\\\/?p=115145#breadcrumb\"},\"inLanguage\":\"es\",\"potentialAction\":[{\"@type\":\"ReadAction\",\"target\":[\"https:\\\/\\\/www.aliadospuebla.com\\\/?p=115145\"]}]},{\"@type\":\"ImageObject\",\"inLanguage\":\"es\",\"@id\":\"https:\\\/\\\/www.aliadospuebla.com\\\/?p=115145#primaryimage\",\"url\":\"https:\\\/\\\/www.aliadospuebla.com\\\/web2017\\\/wp-content\\\/uploads\\\/2026\\\/07\\\/186.jpg\",\"contentUrl\":\"https:\\\/\\\/www.aliadospuebla.com\\\/web2017\\\/wp-content\\\/uploads\\\/2026\\\/07\\\/186.jpg\",\"width\":600,\"height\":450},{\"@type\":\"BreadcrumbList\",\"@id\":\"https:\\\/\\\/www.aliadospuebla.com\\\/?p=115145#breadcrumb\",\"itemListElement\":[{\"@type\":\"ListItem\",\"position\":1,\"name\":\"Portada\",\"item\":\"https:\\\/\\\/www.aliadospuebla.com\\\/\"},{\"@type\":\"ListItem\",\"position\":2,\"name\":\"Impulsa Tonantzin Fern\u00e1ndez acciones permanentes de reforestaci\u00f3n en el Cerro Zapotecas\"}]},{\"@type\":\"WebSite\",\"@id\":\"https:\\\/\\\/www.aliadospuebla.com\\\/#website\",\"url\":\"https:\\\/\\\/www.aliadospuebla.com\\\/\",\"name\":\"AliadosPuebla\",\"description\":\"La informaci\u00f3n en tus manos\",\"potentialAction\":[{\"@type\":\"SearchAction\",\"target\":{\"@type\":\"EntryPoint\",\"urlTemplate\":\"https:\\\/\\\/www.aliadospuebla.com\\\/?s={search_term_string}\"},\"query-input\":{\"@type\":\"PropertyValueSpecification\",\"valueRequired\":true,\"valueName\":\"search_term_string\"}}],\"inLanguage\":\"es\"},{\"@type\":\"Person\",\"@id\":\"https:\\\/\\\/www.aliadospuebla.com\\\/#\\\/schema\\\/person\\\/5da7dd09320bd4f392b710017ed5f8ad\",\"name\":\"Aliados17\",\"image\":{\"@type\":\"ImageObject\",\"inLanguage\":\"es\",\"@id\":\"https:\\\/\\\/www.aliadospuebla.com\\\/web2017\\\/wp-content\\\/uploads\\\/2025\\\/03\\\/cropped-para-perfil-8-anos-1-96x96.jpg\",\"url\":\"https:\\\/\\\/www.aliadospuebla.com\\\/web2017\\\/wp-content\\\/uploads\\\/2025\\\/03\\\/cropped-para-perfil-8-anos-1-96x96.jpg\",\"contentUrl\":\"https:\\\/\\\/www.aliadospuebla.com\\\/web2017\\\/wp-content\\\/uploads\\\/2025\\\/03\\\/cropped-para-perfil-8-anos-1-96x96.jpg\",\"caption\":\"Aliados17\"},\"sameAs\":[\"https:\\\/\\\/www.aliados17.com\",\"https:\\\/\\\/www.facebook.com\\\/Aliados17Pue\",\"https:\\\/\\\/x.com\\\/AliadosPuebla\"],\"url\":\"https:\\\/\\\/www.aliadospuebla.com\\\/?author=2\"}]}<\/script>\n<!-- \/ Yoast SEO plugin. -->","yoast_head_json":{"title":"Impulsa Tonantzin Fern\u00e1ndez acciones permanentes de reforestaci\u00f3n en el Cerro Zapotecas - AliadosPuebla","robots":{"index":"index","follow":"follow","max-snippet":"max-snippet:-1","max-image-preview":"max-image-preview:large","max-video-preview":"max-video-preview:-1"},"canonical":"https:\/\/www.aliadospuebla.com\/?p=115145","og_locale":"es_ES","og_type":"article","og_title":"Impulsa Tonantzin Fern\u00e1ndez acciones permanentes de reforestaci\u00f3n en el Cerro Zapotecas - AliadosPuebla","og_description":"Fueron sembrados alrededor de 500 \u00e1rboles durante la Primera Jornada de Reforestaci\u00f3n 2026 San Pedro Cholula, Pue \u2013 Con el objetivo de impulsar una estrategia permanente para recuperar \u00e1reas verdes, mejorar la calidad del aire y proteger el patrimonio natural de San Pedro Cholula, el Gobierno Municipal, encabezado por la presidenta Tonantzin Fern\u00e1ndez, llev\u00f3 a cabo la Primera Jornada de Reforestaci\u00f3n 2026. La actividad se realiz\u00f3 en el Cerro Zapotecas, donde fueron sembrados alrededor de 500 \u00e1rboles con el apoyo de la Direcci\u00f3n de Ecolog\u00eda y Medio Ambiente, as\u00ed como de distintas \u00e1reas del Ayuntamiento que se sumaron a esta importante acci\u00f3n en favor de esta reserva natural. Durante su mensaje, la alcaldesa Tonantzin Fern\u00e1ndez destac\u00f3 la relevancia de realizar este tipo de actividades en&hellip;Leer m\u00e1s...","og_url":"https:\/\/www.aliadospuebla.com\/?p=115145","og_site_name":"AliadosPuebla","article_author":"https:\/\/www.facebook.com\/Aliados17Pue","article_published_time":"2026-07-03T04:56:47+00:00","og_image":[{"width":600,"height":450,"url":"https:\/\/www.aliadospuebla.com\/web2017\/wp-content\/uploads\/2026\/07\/186.jpg","type":"image\/jpeg"}],"author":"Aliados17","twitter_card":"summary_large_image","twitter_creator":"@AliadosPuebla","twitter_misc":{"Escrito por":"Aliados17","Tiempo de lectura":"2 minutos"},"schema":{"@context":"https:\/\/schema.org","@graph":[{"@type":"Article","@id":"https:\/\/www.aliadospuebla.com\/?p=115145#article","isPartOf":{"@id":"https:\/\/www.aliadospuebla.com\/?p=115145"},"author":{"name":"Aliados17","@id":"https:\/\/www.aliadospuebla.com\/#\/schema\/person\/5da7dd09320bd4f392b710017ed5f8ad"},"headline":"Impulsa Tonantzin Fern\u00e1ndez acciones permanentes de reforestaci\u00f3n en el Cerro Zapotecas","datePublished":"2026-07-03T04:56:47+00:00","mainEntityOfPage":{"@id":"https:\/\/www.aliadospuebla.com\/?p=115145"},"wordCount":345,"commentCount":0,"image":{"@id":"https:\/\/www.aliadospuebla.com\/?p=115145#primaryimage"},"thumbnailUrl":"https:\/\/www.aliadospuebla.com\/web2017\/wp-content\/uploads\/2026\/07\/186.jpg","keywords":["CERRO ZAPOTECAS","Primera Jornada de Reforestaci\u00f3n 2026","pulmones naturales","REFORESTACI\u00d3N","SAN PEDRO CHOLULA","TONANTZIN FERN\u00c1NDEZ"],"articleSection":["Municipios"],"inLanguage":"es","potentialAction":[{"@type":"CommentAction","name":"Comment","target":["https:\/\/www.aliadospuebla.com\/?p=115145#respond"]}]},{"@type":"WebPage","@id":"https:\/\/www.aliadospuebla.com\/?p=115145","url":"https:\/\/www.aliadospuebla.com\/?p=115145","name":"Impulsa Tonantzin Fern\u00e1ndez acciones permanentes de reforestaci\u00f3n en el Cerro Zapotecas - AliadosPuebla","isPartOf":{"@id":"https:\/\/www.aliadospuebla.com\/#website"},"primaryImageOfPage":{"@id":"https:\/\/www.aliadospuebla.com\/?p=115145#primaryimage"},"image":{"@id":"https:\/\/www.aliadospuebla.com\/?p=115145#primaryimage"},"thumbnailUrl":"https:\/\/www.aliadospuebla.com\/web2017\/wp-content\/uploads\/2026\/07\/186.jpg","datePublished":"2026-07-03T04:56:47+00:00","author":{"@id":"https:\/\/www.aliadospuebla.com\/#\/schema\/person\/5da7dd09320bd4f392b710017ed5f8ad"},"breadcrumb":{"@id":"https:\/\/www.aliadospuebla.com\/?p=115145#breadcrumb"},"inLanguage":"es","potentialAction":[{"@type":"ReadAction","target":["https:\/\/www.aliadospuebla.com\/?p=115145"]}]},{"@type":"ImageObject","inLanguage":"es","@id":"https:\/\/www.aliadospuebla.com\/?p=115145#primaryimage","url":"https:\/\/www.aliadospuebla.com\/web2017\/wp-content\/uploads\/2026\/07\/186.jpg","contentUrl":"https:\/\/www.aliadospuebla.com\/web2017\/wp-content\/uploads\/2026\/07\/186.jpg","width":600,"height":450},{"@type":"BreadcrumbList","@id":"https:\/\/www.aliadospuebla.com\/?p=115145#breadcrumb","itemListElement":[{"@type":"ListItem","position":1,"name":"Portada","item":"https:\/\/www.aliadospuebla.com\/"},{"@type":"ListItem","position":2,"name":"Impulsa Tonantzin Fern\u00e1ndez acciones permanentes de reforestaci\u00f3n en el Cerro Zapotecas"}]},{"@type":"WebSite","@id":"https:\/\/www.aliadospuebla.com\/#website","url":"https:\/\/www.aliadospuebla.com\/","name":"AliadosPuebla","description":"La informaci\u00f3n en tus manos","potentialAction":[{"@type":"SearchAction","target":{"@type":"EntryPoint","urlTemplate":"https:\/\/www.aliadospuebla.com\/?s={search_term_string}"},"query-input":{"@type":"PropertyValueSpecification","valueRequired":true,"valueName":"search_term_string"}}],"inLanguage":"es"},{"@type":"Person","@id":"https:\/\/www.aliadospuebla.com\/#\/schema\/person\/5da7dd09320bd4f392b710017ed5f8ad","name":"Aliados17","image":{"@type":"ImageObject","inLanguage":"es","@id":"https:\/\/www.aliadospuebla.com\/web2017\/wp-content\/uploads\/2025\/03\/cropped-para-perfil-8-anos-1-96x96.jpg","url":"https:\/\/www.aliadospuebla.com\/web2017\/wp-content\/uploads\/2025\/03\/cropped-para-perfil-8-anos-1-96x96.jpg","contentUrl":"https:\/\/www.aliadospuebla.com\/web2017\/wp-content\/uploads\/2025\/03\/cropped-para-perfil-8-anos-1-96x96.jpg","caption":"Aliados17"},"sameAs":["https:\/\/www.aliados17.com","https:\/\/www.facebook.com\/Aliados17Pue","https:\/\/x.com\/AliadosPuebla"],"url":"https:\/\/www.aliadospuebla.com\/?author=2"}]}},"views":13,"_links":{"self":[{"href":"https:\/\/www.aliadospuebla.com\/index.php?rest_route=\/wp\/v2\/posts\/115145","targetHints":{"allow":["GET"]}}],"collection":[{"href":"https:\/\/www.aliadospuebla.com\/index.php?rest_route=\/wp\/v2\/posts"}],"about":[{"href":"https:\/\/www.aliadospuebla.com\/index.php?rest_route=\/wp\/v2\/types\/post"}],"author":[{"embeddable":true,"href":"https:\/\/www.aliadospuebla.com\/index.php?rest_route=\/wp\/v2\/users\/2"}],"replies":[{"embeddable":true,"href":"https:\/\/www.aliadospuebla.com\/index.php?rest_route=%2Fwp%2Fv2%2Fcomments&post=115145"}],"version-history":[{"count":1,"href":"https:\/\/www.aliadospuebla.com\/index.php?rest_route=\/wp\/v2\/posts\/115145\/revisions"}],"predecessor-version":[{"id":115147,"href":"https:\/\/www.aliadospuebla.com\/index.php?rest_route=\/wp\/v2\/posts\/115145\/revisions\/115147"}],"wp:featuredmedia":[{"embeddable":true,"href":"https:\/\/www.aliadospuebla.com\/index.php?rest_route=\/wp\/v2\/media\/115146"}],"wp:attachment":[{"href":"https:\/\/www.aliadospuebla.com\/index.php?rest_route=%2Fwp%2Fv2%2Fmedia&parent=115145"}],"wp:term":[{"taxonomy":"category","embeddable":true,"href":"https:\/\/www.aliadospuebla.com\/index.php?rest_route=%2Fwp%2Fv2%2Fcategories&post=115145"},{"taxonomy":"post_tag","embeddable":true,"href":"https:\/\/www.aliadospuebla.com\/index.php?rest_route=%2Fwp%2Fv2%2Ftags&post=115145"}],"curies":[{"name":"wp","href":"https:\/\/api.w.org\/{rel}","templated":true}]}}