{"id":115110,"date":"2026-07-02T20:44:47","date_gmt":"2026-07-03T02:44:47","guid":{"rendered":"https:\/\/www.aliadospuebla.com\/?p=115110"},"modified":"2026-07-02T20:48:22","modified_gmt":"2026-07-03T02:48:22","slug":"jordi-dara-catedra-de-agua-en-el-congreso","status":"publish","type":"post","link":"https:\/\/www.aliadospuebla.com\/?p=115110","title":{"rendered":"Jordi dar\u00e1 c\u00e1tedra de agua en el Congreso"},"content":{"rendered":"<h4>Jordi no va a ir al Congreso del Estado (sin la \u201cH\u201d de Honorable) a hablar de las inundaciones recientes en la ciudad capital.<\/h4>\n<p>Tampoco ir\u00e1 a ofrecer disculpas por lo que Agua de Puebla para Todos, ha dejado de hacer o invertir en infraestructura.<br \/>\nNo es su culpa. Es de SOAPAP.<br \/>\nMenos aun, ir\u00e1 para dar explicaciones a un grupo de ignorantes de mucho<\/p>\n<p>y conocedores de politiquer\u00eda (\u201cos\u00e9ase\u201d la mayor\u00eda de las y los legisladores).<br \/>\nY jam\u00e1s, para ofrecerles canong\u00edas, favores, constructoras recomendadas,<\/p>\n<p>privilegios, \u201cmoches\u201d o \u201cmilpas\u201d.<br \/>\nM\u00e1s bien, Jordi Bosch Bragado director de Agua de Puebla ir\u00e1 a dar c\u00e1tedra<\/p>\n<p>del manejo de la extracci\u00f3n, distribuci\u00f3n, administraci\u00f3n y cuidado del agua.<br \/>\nLas y los diputados de una muy limitada legislatura, con 2\/3 excepciones,<\/p>\n<p>bien pueden aprovechar para aprender algo y si son inteligentes,<\/p>\n<p>organizar con la empresa de 300 millones de pesos de utilidades<\/p>\n<p>durante el 2025, una serie de jornadas de informaci\u00f3n, cobro,<\/p>\n<p>educaci\u00f3n, cultura y otros servicios.<br \/>\nEs decir, que no critiquen de lo que no saben.<br \/>\nMientras el d\u00eda de la \u201ccomparecencia\u201d llega (7 de julio pr\u00f3ximo), Jordi afina los detalles<\/p>\n<p>de las inversiones hechas, pero tambi\u00e9n de las que no puede hacer porque \u201cSOAPAP no las valida\u201d,<\/p>\n<p>aunque Banobras es el organismo que debe autorizar.<br \/>\nEl caso es que Josefina Morales Guerrero, la actual directora de SOAPAP<\/p>\n<p>ha hecho esfuerzos sobre humanos para recomponer el organismo.<br \/>\nYa les informar\u00e9.<br \/>\nBueno, esperemos la \u201ccomparecencia\u201d.<br \/>\nInviten.<br \/>\nPunto.<br \/>\nHe informado.<br \/>\n\u2026<\/p>\n<h4>Armenta, el mejor gobernador de la 4T<\/h4>\n<p>El de Puebla, result\u00f3 ser el gobernador con mejor puntaje de entre todas y todos sus pares de MORENA y sus aliados.<br \/>\nAlejandro Armenta se coloc\u00f3 en el Top 5 de los mandatarios estatales.<br \/>\nCampaigns and Elections revel\u00f3 que el coahuilense Manolo Jim\u00e9nez, encabeza la edici\u00f3n n\u00famero 72 del Ranking de Desempe\u00f1o de Gobernadores de M\u00e9xico.<br \/>\nEn la segunda posici\u00f3n se ubica la de Guanajuato, la panista Libia Dennise Garc\u00eda.<br \/>\nLos gobernadores de Movimiento Ciudadano, son el tercero y cuarto lugar. Samuel Garc\u00eda de Nuevo Le\u00f3n y Pablo Lemus de Jalisco, respectivamente.<br \/>\nCon una aprobaci\u00f3n del 65%, Armenta es el quinto de la lista y el mejor de la 4T.<br \/>\nDe los dem\u00e1s, mejor ni nos ocupamos.<br \/>\nPunto.<br \/>\n\u2026<\/p>\n<p>Ni Obama<br \/>\nPara las principales alcald\u00edas del Estado, se mantendr\u00e1 la coalici\u00f3n de 5 partidos: MORENA, PT, Verde, Fuerza x M\u00e9xico y Nueva Alianza. Sorpresas electorales no quiere Sheinbaum, ni Obama.<br \/>\n\u2026<\/p>\n<p>El Verdugo<br \/>\nBocanada de ox\u00edgeno puro para la Presidenta y la 4T, con eso del Mundial y la Selecci\u00f3n. Olvidamos a Rocha Moya, el TLC, los asaltos en carretera, la violencia, el narco-gobierno, la inflaci\u00f3n, el golpeador Rodr\u00edguez Padilla y toda la desgracia nacional. El Verdugo dice: \u201c\u00d3ra\u201d. Estamos hablando de futbol.<br \/>\n\u2026<\/p>\n","protected":false},"excerpt":{"rendered":"<p>Jordi no va a ir al Congreso del Estado (sin la \u201cH\u201d de Honorable) a hablar de las inundaciones recientes en la ciudad capital. Tampoco ir\u00e1 a ofrecer disculpas por lo que Agua de Puebla para Todos, ha dejado de hacer o invertir en infraestructura. No es su culpa. Es de SOAPAP. Menos aun, ir\u00e1 para dar explicaciones a un grupo de ignorantes de mucho y conocedores de politiquer\u00eda (\u201cos\u00e9ase\u201d la mayor\u00eda de las y los legisladores). Y jam\u00e1s, para ofrecerles canong\u00edas, favores, constructoras recomendadas, privilegios, \u201cmoches\u201d o \u201cmilpas\u201d. M\u00e1s bien, Jordi Bosch Bragado director de Agua de Puebla ir\u00e1 a dar c\u00e1tedra del manejo de la extracci\u00f3n, distribuci\u00f3n, administraci\u00f3n y cuidado del agua. Las y los diputados de una muy limitada legislatura, con 2\/3&hellip;<\/p>\n<p class=\"excerpt-more\"><a class=\"blog-excerpt button\" href=\"https:\/\/www.aliadospuebla.com\/?p=115110\">Leer m\u00e1s&#8230;<\/a><\/p>\n","protected":false},"author":2,"featured_media":115111,"comment_status":"open","ping_status":"open","sticky":false,"template":"","format":"standard","meta":{"_monsterinsights_skip_tracking":false,"footnotes":""},"categories":[9],"tags":[1252,546,4780,7435,7694,31273,4626],"class_list":["post-115110","post","type-post","status-publish","format-standard","has-post-thumbnail","hentry","category-columnas","tag-administracion","tag-agua-de-puebla","tag-alejandro-armenta","tag-distribucion","tag-extraccion","tag-jordi-bosch-bragado","tag-soapap"],"yoast_head":"<!-- This site is optimized with the Yoast SEO plugin v28.3 - https:\/\/yoast.com\/product\/yoast-seo-wordpress\/ -->\n<title>Jordi dar\u00e1 c\u00e1tedra de agua en el Congreso - AliadosPuebla<\/title>\n<meta name=\"robots\" content=\"index, follow, max-snippet:-1, max-image-preview:large, max-video-preview:-1\" \/>\n<link rel=\"canonical\" href=\"https:\/\/www.aliadospuebla.com\/?p=115110\" \/>\n<meta property=\"og:locale\" content=\"es_ES\" \/>\n<meta property=\"og:type\" content=\"article\" \/>\n<meta property=\"og:title\" content=\"Jordi dar\u00e1 c\u00e1tedra de agua en el Congreso - AliadosPuebla\" \/>\n<meta property=\"og:description\" content=\"Jordi no va a ir al Congreso del Estado (sin la \u201cH\u201d de Honorable) a hablar de las inundaciones recientes en la ciudad capital. Tampoco ir\u00e1 a ofrecer disculpas por lo que Agua de Puebla para Todos, ha dejado de hacer o invertir en infraestructura. No es su culpa. Es de SOAPAP. Menos aun, ir\u00e1 para dar explicaciones a un grupo de ignorantes de mucho y conocedores de politiquer\u00eda (\u201cos\u00e9ase\u201d la mayor\u00eda de las y los legisladores). Y jam\u00e1s, para ofrecerles canong\u00edas, favores, constructoras recomendadas, privilegios, \u201cmoches\u201d o \u201cmilpas\u201d. M\u00e1s bien, Jordi Bosch Bragado director de Agua de Puebla ir\u00e1 a dar c\u00e1tedra del manejo de la extracci\u00f3n, distribuci\u00f3n, administraci\u00f3n y cuidado del agua. Las y los diputados de una muy limitada legislatura, con 2\/3&hellip;Leer m\u00e1s...\" \/>\n<meta property=\"og:url\" content=\"https:\/\/www.aliadospuebla.com\/?p=115110\" \/>\n<meta property=\"og:site_name\" content=\"AliadosPuebla\" \/>\n<meta property=\"article:author\" content=\"https:\/\/www.facebook.com\/Aliados17Pue\" \/>\n<meta property=\"article:published_time\" content=\"2026-07-03T02:44:47+00:00\" \/>\n<meta property=\"article:modified_time\" content=\"2026-07-03T02:48:22+00:00\" \/>\n<meta property=\"og:image\" content=\"https:\/\/www.aliadospuebla.com\/web2017\/wp-content\/uploads\/2026\/07\/175.jpg\" \/>\n\t<meta property=\"og:image:width\" content=\"600\" \/>\n\t<meta property=\"og:image:height\" content=\"450\" \/>\n\t<meta property=\"og:image:type\" content=\"image\/jpeg\" \/>\n<meta name=\"author\" content=\"Aliados17\" \/>\n<meta name=\"twitter:card\" content=\"summary_large_image\" \/>\n<meta name=\"twitter:creator\" content=\"@AliadosPuebla\" \/>\n<meta name=\"twitter:label1\" content=\"Escrito por\" \/>\n\t<meta name=\"twitter:data1\" content=\"Aliados17\" \/>\n\t<meta name=\"twitter:label2\" content=\"Tiempo de lectura\" \/>\n\t<meta name=\"twitter:data2\" content=\"3 minutos\" \/>\n<script type=\"application\/ld+json\" class=\"yoast-schema-graph\">{\"@context\":\"https:\\\/\\\/schema.org\",\"@graph\":[{\"@type\":\"Article\",\"@id\":\"https:\\\/\\\/www.aliadospuebla.com\\\/?p=115110#article\",\"isPartOf\":{\"@id\":\"https:\\\/\\\/www.aliadospuebla.com\\\/?p=115110\"},\"author\":{\"name\":\"Aliados17\",\"@id\":\"https:\\\/\\\/www.aliadospuebla.com\\\/#\\\/schema\\\/person\\\/5da7dd09320bd4f392b710017ed5f8ad\"},\"headline\":\"Jordi dar\u00e1 c\u00e1tedra de agua en el Congreso\",\"datePublished\":\"2026-07-03T02:44:47+00:00\",\"dateModified\":\"2026-07-03T02:48:22+00:00\",\"mainEntityOfPage\":{\"@id\":\"https:\\\/\\\/www.aliadospuebla.com\\\/?p=115110\"},\"wordCount\":486,\"commentCount\":0,\"image\":{\"@id\":\"https:\\\/\\\/www.aliadospuebla.com\\\/?p=115110#primaryimage\"},\"thumbnailUrl\":\"https:\\\/\\\/www.aliadospuebla.com\\\/web2017\\\/wp-content\\\/uploads\\\/2026\\\/07\\\/175.jpg\",\"keywords\":[\"ADMINISTRACI\u00d3N\",\"AGUA DE PUEBLA\",\"ALEJANDRO ARMENTA\",\"DISTRIBUCI\u00d3N\",\"EXTRACCI\u00d3N\",\"Jordi Bosch Bragado\",\"SOAPAP\"],\"articleSection\":[\"Columnas\"],\"inLanguage\":\"es\",\"potentialAction\":[{\"@type\":\"CommentAction\",\"name\":\"Comment\",\"target\":[\"https:\\\/\\\/www.aliadospuebla.com\\\/?p=115110#respond\"]}]},{\"@type\":\"WebPage\",\"@id\":\"https:\\\/\\\/www.aliadospuebla.com\\\/?p=115110\",\"url\":\"https:\\\/\\\/www.aliadospuebla.com\\\/?p=115110\",\"name\":\"Jordi dar\u00e1 c\u00e1tedra de agua en el Congreso - AliadosPuebla\",\"isPartOf\":{\"@id\":\"https:\\\/\\\/www.aliadospuebla.com\\\/#website\"},\"primaryImageOfPage\":{\"@id\":\"https:\\\/\\\/www.aliadospuebla.com\\\/?p=115110#primaryimage\"},\"image\":{\"@id\":\"https:\\\/\\\/www.aliadospuebla.com\\\/?p=115110#primaryimage\"},\"thumbnailUrl\":\"https:\\\/\\\/www.aliadospuebla.com\\\/web2017\\\/wp-content\\\/uploads\\\/2026\\\/07\\\/175.jpg\",\"datePublished\":\"2026-07-03T02:44:47+00:00\",\"dateModified\":\"2026-07-03T02:48:22+00:00\",\"author\":{\"@id\":\"https:\\\/\\\/www.aliadospuebla.com\\\/#\\\/schema\\\/person\\\/5da7dd09320bd4f392b710017ed5f8ad\"},\"breadcrumb\":{\"@id\":\"https:\\\/\\\/www.aliadospuebla.com\\\/?p=115110#breadcrumb\"},\"inLanguage\":\"es\",\"potentialAction\":[{\"@type\":\"ReadAction\",\"target\":[\"https:\\\/\\\/www.aliadospuebla.com\\\/?p=115110\"]}]},{\"@type\":\"ImageObject\",\"inLanguage\":\"es\",\"@id\":\"https:\\\/\\\/www.aliadospuebla.com\\\/?p=115110#primaryimage\",\"url\":\"https:\\\/\\\/www.aliadospuebla.com\\\/web2017\\\/wp-content\\\/uploads\\\/2026\\\/07\\\/175.jpg\",\"contentUrl\":\"https:\\\/\\\/www.aliadospuebla.com\\\/web2017\\\/wp-content\\\/uploads\\\/2026\\\/07\\\/175.jpg\",\"width\":600,\"height\":450},{\"@type\":\"BreadcrumbList\",\"@id\":\"https:\\\/\\\/www.aliadospuebla.com\\\/?p=115110#breadcrumb\",\"itemListElement\":[{\"@type\":\"ListItem\",\"position\":1,\"name\":\"Portada\",\"item\":\"https:\\\/\\\/www.aliadospuebla.com\\\/\"},{\"@type\":\"ListItem\",\"position\":2,\"name\":\"Jordi dar\u00e1 c\u00e1tedra de agua en el Congreso\"}]},{\"@type\":\"WebSite\",\"@id\":\"https:\\\/\\\/www.aliadospuebla.com\\\/#website\",\"url\":\"https:\\\/\\\/www.aliadospuebla.com\\\/\",\"name\":\"AliadosPuebla\",\"description\":\"La informaci\u00f3n en tus manos\",\"potentialAction\":[{\"@type\":\"SearchAction\",\"target\":{\"@type\":\"EntryPoint\",\"urlTemplate\":\"https:\\\/\\\/www.aliadospuebla.com\\\/?s={search_term_string}\"},\"query-input\":{\"@type\":\"PropertyValueSpecification\",\"valueRequired\":true,\"valueName\":\"search_term_string\"}}],\"inLanguage\":\"es\"},{\"@type\":\"Person\",\"@id\":\"https:\\\/\\\/www.aliadospuebla.com\\\/#\\\/schema\\\/person\\\/5da7dd09320bd4f392b710017ed5f8ad\",\"name\":\"Aliados17\",\"image\":{\"@type\":\"ImageObject\",\"inLanguage\":\"es\",\"@id\":\"https:\\\/\\\/www.aliadospuebla.com\\\/web2017\\\/wp-content\\\/uploads\\\/2025\\\/03\\\/cropped-para-perfil-8-anos-1-96x96.jpg\",\"url\":\"https:\\\/\\\/www.aliadospuebla.com\\\/web2017\\\/wp-content\\\/uploads\\\/2025\\\/03\\\/cropped-para-perfil-8-anos-1-96x96.jpg\",\"contentUrl\":\"https:\\\/\\\/www.aliadospuebla.com\\\/web2017\\\/wp-content\\\/uploads\\\/2025\\\/03\\\/cropped-para-perfil-8-anos-1-96x96.jpg\",\"caption\":\"Aliados17\"},\"sameAs\":[\"https:\\\/\\\/www.aliados17.com\",\"https:\\\/\\\/www.facebook.com\\\/Aliados17Pue\",\"https:\\\/\\\/x.com\\\/AliadosPuebla\"],\"url\":\"https:\\\/\\\/www.aliadospuebla.com\\\/?author=2\"}]}<\/script>\n<!-- \/ Yoast SEO plugin. -->","yoast_head_json":{"title":"Jordi dar\u00e1 c\u00e1tedra de agua en el Congreso - AliadosPuebla","robots":{"index":"index","follow":"follow","max-snippet":"max-snippet:-1","max-image-preview":"max-image-preview:large","max-video-preview":"max-video-preview:-1"},"canonical":"https:\/\/www.aliadospuebla.com\/?p=115110","og_locale":"es_ES","og_type":"article","og_title":"Jordi dar\u00e1 c\u00e1tedra de agua en el Congreso - AliadosPuebla","og_description":"Jordi no va a ir al Congreso del Estado (sin la \u201cH\u201d de Honorable) a hablar de las inundaciones recientes en la ciudad capital. Tampoco ir\u00e1 a ofrecer disculpas por lo que Agua de Puebla para Todos, ha dejado de hacer o invertir en infraestructura. No es su culpa. Es de SOAPAP. Menos aun, ir\u00e1 para dar explicaciones a un grupo de ignorantes de mucho y conocedores de politiquer\u00eda (\u201cos\u00e9ase\u201d la mayor\u00eda de las y los legisladores). Y jam\u00e1s, para ofrecerles canong\u00edas, favores, constructoras recomendadas, privilegios, \u201cmoches\u201d o \u201cmilpas\u201d. M\u00e1s bien, Jordi Bosch Bragado director de Agua de Puebla ir\u00e1 a dar c\u00e1tedra del manejo de la extracci\u00f3n, distribuci\u00f3n, administraci\u00f3n y cuidado del agua. Las y los diputados de una muy limitada legislatura, con 2\/3&hellip;Leer m\u00e1s...","og_url":"https:\/\/www.aliadospuebla.com\/?p=115110","og_site_name":"AliadosPuebla","article_author":"https:\/\/www.facebook.com\/Aliados17Pue","article_published_time":"2026-07-03T02:44:47+00:00","article_modified_time":"2026-07-03T02:48:22+00:00","og_image":[{"width":600,"height":450,"url":"https:\/\/www.aliadospuebla.com\/web2017\/wp-content\/uploads\/2026\/07\/175.jpg","type":"image\/jpeg"}],"author":"Aliados17","twitter_card":"summary_large_image","twitter_creator":"@AliadosPuebla","twitter_misc":{"Escrito por":"Aliados17","Tiempo de lectura":"3 minutos"},"schema":{"@context":"https:\/\/schema.org","@graph":[{"@type":"Article","@id":"https:\/\/www.aliadospuebla.com\/?p=115110#article","isPartOf":{"@id":"https:\/\/www.aliadospuebla.com\/?p=115110"},"author":{"name":"Aliados17","@id":"https:\/\/www.aliadospuebla.com\/#\/schema\/person\/5da7dd09320bd4f392b710017ed5f8ad"},"headline":"Jordi dar\u00e1 c\u00e1tedra de agua en el Congreso","datePublished":"2026-07-03T02:44:47+00:00","dateModified":"2026-07-03T02:48:22+00:00","mainEntityOfPage":{"@id":"https:\/\/www.aliadospuebla.com\/?p=115110"},"wordCount":486,"commentCount":0,"image":{"@id":"https:\/\/www.aliadospuebla.com\/?p=115110#primaryimage"},"thumbnailUrl":"https:\/\/www.aliadospuebla.com\/web2017\/wp-content\/uploads\/2026\/07\/175.jpg","keywords":["ADMINISTRACI\u00d3N","AGUA DE PUEBLA","ALEJANDRO ARMENTA","DISTRIBUCI\u00d3N","EXTRACCI\u00d3N","Jordi Bosch Bragado","SOAPAP"],"articleSection":["Columnas"],"inLanguage":"es","potentialAction":[{"@type":"CommentAction","name":"Comment","target":["https:\/\/www.aliadospuebla.com\/?p=115110#respond"]}]},{"@type":"WebPage","@id":"https:\/\/www.aliadospuebla.com\/?p=115110","url":"https:\/\/www.aliadospuebla.com\/?p=115110","name":"Jordi dar\u00e1 c\u00e1tedra de agua en el Congreso - AliadosPuebla","isPartOf":{"@id":"https:\/\/www.aliadospuebla.com\/#website"},"primaryImageOfPage":{"@id":"https:\/\/www.aliadospuebla.com\/?p=115110#primaryimage"},"image":{"@id":"https:\/\/www.aliadospuebla.com\/?p=115110#primaryimage"},"thumbnailUrl":"https:\/\/www.aliadospuebla.com\/web2017\/wp-content\/uploads\/2026\/07\/175.jpg","datePublished":"2026-07-03T02:44:47+00:00","dateModified":"2026-07-03T02:48:22+00:00","author":{"@id":"https:\/\/www.aliadospuebla.com\/#\/schema\/person\/5da7dd09320bd4f392b710017ed5f8ad"},"breadcrumb":{"@id":"https:\/\/www.aliadospuebla.com\/?p=115110#breadcrumb"},"inLanguage":"es","potentialAction":[{"@type":"ReadAction","target":["https:\/\/www.aliadospuebla.com\/?p=115110"]}]},{"@type":"ImageObject","inLanguage":"es","@id":"https:\/\/www.aliadospuebla.com\/?p=115110#primaryimage","url":"https:\/\/www.aliadospuebla.com\/web2017\/wp-content\/uploads\/2026\/07\/175.jpg","contentUrl":"https:\/\/www.aliadospuebla.com\/web2017\/wp-content\/uploads\/2026\/07\/175.jpg","width":600,"height":450},{"@type":"BreadcrumbList","@id":"https:\/\/www.aliadospuebla.com\/?p=115110#breadcrumb","itemListElement":[{"@type":"ListItem","position":1,"name":"Portada","item":"https:\/\/www.aliadospuebla.com\/"},{"@type":"ListItem","position":2,"name":"Jordi dar\u00e1 c\u00e1tedra de agua en el Congreso"}]},{"@type":"WebSite","@id":"https:\/\/www.aliadospuebla.com\/#website","url":"https:\/\/www.aliadospuebla.com\/","name":"AliadosPuebla","description":"La informaci\u00f3n en tus manos","potentialAction":[{"@type":"SearchAction","target":{"@type":"EntryPoint","urlTemplate":"https:\/\/www.aliadospuebla.com\/?s={search_term_string}"},"query-input":{"@type":"PropertyValueSpecification","valueRequired":true,"valueName":"search_term_string"}}],"inLanguage":"es"},{"@type":"Person","@id":"https:\/\/www.aliadospuebla.com\/#\/schema\/person\/5da7dd09320bd4f392b710017ed5f8ad","name":"Aliados17","image":{"@type":"ImageObject","inLanguage":"es","@id":"https:\/\/www.aliadospuebla.com\/web2017\/wp-content\/uploads\/2025\/03\/cropped-para-perfil-8-anos-1-96x96.jpg","url":"https:\/\/www.aliadospuebla.com\/web2017\/wp-content\/uploads\/2025\/03\/cropped-para-perfil-8-anos-1-96x96.jpg","contentUrl":"https:\/\/www.aliadospuebla.com\/web2017\/wp-content\/uploads\/2025\/03\/cropped-para-perfil-8-anos-1-96x96.jpg","caption":"Aliados17"},"sameAs":["https:\/\/www.aliados17.com","https:\/\/www.facebook.com\/Aliados17Pue","https:\/\/x.com\/AliadosPuebla"],"url":"https:\/\/www.aliadospuebla.com\/?author=2"}]}},"views":14,"_links":{"self":[{"href":"https:\/\/www.aliadospuebla.com\/index.php?rest_route=\/wp\/v2\/posts\/115110","targetHints":{"allow":["GET"]}}],"collection":[{"href":"https:\/\/www.aliadospuebla.com\/index.php?rest_route=\/wp\/v2\/posts"}],"about":[{"href":"https:\/\/www.aliadospuebla.com\/index.php?rest_route=\/wp\/v2\/types\/post"}],"author":[{"embeddable":true,"href":"https:\/\/www.aliadospuebla.com\/index.php?rest_route=\/wp\/v2\/users\/2"}],"replies":[{"embeddable":true,"href":"https:\/\/www.aliadospuebla.com\/index.php?rest_route=%2Fwp%2Fv2%2Fcomments&post=115110"}],"version-history":[{"count":1,"href":"https:\/\/www.aliadospuebla.com\/index.php?rest_route=\/wp\/v2\/posts\/115110\/revisions"}],"predecessor-version":[{"id":115112,"href":"https:\/\/www.aliadospuebla.com\/index.php?rest_route=\/wp\/v2\/posts\/115110\/revisions\/115112"}],"wp:featuredmedia":[{"embeddable":true,"href":"https:\/\/www.aliadospuebla.com\/index.php?rest_route=\/wp\/v2\/media\/115111"}],"wp:attachment":[{"href":"https:\/\/www.aliadospuebla.com\/index.php?rest_route=%2Fwp%2Fv2%2Fmedia&parent=115110"}],"wp:term":[{"taxonomy":"category","embeddable":true,"href":"https:\/\/www.aliadospuebla.com\/index.php?rest_route=%2Fwp%2Fv2%2Fcategories&post=115110"},{"taxonomy":"post_tag","embeddable":true,"href":"https:\/\/www.aliadospuebla.com\/index.php?rest_route=%2Fwp%2Fv2%2Ftags&post=115110"}],"curies":[{"name":"wp","href":"https:\/\/api.w.org\/{rel}","templated":true}]}}