{"id":114976,"date":"2026-06-26T09:01:59","date_gmt":"2026-06-26T15:01:59","guid":{"rendered":"https:\/\/www.aliadospuebla.com\/?p=114976"},"modified":"2026-06-27T09:06:51","modified_gmt":"2026-06-27T15:06:51","slug":"tonantzin-fernandez-fortalece-el-programa-de-bacheo-mas-intensivo-en-la-historia-de-san-pedro-cholula","status":"publish","type":"post","link":"https:\/\/www.aliadospuebla.com\/?p=114976","title":{"rendered":"Tonantzin Fern\u00e1ndez fortalece el programa de bacheo m\u00e1s intensivo en la historia de San Pedro Cholula"},"content":{"rendered":"<h4>Con tres m\u00f3dulos operando simult\u00e1neamente, el Gobierno Municipal atiende vialidades en barrios y juntas auxiliares del municipio.<\/h4>\n<p>San Pedro Cholula, Pue. \u2013 Como parte del programa Bachet\u00f3n 2026, uno de los m\u00e1s intensivos en la historia de San Pedro Cholula, y gracias a la adquisici\u00f3n de tres m\u00f3dulos de bacheo, el Gobierno Municipal, encabezado por la presidenta Tonantzin Fern\u00e1ndez, mantiene activas estas acciones en tres puntos distintos del municipio de manera simult\u00e1nea.<\/p>\n<p>En esta jornada, las brigadas trabajaron en el Barrio de San Juan Tepoxco, sobre la 6 Poniente; en el Barrio de Santiago Mixquitla, en la calle 5 de Mayo; y en la junta auxiliar de San Juan Tlautla, donde se atendieron diversas vialidades que presentaban deterioro.<\/p>\n<p>Durante la supervisi\u00f3n de los trabajos en Santiago Mixquitla, Tonantzin Fern\u00e1ndez reconoci\u00f3 el esfuerzo y compromiso de las y los trabajadores que diariamente realizan estas labores, atendiendo una de las principales demandas de la ciudadan\u00eda y avanzando en la soluci\u00f3n de una problem\u00e1tica que afect\u00f3 a las y los cholultecas durante varias administraciones.<\/p>\n<p>Asimismo, agradeci\u00f3 la comprensi\u00f3n y paciencia de las y los vecinos ante los cierres temporales derivados de las intervenciones, al se\u00f1alar que \u201clas molestias son temporales, pero los beneficios son permanentes\u201d, destacando que San Pedro Cholula cuenta hoy con un programa de bacheo intensivo y permanente, como nunca antes en su historia.<\/p>\n<p>Durante el recorrido, una vecina del Barrio de Santiago Mixquitla se acerc\u00f3 a la presidenta municipal para agradecer la atenci\u00f3n brindada a su petici\u00f3n de intervenir la calle 5 de Mayo, una vialidad de alta circulaci\u00f3n que representaba un riesgo para peatones, ciclistas y automovilistas, reconociendo adem\u00e1s la cercan\u00eda y disposici\u00f3n del gobierno municipal para atender las necesidades de la poblaci\u00f3n.<\/p>\n","protected":false},"excerpt":{"rendered":"<p>Con tres m\u00f3dulos operando simult\u00e1neamente, el Gobierno Municipal atiende vialidades en barrios y juntas auxiliares del municipio. San Pedro Cholula, Pue. \u2013 Como parte del programa Bachet\u00f3n 2026, uno de los m\u00e1s intensivos en la historia de San Pedro Cholula, y gracias a la adquisici\u00f3n de tres m\u00f3dulos de bacheo, el Gobierno Municipal, encabezado por la presidenta Tonantzin Fern\u00e1ndez, mantiene activas estas acciones en tres puntos distintos del municipio de manera simult\u00e1nea. En esta jornada, las brigadas trabajaron en el Barrio de San Juan Tepoxco, sobre la 6 Poniente; en el Barrio de Santiago Mixquitla, en la calle 5 de Mayo; y en la junta auxiliar de San Juan Tlautla, donde se atendieron diversas vialidades que presentaban deterioro. Durante la supervisi\u00f3n de los trabajos en&hellip;<\/p>\n<p class=\"excerpt-more\"><a class=\"blog-excerpt button\" href=\"https:\/\/www.aliadospuebla.com\/?p=114976\">Leer m\u00e1s&#8230;<\/a><\/p>\n","protected":false},"author":2,"featured_media":114977,"comment_status":"open","ping_status":"open","sticky":false,"template":"","format":"standard","meta":{"_monsterinsights_skip_tracking":false,"footnotes":""},"categories":[4],"tags":[19157,34047,9223,34103,387,7394],"class_list":["post-114976","post","type-post","status-publish","format-standard","has-post-thumbnail","hentry","category-municipios","tag-bacheo-intensivo","tag-bacheton-2026","tag-brigadas","tag-cierres-temporales","tag-san-pedro-cholula","tag-tonantzin-fernandez"],"yoast_head":"<!-- This site is optimized with the Yoast SEO plugin v28.4 - https:\/\/yoast.com\/product\/yoast-seo-wordpress\/ -->\n<title>Tonantzin Fern\u00e1ndez fortalece el programa de bacheo m\u00e1s intensivo en la historia de San Pedro Cholula - AliadosPuebla<\/title>\n<meta name=\"robots\" content=\"index, follow, max-snippet:-1, max-image-preview:large, max-video-preview:-1\" \/>\n<link rel=\"canonical\" href=\"https:\/\/www.aliadospuebla.com\/?p=114976\" \/>\n<meta property=\"og:locale\" content=\"es_ES\" \/>\n<meta property=\"og:type\" content=\"article\" \/>\n<meta property=\"og:title\" content=\"Tonantzin Fern\u00e1ndez fortalece el programa de bacheo m\u00e1s intensivo en la historia de San Pedro Cholula - AliadosPuebla\" \/>\n<meta property=\"og:description\" content=\"Con tres m\u00f3dulos operando simult\u00e1neamente, el Gobierno Municipal atiende vialidades en barrios y juntas auxiliares del municipio. San Pedro Cholula, Pue. \u2013 Como parte del programa Bachet\u00f3n 2026, uno de los m\u00e1s intensivos en la historia de San Pedro Cholula, y gracias a la adquisici\u00f3n de tres m\u00f3dulos de bacheo, el Gobierno Municipal, encabezado por la presidenta Tonantzin Fern\u00e1ndez, mantiene activas estas acciones en tres puntos distintos del municipio de manera simult\u00e1nea. En esta jornada, las brigadas trabajaron en el Barrio de San Juan Tepoxco, sobre la 6 Poniente; en el Barrio de Santiago Mixquitla, en la calle 5 de Mayo; y en la junta auxiliar de San Juan Tlautla, donde se atendieron diversas vialidades que presentaban deterioro. Durante la supervisi\u00f3n de los trabajos en&hellip;Leer m\u00e1s...\" \/>\n<meta property=\"og:url\" content=\"https:\/\/www.aliadospuebla.com\/?p=114976\" \/>\n<meta property=\"og:site_name\" content=\"AliadosPuebla\" \/>\n<meta property=\"article:author\" content=\"https:\/\/www.facebook.com\/Aliados17Pue\" \/>\n<meta property=\"article:published_time\" content=\"2026-06-26T15:01:59+00:00\" \/>\n<meta property=\"article:modified_time\" content=\"2026-06-27T15:06:51+00:00\" \/>\n<meta property=\"og:image\" content=\"https:\/\/www.aliadospuebla.com\/web2017\/wp-content\/uploads\/2026\/06\/134.jpg\" \/>\n\t<meta property=\"og:image:width\" content=\"600\" \/>\n\t<meta property=\"og:image:height\" content=\"450\" \/>\n\t<meta property=\"og:image:type\" content=\"image\/jpeg\" \/>\n<meta name=\"author\" content=\"Aliados17\" \/>\n<meta name=\"twitter:card\" content=\"summary_large_image\" \/>\n<meta name=\"twitter:creator\" content=\"@AliadosPuebla\" \/>\n<meta name=\"twitter:label1\" content=\"Escrito por\" \/>\n\t<meta name=\"twitter:data1\" content=\"Aliados17\" \/>\n\t<meta name=\"twitter:label2\" content=\"Tiempo de lectura\" \/>\n\t<meta name=\"twitter:data2\" content=\"2 minutos\" \/>\n<script type=\"application\/ld+json\" class=\"yoast-schema-graph\">{\"@context\":\"https:\\\/\\\/schema.org\",\"@graph\":[{\"@type\":\"Article\",\"@id\":\"https:\\\/\\\/www.aliadospuebla.com\\\/?p=114976#article\",\"isPartOf\":{\"@id\":\"https:\\\/\\\/www.aliadospuebla.com\\\/?p=114976\"},\"author\":{\"name\":\"Aliados17\",\"@id\":\"https:\\\/\\\/www.aliadospuebla.com\\\/#\\\/schema\\\/person\\\/5da7dd09320bd4f392b710017ed5f8ad\"},\"headline\":\"Tonantzin Fern\u00e1ndez fortalece el programa de bacheo m\u00e1s intensivo en la historia de San Pedro Cholula\",\"datePublished\":\"2026-06-26T15:01:59+00:00\",\"dateModified\":\"2026-06-27T15:06:51+00:00\",\"mainEntityOfPage\":{\"@id\":\"https:\\\/\\\/www.aliadospuebla.com\\\/?p=114976\"},\"wordCount\":319,\"commentCount\":0,\"image\":{\"@id\":\"https:\\\/\\\/www.aliadospuebla.com\\\/?p=114976#primaryimage\"},\"thumbnailUrl\":\"https:\\\/\\\/www.aliadospuebla.com\\\/web2017\\\/wp-content\\\/uploads\\\/2026\\\/06\\\/134.jpg\",\"keywords\":[\"Bacheo intensivo\",\"Bachet\u00f3n 2026\",\"brigadas\",\"cierres temporales\",\"SAN PEDRO CHOLULA\",\"TONANTZIN FERN\u00c1NDEZ\"],\"articleSection\":[\"Municipios\"],\"inLanguage\":\"es\",\"potentialAction\":[{\"@type\":\"CommentAction\",\"name\":\"Comment\",\"target\":[\"https:\\\/\\\/www.aliadospuebla.com\\\/?p=114976#respond\"]}]},{\"@type\":\"WebPage\",\"@id\":\"https:\\\/\\\/www.aliadospuebla.com\\\/?p=114976\",\"url\":\"https:\\\/\\\/www.aliadospuebla.com\\\/?p=114976\",\"name\":\"Tonantzin Fern\u00e1ndez fortalece el programa de bacheo m\u00e1s intensivo en la historia de San Pedro Cholula - AliadosPuebla\",\"isPartOf\":{\"@id\":\"https:\\\/\\\/www.aliadospuebla.com\\\/#website\"},\"primaryImageOfPage\":{\"@id\":\"https:\\\/\\\/www.aliadospuebla.com\\\/?p=114976#primaryimage\"},\"image\":{\"@id\":\"https:\\\/\\\/www.aliadospuebla.com\\\/?p=114976#primaryimage\"},\"thumbnailUrl\":\"https:\\\/\\\/www.aliadospuebla.com\\\/web2017\\\/wp-content\\\/uploads\\\/2026\\\/06\\\/134.jpg\",\"datePublished\":\"2026-06-26T15:01:59+00:00\",\"dateModified\":\"2026-06-27T15:06:51+00:00\",\"author\":{\"@id\":\"https:\\\/\\\/www.aliadospuebla.com\\\/#\\\/schema\\\/person\\\/5da7dd09320bd4f392b710017ed5f8ad\"},\"breadcrumb\":{\"@id\":\"https:\\\/\\\/www.aliadospuebla.com\\\/?p=114976#breadcrumb\"},\"inLanguage\":\"es\",\"potentialAction\":[{\"@type\":\"ReadAction\",\"target\":[\"https:\\\/\\\/www.aliadospuebla.com\\\/?p=114976\"]}]},{\"@type\":\"ImageObject\",\"inLanguage\":\"es\",\"@id\":\"https:\\\/\\\/www.aliadospuebla.com\\\/?p=114976#primaryimage\",\"url\":\"https:\\\/\\\/www.aliadospuebla.com\\\/web2017\\\/wp-content\\\/uploads\\\/2026\\\/06\\\/134.jpg\",\"contentUrl\":\"https:\\\/\\\/www.aliadospuebla.com\\\/web2017\\\/wp-content\\\/uploads\\\/2026\\\/06\\\/134.jpg\",\"width\":600,\"height\":450},{\"@type\":\"BreadcrumbList\",\"@id\":\"https:\\\/\\\/www.aliadospuebla.com\\\/?p=114976#breadcrumb\",\"itemListElement\":[{\"@type\":\"ListItem\",\"position\":1,\"name\":\"Portada\",\"item\":\"https:\\\/\\\/www.aliadospuebla.com\\\/\"},{\"@type\":\"ListItem\",\"position\":2,\"name\":\"Tonantzin Fern\u00e1ndez fortalece el programa de bacheo m\u00e1s intensivo en la historia de San Pedro Cholula\"}]},{\"@type\":\"WebSite\",\"@id\":\"https:\\\/\\\/www.aliadospuebla.com\\\/#website\",\"url\":\"https:\\\/\\\/www.aliadospuebla.com\\\/\",\"name\":\"AliadosPuebla\",\"description\":\"La informaci\u00f3n en tus manos\",\"potentialAction\":[{\"@type\":\"SearchAction\",\"target\":{\"@type\":\"EntryPoint\",\"urlTemplate\":\"https:\\\/\\\/www.aliadospuebla.com\\\/?s={search_term_string}\"},\"query-input\":{\"@type\":\"PropertyValueSpecification\",\"valueRequired\":true,\"valueName\":\"search_term_string\"}}],\"inLanguage\":\"es\"},{\"@type\":\"Person\",\"@id\":\"https:\\\/\\\/www.aliadospuebla.com\\\/#\\\/schema\\\/person\\\/5da7dd09320bd4f392b710017ed5f8ad\",\"name\":\"Aliados17\",\"image\":{\"@type\":\"ImageObject\",\"inLanguage\":\"es\",\"@id\":\"https:\\\/\\\/www.aliadospuebla.com\\\/web2017\\\/wp-content\\\/uploads\\\/2025\\\/03\\\/cropped-para-perfil-8-anos-1-96x96.jpg\",\"url\":\"https:\\\/\\\/www.aliadospuebla.com\\\/web2017\\\/wp-content\\\/uploads\\\/2025\\\/03\\\/cropped-para-perfil-8-anos-1-96x96.jpg\",\"contentUrl\":\"https:\\\/\\\/www.aliadospuebla.com\\\/web2017\\\/wp-content\\\/uploads\\\/2025\\\/03\\\/cropped-para-perfil-8-anos-1-96x96.jpg\",\"caption\":\"Aliados17\"},\"sameAs\":[\"https:\\\/\\\/www.aliados17.com\",\"https:\\\/\\\/www.facebook.com\\\/Aliados17Pue\",\"https:\\\/\\\/x.com\\\/AliadosPuebla\"],\"url\":\"https:\\\/\\\/www.aliadospuebla.com\\\/?author=2\"}]}<\/script>\n<!-- \/ Yoast SEO plugin. -->","yoast_head_json":{"title":"Tonantzin Fern\u00e1ndez fortalece el programa de bacheo m\u00e1s intensivo en la historia de San Pedro Cholula - AliadosPuebla","robots":{"index":"index","follow":"follow","max-snippet":"max-snippet:-1","max-image-preview":"max-image-preview:large","max-video-preview":"max-video-preview:-1"},"canonical":"https:\/\/www.aliadospuebla.com\/?p=114976","og_locale":"es_ES","og_type":"article","og_title":"Tonantzin Fern\u00e1ndez fortalece el programa de bacheo m\u00e1s intensivo en la historia de San Pedro Cholula - AliadosPuebla","og_description":"Con tres m\u00f3dulos operando simult\u00e1neamente, el Gobierno Municipal atiende vialidades en barrios y juntas auxiliares del municipio. San Pedro Cholula, Pue. \u2013 Como parte del programa Bachet\u00f3n 2026, uno de los m\u00e1s intensivos en la historia de San Pedro Cholula, y gracias a la adquisici\u00f3n de tres m\u00f3dulos de bacheo, el Gobierno Municipal, encabezado por la presidenta Tonantzin Fern\u00e1ndez, mantiene activas estas acciones en tres puntos distintos del municipio de manera simult\u00e1nea. En esta jornada, las brigadas trabajaron en el Barrio de San Juan Tepoxco, sobre la 6 Poniente; en el Barrio de Santiago Mixquitla, en la calle 5 de Mayo; y en la junta auxiliar de San Juan Tlautla, donde se atendieron diversas vialidades que presentaban deterioro. Durante la supervisi\u00f3n de los trabajos en&hellip;Leer m\u00e1s...","og_url":"https:\/\/www.aliadospuebla.com\/?p=114976","og_site_name":"AliadosPuebla","article_author":"https:\/\/www.facebook.com\/Aliados17Pue","article_published_time":"2026-06-26T15:01:59+00:00","article_modified_time":"2026-06-27T15:06:51+00:00","og_image":[{"width":600,"height":450,"url":"https:\/\/www.aliadospuebla.com\/web2017\/wp-content\/uploads\/2026\/06\/134.jpg","type":"image\/jpeg"}],"author":"Aliados17","twitter_card":"summary_large_image","twitter_creator":"@AliadosPuebla","twitter_misc":{"Escrito por":"Aliados17","Tiempo de lectura":"2 minutos"},"schema":{"@context":"https:\/\/schema.org","@graph":[{"@type":"Article","@id":"https:\/\/www.aliadospuebla.com\/?p=114976#article","isPartOf":{"@id":"https:\/\/www.aliadospuebla.com\/?p=114976"},"author":{"name":"Aliados17","@id":"https:\/\/www.aliadospuebla.com\/#\/schema\/person\/5da7dd09320bd4f392b710017ed5f8ad"},"headline":"Tonantzin Fern\u00e1ndez fortalece el programa de bacheo m\u00e1s intensivo en la historia de San Pedro Cholula","datePublished":"2026-06-26T15:01:59+00:00","dateModified":"2026-06-27T15:06:51+00:00","mainEntityOfPage":{"@id":"https:\/\/www.aliadospuebla.com\/?p=114976"},"wordCount":319,"commentCount":0,"image":{"@id":"https:\/\/www.aliadospuebla.com\/?p=114976#primaryimage"},"thumbnailUrl":"https:\/\/www.aliadospuebla.com\/web2017\/wp-content\/uploads\/2026\/06\/134.jpg","keywords":["Bacheo intensivo","Bachet\u00f3n 2026","brigadas","cierres temporales","SAN PEDRO CHOLULA","TONANTZIN FERN\u00c1NDEZ"],"articleSection":["Municipios"],"inLanguage":"es","potentialAction":[{"@type":"CommentAction","name":"Comment","target":["https:\/\/www.aliadospuebla.com\/?p=114976#respond"]}]},{"@type":"WebPage","@id":"https:\/\/www.aliadospuebla.com\/?p=114976","url":"https:\/\/www.aliadospuebla.com\/?p=114976","name":"Tonantzin Fern\u00e1ndez fortalece el programa de bacheo m\u00e1s intensivo en la historia de San Pedro Cholula - AliadosPuebla","isPartOf":{"@id":"https:\/\/www.aliadospuebla.com\/#website"},"primaryImageOfPage":{"@id":"https:\/\/www.aliadospuebla.com\/?p=114976#primaryimage"},"image":{"@id":"https:\/\/www.aliadospuebla.com\/?p=114976#primaryimage"},"thumbnailUrl":"https:\/\/www.aliadospuebla.com\/web2017\/wp-content\/uploads\/2026\/06\/134.jpg","datePublished":"2026-06-26T15:01:59+00:00","dateModified":"2026-06-27T15:06:51+00:00","author":{"@id":"https:\/\/www.aliadospuebla.com\/#\/schema\/person\/5da7dd09320bd4f392b710017ed5f8ad"},"breadcrumb":{"@id":"https:\/\/www.aliadospuebla.com\/?p=114976#breadcrumb"},"inLanguage":"es","potentialAction":[{"@type":"ReadAction","target":["https:\/\/www.aliadospuebla.com\/?p=114976"]}]},{"@type":"ImageObject","inLanguage":"es","@id":"https:\/\/www.aliadospuebla.com\/?p=114976#primaryimage","url":"https:\/\/www.aliadospuebla.com\/web2017\/wp-content\/uploads\/2026\/06\/134.jpg","contentUrl":"https:\/\/www.aliadospuebla.com\/web2017\/wp-content\/uploads\/2026\/06\/134.jpg","width":600,"height":450},{"@type":"BreadcrumbList","@id":"https:\/\/www.aliadospuebla.com\/?p=114976#breadcrumb","itemListElement":[{"@type":"ListItem","position":1,"name":"Portada","item":"https:\/\/www.aliadospuebla.com\/"},{"@type":"ListItem","position":2,"name":"Tonantzin Fern\u00e1ndez fortalece el programa de bacheo m\u00e1s intensivo en la historia de San Pedro Cholula"}]},{"@type":"WebSite","@id":"https:\/\/www.aliadospuebla.com\/#website","url":"https:\/\/www.aliadospuebla.com\/","name":"AliadosPuebla","description":"La informaci\u00f3n en tus manos","potentialAction":[{"@type":"SearchAction","target":{"@type":"EntryPoint","urlTemplate":"https:\/\/www.aliadospuebla.com\/?s={search_term_string}"},"query-input":{"@type":"PropertyValueSpecification","valueRequired":true,"valueName":"search_term_string"}}],"inLanguage":"es"},{"@type":"Person","@id":"https:\/\/www.aliadospuebla.com\/#\/schema\/person\/5da7dd09320bd4f392b710017ed5f8ad","name":"Aliados17","image":{"@type":"ImageObject","inLanguage":"es","@id":"https:\/\/www.aliadospuebla.com\/web2017\/wp-content\/uploads\/2025\/03\/cropped-para-perfil-8-anos-1-96x96.jpg","url":"https:\/\/www.aliadospuebla.com\/web2017\/wp-content\/uploads\/2025\/03\/cropped-para-perfil-8-anos-1-96x96.jpg","contentUrl":"https:\/\/www.aliadospuebla.com\/web2017\/wp-content\/uploads\/2025\/03\/cropped-para-perfil-8-anos-1-96x96.jpg","caption":"Aliados17"},"sameAs":["https:\/\/www.aliados17.com","https:\/\/www.facebook.com\/Aliados17Pue","https:\/\/x.com\/AliadosPuebla"],"url":"https:\/\/www.aliadospuebla.com\/?author=2"}]}},"views":5,"_links":{"self":[{"href":"https:\/\/www.aliadospuebla.com\/index.php?rest_route=\/wp\/v2\/posts\/114976","targetHints":{"allow":["GET"]}}],"collection":[{"href":"https:\/\/www.aliadospuebla.com\/index.php?rest_route=\/wp\/v2\/posts"}],"about":[{"href":"https:\/\/www.aliadospuebla.com\/index.php?rest_route=\/wp\/v2\/types\/post"}],"author":[{"embeddable":true,"href":"https:\/\/www.aliadospuebla.com\/index.php?rest_route=\/wp\/v2\/users\/2"}],"replies":[{"embeddable":true,"href":"https:\/\/www.aliadospuebla.com\/index.php?rest_route=%2Fwp%2Fv2%2Fcomments&post=114976"}],"version-history":[{"count":1,"href":"https:\/\/www.aliadospuebla.com\/index.php?rest_route=\/wp\/v2\/posts\/114976\/revisions"}],"predecessor-version":[{"id":114978,"href":"https:\/\/www.aliadospuebla.com\/index.php?rest_route=\/wp\/v2\/posts\/114976\/revisions\/114978"}],"wp:featuredmedia":[{"embeddable":true,"href":"https:\/\/www.aliadospuebla.com\/index.php?rest_route=\/wp\/v2\/media\/114977"}],"wp:attachment":[{"href":"https:\/\/www.aliadospuebla.com\/index.php?rest_route=%2Fwp%2Fv2%2Fmedia&parent=114976"}],"wp:term":[{"taxonomy":"category","embeddable":true,"href":"https:\/\/www.aliadospuebla.com\/index.php?rest_route=%2Fwp%2Fv2%2Fcategories&post=114976"},{"taxonomy":"post_tag","embeddable":true,"href":"https:\/\/www.aliadospuebla.com\/index.php?rest_route=%2Fwp%2Fv2%2Ftags&post=114976"}],"curies":[{"name":"wp","href":"https:\/\/api.w.org\/{rel}","templated":true}]}}