{"id":114852,"date":"2026-06-20T22:34:38","date_gmt":"2026-06-21T04:34:38","guid":{"rendered":"https:\/\/www.aliadospuebla.com\/?p=114852"},"modified":"2026-06-20T22:34:38","modified_gmt":"2026-06-21T04:34:38","slug":"avanza-el-bacheton-2026-en-san-pedro-cholula-garantizando-vialidades-en-buen-estado","status":"publish","type":"post","link":"https:\/\/www.aliadospuebla.com\/?p=114852","title":{"rendered":"Avanza el bachet\u00f3n 2026 en San pedro Cholula garantizando vialidades en buen estado"},"content":{"rendered":"<p>San Pedro Cholula, Pue.- El Gobierno Municipal de San Pedro Cholula, presidido por Tonantzin Fern\u00e1ndez, a trav\u00e9s de la Secretar\u00eda de Infraestructura, contin\u00faa sumando a la transformaci\u00f3n en la movilidad de las y los cholultecas, mediante el programa Bachet\u00f3n 2026.<\/p>\n<p>La brigada de bacheo contin\u00faa trabajando en el Barrio de Santiago Mixquitla, atendiendo una de las principales urgencias e inquietudes de las y los cholultecas, dado el deterioro tan avanzado de las vialidades.<\/p>\n<p>Siguiendo las indicaciones de la presidenta municipal, las brigadas de bacheo permanecer\u00e1n trabajando de manera simult\u00e1nea en la cabecera municipal y las juntas auxiliares, garantizando un trabajo extensivo y que ofrezca mejores calles y vialidades en el municipio.<\/p>\n","protected":false},"excerpt":{"rendered":"<p>San Pedro Cholula, Pue.- El Gobierno Municipal de San Pedro Cholula, presidido por Tonantzin Fern\u00e1ndez, a trav\u00e9s de la Secretar\u00eda de Infraestructura, contin\u00faa sumando a la transformaci\u00f3n en la movilidad de las y los cholultecas, mediante el programa Bachet\u00f3n 2026. La brigada de bacheo contin\u00faa trabajando en el Barrio de Santiago Mixquitla, atendiendo una de las principales urgencias e inquietudes de las y los cholultecas, dado el deterioro tan avanzado de las vialidades. Siguiendo las indicaciones de la presidenta municipal, las brigadas de bacheo permanecer\u00e1n trabajando de manera simult\u00e1nea en la cabecera municipal y las juntas auxiliares, garantizando un trabajo extensivo y que ofrezca mejores calles y vialidades en el municipio.<\/p>\n","protected":false},"author":2,"featured_media":114853,"comment_status":"open","ping_status":"open","sticky":false,"template":"","format":"standard","meta":{"_monsterinsights_skip_tracking":false,"footnotes":""},"categories":[4],"tags":[34047,387,7394,508],"class_list":["post-114852","post","type-post","status-publish","format-standard","has-post-thumbnail","hentry","category-municipios","tag-bacheton-2026","tag-san-pedro-cholula","tag-tonantzin-fernandez","tag-vialidades"],"yoast_head":"<!-- This site is optimized with the Yoast SEO plugin v28.4 - https:\/\/yoast.com\/product\/yoast-seo-wordpress\/ -->\n<title>Avanza el bachet\u00f3n 2026 en San pedro Cholula garantizando vialidades en buen estado - AliadosPuebla<\/title>\n<meta name=\"robots\" content=\"index, follow, max-snippet:-1, max-image-preview:large, max-video-preview:-1\" \/>\n<link rel=\"canonical\" href=\"https:\/\/www.aliadospuebla.com\/?p=114852\" \/>\n<meta property=\"og:locale\" content=\"es_ES\" \/>\n<meta property=\"og:type\" content=\"article\" \/>\n<meta property=\"og:title\" content=\"Avanza el bachet\u00f3n 2026 en San pedro Cholula garantizando vialidades en buen estado - AliadosPuebla\" \/>\n<meta property=\"og:description\" content=\"San Pedro Cholula, Pue.- El Gobierno Municipal de San Pedro Cholula, presidido por Tonantzin Fern\u00e1ndez, a trav\u00e9s de la Secretar\u00eda de Infraestructura, contin\u00faa sumando a la transformaci\u00f3n en la movilidad de las y los cholultecas, mediante el programa Bachet\u00f3n 2026. La brigada de bacheo contin\u00faa trabajando en el Barrio de Santiago Mixquitla, atendiendo una de las principales urgencias e inquietudes de las y los cholultecas, dado el deterioro tan avanzado de las vialidades. Siguiendo las indicaciones de la presidenta municipal, las brigadas de bacheo permanecer\u00e1n trabajando de manera simult\u00e1nea en la cabecera municipal y las juntas auxiliares, garantizando un trabajo extensivo y que ofrezca mejores calles y vialidades en el municipio.\" \/>\n<meta property=\"og:url\" content=\"https:\/\/www.aliadospuebla.com\/?p=114852\" \/>\n<meta property=\"og:site_name\" content=\"AliadosPuebla\" \/>\n<meta property=\"article:author\" content=\"https:\/\/www.facebook.com\/Aliados17Pue\" \/>\n<meta property=\"article:published_time\" content=\"2026-06-21T04:34:38+00:00\" \/>\n<meta property=\"og:image\" content=\"https:\/\/www.aliadospuebla.com\/web2017\/wp-content\/uploads\/2026\/06\/97.jpg\" \/>\n\t<meta property=\"og:image:width\" content=\"600\" \/>\n\t<meta property=\"og:image:height\" content=\"450\" \/>\n\t<meta property=\"og:image:type\" content=\"image\/jpeg\" \/>\n<meta name=\"author\" content=\"Aliados17\" \/>\n<meta name=\"twitter:card\" content=\"summary_large_image\" \/>\n<meta name=\"twitter:creator\" content=\"@AliadosPuebla\" \/>\n<meta name=\"twitter:label1\" content=\"Escrito por\" \/>\n\t<meta name=\"twitter:data1\" content=\"Aliados17\" \/>\n\t<meta name=\"twitter:label2\" content=\"Tiempo de lectura\" \/>\n\t<meta name=\"twitter:data2\" content=\"1 minuto\" \/>\n<script type=\"application\/ld+json\" class=\"yoast-schema-graph\">{\"@context\":\"https:\\\/\\\/schema.org\",\"@graph\":[{\"@type\":\"Article\",\"@id\":\"https:\\\/\\\/www.aliadospuebla.com\\\/?p=114852#article\",\"isPartOf\":{\"@id\":\"https:\\\/\\\/www.aliadospuebla.com\\\/?p=114852\"},\"author\":{\"name\":\"Aliados17\",\"@id\":\"https:\\\/\\\/www.aliadospuebla.com\\\/#\\\/schema\\\/person\\\/5da7dd09320bd4f392b710017ed5f8ad\"},\"headline\":\"Avanza el bachet\u00f3n 2026 en San pedro Cholula garantizando vialidades en buen estado\",\"datePublished\":\"2026-06-21T04:34:38+00:00\",\"mainEntityOfPage\":{\"@id\":\"https:\\\/\\\/www.aliadospuebla.com\\\/?p=114852\"},\"wordCount\":133,\"commentCount\":0,\"image\":{\"@id\":\"https:\\\/\\\/www.aliadospuebla.com\\\/?p=114852#primaryimage\"},\"thumbnailUrl\":\"https:\\\/\\\/www.aliadospuebla.com\\\/web2017\\\/wp-content\\\/uploads\\\/2026\\\/06\\\/97.jpg\",\"keywords\":[\"Bachet\u00f3n 2026\",\"SAN PEDRO CHOLULA\",\"TONANTZIN FERN\u00c1NDEZ\",\"VIALIDADES\"],\"articleSection\":[\"Municipios\"],\"inLanguage\":\"es\",\"potentialAction\":[{\"@type\":\"CommentAction\",\"name\":\"Comment\",\"target\":[\"https:\\\/\\\/www.aliadospuebla.com\\\/?p=114852#respond\"]}]},{\"@type\":\"WebPage\",\"@id\":\"https:\\\/\\\/www.aliadospuebla.com\\\/?p=114852\",\"url\":\"https:\\\/\\\/www.aliadospuebla.com\\\/?p=114852\",\"name\":\"Avanza el bachet\u00f3n 2026 en San pedro Cholula garantizando vialidades en buen estado - AliadosPuebla\",\"isPartOf\":{\"@id\":\"https:\\\/\\\/www.aliadospuebla.com\\\/#website\"},\"primaryImageOfPage\":{\"@id\":\"https:\\\/\\\/www.aliadospuebla.com\\\/?p=114852#primaryimage\"},\"image\":{\"@id\":\"https:\\\/\\\/www.aliadospuebla.com\\\/?p=114852#primaryimage\"},\"thumbnailUrl\":\"https:\\\/\\\/www.aliadospuebla.com\\\/web2017\\\/wp-content\\\/uploads\\\/2026\\\/06\\\/97.jpg\",\"datePublished\":\"2026-06-21T04:34:38+00:00\",\"author\":{\"@id\":\"https:\\\/\\\/www.aliadospuebla.com\\\/#\\\/schema\\\/person\\\/5da7dd09320bd4f392b710017ed5f8ad\"},\"breadcrumb\":{\"@id\":\"https:\\\/\\\/www.aliadospuebla.com\\\/?p=114852#breadcrumb\"},\"inLanguage\":\"es\",\"potentialAction\":[{\"@type\":\"ReadAction\",\"target\":[\"https:\\\/\\\/www.aliadospuebla.com\\\/?p=114852\"]}]},{\"@type\":\"ImageObject\",\"inLanguage\":\"es\",\"@id\":\"https:\\\/\\\/www.aliadospuebla.com\\\/?p=114852#primaryimage\",\"url\":\"https:\\\/\\\/www.aliadospuebla.com\\\/web2017\\\/wp-content\\\/uploads\\\/2026\\\/06\\\/97.jpg\",\"contentUrl\":\"https:\\\/\\\/www.aliadospuebla.com\\\/web2017\\\/wp-content\\\/uploads\\\/2026\\\/06\\\/97.jpg\",\"width\":600,\"height\":450},{\"@type\":\"BreadcrumbList\",\"@id\":\"https:\\\/\\\/www.aliadospuebla.com\\\/?p=114852#breadcrumb\",\"itemListElement\":[{\"@type\":\"ListItem\",\"position\":1,\"name\":\"Portada\",\"item\":\"https:\\\/\\\/www.aliadospuebla.com\\\/\"},{\"@type\":\"ListItem\",\"position\":2,\"name\":\"Avanza el bachet\u00f3n 2026 en San pedro Cholula garantizando vialidades en buen estado\"}]},{\"@type\":\"WebSite\",\"@id\":\"https:\\\/\\\/www.aliadospuebla.com\\\/#website\",\"url\":\"https:\\\/\\\/www.aliadospuebla.com\\\/\",\"name\":\"AliadosPuebla\",\"description\":\"La informaci\u00f3n en tus manos\",\"potentialAction\":[{\"@type\":\"SearchAction\",\"target\":{\"@type\":\"EntryPoint\",\"urlTemplate\":\"https:\\\/\\\/www.aliadospuebla.com\\\/?s={search_term_string}\"},\"query-input\":{\"@type\":\"PropertyValueSpecification\",\"valueRequired\":true,\"valueName\":\"search_term_string\"}}],\"inLanguage\":\"es\"},{\"@type\":\"Person\",\"@id\":\"https:\\\/\\\/www.aliadospuebla.com\\\/#\\\/schema\\\/person\\\/5da7dd09320bd4f392b710017ed5f8ad\",\"name\":\"Aliados17\",\"image\":{\"@type\":\"ImageObject\",\"inLanguage\":\"es\",\"@id\":\"https:\\\/\\\/www.aliadospuebla.com\\\/web2017\\\/wp-content\\\/uploads\\\/2025\\\/03\\\/cropped-para-perfil-8-anos-1-96x96.jpg\",\"url\":\"https:\\\/\\\/www.aliadospuebla.com\\\/web2017\\\/wp-content\\\/uploads\\\/2025\\\/03\\\/cropped-para-perfil-8-anos-1-96x96.jpg\",\"contentUrl\":\"https:\\\/\\\/www.aliadospuebla.com\\\/web2017\\\/wp-content\\\/uploads\\\/2025\\\/03\\\/cropped-para-perfil-8-anos-1-96x96.jpg\",\"caption\":\"Aliados17\"},\"sameAs\":[\"https:\\\/\\\/www.aliados17.com\",\"https:\\\/\\\/www.facebook.com\\\/Aliados17Pue\",\"https:\\\/\\\/x.com\\\/AliadosPuebla\"],\"url\":\"https:\\\/\\\/www.aliadospuebla.com\\\/?author=2\"}]}<\/script>\n<!-- \/ Yoast SEO plugin. -->","yoast_head_json":{"title":"Avanza el bachet\u00f3n 2026 en San pedro Cholula garantizando vialidades en buen estado - AliadosPuebla","robots":{"index":"index","follow":"follow","max-snippet":"max-snippet:-1","max-image-preview":"max-image-preview:large","max-video-preview":"max-video-preview:-1"},"canonical":"https:\/\/www.aliadospuebla.com\/?p=114852","og_locale":"es_ES","og_type":"article","og_title":"Avanza el bachet\u00f3n 2026 en San pedro Cholula garantizando vialidades en buen estado - AliadosPuebla","og_description":"San Pedro Cholula, Pue.- El Gobierno Municipal de San Pedro Cholula, presidido por Tonantzin Fern\u00e1ndez, a trav\u00e9s de la Secretar\u00eda de Infraestructura, contin\u00faa sumando a la transformaci\u00f3n en la movilidad de las y los cholultecas, mediante el programa Bachet\u00f3n 2026. La brigada de bacheo contin\u00faa trabajando en el Barrio de Santiago Mixquitla, atendiendo una de las principales urgencias e inquietudes de las y los cholultecas, dado el deterioro tan avanzado de las vialidades. Siguiendo las indicaciones de la presidenta municipal, las brigadas de bacheo permanecer\u00e1n trabajando de manera simult\u00e1nea en la cabecera municipal y las juntas auxiliares, garantizando un trabajo extensivo y que ofrezca mejores calles y vialidades en el municipio.","og_url":"https:\/\/www.aliadospuebla.com\/?p=114852","og_site_name":"AliadosPuebla","article_author":"https:\/\/www.facebook.com\/Aliados17Pue","article_published_time":"2026-06-21T04:34:38+00:00","og_image":[{"width":600,"height":450,"url":"https:\/\/www.aliadospuebla.com\/web2017\/wp-content\/uploads\/2026\/06\/97.jpg","type":"image\/jpeg"}],"author":"Aliados17","twitter_card":"summary_large_image","twitter_creator":"@AliadosPuebla","twitter_misc":{"Escrito por":"Aliados17","Tiempo de lectura":"1 minuto"},"schema":{"@context":"https:\/\/schema.org","@graph":[{"@type":"Article","@id":"https:\/\/www.aliadospuebla.com\/?p=114852#article","isPartOf":{"@id":"https:\/\/www.aliadospuebla.com\/?p=114852"},"author":{"name":"Aliados17","@id":"https:\/\/www.aliadospuebla.com\/#\/schema\/person\/5da7dd09320bd4f392b710017ed5f8ad"},"headline":"Avanza el bachet\u00f3n 2026 en San pedro Cholula garantizando vialidades en buen estado","datePublished":"2026-06-21T04:34:38+00:00","mainEntityOfPage":{"@id":"https:\/\/www.aliadospuebla.com\/?p=114852"},"wordCount":133,"commentCount":0,"image":{"@id":"https:\/\/www.aliadospuebla.com\/?p=114852#primaryimage"},"thumbnailUrl":"https:\/\/www.aliadospuebla.com\/web2017\/wp-content\/uploads\/2026\/06\/97.jpg","keywords":["Bachet\u00f3n 2026","SAN PEDRO CHOLULA","TONANTZIN FERN\u00c1NDEZ","VIALIDADES"],"articleSection":["Municipios"],"inLanguage":"es","potentialAction":[{"@type":"CommentAction","name":"Comment","target":["https:\/\/www.aliadospuebla.com\/?p=114852#respond"]}]},{"@type":"WebPage","@id":"https:\/\/www.aliadospuebla.com\/?p=114852","url":"https:\/\/www.aliadospuebla.com\/?p=114852","name":"Avanza el bachet\u00f3n 2026 en San pedro Cholula garantizando vialidades en buen estado - AliadosPuebla","isPartOf":{"@id":"https:\/\/www.aliadospuebla.com\/#website"},"primaryImageOfPage":{"@id":"https:\/\/www.aliadospuebla.com\/?p=114852#primaryimage"},"image":{"@id":"https:\/\/www.aliadospuebla.com\/?p=114852#primaryimage"},"thumbnailUrl":"https:\/\/www.aliadospuebla.com\/web2017\/wp-content\/uploads\/2026\/06\/97.jpg","datePublished":"2026-06-21T04:34:38+00:00","author":{"@id":"https:\/\/www.aliadospuebla.com\/#\/schema\/person\/5da7dd09320bd4f392b710017ed5f8ad"},"breadcrumb":{"@id":"https:\/\/www.aliadospuebla.com\/?p=114852#breadcrumb"},"inLanguage":"es","potentialAction":[{"@type":"ReadAction","target":["https:\/\/www.aliadospuebla.com\/?p=114852"]}]},{"@type":"ImageObject","inLanguage":"es","@id":"https:\/\/www.aliadospuebla.com\/?p=114852#primaryimage","url":"https:\/\/www.aliadospuebla.com\/web2017\/wp-content\/uploads\/2026\/06\/97.jpg","contentUrl":"https:\/\/www.aliadospuebla.com\/web2017\/wp-content\/uploads\/2026\/06\/97.jpg","width":600,"height":450},{"@type":"BreadcrumbList","@id":"https:\/\/www.aliadospuebla.com\/?p=114852#breadcrumb","itemListElement":[{"@type":"ListItem","position":1,"name":"Portada","item":"https:\/\/www.aliadospuebla.com\/"},{"@type":"ListItem","position":2,"name":"Avanza el bachet\u00f3n 2026 en San pedro Cholula garantizando vialidades en buen estado"}]},{"@type":"WebSite","@id":"https:\/\/www.aliadospuebla.com\/#website","url":"https:\/\/www.aliadospuebla.com\/","name":"AliadosPuebla","description":"La informaci\u00f3n en tus manos","potentialAction":[{"@type":"SearchAction","target":{"@type":"EntryPoint","urlTemplate":"https:\/\/www.aliadospuebla.com\/?s={search_term_string}"},"query-input":{"@type":"PropertyValueSpecification","valueRequired":true,"valueName":"search_term_string"}}],"inLanguage":"es"},{"@type":"Person","@id":"https:\/\/www.aliadospuebla.com\/#\/schema\/person\/5da7dd09320bd4f392b710017ed5f8ad","name":"Aliados17","image":{"@type":"ImageObject","inLanguage":"es","@id":"https:\/\/www.aliadospuebla.com\/web2017\/wp-content\/uploads\/2025\/03\/cropped-para-perfil-8-anos-1-96x96.jpg","url":"https:\/\/www.aliadospuebla.com\/web2017\/wp-content\/uploads\/2025\/03\/cropped-para-perfil-8-anos-1-96x96.jpg","contentUrl":"https:\/\/www.aliadospuebla.com\/web2017\/wp-content\/uploads\/2025\/03\/cropped-para-perfil-8-anos-1-96x96.jpg","caption":"Aliados17"},"sameAs":["https:\/\/www.aliados17.com","https:\/\/www.facebook.com\/Aliados17Pue","https:\/\/x.com\/AliadosPuebla"],"url":"https:\/\/www.aliadospuebla.com\/?author=2"}]}},"views":11,"_links":{"self":[{"href":"https:\/\/www.aliadospuebla.com\/index.php?rest_route=\/wp\/v2\/posts\/114852","targetHints":{"allow":["GET"]}}],"collection":[{"href":"https:\/\/www.aliadospuebla.com\/index.php?rest_route=\/wp\/v2\/posts"}],"about":[{"href":"https:\/\/www.aliadospuebla.com\/index.php?rest_route=\/wp\/v2\/types\/post"}],"author":[{"embeddable":true,"href":"https:\/\/www.aliadospuebla.com\/index.php?rest_route=\/wp\/v2\/users\/2"}],"replies":[{"embeddable":true,"href":"https:\/\/www.aliadospuebla.com\/index.php?rest_route=%2Fwp%2Fv2%2Fcomments&post=114852"}],"version-history":[{"count":1,"href":"https:\/\/www.aliadospuebla.com\/index.php?rest_route=\/wp\/v2\/posts\/114852\/revisions"}],"predecessor-version":[{"id":114854,"href":"https:\/\/www.aliadospuebla.com\/index.php?rest_route=\/wp\/v2\/posts\/114852\/revisions\/114854"}],"wp:featuredmedia":[{"embeddable":true,"href":"https:\/\/www.aliadospuebla.com\/index.php?rest_route=\/wp\/v2\/media\/114853"}],"wp:attachment":[{"href":"https:\/\/www.aliadospuebla.com\/index.php?rest_route=%2Fwp%2Fv2%2Fmedia&parent=114852"}],"wp:term":[{"taxonomy":"category","embeddable":true,"href":"https:\/\/www.aliadospuebla.com\/index.php?rest_route=%2Fwp%2Fv2%2Fcategories&post=114852"},{"taxonomy":"post_tag","embeddable":true,"href":"https:\/\/www.aliadospuebla.com\/index.php?rest_route=%2Fwp%2Fv2%2Ftags&post=114852"}],"curies":[{"name":"wp","href":"https:\/\/api.w.org\/{rel}","templated":true}]}}