{"id":114734,"date":"2026-06-15T18:52:01","date_gmt":"2026-06-16T00:52:01","guid":{"rendered":"https:\/\/www.aliadospuebla.com\/?p=114734"},"modified":"2026-06-15T18:52:01","modified_gmt":"2026-06-16T00:52:01","slug":"juntos-gobierno-federal-y-estatal-impulsan-rescate-integral-del-lago-de-valsequillo","status":"publish","type":"post","link":"https:\/\/www.aliadospuebla.com\/?p=114734","title":{"rendered":"JUNTOS, GOBIERNO FEDERAL Y ESTATAL IMPULSAN RESCATE INTEGRAL DEL LAGO DE VALSEQUILLO"},"content":{"rendered":"<h4>El gobernador Alejandro Armenta Mier indic\u00f3 que CONAGUA y la comunidad cient\u00edfica, integran el proyecto para el saneamiento del lago, la producci\u00f3n sustentable y el bienestar de las comunidades originarias.<\/h4>\n<p>-La subsecretaria de Desarrollo Tecnol\u00f3gico, Vinculaci\u00f3n e Innovaci\u00f3n, Celina Pe\u00f1a,<\/p>\n<p>subray\u00f3 que para el Gobierno de M\u00e9xico, es prioridad nacional el saneamiento de mantos fre\u00e1ticos.<\/p>\n<p>PUEBLA, Pue.- El gobernador Alejandro Armenta Mier anunci\u00f3 el inicio del proyecto integral<\/p>\n<p>de rescate del lago de Valsequillo, una estrategia de gran alcance que contempla acciones ambientales,<\/p>\n<p>cient\u00edficas, productivas y tur\u00edsticas para recuperar uno de los cuerpos de agua m\u00e1s importantes del estado y convertirlo en un motor de desarrollo para las comunidades de la regi\u00f3n.<\/p>\n<p>El titular del Ejecutivo explic\u00f3 que este esfuerzo se realiza en coordinaci\u00f3n<\/p>\n<p>con el Gobierno de M\u00e9xico que encabeza la presidenta Claudia Sheinbaum Pardo,<\/p>\n<p>as\u00ed como con la Comisi\u00f3n Nacional del Agua (CONAGUA), el Instituto Polit\u00e9cnico Nacional (IPN)<\/p>\n<p>y la Secretar\u00eda de Ciencia, Humanidades, Tecnolog\u00eda e Innovaci\u00f3n (SECIHTI).<\/p>\n<p>Detall\u00f3 que las primeras acciones comenzaron en San Mat\u00edas Tlalancaleca<\/p>\n<p>con la instalaci\u00f3n de plantas de tratamiento y biodigestores, como parte de una estrategia integral<\/p>\n<p>orientada al saneamiento de los cuerpos de agua como el R\u00edo Atoyac que forma parte de la cuenca.<\/p>\n<p>Como parte de este proyecto, Armenta Mier inform\u00f3 que en pr\u00f3ximos d\u00edas iniciar\u00e1 operaciones<\/p>\n<p>la f\u00e1brica ecoambiental FertiPue, ubicada en la zona de Valsequillo, la cual aprovechar\u00e1 el lirio acu\u00e1tico<\/p>\n<p>que actualmente ocupa cerca de tres cuartas partes de la superficie del lago y dificulta su proceso natural de recuperaci\u00f3n al impedir el paso de la luz solar.<\/p>\n<h4>Explic\u00f3 que una parte del lirio ser\u00e1 transformada en mejoradores de suelo para beneficio de campesinas, campesinos y productores del campo poblano.<\/h4>\n<p>Asimismo, se utilizar\u00e1 para la elaboraci\u00f3n de adoquines ecol\u00f3gicos, tecnolog\u00eda<\/p>\n<p>que ya fue presentada a la presidenta Claudia Sheinbaum y que contribuir\u00e1<\/p>\n<p>al mejoramiento de calles, avenidas, colonias, juntas auxiliares e inspector\u00edas de la entidad.<\/p>\n<p>El gobernador destac\u00f3 que el proyecto tambi\u00e9n contempla la consolidaci\u00f3n<\/p>\n<p>del Centro de Bienestar Animal, la reactivaci\u00f3n del Parque Bicentenario<\/p>\n<p>y una intervenci\u00f3n integral en coordinaci\u00f3n con la Secretar\u00eda de Medio Ambiente y Recursos Naturales (SEMARNAT) y la CONAGUA para recuperar el potencial tur\u00edstico del lago.<\/p>\n<p>Subray\u00f3 que el objetivo es rescatar el Distrito Tur\u00edstico de Valsequillo con una visi\u00f3n incluyente<\/p>\n<p>que coloque en el centro a las comunidades originarias y genere oportunidades<\/p>\n<p>de desarrollo econ\u00f3mico sustentable para las familias de la regi\u00f3n.<\/p>\n<p>\u201cEsta obra es un ejemplo de humanismo y bio\u00e9tica.<\/p>\n<p>Es una acci\u00f3n que une esfuerzos institucionales y cient\u00edficos para ofrecer una respuesta contundente<\/p>\n<p>a los pueblos originarios. Hacer equipo nos permite Transformar en Grande\u201d, expres\u00f3.<\/p>\n<p>Por su parte, la subsecretaria de Desarrollo Tecnol\u00f3gico, Vinculaci\u00f3n e Innovaci\u00f3n<\/p>\n<p>del Gobierno de M\u00e9xico, Celina Pe\u00f1a Guzm\u00e1n, destac\u00f3 que el gobierno federal<\/p>\n<p>mantiene como prioridad nacional el saneamiento de mantos fre\u00e1ticos y cuerpos de agua,<\/p>\n<p>por lo que el rescate del sistema h\u00eddrico vinculado al Alto Atoyac representa una acci\u00f3n estrat\u00e9gica para el pa\u00eds.<\/p>\n<h4>Reconoci\u00f3 el compromiso del gobernador Alejandro Armenta Mier con la recuperaci\u00f3n ambiental de Puebla y se\u00f1al\u00f3 que el proyecto cuenta con la participaci\u00f3n de especialistas e instituciones acad\u00e9micas de prestigio.<\/h4>\n<p>Resalt\u00f3 la colaboraci\u00f3n directa del IPN y de la Benem\u00e9rita Universidad Aut\u00f3noma de Puebla (BUAP), cuyos equipos cient\u00edficos aportan conocimiento y soluciones innovadoras para garantizar resultados duraderos.<\/p>\n<p>Celina Pe\u00f1a afirm\u00f3 sentirse orgullosa de formar parte de una iniciativa articulada en conjunto gobierno, ciencia y sociedad para recuperar un patrimonio natural de gran relevancia, fortalecer el desarrollo regional y mejorar la calidad de vida de las y los poblanos.<\/p>\n<p>Al formar parte de un sistema de movilidad integral, el secretario de Infraestructura, Jos\u00e9 Manuel Contreras de los Santos resalt\u00f3 que el Puente de la Transformaci\u00f3n contribuye al desarrollo econ\u00f3mico y tur\u00edstico de municipios y comunidades que se encuentran en la regi\u00f3n.<\/p>\n<p>Con estas acciones, el Gobierno de M\u00e9xico y el Gobierno del Estado refrendan su compromiso de impulsar proyectos de alto impacto social, ambiental y econ\u00f3mico que permitan recuperar los recursos naturales, fortalecer el bienestar de las comunidades originarias y construir un modelo de desarrollo sustentable basado en la ciencia, la innovaci\u00f3n y la justicia.<\/p>\n","protected":false},"excerpt":{"rendered":"<p>El gobernador Alejandro Armenta Mier indic\u00f3 que CONAGUA y la comunidad cient\u00edfica, integran el proyecto para el saneamiento del lago, la producci\u00f3n sustentable y el bienestar de las comunidades originarias. -La subsecretaria de Desarrollo Tecnol\u00f3gico, Vinculaci\u00f3n e Innovaci\u00f3n, Celina Pe\u00f1a, subray\u00f3 que para el Gobierno de M\u00e9xico, es prioridad nacional el saneamiento de mantos fre\u00e1ticos. PUEBLA, Pue.- El gobernador Alejandro Armenta Mier anunci\u00f3 el inicio del proyecto integral de rescate del lago de Valsequillo, una estrategia de gran alcance que contempla acciones ambientales, cient\u00edficas, productivas y tur\u00edsticas para recuperar uno de los cuerpos de agua m\u00e1s importantes del estado y convertirlo en un motor de desarrollo para las comunidades de la regi\u00f3n. El titular del Ejecutivo explic\u00f3 que este esfuerzo se realiza en coordinaci\u00f3n con&hellip;<\/p>\n<p class=\"excerpt-more\"><a class=\"blog-excerpt button\" href=\"https:\/\/www.aliadospuebla.com\/?p=114734\">Leer m\u00e1s&#8230;<\/a><\/p>\n","protected":false},"author":2,"featured_media":114735,"comment_status":"open","ping_status":"open","sticky":false,"template":"","format":"standard","meta":{"_monsterinsights_skip_tracking":false,"footnotes":""},"categories":[61],"tags":[2496,25120,20316,1173,33997,28253,33996,13311,30099],"class_list":["post-114734","post","type-post","status-publish","format-standard","has-post-thumbnail","hentry","category-gobierno","tag-alejandro-armenta-mier","tag-celina-pena","tag-claudia-sheinbaum-pardo","tag-conagua","tag-fabrica-ecoambiental-fertipue","tag-lago-de-valsequillo","tag-mantos-freaticos","tag-proyecto-integral","tag-secihti"],"yoast_head":"<!-- This site is optimized with the Yoast SEO plugin v28.4 - https:\/\/yoast.com\/product\/yoast-seo-wordpress\/ -->\n<title>JUNTOS, GOBIERNO FEDERAL Y ESTATAL IMPULSAN RESCATE INTEGRAL DEL LAGO DE VALSEQUILLO - AliadosPuebla<\/title>\n<meta name=\"robots\" content=\"index, follow, max-snippet:-1, max-image-preview:large, max-video-preview:-1\" \/>\n<link rel=\"canonical\" href=\"https:\/\/www.aliadospuebla.com\/?p=114734\" \/>\n<meta property=\"og:locale\" content=\"es_ES\" \/>\n<meta property=\"og:type\" content=\"article\" \/>\n<meta property=\"og:title\" content=\"JUNTOS, GOBIERNO FEDERAL Y ESTATAL IMPULSAN RESCATE INTEGRAL DEL LAGO DE VALSEQUILLO - AliadosPuebla\" \/>\n<meta property=\"og:description\" content=\"El gobernador Alejandro Armenta Mier indic\u00f3 que CONAGUA y la comunidad cient\u00edfica, integran el proyecto para el saneamiento del lago, la producci\u00f3n sustentable y el bienestar de las comunidades originarias. -La subsecretaria de Desarrollo Tecnol\u00f3gico, Vinculaci\u00f3n e Innovaci\u00f3n, Celina Pe\u00f1a, subray\u00f3 que para el Gobierno de M\u00e9xico, es prioridad nacional el saneamiento de mantos fre\u00e1ticos. PUEBLA, Pue.- El gobernador Alejandro Armenta Mier anunci\u00f3 el inicio del proyecto integral de rescate del lago de Valsequillo, una estrategia de gran alcance que contempla acciones ambientales, cient\u00edficas, productivas y tur\u00edsticas para recuperar uno de los cuerpos de agua m\u00e1s importantes del estado y convertirlo en un motor de desarrollo para las comunidades de la regi\u00f3n. El titular del Ejecutivo explic\u00f3 que este esfuerzo se realiza en coordinaci\u00f3n con&hellip;Leer m\u00e1s...\" \/>\n<meta property=\"og:url\" content=\"https:\/\/www.aliadospuebla.com\/?p=114734\" \/>\n<meta property=\"og:site_name\" content=\"AliadosPuebla\" \/>\n<meta property=\"article:author\" content=\"https:\/\/www.facebook.com\/Aliados17Pue\" \/>\n<meta property=\"article:published_time\" content=\"2026-06-16T00:52:01+00:00\" \/>\n<meta property=\"og:image\" content=\"https:\/\/www.aliadospuebla.com\/web2017\/wp-content\/uploads\/2026\/06\/61.jpg\" \/>\n\t<meta property=\"og:image:width\" content=\"600\" \/>\n\t<meta property=\"og:image:height\" content=\"450\" \/>\n\t<meta property=\"og:image:type\" content=\"image\/jpeg\" \/>\n<meta name=\"author\" content=\"Aliados17\" \/>\n<meta name=\"twitter:card\" content=\"summary_large_image\" \/>\n<meta name=\"twitter:creator\" content=\"@AliadosPuebla\" \/>\n<meta name=\"twitter:label1\" content=\"Escrito por\" \/>\n\t<meta name=\"twitter:data1\" content=\"Aliados17\" \/>\n\t<meta name=\"twitter:label2\" content=\"Tiempo de lectura\" \/>\n\t<meta name=\"twitter:data2\" content=\"4 minutos\" \/>\n<script type=\"application\/ld+json\" class=\"yoast-schema-graph\">{\"@context\":\"https:\\\/\\\/schema.org\",\"@graph\":[{\"@type\":\"Article\",\"@id\":\"https:\\\/\\\/www.aliadospuebla.com\\\/?p=114734#article\",\"isPartOf\":{\"@id\":\"https:\\\/\\\/www.aliadospuebla.com\\\/?p=114734\"},\"author\":{\"name\":\"Aliados17\",\"@id\":\"https:\\\/\\\/www.aliadospuebla.com\\\/#\\\/schema\\\/person\\\/5da7dd09320bd4f392b710017ed5f8ad\"},\"headline\":\"JUNTOS, GOBIERNO FEDERAL Y ESTATAL IMPULSAN RESCATE INTEGRAL DEL LAGO DE VALSEQUILLO\",\"datePublished\":\"2026-06-16T00:52:01+00:00\",\"mainEntityOfPage\":{\"@id\":\"https:\\\/\\\/www.aliadospuebla.com\\\/?p=114734\"},\"wordCount\":770,\"commentCount\":0,\"image\":{\"@id\":\"https:\\\/\\\/www.aliadospuebla.com\\\/?p=114734#primaryimage\"},\"thumbnailUrl\":\"https:\\\/\\\/www.aliadospuebla.com\\\/web2017\\\/wp-content\\\/uploads\\\/2026\\\/06\\\/61.jpg\",\"keywords\":[\"ALEJANDRO ARMENTA MIER\",\"Celina Pe\u00f1a\",\"Claudia Sheinbaum Pardo\",\"CONAGUA\",\"f\u00e1brica ecoambiental FertiPue\",\"Lago de Valsequillo\",\"mantos fre\u00e1ticos\",\"proyecto integral\",\"SECIHTI\"],\"articleSection\":[\"Gobierno\"],\"inLanguage\":\"es\",\"potentialAction\":[{\"@type\":\"CommentAction\",\"name\":\"Comment\",\"target\":[\"https:\\\/\\\/www.aliadospuebla.com\\\/?p=114734#respond\"]}]},{\"@type\":\"WebPage\",\"@id\":\"https:\\\/\\\/www.aliadospuebla.com\\\/?p=114734\",\"url\":\"https:\\\/\\\/www.aliadospuebla.com\\\/?p=114734\",\"name\":\"JUNTOS, GOBIERNO FEDERAL Y ESTATAL IMPULSAN RESCATE INTEGRAL DEL LAGO DE VALSEQUILLO - AliadosPuebla\",\"isPartOf\":{\"@id\":\"https:\\\/\\\/www.aliadospuebla.com\\\/#website\"},\"primaryImageOfPage\":{\"@id\":\"https:\\\/\\\/www.aliadospuebla.com\\\/?p=114734#primaryimage\"},\"image\":{\"@id\":\"https:\\\/\\\/www.aliadospuebla.com\\\/?p=114734#primaryimage\"},\"thumbnailUrl\":\"https:\\\/\\\/www.aliadospuebla.com\\\/web2017\\\/wp-content\\\/uploads\\\/2026\\\/06\\\/61.jpg\",\"datePublished\":\"2026-06-16T00:52:01+00:00\",\"author\":{\"@id\":\"https:\\\/\\\/www.aliadospuebla.com\\\/#\\\/schema\\\/person\\\/5da7dd09320bd4f392b710017ed5f8ad\"},\"breadcrumb\":{\"@id\":\"https:\\\/\\\/www.aliadospuebla.com\\\/?p=114734#breadcrumb\"},\"inLanguage\":\"es\",\"potentialAction\":[{\"@type\":\"ReadAction\",\"target\":[\"https:\\\/\\\/www.aliadospuebla.com\\\/?p=114734\"]}]},{\"@type\":\"ImageObject\",\"inLanguage\":\"es\",\"@id\":\"https:\\\/\\\/www.aliadospuebla.com\\\/?p=114734#primaryimage\",\"url\":\"https:\\\/\\\/www.aliadospuebla.com\\\/web2017\\\/wp-content\\\/uploads\\\/2026\\\/06\\\/61.jpg\",\"contentUrl\":\"https:\\\/\\\/www.aliadospuebla.com\\\/web2017\\\/wp-content\\\/uploads\\\/2026\\\/06\\\/61.jpg\",\"width\":600,\"height\":450},{\"@type\":\"BreadcrumbList\",\"@id\":\"https:\\\/\\\/www.aliadospuebla.com\\\/?p=114734#breadcrumb\",\"itemListElement\":[{\"@type\":\"ListItem\",\"position\":1,\"name\":\"Portada\",\"item\":\"https:\\\/\\\/www.aliadospuebla.com\\\/\"},{\"@type\":\"ListItem\",\"position\":2,\"name\":\"JUNTOS, GOBIERNO FEDERAL Y ESTATAL IMPULSAN RESCATE INTEGRAL DEL LAGO DE VALSEQUILLO\"}]},{\"@type\":\"WebSite\",\"@id\":\"https:\\\/\\\/www.aliadospuebla.com\\\/#website\",\"url\":\"https:\\\/\\\/www.aliadospuebla.com\\\/\",\"name\":\"AliadosPuebla\",\"description\":\"La informaci\u00f3n en tus manos\",\"potentialAction\":[{\"@type\":\"SearchAction\",\"target\":{\"@type\":\"EntryPoint\",\"urlTemplate\":\"https:\\\/\\\/www.aliadospuebla.com\\\/?s={search_term_string}\"},\"query-input\":{\"@type\":\"PropertyValueSpecification\",\"valueRequired\":true,\"valueName\":\"search_term_string\"}}],\"inLanguage\":\"es\"},{\"@type\":\"Person\",\"@id\":\"https:\\\/\\\/www.aliadospuebla.com\\\/#\\\/schema\\\/person\\\/5da7dd09320bd4f392b710017ed5f8ad\",\"name\":\"Aliados17\",\"image\":{\"@type\":\"ImageObject\",\"inLanguage\":\"es\",\"@id\":\"https:\\\/\\\/www.aliadospuebla.com\\\/web2017\\\/wp-content\\\/uploads\\\/2025\\\/03\\\/cropped-para-perfil-8-anos-1-96x96.jpg\",\"url\":\"https:\\\/\\\/www.aliadospuebla.com\\\/web2017\\\/wp-content\\\/uploads\\\/2025\\\/03\\\/cropped-para-perfil-8-anos-1-96x96.jpg\",\"contentUrl\":\"https:\\\/\\\/www.aliadospuebla.com\\\/web2017\\\/wp-content\\\/uploads\\\/2025\\\/03\\\/cropped-para-perfil-8-anos-1-96x96.jpg\",\"caption\":\"Aliados17\"},\"sameAs\":[\"https:\\\/\\\/www.aliados17.com\",\"https:\\\/\\\/www.facebook.com\\\/Aliados17Pue\",\"https:\\\/\\\/x.com\\\/AliadosPuebla\"],\"url\":\"https:\\\/\\\/www.aliadospuebla.com\\\/?author=2\"}]}<\/script>\n<!-- \/ Yoast SEO plugin. -->","yoast_head_json":{"title":"JUNTOS, GOBIERNO FEDERAL Y ESTATAL IMPULSAN RESCATE INTEGRAL DEL LAGO DE VALSEQUILLO - AliadosPuebla","robots":{"index":"index","follow":"follow","max-snippet":"max-snippet:-1","max-image-preview":"max-image-preview:large","max-video-preview":"max-video-preview:-1"},"canonical":"https:\/\/www.aliadospuebla.com\/?p=114734","og_locale":"es_ES","og_type":"article","og_title":"JUNTOS, GOBIERNO FEDERAL Y ESTATAL IMPULSAN RESCATE INTEGRAL DEL LAGO DE VALSEQUILLO - AliadosPuebla","og_description":"El gobernador Alejandro Armenta Mier indic\u00f3 que CONAGUA y la comunidad cient\u00edfica, integran el proyecto para el saneamiento del lago, la producci\u00f3n sustentable y el bienestar de las comunidades originarias. -La subsecretaria de Desarrollo Tecnol\u00f3gico, Vinculaci\u00f3n e Innovaci\u00f3n, Celina Pe\u00f1a, subray\u00f3 que para el Gobierno de M\u00e9xico, es prioridad nacional el saneamiento de mantos fre\u00e1ticos. PUEBLA, Pue.- El gobernador Alejandro Armenta Mier anunci\u00f3 el inicio del proyecto integral de rescate del lago de Valsequillo, una estrategia de gran alcance que contempla acciones ambientales, cient\u00edficas, productivas y tur\u00edsticas para recuperar uno de los cuerpos de agua m\u00e1s importantes del estado y convertirlo en un motor de desarrollo para las comunidades de la regi\u00f3n. El titular del Ejecutivo explic\u00f3 que este esfuerzo se realiza en coordinaci\u00f3n con&hellip;Leer m\u00e1s...","og_url":"https:\/\/www.aliadospuebla.com\/?p=114734","og_site_name":"AliadosPuebla","article_author":"https:\/\/www.facebook.com\/Aliados17Pue","article_published_time":"2026-06-16T00:52:01+00:00","og_image":[{"width":600,"height":450,"url":"https:\/\/www.aliadospuebla.com\/web2017\/wp-content\/uploads\/2026\/06\/61.jpg","type":"image\/jpeg"}],"author":"Aliados17","twitter_card":"summary_large_image","twitter_creator":"@AliadosPuebla","twitter_misc":{"Escrito por":"Aliados17","Tiempo de lectura":"4 minutos"},"schema":{"@context":"https:\/\/schema.org","@graph":[{"@type":"Article","@id":"https:\/\/www.aliadospuebla.com\/?p=114734#article","isPartOf":{"@id":"https:\/\/www.aliadospuebla.com\/?p=114734"},"author":{"name":"Aliados17","@id":"https:\/\/www.aliadospuebla.com\/#\/schema\/person\/5da7dd09320bd4f392b710017ed5f8ad"},"headline":"JUNTOS, GOBIERNO FEDERAL Y ESTATAL IMPULSAN RESCATE INTEGRAL DEL LAGO DE VALSEQUILLO","datePublished":"2026-06-16T00:52:01+00:00","mainEntityOfPage":{"@id":"https:\/\/www.aliadospuebla.com\/?p=114734"},"wordCount":770,"commentCount":0,"image":{"@id":"https:\/\/www.aliadospuebla.com\/?p=114734#primaryimage"},"thumbnailUrl":"https:\/\/www.aliadospuebla.com\/web2017\/wp-content\/uploads\/2026\/06\/61.jpg","keywords":["ALEJANDRO ARMENTA MIER","Celina Pe\u00f1a","Claudia Sheinbaum Pardo","CONAGUA","f\u00e1brica ecoambiental FertiPue","Lago de Valsequillo","mantos fre\u00e1ticos","proyecto integral","SECIHTI"],"articleSection":["Gobierno"],"inLanguage":"es","potentialAction":[{"@type":"CommentAction","name":"Comment","target":["https:\/\/www.aliadospuebla.com\/?p=114734#respond"]}]},{"@type":"WebPage","@id":"https:\/\/www.aliadospuebla.com\/?p=114734","url":"https:\/\/www.aliadospuebla.com\/?p=114734","name":"JUNTOS, GOBIERNO FEDERAL Y ESTATAL IMPULSAN RESCATE INTEGRAL DEL LAGO DE VALSEQUILLO - AliadosPuebla","isPartOf":{"@id":"https:\/\/www.aliadospuebla.com\/#website"},"primaryImageOfPage":{"@id":"https:\/\/www.aliadospuebla.com\/?p=114734#primaryimage"},"image":{"@id":"https:\/\/www.aliadospuebla.com\/?p=114734#primaryimage"},"thumbnailUrl":"https:\/\/www.aliadospuebla.com\/web2017\/wp-content\/uploads\/2026\/06\/61.jpg","datePublished":"2026-06-16T00:52:01+00:00","author":{"@id":"https:\/\/www.aliadospuebla.com\/#\/schema\/person\/5da7dd09320bd4f392b710017ed5f8ad"},"breadcrumb":{"@id":"https:\/\/www.aliadospuebla.com\/?p=114734#breadcrumb"},"inLanguage":"es","potentialAction":[{"@type":"ReadAction","target":["https:\/\/www.aliadospuebla.com\/?p=114734"]}]},{"@type":"ImageObject","inLanguage":"es","@id":"https:\/\/www.aliadospuebla.com\/?p=114734#primaryimage","url":"https:\/\/www.aliadospuebla.com\/web2017\/wp-content\/uploads\/2026\/06\/61.jpg","contentUrl":"https:\/\/www.aliadospuebla.com\/web2017\/wp-content\/uploads\/2026\/06\/61.jpg","width":600,"height":450},{"@type":"BreadcrumbList","@id":"https:\/\/www.aliadospuebla.com\/?p=114734#breadcrumb","itemListElement":[{"@type":"ListItem","position":1,"name":"Portada","item":"https:\/\/www.aliadospuebla.com\/"},{"@type":"ListItem","position":2,"name":"JUNTOS, GOBIERNO FEDERAL Y ESTATAL IMPULSAN RESCATE INTEGRAL DEL LAGO DE VALSEQUILLO"}]},{"@type":"WebSite","@id":"https:\/\/www.aliadospuebla.com\/#website","url":"https:\/\/www.aliadospuebla.com\/","name":"AliadosPuebla","description":"La informaci\u00f3n en tus manos","potentialAction":[{"@type":"SearchAction","target":{"@type":"EntryPoint","urlTemplate":"https:\/\/www.aliadospuebla.com\/?s={search_term_string}"},"query-input":{"@type":"PropertyValueSpecification","valueRequired":true,"valueName":"search_term_string"}}],"inLanguage":"es"},{"@type":"Person","@id":"https:\/\/www.aliadospuebla.com\/#\/schema\/person\/5da7dd09320bd4f392b710017ed5f8ad","name":"Aliados17","image":{"@type":"ImageObject","inLanguage":"es","@id":"https:\/\/www.aliadospuebla.com\/web2017\/wp-content\/uploads\/2025\/03\/cropped-para-perfil-8-anos-1-96x96.jpg","url":"https:\/\/www.aliadospuebla.com\/web2017\/wp-content\/uploads\/2025\/03\/cropped-para-perfil-8-anos-1-96x96.jpg","contentUrl":"https:\/\/www.aliadospuebla.com\/web2017\/wp-content\/uploads\/2025\/03\/cropped-para-perfil-8-anos-1-96x96.jpg","caption":"Aliados17"},"sameAs":["https:\/\/www.aliados17.com","https:\/\/www.facebook.com\/Aliados17Pue","https:\/\/x.com\/AliadosPuebla"],"url":"https:\/\/www.aliadospuebla.com\/?author=2"}]}},"views":21,"_links":{"self":[{"href":"https:\/\/www.aliadospuebla.com\/index.php?rest_route=\/wp\/v2\/posts\/114734","targetHints":{"allow":["GET"]}}],"collection":[{"href":"https:\/\/www.aliadospuebla.com\/index.php?rest_route=\/wp\/v2\/posts"}],"about":[{"href":"https:\/\/www.aliadospuebla.com\/index.php?rest_route=\/wp\/v2\/types\/post"}],"author":[{"embeddable":true,"href":"https:\/\/www.aliadospuebla.com\/index.php?rest_route=\/wp\/v2\/users\/2"}],"replies":[{"embeddable":true,"href":"https:\/\/www.aliadospuebla.com\/index.php?rest_route=%2Fwp%2Fv2%2Fcomments&post=114734"}],"version-history":[{"count":1,"href":"https:\/\/www.aliadospuebla.com\/index.php?rest_route=\/wp\/v2\/posts\/114734\/revisions"}],"predecessor-version":[{"id":114736,"href":"https:\/\/www.aliadospuebla.com\/index.php?rest_route=\/wp\/v2\/posts\/114734\/revisions\/114736"}],"wp:featuredmedia":[{"embeddable":true,"href":"https:\/\/www.aliadospuebla.com\/index.php?rest_route=\/wp\/v2\/media\/114735"}],"wp:attachment":[{"href":"https:\/\/www.aliadospuebla.com\/index.php?rest_route=%2Fwp%2Fv2%2Fmedia&parent=114734"}],"wp:term":[{"taxonomy":"category","embeddable":true,"href":"https:\/\/www.aliadospuebla.com\/index.php?rest_route=%2Fwp%2Fv2%2Fcategories&post=114734"},{"taxonomy":"post_tag","embeddable":true,"href":"https:\/\/www.aliadospuebla.com\/index.php?rest_route=%2Fwp%2Fv2%2Ftags&post=114734"}],"curies":[{"name":"wp","href":"https:\/\/api.w.org\/{rel}","templated":true}]}}