{"id":114684,"date":"2026-06-03T20:55:23","date_gmt":"2026-06-04T02:55:23","guid":{"rendered":"https:\/\/www.aliadospuebla.com\/?p=114684"},"modified":"2026-06-12T21:03:24","modified_gmt":"2026-06-13T03:03:24","slug":"inicia-ampliacion-de-camino-que-conectara-san-mateo-tlaixpan-con-huixcolotla","status":"publish","type":"post","link":"https:\/\/www.aliadospuebla.com\/?p=114684","title":{"rendered":"Inicia ampliaci\u00f3n de camino que conectar\u00e1 San Mateo Tlaixpan con Huixcolotla"},"content":{"rendered":"<p>Tecamachalco, Puebla. \u2013 El presidente municipal Mateo Hern\u00e1ndez L\u00f3pez,<\/p>\n<p>acompa\u00f1ado por integrantes del Cabildo del H. Ayuntamiento de Tecamachalco<\/p>\n<p>y autoridades de Huixcolotla, encabez\u00f3 el banderazo de inicio de obra del camino<\/p>\n<p>San Mateo Tlaixpan \u2013 Huixcolotla, una vialidad de gran importancia para la movilidad<\/p>\n<p>y el desarrollo de la regi\u00f3n.<\/p>\n<h4>Esta v\u00eda ha sido utilizada durante a\u00f1os por habitantes de San Mateo Tlaixpan para trasladarse a Huixcolotla por motivos laborales, comerciales y de servicios, por lo que su mejoramiento representa una respuesta a una gesti\u00f3n que por mucho tiempo fue solicitada por la ciudadan\u00eda.<\/h4>\n<p>Durante el evento se destac\u00f3 el trabajo coordinado entre ambos municipios,<\/p>\n<p>reconociendo el respaldo del presidente municipal de Huixcolotla, Manuel\u00a0Alejandro Porras,<\/p>\n<p>cuya disposici\u00f3n ha sido fundamental para concretar este proyecto en beneficio de las familias de la zona.<\/p>\n<p>El alcalde Mateo Hern\u00e1ndez L\u00f3pez se\u00f1al\u00f3 que esta obra es resultado de la voluntad<\/p>\n<p>de trabajar por las necesidades reales de la gente, fortaleciendo la conectividad entre comunidades y generando mejores condiciones.<\/p>\n","protected":false},"excerpt":{"rendered":"<p>Tecamachalco, Puebla. \u2013 El presidente municipal Mateo Hern\u00e1ndez L\u00f3pez, acompa\u00f1ado por integrantes del Cabildo del H. Ayuntamiento de Tecamachalco y autoridades de Huixcolotla, encabez\u00f3 el banderazo de inicio de obra del camino San Mateo Tlaixpan \u2013 Huixcolotla, una vialidad de gran importancia para la movilidad y el desarrollo de la regi\u00f3n. Esta v\u00eda ha sido utilizada durante a\u00f1os por habitantes de San Mateo Tlaixpan para trasladarse a Huixcolotla por motivos laborales, comerciales y de servicios, por lo que su mejoramiento representa una respuesta a una gesti\u00f3n que por mucho tiempo fue solicitada por la ciudadan\u00eda. Durante el evento se destac\u00f3 el trabajo coordinado entre ambos municipios, reconociendo el respaldo del presidente municipal de Huixcolotla, Manuel\u00a0Alejandro Porras, cuya disposici\u00f3n ha sido fundamental para concretar este proyecto&hellip;<\/p>\n<p class=\"excerpt-more\"><a class=\"blog-excerpt button\" href=\"https:\/\/www.aliadospuebla.com\/?p=114684\">Leer m\u00e1s&#8230;<\/a><\/p>\n","protected":false},"author":2,"featured_media":114685,"comment_status":"open","ping_status":"open","sticky":false,"template":"","format":"standard","meta":{"_monsterinsights_skip_tracking":false,"footnotes":""},"categories":[4],"tags":[33978,1094,28053,33979,129],"class_list":["post-114684","post","type-post","status-publish","format-standard","has-post-thumbnail","hentry","category-municipios","tag-ampliacion-de-camino","tag-conectividad","tag-mateo-hernandez-lopez","tag-san-mateo-tlaixpan-huixcolotla","tag-tecamachalco"],"yoast_head":"<!-- This site is optimized with the Yoast SEO plugin v28.4 - https:\/\/yoast.com\/product\/yoast-seo-wordpress\/ -->\n<title>Inicia ampliaci\u00f3n de camino que conectar\u00e1 San Mateo Tlaixpan con Huixcolotla - AliadosPuebla<\/title>\n<meta name=\"robots\" content=\"index, follow, max-snippet:-1, max-image-preview:large, max-video-preview:-1\" \/>\n<link rel=\"canonical\" href=\"https:\/\/www.aliadospuebla.com\/?p=114684\" \/>\n<meta property=\"og:locale\" content=\"es_ES\" \/>\n<meta property=\"og:type\" content=\"article\" \/>\n<meta property=\"og:title\" content=\"Inicia ampliaci\u00f3n de camino que conectar\u00e1 San Mateo Tlaixpan con Huixcolotla - AliadosPuebla\" \/>\n<meta property=\"og:description\" content=\"Tecamachalco, Puebla. \u2013 El presidente municipal Mateo Hern\u00e1ndez L\u00f3pez, acompa\u00f1ado por integrantes del Cabildo del H. Ayuntamiento de Tecamachalco y autoridades de Huixcolotla, encabez\u00f3 el banderazo de inicio de obra del camino San Mateo Tlaixpan \u2013 Huixcolotla, una vialidad de gran importancia para la movilidad y el desarrollo de la regi\u00f3n. Esta v\u00eda ha sido utilizada durante a\u00f1os por habitantes de San Mateo Tlaixpan para trasladarse a Huixcolotla por motivos laborales, comerciales y de servicios, por lo que su mejoramiento representa una respuesta a una gesti\u00f3n que por mucho tiempo fue solicitada por la ciudadan\u00eda. Durante el evento se destac\u00f3 el trabajo coordinado entre ambos municipios, reconociendo el respaldo del presidente municipal de Huixcolotla, Manuel\u00a0Alejandro Porras, cuya disposici\u00f3n ha sido fundamental para concretar este proyecto&hellip;Leer m\u00e1s...\" \/>\n<meta property=\"og:url\" content=\"https:\/\/www.aliadospuebla.com\/?p=114684\" \/>\n<meta property=\"og:site_name\" content=\"AliadosPuebla\" \/>\n<meta property=\"article:author\" content=\"https:\/\/www.facebook.com\/Aliados17Pue\" \/>\n<meta property=\"article:published_time\" content=\"2026-06-04T02:55:23+00:00\" \/>\n<meta property=\"article:modified_time\" content=\"2026-06-13T03:03:24+00:00\" \/>\n<meta property=\"og:image\" content=\"https:\/\/www.aliadospuebla.com\/web2017\/wp-content\/uploads\/2026\/06\/45.jpg\" \/>\n\t<meta property=\"og:image:width\" content=\"600\" \/>\n\t<meta property=\"og:image:height\" content=\"450\" \/>\n\t<meta property=\"og:image:type\" content=\"image\/jpeg\" \/>\n<meta name=\"author\" content=\"Aliados17\" \/>\n<meta name=\"twitter:card\" content=\"summary_large_image\" \/>\n<meta name=\"twitter:creator\" content=\"@AliadosPuebla\" \/>\n<meta name=\"twitter:label1\" content=\"Escrito por\" \/>\n\t<meta name=\"twitter:data1\" content=\"Aliados17\" \/>\n\t<meta name=\"twitter:label2\" content=\"Tiempo de lectura\" \/>\n\t<meta name=\"twitter:data2\" content=\"1 minuto\" \/>\n<script type=\"application\/ld+json\" class=\"yoast-schema-graph\">{\"@context\":\"https:\\\/\\\/schema.org\",\"@graph\":[{\"@type\":\"Article\",\"@id\":\"https:\\\/\\\/www.aliadospuebla.com\\\/?p=114684#article\",\"isPartOf\":{\"@id\":\"https:\\\/\\\/www.aliadospuebla.com\\\/?p=114684\"},\"author\":{\"name\":\"Aliados17\",\"@id\":\"https:\\\/\\\/www.aliadospuebla.com\\\/#\\\/schema\\\/person\\\/5da7dd09320bd4f392b710017ed5f8ad\"},\"headline\":\"Inicia ampliaci\u00f3n de camino que conectar\u00e1 San Mateo Tlaixpan con Huixcolotla\",\"datePublished\":\"2026-06-04T02:55:23+00:00\",\"dateModified\":\"2026-06-13T03:03:24+00:00\",\"mainEntityOfPage\":{\"@id\":\"https:\\\/\\\/www.aliadospuebla.com\\\/?p=114684\"},\"wordCount\":188,\"commentCount\":0,\"image\":{\"@id\":\"https:\\\/\\\/www.aliadospuebla.com\\\/?p=114684#primaryimage\"},\"thumbnailUrl\":\"https:\\\/\\\/www.aliadospuebla.com\\\/web2017\\\/wp-content\\\/uploads\\\/2026\\\/06\\\/45.jpg\",\"keywords\":[\"ampliaci\u00f3n de camino\",\"CONECTIVIDAD\",\"Mateo Hern\u00e1ndez L\u00f3pez\",\"San Mateo Tlaixpan \u2013 Huixcolotla\",\"Tecamachalco\"],\"articleSection\":[\"Municipios\"],\"inLanguage\":\"es\",\"potentialAction\":[{\"@type\":\"CommentAction\",\"name\":\"Comment\",\"target\":[\"https:\\\/\\\/www.aliadospuebla.com\\\/?p=114684#respond\"]}]},{\"@type\":\"WebPage\",\"@id\":\"https:\\\/\\\/www.aliadospuebla.com\\\/?p=114684\",\"url\":\"https:\\\/\\\/www.aliadospuebla.com\\\/?p=114684\",\"name\":\"Inicia ampliaci\u00f3n de camino que conectar\u00e1 San Mateo Tlaixpan con Huixcolotla - AliadosPuebla\",\"isPartOf\":{\"@id\":\"https:\\\/\\\/www.aliadospuebla.com\\\/#website\"},\"primaryImageOfPage\":{\"@id\":\"https:\\\/\\\/www.aliadospuebla.com\\\/?p=114684#primaryimage\"},\"image\":{\"@id\":\"https:\\\/\\\/www.aliadospuebla.com\\\/?p=114684#primaryimage\"},\"thumbnailUrl\":\"https:\\\/\\\/www.aliadospuebla.com\\\/web2017\\\/wp-content\\\/uploads\\\/2026\\\/06\\\/45.jpg\",\"datePublished\":\"2026-06-04T02:55:23+00:00\",\"dateModified\":\"2026-06-13T03:03:24+00:00\",\"author\":{\"@id\":\"https:\\\/\\\/www.aliadospuebla.com\\\/#\\\/schema\\\/person\\\/5da7dd09320bd4f392b710017ed5f8ad\"},\"breadcrumb\":{\"@id\":\"https:\\\/\\\/www.aliadospuebla.com\\\/?p=114684#breadcrumb\"},\"inLanguage\":\"es\",\"potentialAction\":[{\"@type\":\"ReadAction\",\"target\":[\"https:\\\/\\\/www.aliadospuebla.com\\\/?p=114684\"]}]},{\"@type\":\"ImageObject\",\"inLanguage\":\"es\",\"@id\":\"https:\\\/\\\/www.aliadospuebla.com\\\/?p=114684#primaryimage\",\"url\":\"https:\\\/\\\/www.aliadospuebla.com\\\/web2017\\\/wp-content\\\/uploads\\\/2026\\\/06\\\/45.jpg\",\"contentUrl\":\"https:\\\/\\\/www.aliadospuebla.com\\\/web2017\\\/wp-content\\\/uploads\\\/2026\\\/06\\\/45.jpg\",\"width\":600,\"height\":450},{\"@type\":\"BreadcrumbList\",\"@id\":\"https:\\\/\\\/www.aliadospuebla.com\\\/?p=114684#breadcrumb\",\"itemListElement\":[{\"@type\":\"ListItem\",\"position\":1,\"name\":\"Portada\",\"item\":\"https:\\\/\\\/www.aliadospuebla.com\\\/\"},{\"@type\":\"ListItem\",\"position\":2,\"name\":\"Inicia ampliaci\u00f3n de camino que conectar\u00e1 San Mateo Tlaixpan con Huixcolotla\"}]},{\"@type\":\"WebSite\",\"@id\":\"https:\\\/\\\/www.aliadospuebla.com\\\/#website\",\"url\":\"https:\\\/\\\/www.aliadospuebla.com\\\/\",\"name\":\"AliadosPuebla\",\"description\":\"La informaci\u00f3n en tus manos\",\"potentialAction\":[{\"@type\":\"SearchAction\",\"target\":{\"@type\":\"EntryPoint\",\"urlTemplate\":\"https:\\\/\\\/www.aliadospuebla.com\\\/?s={search_term_string}\"},\"query-input\":{\"@type\":\"PropertyValueSpecification\",\"valueRequired\":true,\"valueName\":\"search_term_string\"}}],\"inLanguage\":\"es\"},{\"@type\":\"Person\",\"@id\":\"https:\\\/\\\/www.aliadospuebla.com\\\/#\\\/schema\\\/person\\\/5da7dd09320bd4f392b710017ed5f8ad\",\"name\":\"Aliados17\",\"image\":{\"@type\":\"ImageObject\",\"inLanguage\":\"es\",\"@id\":\"https:\\\/\\\/www.aliadospuebla.com\\\/web2017\\\/wp-content\\\/uploads\\\/2025\\\/03\\\/cropped-para-perfil-8-anos-1-96x96.jpg\",\"url\":\"https:\\\/\\\/www.aliadospuebla.com\\\/web2017\\\/wp-content\\\/uploads\\\/2025\\\/03\\\/cropped-para-perfil-8-anos-1-96x96.jpg\",\"contentUrl\":\"https:\\\/\\\/www.aliadospuebla.com\\\/web2017\\\/wp-content\\\/uploads\\\/2025\\\/03\\\/cropped-para-perfil-8-anos-1-96x96.jpg\",\"caption\":\"Aliados17\"},\"sameAs\":[\"https:\\\/\\\/www.aliados17.com\",\"https:\\\/\\\/www.facebook.com\\\/Aliados17Pue\",\"https:\\\/\\\/x.com\\\/AliadosPuebla\"],\"url\":\"https:\\\/\\\/www.aliadospuebla.com\\\/?author=2\"}]}<\/script>\n<!-- \/ Yoast SEO plugin. -->","yoast_head_json":{"title":"Inicia ampliaci\u00f3n de camino que conectar\u00e1 San Mateo Tlaixpan con Huixcolotla - AliadosPuebla","robots":{"index":"index","follow":"follow","max-snippet":"max-snippet:-1","max-image-preview":"max-image-preview:large","max-video-preview":"max-video-preview:-1"},"canonical":"https:\/\/www.aliadospuebla.com\/?p=114684","og_locale":"es_ES","og_type":"article","og_title":"Inicia ampliaci\u00f3n de camino que conectar\u00e1 San Mateo Tlaixpan con Huixcolotla - AliadosPuebla","og_description":"Tecamachalco, Puebla. \u2013 El presidente municipal Mateo Hern\u00e1ndez L\u00f3pez, acompa\u00f1ado por integrantes del Cabildo del H. Ayuntamiento de Tecamachalco y autoridades de Huixcolotla, encabez\u00f3 el banderazo de inicio de obra del camino San Mateo Tlaixpan \u2013 Huixcolotla, una vialidad de gran importancia para la movilidad y el desarrollo de la regi\u00f3n. Esta v\u00eda ha sido utilizada durante a\u00f1os por habitantes de San Mateo Tlaixpan para trasladarse a Huixcolotla por motivos laborales, comerciales y de servicios, por lo que su mejoramiento representa una respuesta a una gesti\u00f3n que por mucho tiempo fue solicitada por la ciudadan\u00eda. Durante el evento se destac\u00f3 el trabajo coordinado entre ambos municipios, reconociendo el respaldo del presidente municipal de Huixcolotla, Manuel\u00a0Alejandro Porras, cuya disposici\u00f3n ha sido fundamental para concretar este proyecto&hellip;Leer m\u00e1s...","og_url":"https:\/\/www.aliadospuebla.com\/?p=114684","og_site_name":"AliadosPuebla","article_author":"https:\/\/www.facebook.com\/Aliados17Pue","article_published_time":"2026-06-04T02:55:23+00:00","article_modified_time":"2026-06-13T03:03:24+00:00","og_image":[{"width":600,"height":450,"url":"https:\/\/www.aliadospuebla.com\/web2017\/wp-content\/uploads\/2026\/06\/45.jpg","type":"image\/jpeg"}],"author":"Aliados17","twitter_card":"summary_large_image","twitter_creator":"@AliadosPuebla","twitter_misc":{"Escrito por":"Aliados17","Tiempo de lectura":"1 minuto"},"schema":{"@context":"https:\/\/schema.org","@graph":[{"@type":"Article","@id":"https:\/\/www.aliadospuebla.com\/?p=114684#article","isPartOf":{"@id":"https:\/\/www.aliadospuebla.com\/?p=114684"},"author":{"name":"Aliados17","@id":"https:\/\/www.aliadospuebla.com\/#\/schema\/person\/5da7dd09320bd4f392b710017ed5f8ad"},"headline":"Inicia ampliaci\u00f3n de camino que conectar\u00e1 San Mateo Tlaixpan con Huixcolotla","datePublished":"2026-06-04T02:55:23+00:00","dateModified":"2026-06-13T03:03:24+00:00","mainEntityOfPage":{"@id":"https:\/\/www.aliadospuebla.com\/?p=114684"},"wordCount":188,"commentCount":0,"image":{"@id":"https:\/\/www.aliadospuebla.com\/?p=114684#primaryimage"},"thumbnailUrl":"https:\/\/www.aliadospuebla.com\/web2017\/wp-content\/uploads\/2026\/06\/45.jpg","keywords":["ampliaci\u00f3n de camino","CONECTIVIDAD","Mateo Hern\u00e1ndez L\u00f3pez","San Mateo Tlaixpan \u2013 Huixcolotla","Tecamachalco"],"articleSection":["Municipios"],"inLanguage":"es","potentialAction":[{"@type":"CommentAction","name":"Comment","target":["https:\/\/www.aliadospuebla.com\/?p=114684#respond"]}]},{"@type":"WebPage","@id":"https:\/\/www.aliadospuebla.com\/?p=114684","url":"https:\/\/www.aliadospuebla.com\/?p=114684","name":"Inicia ampliaci\u00f3n de camino que conectar\u00e1 San Mateo Tlaixpan con Huixcolotla - AliadosPuebla","isPartOf":{"@id":"https:\/\/www.aliadospuebla.com\/#website"},"primaryImageOfPage":{"@id":"https:\/\/www.aliadospuebla.com\/?p=114684#primaryimage"},"image":{"@id":"https:\/\/www.aliadospuebla.com\/?p=114684#primaryimage"},"thumbnailUrl":"https:\/\/www.aliadospuebla.com\/web2017\/wp-content\/uploads\/2026\/06\/45.jpg","datePublished":"2026-06-04T02:55:23+00:00","dateModified":"2026-06-13T03:03:24+00:00","author":{"@id":"https:\/\/www.aliadospuebla.com\/#\/schema\/person\/5da7dd09320bd4f392b710017ed5f8ad"},"breadcrumb":{"@id":"https:\/\/www.aliadospuebla.com\/?p=114684#breadcrumb"},"inLanguage":"es","potentialAction":[{"@type":"ReadAction","target":["https:\/\/www.aliadospuebla.com\/?p=114684"]}]},{"@type":"ImageObject","inLanguage":"es","@id":"https:\/\/www.aliadospuebla.com\/?p=114684#primaryimage","url":"https:\/\/www.aliadospuebla.com\/web2017\/wp-content\/uploads\/2026\/06\/45.jpg","contentUrl":"https:\/\/www.aliadospuebla.com\/web2017\/wp-content\/uploads\/2026\/06\/45.jpg","width":600,"height":450},{"@type":"BreadcrumbList","@id":"https:\/\/www.aliadospuebla.com\/?p=114684#breadcrumb","itemListElement":[{"@type":"ListItem","position":1,"name":"Portada","item":"https:\/\/www.aliadospuebla.com\/"},{"@type":"ListItem","position":2,"name":"Inicia ampliaci\u00f3n de camino que conectar\u00e1 San Mateo Tlaixpan con Huixcolotla"}]},{"@type":"WebSite","@id":"https:\/\/www.aliadospuebla.com\/#website","url":"https:\/\/www.aliadospuebla.com\/","name":"AliadosPuebla","description":"La informaci\u00f3n en tus manos","potentialAction":[{"@type":"SearchAction","target":{"@type":"EntryPoint","urlTemplate":"https:\/\/www.aliadospuebla.com\/?s={search_term_string}"},"query-input":{"@type":"PropertyValueSpecification","valueRequired":true,"valueName":"search_term_string"}}],"inLanguage":"es"},{"@type":"Person","@id":"https:\/\/www.aliadospuebla.com\/#\/schema\/person\/5da7dd09320bd4f392b710017ed5f8ad","name":"Aliados17","image":{"@type":"ImageObject","inLanguage":"es","@id":"https:\/\/www.aliadospuebla.com\/web2017\/wp-content\/uploads\/2025\/03\/cropped-para-perfil-8-anos-1-96x96.jpg","url":"https:\/\/www.aliadospuebla.com\/web2017\/wp-content\/uploads\/2025\/03\/cropped-para-perfil-8-anos-1-96x96.jpg","contentUrl":"https:\/\/www.aliadospuebla.com\/web2017\/wp-content\/uploads\/2025\/03\/cropped-para-perfil-8-anos-1-96x96.jpg","caption":"Aliados17"},"sameAs":["https:\/\/www.aliados17.com","https:\/\/www.facebook.com\/Aliados17Pue","https:\/\/x.com\/AliadosPuebla"],"url":"https:\/\/www.aliadospuebla.com\/?author=2"}]}},"views":10,"_links":{"self":[{"href":"https:\/\/www.aliadospuebla.com\/index.php?rest_route=\/wp\/v2\/posts\/114684","targetHints":{"allow":["GET"]}}],"collection":[{"href":"https:\/\/www.aliadospuebla.com\/index.php?rest_route=\/wp\/v2\/posts"}],"about":[{"href":"https:\/\/www.aliadospuebla.com\/index.php?rest_route=\/wp\/v2\/types\/post"}],"author":[{"embeddable":true,"href":"https:\/\/www.aliadospuebla.com\/index.php?rest_route=\/wp\/v2\/users\/2"}],"replies":[{"embeddable":true,"href":"https:\/\/www.aliadospuebla.com\/index.php?rest_route=%2Fwp%2Fv2%2Fcomments&post=114684"}],"version-history":[{"count":1,"href":"https:\/\/www.aliadospuebla.com\/index.php?rest_route=\/wp\/v2\/posts\/114684\/revisions"}],"predecessor-version":[{"id":114686,"href":"https:\/\/www.aliadospuebla.com\/index.php?rest_route=\/wp\/v2\/posts\/114684\/revisions\/114686"}],"wp:featuredmedia":[{"embeddable":true,"href":"https:\/\/www.aliadospuebla.com\/index.php?rest_route=\/wp\/v2\/media\/114685"}],"wp:attachment":[{"href":"https:\/\/www.aliadospuebla.com\/index.php?rest_route=%2Fwp%2Fv2%2Fmedia&parent=114684"}],"wp:term":[{"taxonomy":"category","embeddable":true,"href":"https:\/\/www.aliadospuebla.com\/index.php?rest_route=%2Fwp%2Fv2%2Fcategories&post=114684"},{"taxonomy":"post_tag","embeddable":true,"href":"https:\/\/www.aliadospuebla.com\/index.php?rest_route=%2Fwp%2Fv2%2Ftags&post=114684"}],"curies":[{"name":"wp","href":"https:\/\/api.w.org\/{rel}","templated":true}]}}