{"id":114497,"date":"2026-06-02T08:34:57","date_gmt":"2026-06-02T14:34:57","guid":{"rendered":"https:\/\/www.aliadospuebla.com\/?p=114497"},"modified":"2026-06-02T08:34:57","modified_gmt":"2026-06-02T14:34:57","slug":"avanza-pepe-chedraui-en-la-recuperacion-de-areas-verdes-con-raices-del-futuro","status":"publish","type":"post","link":"https:\/\/www.aliadospuebla.com\/?p=114497","title":{"rendered":"Avanza Pepe Chedraui en la recuperaci\u00f3n de \u00e1reas verdes con \u201cRa\u00edces del Futuro\u201d"},"content":{"rendered":"<h4>&#8211; La meta para este a\u00f1o es plantar m\u00e1s de 100 mil individuos arb\u00f3reos en el municipio<\/h4>\n<p>&#8211; En 2025 se logr\u00f3 la plantaci\u00f3n de m\u00e1s de 80 mil \u00e1rboles<\/p>\n<p>Puebla, Pue.- El presidente municipal, Pepe Chedraui, encabez\u00f3 el inicio de la segunda etapa<\/p>\n<p>de las jornadas de reforestaci\u00f3n 2026 del Programa Ra\u00edces del Futuro,<\/p>\n<p>estrategia que tiene el objetivo de fortalecer la cobertura vegetal y contribuir<\/p>\n<p>al cuidado del medio ambiente en la capital poblana.<\/p>\n<p>Asimismo, el alcalde destac\u00f3 que, en concordancia con la visi\u00f3n impulsada<\/p>\n<p>por la presidenta Claudia Sheinbaum, se apuesta por un modelo<\/p>\n<p>de crecimiento sustentable e incluyente, convencidos de que la transformaci\u00f3n<\/p>\n<p>se construye desde lo local mediante acciones concretas para proteger el agua,<\/p>\n<p>preservar las \u00e1reas verdes y fortalecer la calidad de vida de las familias poblanas.<\/p>\n<p>\u201cEn el Gobierno de la Ciudad estamos actuando para mejorar la condici\u00f3n ambiental<\/p>\n<p>y fortaleciendo el equilibrio ecol\u00f3gico mediante acciones de protecci\u00f3n, restauraci\u00f3n,<\/p>\n<p>conservaci\u00f3n y aprovechamiento sustentable de nuestros ecosistemas urbanos.<\/p>\n<p>Hoy los tres \u00f3rdenes de gobierno trabajamos para preparar a Puebla frente<\/p>\n<p>a unos de los mayores desaf\u00edos de nuestros tiempos: el cambio clim\u00e1tico<\/p>\n<p>y los efectos que tiene en la vida diaria de las personas\u201d, expres\u00f3.<\/p>\n<h4>Precis\u00f3 que Ra\u00edces del Fututo es una estrategia integral de reforestaci\u00f3n que busca transformar el entorno urbano recuperar el equilibrio ambiental y fortalecer la resiliencia de la ciudad.<\/h4>\n<p>Durante 2025, se plantaron de m\u00e1s de 80 mil individuos arb\u00f3reos en el municipio, gracias a la colaboraci\u00f3n entre ciudadan\u00eda, sociedad civil organizada, empresas, instituciones educativas y autoridades. Para este 2026, se contemplan jornadas de reforestaci\u00f3n en diversas zonas de la ciudad, con el objetivo de impulsar la recuperaci\u00f3n de espacios verdes y alcanzar la meta de plantar m\u00e1s de 100 mil individuos arb\u00f3reos.<\/p>\n<p>El secretario de Medio Ambiente, Iv\u00e1n Herrera, destac\u00f3 que este programa representa una acci\u00f3n integral para fortalecer el equilibrio ecol\u00f3gico de la capital poblana y fomentar la participaci\u00f3n ciudadana en el cuidado del entorno. \u201cCada \u00e1rbol que se planta representa una inversi\u00f3n en el futuro de Puebla. Con estas jornadas buscamos no solamente incrementar las \u00e1reas verdes, sino tambi\u00e9n generar conciencia ambiental y sumar esfuerzos entre gobierno y sociedad\u201d, se\u00f1al\u00f3.<\/p>\n<p>Con acciones como esta, el Gobierno de la Ciudad, reafirma su compromiso con el desarrollo sostenible, la recuperaci\u00f3n de espacios verdes y la construcci\u00f3n de un entorno m\u00e1s saludable para las futuras generaciones.<\/p>\n","protected":false},"excerpt":{"rendered":"<p>&#8211; La meta para este a\u00f1o es plantar m\u00e1s de 100 mil individuos arb\u00f3reos en el municipio &#8211; En 2025 se logr\u00f3 la plantaci\u00f3n de m\u00e1s de 80 mil \u00e1rboles Puebla, Pue.- El presidente municipal, Pepe Chedraui, encabez\u00f3 el inicio de la segunda etapa de las jornadas de reforestaci\u00f3n 2026 del Programa Ra\u00edces del Futuro, estrategia que tiene el objetivo de fortalecer la cobertura vegetal y contribuir al cuidado del medio ambiente en la capital poblana. Asimismo, el alcalde destac\u00f3 que, en concordancia con la visi\u00f3n impulsada por la presidenta Claudia Sheinbaum, se apuesta por un modelo de crecimiento sustentable e incluyente, convencidos de que la transformaci\u00f3n se construye desde lo local mediante acciones concretas para proteger el agua, preservar las \u00e1reas verdes y fortalecer&hellip;<\/p>\n<p class=\"excerpt-more\"><a class=\"blog-excerpt button\" href=\"https:\/\/www.aliadospuebla.com\/?p=114497\">Leer m\u00e1s&#8230;<\/a><\/p>\n","protected":false},"author":2,"featured_media":114498,"comment_status":"open","ping_status":"open","sticky":false,"template":"","format":"standard","meta":{"_monsterinsights_skip_tracking":false,"footnotes":""},"categories":[62],"tags":[33900,584,20612,33899,496],"class_list":["post-114497","post","type-post","status-publish","format-standard","has-post-thumbnail","hentry","category-capital","tag-ecosistemas-urbanos","tag-medio-ambiente","tag-pepe-chedraui","tag-programa-raices-del-futuro","tag-reforestacion"],"yoast_head":"<!-- This site is optimized with the Yoast SEO plugin v28.4 - https:\/\/yoast.com\/product\/yoast-seo-wordpress\/ -->\n<title>Avanza Pepe Chedraui en la recuperaci\u00f3n de \u00e1reas verdes con \u201cRa\u00edces del Futuro\u201d - AliadosPuebla<\/title>\n<meta name=\"robots\" content=\"index, follow, max-snippet:-1, max-image-preview:large, max-video-preview:-1\" \/>\n<link rel=\"canonical\" href=\"https:\/\/www.aliadospuebla.com\/?p=114497\" \/>\n<meta property=\"og:locale\" content=\"es_ES\" \/>\n<meta property=\"og:type\" content=\"article\" \/>\n<meta property=\"og:title\" content=\"Avanza Pepe Chedraui en la recuperaci\u00f3n de \u00e1reas verdes con \u201cRa\u00edces del Futuro\u201d - AliadosPuebla\" \/>\n<meta property=\"og:description\" content=\"&#8211; La meta para este a\u00f1o es plantar m\u00e1s de 100 mil individuos arb\u00f3reos en el municipio &#8211; En 2025 se logr\u00f3 la plantaci\u00f3n de m\u00e1s de 80 mil \u00e1rboles Puebla, Pue.- El presidente municipal, Pepe Chedraui, encabez\u00f3 el inicio de la segunda etapa de las jornadas de reforestaci\u00f3n 2026 del Programa Ra\u00edces del Futuro, estrategia que tiene el objetivo de fortalecer la cobertura vegetal y contribuir al cuidado del medio ambiente en la capital poblana. Asimismo, el alcalde destac\u00f3 que, en concordancia con la visi\u00f3n impulsada por la presidenta Claudia Sheinbaum, se apuesta por un modelo de crecimiento sustentable e incluyente, convencidos de que la transformaci\u00f3n se construye desde lo local mediante acciones concretas para proteger el agua, preservar las \u00e1reas verdes y fortalecer&hellip;Leer m\u00e1s...\" \/>\n<meta property=\"og:url\" content=\"https:\/\/www.aliadospuebla.com\/?p=114497\" \/>\n<meta property=\"og:site_name\" content=\"AliadosPuebla\" \/>\n<meta property=\"article:author\" content=\"https:\/\/www.facebook.com\/Aliados17Pue\" \/>\n<meta property=\"article:published_time\" content=\"2026-06-02T14:34:57+00:00\" \/>\n<meta property=\"og:image\" content=\"https:\/\/www.aliadospuebla.com\/web2017\/wp-content\/uploads\/2026\/06\/262.jpg\" \/>\n\t<meta property=\"og:image:width\" content=\"600\" \/>\n\t<meta property=\"og:image:height\" content=\"450\" \/>\n\t<meta property=\"og:image:type\" content=\"image\/jpeg\" \/>\n<meta name=\"author\" content=\"Aliados17\" \/>\n<meta name=\"twitter:card\" content=\"summary_large_image\" \/>\n<meta name=\"twitter:creator\" content=\"@AliadosPuebla\" \/>\n<meta name=\"twitter:label1\" content=\"Escrito por\" \/>\n\t<meta name=\"twitter:data1\" content=\"Aliados17\" \/>\n\t<meta name=\"twitter:label2\" content=\"Tiempo de lectura\" \/>\n\t<meta name=\"twitter:data2\" content=\"3 minutos\" \/>\n<script type=\"application\/ld+json\" class=\"yoast-schema-graph\">{\"@context\":\"https:\\\/\\\/schema.org\",\"@graph\":[{\"@type\":\"Article\",\"@id\":\"https:\\\/\\\/www.aliadospuebla.com\\\/?p=114497#article\",\"isPartOf\":{\"@id\":\"https:\\\/\\\/www.aliadospuebla.com\\\/?p=114497\"},\"author\":{\"name\":\"Aliados17\",\"@id\":\"https:\\\/\\\/www.aliadospuebla.com\\\/#\\\/schema\\\/person\\\/5da7dd09320bd4f392b710017ed5f8ad\"},\"headline\":\"Avanza Pepe Chedraui en la recuperaci\u00f3n de \u00e1reas verdes con \u201cRa\u00edces del Futuro\u201d\",\"datePublished\":\"2026-06-02T14:34:57+00:00\",\"mainEntityOfPage\":{\"@id\":\"https:\\\/\\\/www.aliadospuebla.com\\\/?p=114497\"},\"wordCount\":440,\"commentCount\":0,\"image\":{\"@id\":\"https:\\\/\\\/www.aliadospuebla.com\\\/?p=114497#primaryimage\"},\"thumbnailUrl\":\"https:\\\/\\\/www.aliadospuebla.com\\\/web2017\\\/wp-content\\\/uploads\\\/2026\\\/06\\\/262.jpg\",\"keywords\":[\"ecosistemas urbanos\",\"MEDIO AMBIENTE\",\"Pepe Chedraui\",\"Programa Ra\u00edces del Futuro\",\"REFORESTACI\u00d3N\"],\"articleSection\":[\"Capital\"],\"inLanguage\":\"es\",\"potentialAction\":[{\"@type\":\"CommentAction\",\"name\":\"Comment\",\"target\":[\"https:\\\/\\\/www.aliadospuebla.com\\\/?p=114497#respond\"]}]},{\"@type\":\"WebPage\",\"@id\":\"https:\\\/\\\/www.aliadospuebla.com\\\/?p=114497\",\"url\":\"https:\\\/\\\/www.aliadospuebla.com\\\/?p=114497\",\"name\":\"Avanza Pepe Chedraui en la recuperaci\u00f3n de \u00e1reas verdes con \u201cRa\u00edces del Futuro\u201d - AliadosPuebla\",\"isPartOf\":{\"@id\":\"https:\\\/\\\/www.aliadospuebla.com\\\/#website\"},\"primaryImageOfPage\":{\"@id\":\"https:\\\/\\\/www.aliadospuebla.com\\\/?p=114497#primaryimage\"},\"image\":{\"@id\":\"https:\\\/\\\/www.aliadospuebla.com\\\/?p=114497#primaryimage\"},\"thumbnailUrl\":\"https:\\\/\\\/www.aliadospuebla.com\\\/web2017\\\/wp-content\\\/uploads\\\/2026\\\/06\\\/262.jpg\",\"datePublished\":\"2026-06-02T14:34:57+00:00\",\"author\":{\"@id\":\"https:\\\/\\\/www.aliadospuebla.com\\\/#\\\/schema\\\/person\\\/5da7dd09320bd4f392b710017ed5f8ad\"},\"breadcrumb\":{\"@id\":\"https:\\\/\\\/www.aliadospuebla.com\\\/?p=114497#breadcrumb\"},\"inLanguage\":\"es\",\"potentialAction\":[{\"@type\":\"ReadAction\",\"target\":[\"https:\\\/\\\/www.aliadospuebla.com\\\/?p=114497\"]}]},{\"@type\":\"ImageObject\",\"inLanguage\":\"es\",\"@id\":\"https:\\\/\\\/www.aliadospuebla.com\\\/?p=114497#primaryimage\",\"url\":\"https:\\\/\\\/www.aliadospuebla.com\\\/web2017\\\/wp-content\\\/uploads\\\/2026\\\/06\\\/262.jpg\",\"contentUrl\":\"https:\\\/\\\/www.aliadospuebla.com\\\/web2017\\\/wp-content\\\/uploads\\\/2026\\\/06\\\/262.jpg\",\"width\":600,\"height\":450},{\"@type\":\"BreadcrumbList\",\"@id\":\"https:\\\/\\\/www.aliadospuebla.com\\\/?p=114497#breadcrumb\",\"itemListElement\":[{\"@type\":\"ListItem\",\"position\":1,\"name\":\"Portada\",\"item\":\"https:\\\/\\\/www.aliadospuebla.com\\\/\"},{\"@type\":\"ListItem\",\"position\":2,\"name\":\"Avanza Pepe Chedraui en la recuperaci\u00f3n de \u00e1reas verdes con \u201cRa\u00edces del Futuro\u201d\"}]},{\"@type\":\"WebSite\",\"@id\":\"https:\\\/\\\/www.aliadospuebla.com\\\/#website\",\"url\":\"https:\\\/\\\/www.aliadospuebla.com\\\/\",\"name\":\"AliadosPuebla\",\"description\":\"La informaci\u00f3n en tus manos\",\"potentialAction\":[{\"@type\":\"SearchAction\",\"target\":{\"@type\":\"EntryPoint\",\"urlTemplate\":\"https:\\\/\\\/www.aliadospuebla.com\\\/?s={search_term_string}\"},\"query-input\":{\"@type\":\"PropertyValueSpecification\",\"valueRequired\":true,\"valueName\":\"search_term_string\"}}],\"inLanguage\":\"es\"},{\"@type\":\"Person\",\"@id\":\"https:\\\/\\\/www.aliadospuebla.com\\\/#\\\/schema\\\/person\\\/5da7dd09320bd4f392b710017ed5f8ad\",\"name\":\"Aliados17\",\"image\":{\"@type\":\"ImageObject\",\"inLanguage\":\"es\",\"@id\":\"https:\\\/\\\/www.aliadospuebla.com\\\/web2017\\\/wp-content\\\/uploads\\\/2025\\\/03\\\/cropped-para-perfil-8-anos-1-96x96.jpg\",\"url\":\"https:\\\/\\\/www.aliadospuebla.com\\\/web2017\\\/wp-content\\\/uploads\\\/2025\\\/03\\\/cropped-para-perfil-8-anos-1-96x96.jpg\",\"contentUrl\":\"https:\\\/\\\/www.aliadospuebla.com\\\/web2017\\\/wp-content\\\/uploads\\\/2025\\\/03\\\/cropped-para-perfil-8-anos-1-96x96.jpg\",\"caption\":\"Aliados17\"},\"sameAs\":[\"https:\\\/\\\/www.aliados17.com\",\"https:\\\/\\\/www.facebook.com\\\/Aliados17Pue\",\"https:\\\/\\\/x.com\\\/AliadosPuebla\"],\"url\":\"https:\\\/\\\/www.aliadospuebla.com\\\/?author=2\"}]}<\/script>\n<!-- \/ Yoast SEO plugin. -->","yoast_head_json":{"title":"Avanza Pepe Chedraui en la recuperaci\u00f3n de \u00e1reas verdes con \u201cRa\u00edces del Futuro\u201d - AliadosPuebla","robots":{"index":"index","follow":"follow","max-snippet":"max-snippet:-1","max-image-preview":"max-image-preview:large","max-video-preview":"max-video-preview:-1"},"canonical":"https:\/\/www.aliadospuebla.com\/?p=114497","og_locale":"es_ES","og_type":"article","og_title":"Avanza Pepe Chedraui en la recuperaci\u00f3n de \u00e1reas verdes con \u201cRa\u00edces del Futuro\u201d - AliadosPuebla","og_description":"&#8211; La meta para este a\u00f1o es plantar m\u00e1s de 100 mil individuos arb\u00f3reos en el municipio &#8211; En 2025 se logr\u00f3 la plantaci\u00f3n de m\u00e1s de 80 mil \u00e1rboles Puebla, Pue.- El presidente municipal, Pepe Chedraui, encabez\u00f3 el inicio de la segunda etapa de las jornadas de reforestaci\u00f3n 2026 del Programa Ra\u00edces del Futuro, estrategia que tiene el objetivo de fortalecer la cobertura vegetal y contribuir al cuidado del medio ambiente en la capital poblana. Asimismo, el alcalde destac\u00f3 que, en concordancia con la visi\u00f3n impulsada por la presidenta Claudia Sheinbaum, se apuesta por un modelo de crecimiento sustentable e incluyente, convencidos de que la transformaci\u00f3n se construye desde lo local mediante acciones concretas para proteger el agua, preservar las \u00e1reas verdes y fortalecer&hellip;Leer m\u00e1s...","og_url":"https:\/\/www.aliadospuebla.com\/?p=114497","og_site_name":"AliadosPuebla","article_author":"https:\/\/www.facebook.com\/Aliados17Pue","article_published_time":"2026-06-02T14:34:57+00:00","og_image":[{"width":600,"height":450,"url":"https:\/\/www.aliadospuebla.com\/web2017\/wp-content\/uploads\/2026\/06\/262.jpg","type":"image\/jpeg"}],"author":"Aliados17","twitter_card":"summary_large_image","twitter_creator":"@AliadosPuebla","twitter_misc":{"Escrito por":"Aliados17","Tiempo de lectura":"3 minutos"},"schema":{"@context":"https:\/\/schema.org","@graph":[{"@type":"Article","@id":"https:\/\/www.aliadospuebla.com\/?p=114497#article","isPartOf":{"@id":"https:\/\/www.aliadospuebla.com\/?p=114497"},"author":{"name":"Aliados17","@id":"https:\/\/www.aliadospuebla.com\/#\/schema\/person\/5da7dd09320bd4f392b710017ed5f8ad"},"headline":"Avanza Pepe Chedraui en la recuperaci\u00f3n de \u00e1reas verdes con \u201cRa\u00edces del Futuro\u201d","datePublished":"2026-06-02T14:34:57+00:00","mainEntityOfPage":{"@id":"https:\/\/www.aliadospuebla.com\/?p=114497"},"wordCount":440,"commentCount":0,"image":{"@id":"https:\/\/www.aliadospuebla.com\/?p=114497#primaryimage"},"thumbnailUrl":"https:\/\/www.aliadospuebla.com\/web2017\/wp-content\/uploads\/2026\/06\/262.jpg","keywords":["ecosistemas urbanos","MEDIO AMBIENTE","Pepe Chedraui","Programa Ra\u00edces del Futuro","REFORESTACI\u00d3N"],"articleSection":["Capital"],"inLanguage":"es","potentialAction":[{"@type":"CommentAction","name":"Comment","target":["https:\/\/www.aliadospuebla.com\/?p=114497#respond"]}]},{"@type":"WebPage","@id":"https:\/\/www.aliadospuebla.com\/?p=114497","url":"https:\/\/www.aliadospuebla.com\/?p=114497","name":"Avanza Pepe Chedraui en la recuperaci\u00f3n de \u00e1reas verdes con \u201cRa\u00edces del Futuro\u201d - AliadosPuebla","isPartOf":{"@id":"https:\/\/www.aliadospuebla.com\/#website"},"primaryImageOfPage":{"@id":"https:\/\/www.aliadospuebla.com\/?p=114497#primaryimage"},"image":{"@id":"https:\/\/www.aliadospuebla.com\/?p=114497#primaryimage"},"thumbnailUrl":"https:\/\/www.aliadospuebla.com\/web2017\/wp-content\/uploads\/2026\/06\/262.jpg","datePublished":"2026-06-02T14:34:57+00:00","author":{"@id":"https:\/\/www.aliadospuebla.com\/#\/schema\/person\/5da7dd09320bd4f392b710017ed5f8ad"},"breadcrumb":{"@id":"https:\/\/www.aliadospuebla.com\/?p=114497#breadcrumb"},"inLanguage":"es","potentialAction":[{"@type":"ReadAction","target":["https:\/\/www.aliadospuebla.com\/?p=114497"]}]},{"@type":"ImageObject","inLanguage":"es","@id":"https:\/\/www.aliadospuebla.com\/?p=114497#primaryimage","url":"https:\/\/www.aliadospuebla.com\/web2017\/wp-content\/uploads\/2026\/06\/262.jpg","contentUrl":"https:\/\/www.aliadospuebla.com\/web2017\/wp-content\/uploads\/2026\/06\/262.jpg","width":600,"height":450},{"@type":"BreadcrumbList","@id":"https:\/\/www.aliadospuebla.com\/?p=114497#breadcrumb","itemListElement":[{"@type":"ListItem","position":1,"name":"Portada","item":"https:\/\/www.aliadospuebla.com\/"},{"@type":"ListItem","position":2,"name":"Avanza Pepe Chedraui en la recuperaci\u00f3n de \u00e1reas verdes con \u201cRa\u00edces del Futuro\u201d"}]},{"@type":"WebSite","@id":"https:\/\/www.aliadospuebla.com\/#website","url":"https:\/\/www.aliadospuebla.com\/","name":"AliadosPuebla","description":"La informaci\u00f3n en tus manos","potentialAction":[{"@type":"SearchAction","target":{"@type":"EntryPoint","urlTemplate":"https:\/\/www.aliadospuebla.com\/?s={search_term_string}"},"query-input":{"@type":"PropertyValueSpecification","valueRequired":true,"valueName":"search_term_string"}}],"inLanguage":"es"},{"@type":"Person","@id":"https:\/\/www.aliadospuebla.com\/#\/schema\/person\/5da7dd09320bd4f392b710017ed5f8ad","name":"Aliados17","image":{"@type":"ImageObject","inLanguage":"es","@id":"https:\/\/www.aliadospuebla.com\/web2017\/wp-content\/uploads\/2025\/03\/cropped-para-perfil-8-anos-1-96x96.jpg","url":"https:\/\/www.aliadospuebla.com\/web2017\/wp-content\/uploads\/2025\/03\/cropped-para-perfil-8-anos-1-96x96.jpg","contentUrl":"https:\/\/www.aliadospuebla.com\/web2017\/wp-content\/uploads\/2025\/03\/cropped-para-perfil-8-anos-1-96x96.jpg","caption":"Aliados17"},"sameAs":["https:\/\/www.aliados17.com","https:\/\/www.facebook.com\/Aliados17Pue","https:\/\/x.com\/AliadosPuebla"],"url":"https:\/\/www.aliadospuebla.com\/?author=2"}]}},"views":12,"_links":{"self":[{"href":"https:\/\/www.aliadospuebla.com\/index.php?rest_route=\/wp\/v2\/posts\/114497","targetHints":{"allow":["GET"]}}],"collection":[{"href":"https:\/\/www.aliadospuebla.com\/index.php?rest_route=\/wp\/v2\/posts"}],"about":[{"href":"https:\/\/www.aliadospuebla.com\/index.php?rest_route=\/wp\/v2\/types\/post"}],"author":[{"embeddable":true,"href":"https:\/\/www.aliadospuebla.com\/index.php?rest_route=\/wp\/v2\/users\/2"}],"replies":[{"embeddable":true,"href":"https:\/\/www.aliadospuebla.com\/index.php?rest_route=%2Fwp%2Fv2%2Fcomments&post=114497"}],"version-history":[{"count":1,"href":"https:\/\/www.aliadospuebla.com\/index.php?rest_route=\/wp\/v2\/posts\/114497\/revisions"}],"predecessor-version":[{"id":114499,"href":"https:\/\/www.aliadospuebla.com\/index.php?rest_route=\/wp\/v2\/posts\/114497\/revisions\/114499"}],"wp:featuredmedia":[{"embeddable":true,"href":"https:\/\/www.aliadospuebla.com\/index.php?rest_route=\/wp\/v2\/media\/114498"}],"wp:attachment":[{"href":"https:\/\/www.aliadospuebla.com\/index.php?rest_route=%2Fwp%2Fv2%2Fmedia&parent=114497"}],"wp:term":[{"taxonomy":"category","embeddable":true,"href":"https:\/\/www.aliadospuebla.com\/index.php?rest_route=%2Fwp%2Fv2%2Fcategories&post=114497"},{"taxonomy":"post_tag","embeddable":true,"href":"https:\/\/www.aliadospuebla.com\/index.php?rest_route=%2Fwp%2Fv2%2Ftags&post=114497"}],"curies":[{"name":"wp","href":"https:\/\/api.w.org\/{rel}","templated":true}]}}