{"id":114387,"date":"2026-05-28T10:00:34","date_gmt":"2026-05-28T16:00:34","guid":{"rendered":"https:\/\/www.aliadospuebla.com\/?p=114387"},"modified":"2026-05-28T10:00:34","modified_gmt":"2026-05-28T16:00:34","slug":"gobierno-cercano-y-resultados-para-las-familias-tonantzin-fernandez-encabeza-miercoles-del-pueblo","status":"publish","type":"post","link":"https:\/\/www.aliadospuebla.com\/?p=114387","title":{"rendered":"Gobierno cercano y resultados para las familias: Tonantzin Fern\u00e1ndez encabeza Mi\u00e9rcoles del Pueblo"},"content":{"rendered":"<h4>Atenci\u00f3n ciudadana, programas sociales y apoyos funcionales fortalecen el bienestar en Cholula<\/h4>\n<div>San Pedro Cholula, Pue. \u2013 Reafirmando el compromiso con las y los ciudadanos y bajo la premisa de encabezar un gobierno humano, cercano y de puertas abiertas, la presidenta municipal de San Pedro Cholula, Tonantzin Fern\u00e1ndez, encabez\u00f3 una edici\u00f3n m\u00e1s del programa \u201cMi\u00e9rcoles del Pueblo\u201d, acompa\u00f1ada de secretarios y directores de su administraci\u00f3n.<\/div>\n<div><\/div>\n<div>Con la Plaza de la Concordia como sede, la alcaldesa recibi\u00f3 a decenas de cholultecas que acudieron desde las 8:00 horas para presentar inquietudes o solicitudes relacionadas con seguridad, servicios p\u00fablicos, bacheo, apoyos econ\u00f3micos o en especie, as\u00ed como atenci\u00f3n a necesidades derivadas de enfermedades o participaci\u00f3n en eventos deportivos internacionales.<\/div>\n<div><\/div>\n<div>En su mensaje, Tonantzin Fern\u00e1ndez reconoci\u00f3 la participaci\u00f3n de las y los ciudadanos que forman parte de este ejercicio de atenci\u00f3n directa, al se\u00f1alar que son fundamentales para fortalecer el trabajo gubernamental y complementar las acciones de la administraci\u00f3n municipal.<\/div>\n<div><\/div>\n<div>\u201cEstamos aqu\u00ed frente a ustedes todo el equipo que compone el Ayuntamiento; darle la cara al pueblo tambi\u00e9n es una forma de abonar a la transformaci\u00f3n de nuestro municipio\u201d, afirm\u00f3.<\/div>\n<div><\/div>\n<div>Asimismo, destac\u00f3 que su gobierno ha impulsado diversos programas de bienestar dirigidos a todos los sectores sociales, como Mujeres Hero\u00ednas y las Becas Xelhua, enfocados en atender las causas y generar m\u00e1s y mejores oportunidades para las y los cholultecas en situaci\u00f3n de vulnerabilidad.<\/div>\n<div><\/div>\n<h4>ENTREGAN APARATOS AUDITIVOS A PERSONAS CON DISCAPACIDAD<\/h4>\n<div><\/div>\n<div>Durante esta jornada del \u201cMi\u00e9rcoles del Pueblo\u201d, el DIF Municipal, encabezado por la Mtra. Lupita Fern\u00e1ndez, realiz\u00f3 la entrega de aparatos auditivos a adultos mayores con discapacidad auditiva, adem\u00e1s de cubrir previamente los estudios de audiometr\u00eda a trav\u00e9s del Gobierno Municipal.<\/div>\n<div><\/div>\n<div>Al respecto, Lupita Fern\u00e1ndez se\u00f1al\u00f3 que estos apoyos representan una forma de corresponder a la confianza de las y los ciudadanos en la actual administraci\u00f3n, contribuyendo a disminuir el rezago y reducir la brecha social de los sectores m\u00e1s vulnerables.<\/div>\n","protected":false},"excerpt":{"rendered":"<p>Atenci\u00f3n ciudadana, programas sociales y apoyos funcionales fortalecen el bienestar en Cholula San Pedro Cholula, Pue. \u2013 Reafirmando el compromiso con las y los ciudadanos y bajo la premisa de encabezar un gobierno humano, cercano y de puertas abiertas, la presidenta municipal de San Pedro Cholula, Tonantzin Fern\u00e1ndez, encabez\u00f3 una edici\u00f3n m\u00e1s del programa \u201cMi\u00e9rcoles del Pueblo\u201d, acompa\u00f1ada de secretarios y directores de su administraci\u00f3n. Con la Plaza de la Concordia como sede, la alcaldesa recibi\u00f3 a decenas de cholultecas que acudieron desde las 8:00 horas para presentar inquietudes o solicitudes relacionadas con seguridad, servicios p\u00fablicos, bacheo, apoyos econ\u00f3micos o en especie, as\u00ed como atenci\u00f3n a necesidades derivadas de enfermedades o participaci\u00f3n en eventos deportivos internacionales. En su mensaje, Tonantzin Fern\u00e1ndez reconoci\u00f3 la participaci\u00f3n de&hellip;<\/p>\n<p class=\"excerpt-more\"><a class=\"blog-excerpt button\" href=\"https:\/\/www.aliadospuebla.com\/?p=114387\">Leer m\u00e1s&#8230;<\/a><\/p>\n","protected":false},"author":2,"featured_media":114388,"comment_status":"open","ping_status":"open","sticky":false,"template":"","format":"standard","meta":{"_monsterinsights_skip_tracking":false,"footnotes":""},"categories":[4],"tags":[7157,1610,33846,7593,30621,8071,387,1107,7394],"class_list":["post-114387","post","type-post","status-publish","format-standard","has-post-thumbnail","hentry","category-municipios","tag-apoyos-economicos","tag-bacheo","tag-becas-xelhua","tag-gobierno-cercano","tag-miercoles-del-pueblo","tag-plaza-de-la-concordia","tag-san-pedro-cholula","tag-servicios-publicos","tag-tonantzin-fernandez"],"yoast_head":"<!-- This site is optimized with the Yoast SEO plugin v28.4 - https:\/\/yoast.com\/product\/yoast-seo-wordpress\/ -->\n<title>Gobierno cercano y resultados para las familias: Tonantzin Fern\u00e1ndez encabeza Mi\u00e9rcoles del Pueblo - AliadosPuebla<\/title>\n<meta name=\"robots\" content=\"index, follow, max-snippet:-1, max-image-preview:large, max-video-preview:-1\" \/>\n<link rel=\"canonical\" href=\"https:\/\/www.aliadospuebla.com\/?p=114387\" \/>\n<meta property=\"og:locale\" content=\"es_ES\" \/>\n<meta property=\"og:type\" content=\"article\" \/>\n<meta property=\"og:title\" content=\"Gobierno cercano y resultados para las familias: Tonantzin Fern\u00e1ndez encabeza Mi\u00e9rcoles del Pueblo - AliadosPuebla\" \/>\n<meta property=\"og:description\" content=\"Atenci\u00f3n ciudadana, programas sociales y apoyos funcionales fortalecen el bienestar en Cholula San Pedro Cholula, Pue. \u2013 Reafirmando el compromiso con las y los ciudadanos y bajo la premisa de encabezar un gobierno humano, cercano y de puertas abiertas, la presidenta municipal de San Pedro Cholula, Tonantzin Fern\u00e1ndez, encabez\u00f3 una edici\u00f3n m\u00e1s del programa \u201cMi\u00e9rcoles del Pueblo\u201d, acompa\u00f1ada de secretarios y directores de su administraci\u00f3n. Con la Plaza de la Concordia como sede, la alcaldesa recibi\u00f3 a decenas de cholultecas que acudieron desde las 8:00 horas para presentar inquietudes o solicitudes relacionadas con seguridad, servicios p\u00fablicos, bacheo, apoyos econ\u00f3micos o en especie, as\u00ed como atenci\u00f3n a necesidades derivadas de enfermedades o participaci\u00f3n en eventos deportivos internacionales. En su mensaje, Tonantzin Fern\u00e1ndez reconoci\u00f3 la participaci\u00f3n de&hellip;Leer m\u00e1s...\" \/>\n<meta property=\"og:url\" content=\"https:\/\/www.aliadospuebla.com\/?p=114387\" \/>\n<meta property=\"og:site_name\" content=\"AliadosPuebla\" \/>\n<meta property=\"article:author\" content=\"https:\/\/www.facebook.com\/Aliados17Pue\" \/>\n<meta property=\"article:published_time\" content=\"2026-05-28T16:00:34+00:00\" \/>\n<meta property=\"og:image\" content=\"https:\/\/www.aliadospuebla.com\/web2017\/wp-content\/uploads\/2026\/05\/230.jpg\" \/>\n\t<meta property=\"og:image:width\" content=\"600\" \/>\n\t<meta property=\"og:image:height\" content=\"450\" \/>\n\t<meta property=\"og:image:type\" content=\"image\/jpeg\" \/>\n<meta name=\"author\" content=\"Aliados17\" \/>\n<meta name=\"twitter:card\" content=\"summary_large_image\" \/>\n<meta name=\"twitter:creator\" content=\"@AliadosPuebla\" \/>\n<meta name=\"twitter:label1\" content=\"Escrito por\" \/>\n\t<meta name=\"twitter:data1\" content=\"Aliados17\" \/>\n\t<meta name=\"twitter:label2\" content=\"Tiempo de lectura\" \/>\n\t<meta name=\"twitter:data2\" content=\"2 minutos\" \/>\n<script type=\"application\/ld+json\" class=\"yoast-schema-graph\">{\"@context\":\"https:\\\/\\\/schema.org\",\"@graph\":[{\"@type\":\"Article\",\"@id\":\"https:\\\/\\\/www.aliadospuebla.com\\\/?p=114387#article\",\"isPartOf\":{\"@id\":\"https:\\\/\\\/www.aliadospuebla.com\\\/?p=114387\"},\"author\":{\"name\":\"Aliados17\",\"@id\":\"https:\\\/\\\/www.aliadospuebla.com\\\/#\\\/schema\\\/person\\\/5da7dd09320bd4f392b710017ed5f8ad\"},\"headline\":\"Gobierno cercano y resultados para las familias: Tonantzin Fern\u00e1ndez encabeza Mi\u00e9rcoles del Pueblo\",\"datePublished\":\"2026-05-28T16:00:34+00:00\",\"mainEntityOfPage\":{\"@id\":\"https:\\\/\\\/www.aliadospuebla.com\\\/?p=114387\"},\"wordCount\":361,\"commentCount\":0,\"image\":{\"@id\":\"https:\\\/\\\/www.aliadospuebla.com\\\/?p=114387#primaryimage\"},\"thumbnailUrl\":\"https:\\\/\\\/www.aliadospuebla.com\\\/web2017\\\/wp-content\\\/uploads\\\/2026\\\/05\\\/230.jpg\",\"keywords\":[\"APOYOS ECON\u00d3MICOS\",\"BACHEO\",\"Becas Xelhua\",\"GOBIERNO CERCANO\",\"Mi\u00e9rcoles del Pueblo\",\"PLAZA DE LA CONCORDIA\",\"SAN PEDRO CHOLULA\",\"SERVICIOS P\u00daBLICOS\",\"TONANTZIN FERN\u00c1NDEZ\"],\"articleSection\":[\"Municipios\"],\"inLanguage\":\"es\",\"potentialAction\":[{\"@type\":\"CommentAction\",\"name\":\"Comment\",\"target\":[\"https:\\\/\\\/www.aliadospuebla.com\\\/?p=114387#respond\"]}]},{\"@type\":\"WebPage\",\"@id\":\"https:\\\/\\\/www.aliadospuebla.com\\\/?p=114387\",\"url\":\"https:\\\/\\\/www.aliadospuebla.com\\\/?p=114387\",\"name\":\"Gobierno cercano y resultados para las familias: Tonantzin Fern\u00e1ndez encabeza Mi\u00e9rcoles del Pueblo - AliadosPuebla\",\"isPartOf\":{\"@id\":\"https:\\\/\\\/www.aliadospuebla.com\\\/#website\"},\"primaryImageOfPage\":{\"@id\":\"https:\\\/\\\/www.aliadospuebla.com\\\/?p=114387#primaryimage\"},\"image\":{\"@id\":\"https:\\\/\\\/www.aliadospuebla.com\\\/?p=114387#primaryimage\"},\"thumbnailUrl\":\"https:\\\/\\\/www.aliadospuebla.com\\\/web2017\\\/wp-content\\\/uploads\\\/2026\\\/05\\\/230.jpg\",\"datePublished\":\"2026-05-28T16:00:34+00:00\",\"author\":{\"@id\":\"https:\\\/\\\/www.aliadospuebla.com\\\/#\\\/schema\\\/person\\\/5da7dd09320bd4f392b710017ed5f8ad\"},\"breadcrumb\":{\"@id\":\"https:\\\/\\\/www.aliadospuebla.com\\\/?p=114387#breadcrumb\"},\"inLanguage\":\"es\",\"potentialAction\":[{\"@type\":\"ReadAction\",\"target\":[\"https:\\\/\\\/www.aliadospuebla.com\\\/?p=114387\"]}]},{\"@type\":\"ImageObject\",\"inLanguage\":\"es\",\"@id\":\"https:\\\/\\\/www.aliadospuebla.com\\\/?p=114387#primaryimage\",\"url\":\"https:\\\/\\\/www.aliadospuebla.com\\\/web2017\\\/wp-content\\\/uploads\\\/2026\\\/05\\\/230.jpg\",\"contentUrl\":\"https:\\\/\\\/www.aliadospuebla.com\\\/web2017\\\/wp-content\\\/uploads\\\/2026\\\/05\\\/230.jpg\",\"width\":600,\"height\":450},{\"@type\":\"BreadcrumbList\",\"@id\":\"https:\\\/\\\/www.aliadospuebla.com\\\/?p=114387#breadcrumb\",\"itemListElement\":[{\"@type\":\"ListItem\",\"position\":1,\"name\":\"Portada\",\"item\":\"https:\\\/\\\/www.aliadospuebla.com\\\/\"},{\"@type\":\"ListItem\",\"position\":2,\"name\":\"Gobierno cercano y resultados para las familias: Tonantzin Fern\u00e1ndez encabeza Mi\u00e9rcoles del Pueblo\"}]},{\"@type\":\"WebSite\",\"@id\":\"https:\\\/\\\/www.aliadospuebla.com\\\/#website\",\"url\":\"https:\\\/\\\/www.aliadospuebla.com\\\/\",\"name\":\"AliadosPuebla\",\"description\":\"La informaci\u00f3n en tus manos\",\"potentialAction\":[{\"@type\":\"SearchAction\",\"target\":{\"@type\":\"EntryPoint\",\"urlTemplate\":\"https:\\\/\\\/www.aliadospuebla.com\\\/?s={search_term_string}\"},\"query-input\":{\"@type\":\"PropertyValueSpecification\",\"valueRequired\":true,\"valueName\":\"search_term_string\"}}],\"inLanguage\":\"es\"},{\"@type\":\"Person\",\"@id\":\"https:\\\/\\\/www.aliadospuebla.com\\\/#\\\/schema\\\/person\\\/5da7dd09320bd4f392b710017ed5f8ad\",\"name\":\"Aliados17\",\"image\":{\"@type\":\"ImageObject\",\"inLanguage\":\"es\",\"@id\":\"https:\\\/\\\/www.aliadospuebla.com\\\/web2017\\\/wp-content\\\/uploads\\\/2025\\\/03\\\/cropped-para-perfil-8-anos-1-96x96.jpg\",\"url\":\"https:\\\/\\\/www.aliadospuebla.com\\\/web2017\\\/wp-content\\\/uploads\\\/2025\\\/03\\\/cropped-para-perfil-8-anos-1-96x96.jpg\",\"contentUrl\":\"https:\\\/\\\/www.aliadospuebla.com\\\/web2017\\\/wp-content\\\/uploads\\\/2025\\\/03\\\/cropped-para-perfil-8-anos-1-96x96.jpg\",\"caption\":\"Aliados17\"},\"sameAs\":[\"https:\\\/\\\/www.aliados17.com\",\"https:\\\/\\\/www.facebook.com\\\/Aliados17Pue\",\"https:\\\/\\\/x.com\\\/AliadosPuebla\"],\"url\":\"https:\\\/\\\/www.aliadospuebla.com\\\/?author=2\"}]}<\/script>\n<!-- \/ Yoast SEO plugin. -->","yoast_head_json":{"title":"Gobierno cercano y resultados para las familias: Tonantzin Fern\u00e1ndez encabeza Mi\u00e9rcoles del Pueblo - AliadosPuebla","robots":{"index":"index","follow":"follow","max-snippet":"max-snippet:-1","max-image-preview":"max-image-preview:large","max-video-preview":"max-video-preview:-1"},"canonical":"https:\/\/www.aliadospuebla.com\/?p=114387","og_locale":"es_ES","og_type":"article","og_title":"Gobierno cercano y resultados para las familias: Tonantzin Fern\u00e1ndez encabeza Mi\u00e9rcoles del Pueblo - AliadosPuebla","og_description":"Atenci\u00f3n ciudadana, programas sociales y apoyos funcionales fortalecen el bienestar en Cholula San Pedro Cholula, Pue. \u2013 Reafirmando el compromiso con las y los ciudadanos y bajo la premisa de encabezar un gobierno humano, cercano y de puertas abiertas, la presidenta municipal de San Pedro Cholula, Tonantzin Fern\u00e1ndez, encabez\u00f3 una edici\u00f3n m\u00e1s del programa \u201cMi\u00e9rcoles del Pueblo\u201d, acompa\u00f1ada de secretarios y directores de su administraci\u00f3n. Con la Plaza de la Concordia como sede, la alcaldesa recibi\u00f3 a decenas de cholultecas que acudieron desde las 8:00 horas para presentar inquietudes o solicitudes relacionadas con seguridad, servicios p\u00fablicos, bacheo, apoyos econ\u00f3micos o en especie, as\u00ed como atenci\u00f3n a necesidades derivadas de enfermedades o participaci\u00f3n en eventos deportivos internacionales. En su mensaje, Tonantzin Fern\u00e1ndez reconoci\u00f3 la participaci\u00f3n de&hellip;Leer m\u00e1s...","og_url":"https:\/\/www.aliadospuebla.com\/?p=114387","og_site_name":"AliadosPuebla","article_author":"https:\/\/www.facebook.com\/Aliados17Pue","article_published_time":"2026-05-28T16:00:34+00:00","og_image":[{"width":600,"height":450,"url":"https:\/\/www.aliadospuebla.com\/web2017\/wp-content\/uploads\/2026\/05\/230.jpg","type":"image\/jpeg"}],"author":"Aliados17","twitter_card":"summary_large_image","twitter_creator":"@AliadosPuebla","twitter_misc":{"Escrito por":"Aliados17","Tiempo de lectura":"2 minutos"},"schema":{"@context":"https:\/\/schema.org","@graph":[{"@type":"Article","@id":"https:\/\/www.aliadospuebla.com\/?p=114387#article","isPartOf":{"@id":"https:\/\/www.aliadospuebla.com\/?p=114387"},"author":{"name":"Aliados17","@id":"https:\/\/www.aliadospuebla.com\/#\/schema\/person\/5da7dd09320bd4f392b710017ed5f8ad"},"headline":"Gobierno cercano y resultados para las familias: Tonantzin Fern\u00e1ndez encabeza Mi\u00e9rcoles del Pueblo","datePublished":"2026-05-28T16:00:34+00:00","mainEntityOfPage":{"@id":"https:\/\/www.aliadospuebla.com\/?p=114387"},"wordCount":361,"commentCount":0,"image":{"@id":"https:\/\/www.aliadospuebla.com\/?p=114387#primaryimage"},"thumbnailUrl":"https:\/\/www.aliadospuebla.com\/web2017\/wp-content\/uploads\/2026\/05\/230.jpg","keywords":["APOYOS ECON\u00d3MICOS","BACHEO","Becas Xelhua","GOBIERNO CERCANO","Mi\u00e9rcoles del Pueblo","PLAZA DE LA CONCORDIA","SAN PEDRO CHOLULA","SERVICIOS P\u00daBLICOS","TONANTZIN FERN\u00c1NDEZ"],"articleSection":["Municipios"],"inLanguage":"es","potentialAction":[{"@type":"CommentAction","name":"Comment","target":["https:\/\/www.aliadospuebla.com\/?p=114387#respond"]}]},{"@type":"WebPage","@id":"https:\/\/www.aliadospuebla.com\/?p=114387","url":"https:\/\/www.aliadospuebla.com\/?p=114387","name":"Gobierno cercano y resultados para las familias: Tonantzin Fern\u00e1ndez encabeza Mi\u00e9rcoles del Pueblo - AliadosPuebla","isPartOf":{"@id":"https:\/\/www.aliadospuebla.com\/#website"},"primaryImageOfPage":{"@id":"https:\/\/www.aliadospuebla.com\/?p=114387#primaryimage"},"image":{"@id":"https:\/\/www.aliadospuebla.com\/?p=114387#primaryimage"},"thumbnailUrl":"https:\/\/www.aliadospuebla.com\/web2017\/wp-content\/uploads\/2026\/05\/230.jpg","datePublished":"2026-05-28T16:00:34+00:00","author":{"@id":"https:\/\/www.aliadospuebla.com\/#\/schema\/person\/5da7dd09320bd4f392b710017ed5f8ad"},"breadcrumb":{"@id":"https:\/\/www.aliadospuebla.com\/?p=114387#breadcrumb"},"inLanguage":"es","potentialAction":[{"@type":"ReadAction","target":["https:\/\/www.aliadospuebla.com\/?p=114387"]}]},{"@type":"ImageObject","inLanguage":"es","@id":"https:\/\/www.aliadospuebla.com\/?p=114387#primaryimage","url":"https:\/\/www.aliadospuebla.com\/web2017\/wp-content\/uploads\/2026\/05\/230.jpg","contentUrl":"https:\/\/www.aliadospuebla.com\/web2017\/wp-content\/uploads\/2026\/05\/230.jpg","width":600,"height":450},{"@type":"BreadcrumbList","@id":"https:\/\/www.aliadospuebla.com\/?p=114387#breadcrumb","itemListElement":[{"@type":"ListItem","position":1,"name":"Portada","item":"https:\/\/www.aliadospuebla.com\/"},{"@type":"ListItem","position":2,"name":"Gobierno cercano y resultados para las familias: Tonantzin Fern\u00e1ndez encabeza Mi\u00e9rcoles del Pueblo"}]},{"@type":"WebSite","@id":"https:\/\/www.aliadospuebla.com\/#website","url":"https:\/\/www.aliadospuebla.com\/","name":"AliadosPuebla","description":"La informaci\u00f3n en tus manos","potentialAction":[{"@type":"SearchAction","target":{"@type":"EntryPoint","urlTemplate":"https:\/\/www.aliadospuebla.com\/?s={search_term_string}"},"query-input":{"@type":"PropertyValueSpecification","valueRequired":true,"valueName":"search_term_string"}}],"inLanguage":"es"},{"@type":"Person","@id":"https:\/\/www.aliadospuebla.com\/#\/schema\/person\/5da7dd09320bd4f392b710017ed5f8ad","name":"Aliados17","image":{"@type":"ImageObject","inLanguage":"es","@id":"https:\/\/www.aliadospuebla.com\/web2017\/wp-content\/uploads\/2025\/03\/cropped-para-perfil-8-anos-1-96x96.jpg","url":"https:\/\/www.aliadospuebla.com\/web2017\/wp-content\/uploads\/2025\/03\/cropped-para-perfil-8-anos-1-96x96.jpg","contentUrl":"https:\/\/www.aliadospuebla.com\/web2017\/wp-content\/uploads\/2025\/03\/cropped-para-perfil-8-anos-1-96x96.jpg","caption":"Aliados17"},"sameAs":["https:\/\/www.aliados17.com","https:\/\/www.facebook.com\/Aliados17Pue","https:\/\/x.com\/AliadosPuebla"],"url":"https:\/\/www.aliadospuebla.com\/?author=2"}]}},"views":18,"_links":{"self":[{"href":"https:\/\/www.aliadospuebla.com\/index.php?rest_route=\/wp\/v2\/posts\/114387","targetHints":{"allow":["GET"]}}],"collection":[{"href":"https:\/\/www.aliadospuebla.com\/index.php?rest_route=\/wp\/v2\/posts"}],"about":[{"href":"https:\/\/www.aliadospuebla.com\/index.php?rest_route=\/wp\/v2\/types\/post"}],"author":[{"embeddable":true,"href":"https:\/\/www.aliadospuebla.com\/index.php?rest_route=\/wp\/v2\/users\/2"}],"replies":[{"embeddable":true,"href":"https:\/\/www.aliadospuebla.com\/index.php?rest_route=%2Fwp%2Fv2%2Fcomments&post=114387"}],"version-history":[{"count":1,"href":"https:\/\/www.aliadospuebla.com\/index.php?rest_route=\/wp\/v2\/posts\/114387\/revisions"}],"predecessor-version":[{"id":114389,"href":"https:\/\/www.aliadospuebla.com\/index.php?rest_route=\/wp\/v2\/posts\/114387\/revisions\/114389"}],"wp:featuredmedia":[{"embeddable":true,"href":"https:\/\/www.aliadospuebla.com\/index.php?rest_route=\/wp\/v2\/media\/114388"}],"wp:attachment":[{"href":"https:\/\/www.aliadospuebla.com\/index.php?rest_route=%2Fwp%2Fv2%2Fmedia&parent=114387"}],"wp:term":[{"taxonomy":"category","embeddable":true,"href":"https:\/\/www.aliadospuebla.com\/index.php?rest_route=%2Fwp%2Fv2%2Fcategories&post=114387"},{"taxonomy":"post_tag","embeddable":true,"href":"https:\/\/www.aliadospuebla.com\/index.php?rest_route=%2Fwp%2Fv2%2Ftags&post=114387"}],"curies":[{"name":"wp","href":"https:\/\/api.w.org\/{rel}","templated":true}]}}