{"id":114381,"date":"2026-05-28T09:27:31","date_gmt":"2026-05-28T15:27:31","guid":{"rendered":"https:\/\/www.aliadospuebla.com\/?p=114381"},"modified":"2026-05-28T09:27:31","modified_gmt":"2026-05-28T15:27:31","slug":"serdan-tentle-alcalde-nacho-federal-chucho-local","status":"publish","type":"post","link":"https:\/\/www.aliadospuebla.com\/?p=114381","title":{"rendered":"Serd\u00e1n: Tentle alcalde, Nacho federal. Chucho local"},"content":{"rendered":"<h4>Honestamente, no veo c\u00f3mo puedan quitarle la candidata a la alcald\u00eda de Ciudad Serd\u00e1n a Carlos Tentle.<\/h4>\n<p>El primer presidente municipal de MORENA en esa ciudad, tambi\u00e9n conocida como Chalchicomula de Sesma, tiene todo para repetir como candidato y como alcalde.<br \/>\nLa crisis pol\u00edtica generada por Uruviel Gonz\u00e1lez Vieyra, alcalde destituido y preso, le acomoda perfectamente a Tentle, quien ya manifest\u00f3 su inter\u00e9s en participar en la contienda del 2027.<br \/>\nUruviel gan\u00f3 Serd\u00e1n en el 2021 y fue reelecto en el 2024, d\u00e1ndole a su partido, Movimiento Ciudadano, la oportunidad de gobernar en una ciudad, \u201cde las importantes\u201d, en el Estado.<br \/>\nPero eso fue antes. Hoy las cosas son diferentes.<br \/>\nEntonces, al corte de hoy la terna para los cargos de elecci\u00f3n en esa zona son:<br \/>\nIgnacio Mier Ba\u00f1uelos para diputado federal, distrito 8.<br \/>\nJes\u00fas Morales Rodr\u00edguez para diputado local, distrito 14.<br \/>\nCarlos Tentle, para presidente municipal de Ciudad Serd\u00e1n.<br \/>\nAl corte de hoy.<br \/>\nMa\u00f1ana todo puede cambiar, pero para los distritos.<br \/>\nLa alcald\u00eda, est\u00e1 firme.<br \/>\nPunto.<br \/>\nLes he enterado.<br \/>\n\u2026<\/p>\n<p>\u201cDoble A\u201d, respalda a Paola Ruiz<\/p>\n<p>Al inicio de la \u00faltima semana de abril pasado, #DeBuenaFuente inform\u00f3 que entre las candidatas a diputadas locales, para las elecciones del 2027, Paola Ruiz iba a aparecer en la boleta.<br \/>\nAl inicio de esta semana, en su conferencia de prensa el gobernador Alejandro Armenta, como habitualmente lo hace, le dio la raz\u00f3n a #DeBuenaFuente.<br \/>\nEl trabajo de la delegada en Puebla de Leche para el Bienestar (antes LICONSA), le respalda para sus aspiraciones pol\u00edticas.<br \/>\nDe hecho, Armenta dijo: \u00abCualquier mujer u hombre con trabajo, resultados y respaldo ciudadano tiene derecho a buscar un cargo de elecci\u00f3n popular\u201d.<br \/>\nO sea, Paola Ru\u00edz.<br \/>\nPunto.<br \/>\nHe dicho.<br \/>\n\u2026<\/p>\n<p>Ni Obama<br \/>\nCuando candidato presidencial, Fox tuvo un programa de radio que conduc\u00eda personalmente. Armenta va a incursionar como titular de un programa de radio. Fox lleg\u00f3 a Presidente. El futuro al 2030, no lo adivina ni Obama.<br \/>\n\u2026<\/p>\n<p>El Verdugo<br \/>\nEl \u201c01\u201d subi\u00f3 a Rafa Moreno Valle Buitr\u00f3n a la lucha por la alcald\u00eda de Puebla capital. El Verdugo dice: \u201cTon\u00b4s\u201d, ya no es tiempo de mujeres.<br \/>\n\u2026<\/p>\n","protected":false},"excerpt":{"rendered":"<p>Honestamente, no veo c\u00f3mo puedan quitarle la candidata a la alcald\u00eda de Ciudad Serd\u00e1n a Carlos Tentle. El primer presidente municipal de MORENA en esa ciudad, tambi\u00e9n conocida como Chalchicomula de Sesma, tiene todo para repetir como candidato y como alcalde. La crisis pol\u00edtica generada por Uruviel Gonz\u00e1lez Vieyra, alcalde destituido y preso, le acomoda perfectamente a Tentle, quien ya manifest\u00f3 su inter\u00e9s en participar en la contienda del 2027. Uruviel gan\u00f3 Serd\u00e1n en el 2021 y fue reelecto en el 2024, d\u00e1ndole a su partido, Movimiento Ciudadano, la oportunidad de gobernar en una ciudad, \u201cde las importantes\u201d, en el Estado. Pero eso fue antes. Hoy las cosas son diferentes. Entonces, al corte de hoy la terna para los cargos de elecci\u00f3n en esa zona&hellip;<\/p>\n<p class=\"excerpt-more\"><a class=\"blog-excerpt button\" href=\"https:\/\/www.aliadospuebla.com\/?p=114381\">Leer m\u00e1s&#8230;<\/a><\/p>\n","protected":false},"author":2,"featured_media":114382,"comment_status":"open","ping_status":"open","sticky":false,"template":"","format":"standard","meta":{"_monsterinsights_skip_tracking":false,"footnotes":""},"categories":[9],"tags":[7892,5556,2386,1118,666,13614,5360],"class_list":["post-114381","post","type-post","status-publish","format-standard","has-post-thumbnail","hentry","category-columnas","tag-carlos-tentle","tag-chalchicomula-de-sesma","tag-ignacio-mier-banuelos","tag-jesus-morales-rodriguez","tag-morena","tag-paola-ruiz","tag-uruviel-gonzalez-vieyra"],"yoast_head":"<!-- This site is optimized with the Yoast SEO plugin v28.3 - https:\/\/yoast.com\/product\/yoast-seo-wordpress\/ -->\n<title>Serd\u00e1n: Tentle alcalde, Nacho federal. Chucho local - AliadosPuebla<\/title>\n<meta name=\"robots\" content=\"index, follow, max-snippet:-1, max-image-preview:large, max-video-preview:-1\" \/>\n<link rel=\"canonical\" href=\"https:\/\/www.aliadospuebla.com\/?p=114381\" \/>\n<meta property=\"og:locale\" content=\"es_ES\" \/>\n<meta property=\"og:type\" content=\"article\" \/>\n<meta property=\"og:title\" content=\"Serd\u00e1n: Tentle alcalde, Nacho federal. Chucho local - AliadosPuebla\" \/>\n<meta property=\"og:description\" content=\"Honestamente, no veo c\u00f3mo puedan quitarle la candidata a la alcald\u00eda de Ciudad Serd\u00e1n a Carlos Tentle. El primer presidente municipal de MORENA en esa ciudad, tambi\u00e9n conocida como Chalchicomula de Sesma, tiene todo para repetir como candidato y como alcalde. La crisis pol\u00edtica generada por Uruviel Gonz\u00e1lez Vieyra, alcalde destituido y preso, le acomoda perfectamente a Tentle, quien ya manifest\u00f3 su inter\u00e9s en participar en la contienda del 2027. Uruviel gan\u00f3 Serd\u00e1n en el 2021 y fue reelecto en el 2024, d\u00e1ndole a su partido, Movimiento Ciudadano, la oportunidad de gobernar en una ciudad, \u201cde las importantes\u201d, en el Estado. Pero eso fue antes. Hoy las cosas son diferentes. Entonces, al corte de hoy la terna para los cargos de elecci\u00f3n en esa zona&hellip;Leer m\u00e1s...\" \/>\n<meta property=\"og:url\" content=\"https:\/\/www.aliadospuebla.com\/?p=114381\" \/>\n<meta property=\"og:site_name\" content=\"AliadosPuebla\" \/>\n<meta property=\"article:author\" content=\"https:\/\/www.facebook.com\/Aliados17Pue\" \/>\n<meta property=\"article:published_time\" content=\"2026-05-28T15:27:31+00:00\" \/>\n<meta property=\"og:image\" content=\"https:\/\/www.aliadospuebla.com\/web2017\/wp-content\/uploads\/2026\/05\/228.jpg\" \/>\n\t<meta property=\"og:image:width\" content=\"600\" \/>\n\t<meta property=\"og:image:height\" content=\"450\" \/>\n\t<meta property=\"og:image:type\" content=\"image\/jpeg\" \/>\n<meta name=\"author\" content=\"Aliados17\" \/>\n<meta name=\"twitter:card\" content=\"summary_large_image\" \/>\n<meta name=\"twitter:creator\" content=\"@AliadosPuebla\" \/>\n<meta name=\"twitter:label1\" content=\"Escrito por\" \/>\n\t<meta name=\"twitter:data1\" content=\"Aliados17\" \/>\n\t<meta name=\"twitter:label2\" content=\"Tiempo de lectura\" \/>\n\t<meta name=\"twitter:data2\" content=\"2 minutos\" \/>\n<script type=\"application\/ld+json\" class=\"yoast-schema-graph\">{\"@context\":\"https:\\\/\\\/schema.org\",\"@graph\":[{\"@type\":\"Article\",\"@id\":\"https:\\\/\\\/www.aliadospuebla.com\\\/?p=114381#article\",\"isPartOf\":{\"@id\":\"https:\\\/\\\/www.aliadospuebla.com\\\/?p=114381\"},\"author\":{\"name\":\"Aliados17\",\"@id\":\"https:\\\/\\\/www.aliadospuebla.com\\\/#\\\/schema\\\/person\\\/5da7dd09320bd4f392b710017ed5f8ad\"},\"headline\":\"Serd\u00e1n: Tentle alcalde, Nacho federal. Chucho local\",\"datePublished\":\"2026-05-28T15:27:31+00:00\",\"mainEntityOfPage\":{\"@id\":\"https:\\\/\\\/www.aliadospuebla.com\\\/?p=114381\"},\"wordCount\":372,\"commentCount\":0,\"image\":{\"@id\":\"https:\\\/\\\/www.aliadospuebla.com\\\/?p=114381#primaryimage\"},\"thumbnailUrl\":\"https:\\\/\\\/www.aliadospuebla.com\\\/web2017\\\/wp-content\\\/uploads\\\/2026\\\/05\\\/228.jpg\",\"keywords\":[\"CARLOS TENTLE\",\"CHALCHICOMULA DE SESMA\",\"IGNACIO MIER BA\u00d1UELOS\",\"JES\u00daS MORALES RODR\u00cdGUEZ\",\"MORENA\",\"Paola Ru\u00edz\",\"URUVIEL GONZ\u00c1LEZ VIEYRA\"],\"articleSection\":[\"Columnas\"],\"inLanguage\":\"es\",\"potentialAction\":[{\"@type\":\"CommentAction\",\"name\":\"Comment\",\"target\":[\"https:\\\/\\\/www.aliadospuebla.com\\\/?p=114381#respond\"]}]},{\"@type\":\"WebPage\",\"@id\":\"https:\\\/\\\/www.aliadospuebla.com\\\/?p=114381\",\"url\":\"https:\\\/\\\/www.aliadospuebla.com\\\/?p=114381\",\"name\":\"Serd\u00e1n: Tentle alcalde, Nacho federal. Chucho local - AliadosPuebla\",\"isPartOf\":{\"@id\":\"https:\\\/\\\/www.aliadospuebla.com\\\/#website\"},\"primaryImageOfPage\":{\"@id\":\"https:\\\/\\\/www.aliadospuebla.com\\\/?p=114381#primaryimage\"},\"image\":{\"@id\":\"https:\\\/\\\/www.aliadospuebla.com\\\/?p=114381#primaryimage\"},\"thumbnailUrl\":\"https:\\\/\\\/www.aliadospuebla.com\\\/web2017\\\/wp-content\\\/uploads\\\/2026\\\/05\\\/228.jpg\",\"datePublished\":\"2026-05-28T15:27:31+00:00\",\"author\":{\"@id\":\"https:\\\/\\\/www.aliadospuebla.com\\\/#\\\/schema\\\/person\\\/5da7dd09320bd4f392b710017ed5f8ad\"},\"breadcrumb\":{\"@id\":\"https:\\\/\\\/www.aliadospuebla.com\\\/?p=114381#breadcrumb\"},\"inLanguage\":\"es\",\"potentialAction\":[{\"@type\":\"ReadAction\",\"target\":[\"https:\\\/\\\/www.aliadospuebla.com\\\/?p=114381\"]}]},{\"@type\":\"ImageObject\",\"inLanguage\":\"es\",\"@id\":\"https:\\\/\\\/www.aliadospuebla.com\\\/?p=114381#primaryimage\",\"url\":\"https:\\\/\\\/www.aliadospuebla.com\\\/web2017\\\/wp-content\\\/uploads\\\/2026\\\/05\\\/228.jpg\",\"contentUrl\":\"https:\\\/\\\/www.aliadospuebla.com\\\/web2017\\\/wp-content\\\/uploads\\\/2026\\\/05\\\/228.jpg\",\"width\":600,\"height\":450},{\"@type\":\"BreadcrumbList\",\"@id\":\"https:\\\/\\\/www.aliadospuebla.com\\\/?p=114381#breadcrumb\",\"itemListElement\":[{\"@type\":\"ListItem\",\"position\":1,\"name\":\"Portada\",\"item\":\"https:\\\/\\\/www.aliadospuebla.com\\\/\"},{\"@type\":\"ListItem\",\"position\":2,\"name\":\"Serd\u00e1n: Tentle alcalde, Nacho federal. Chucho local\"}]},{\"@type\":\"WebSite\",\"@id\":\"https:\\\/\\\/www.aliadospuebla.com\\\/#website\",\"url\":\"https:\\\/\\\/www.aliadospuebla.com\\\/\",\"name\":\"AliadosPuebla\",\"description\":\"La informaci\u00f3n en tus manos\",\"potentialAction\":[{\"@type\":\"SearchAction\",\"target\":{\"@type\":\"EntryPoint\",\"urlTemplate\":\"https:\\\/\\\/www.aliadospuebla.com\\\/?s={search_term_string}\"},\"query-input\":{\"@type\":\"PropertyValueSpecification\",\"valueRequired\":true,\"valueName\":\"search_term_string\"}}],\"inLanguage\":\"es\"},{\"@type\":\"Person\",\"@id\":\"https:\\\/\\\/www.aliadospuebla.com\\\/#\\\/schema\\\/person\\\/5da7dd09320bd4f392b710017ed5f8ad\",\"name\":\"Aliados17\",\"image\":{\"@type\":\"ImageObject\",\"inLanguage\":\"es\",\"@id\":\"https:\\\/\\\/www.aliadospuebla.com\\\/web2017\\\/wp-content\\\/uploads\\\/2025\\\/03\\\/cropped-para-perfil-8-anos-1-96x96.jpg\",\"url\":\"https:\\\/\\\/www.aliadospuebla.com\\\/web2017\\\/wp-content\\\/uploads\\\/2025\\\/03\\\/cropped-para-perfil-8-anos-1-96x96.jpg\",\"contentUrl\":\"https:\\\/\\\/www.aliadospuebla.com\\\/web2017\\\/wp-content\\\/uploads\\\/2025\\\/03\\\/cropped-para-perfil-8-anos-1-96x96.jpg\",\"caption\":\"Aliados17\"},\"sameAs\":[\"https:\\\/\\\/www.aliados17.com\",\"https:\\\/\\\/www.facebook.com\\\/Aliados17Pue\",\"https:\\\/\\\/x.com\\\/AliadosPuebla\"],\"url\":\"https:\\\/\\\/www.aliadospuebla.com\\\/?author=2\"}]}<\/script>\n<!-- \/ Yoast SEO plugin. -->","yoast_head_json":{"title":"Serd\u00e1n: Tentle alcalde, Nacho federal. Chucho local - AliadosPuebla","robots":{"index":"index","follow":"follow","max-snippet":"max-snippet:-1","max-image-preview":"max-image-preview:large","max-video-preview":"max-video-preview:-1"},"canonical":"https:\/\/www.aliadospuebla.com\/?p=114381","og_locale":"es_ES","og_type":"article","og_title":"Serd\u00e1n: Tentle alcalde, Nacho federal. Chucho local - AliadosPuebla","og_description":"Honestamente, no veo c\u00f3mo puedan quitarle la candidata a la alcald\u00eda de Ciudad Serd\u00e1n a Carlos Tentle. El primer presidente municipal de MORENA en esa ciudad, tambi\u00e9n conocida como Chalchicomula de Sesma, tiene todo para repetir como candidato y como alcalde. La crisis pol\u00edtica generada por Uruviel Gonz\u00e1lez Vieyra, alcalde destituido y preso, le acomoda perfectamente a Tentle, quien ya manifest\u00f3 su inter\u00e9s en participar en la contienda del 2027. Uruviel gan\u00f3 Serd\u00e1n en el 2021 y fue reelecto en el 2024, d\u00e1ndole a su partido, Movimiento Ciudadano, la oportunidad de gobernar en una ciudad, \u201cde las importantes\u201d, en el Estado. Pero eso fue antes. Hoy las cosas son diferentes. Entonces, al corte de hoy la terna para los cargos de elecci\u00f3n en esa zona&hellip;Leer m\u00e1s...","og_url":"https:\/\/www.aliadospuebla.com\/?p=114381","og_site_name":"AliadosPuebla","article_author":"https:\/\/www.facebook.com\/Aliados17Pue","article_published_time":"2026-05-28T15:27:31+00:00","og_image":[{"width":600,"height":450,"url":"https:\/\/www.aliadospuebla.com\/web2017\/wp-content\/uploads\/2026\/05\/228.jpg","type":"image\/jpeg"}],"author":"Aliados17","twitter_card":"summary_large_image","twitter_creator":"@AliadosPuebla","twitter_misc":{"Escrito por":"Aliados17","Tiempo de lectura":"2 minutos"},"schema":{"@context":"https:\/\/schema.org","@graph":[{"@type":"Article","@id":"https:\/\/www.aliadospuebla.com\/?p=114381#article","isPartOf":{"@id":"https:\/\/www.aliadospuebla.com\/?p=114381"},"author":{"name":"Aliados17","@id":"https:\/\/www.aliadospuebla.com\/#\/schema\/person\/5da7dd09320bd4f392b710017ed5f8ad"},"headline":"Serd\u00e1n: Tentle alcalde, Nacho federal. Chucho local","datePublished":"2026-05-28T15:27:31+00:00","mainEntityOfPage":{"@id":"https:\/\/www.aliadospuebla.com\/?p=114381"},"wordCount":372,"commentCount":0,"image":{"@id":"https:\/\/www.aliadospuebla.com\/?p=114381#primaryimage"},"thumbnailUrl":"https:\/\/www.aliadospuebla.com\/web2017\/wp-content\/uploads\/2026\/05\/228.jpg","keywords":["CARLOS TENTLE","CHALCHICOMULA DE SESMA","IGNACIO MIER BA\u00d1UELOS","JES\u00daS MORALES RODR\u00cdGUEZ","MORENA","Paola Ru\u00edz","URUVIEL GONZ\u00c1LEZ VIEYRA"],"articleSection":["Columnas"],"inLanguage":"es","potentialAction":[{"@type":"CommentAction","name":"Comment","target":["https:\/\/www.aliadospuebla.com\/?p=114381#respond"]}]},{"@type":"WebPage","@id":"https:\/\/www.aliadospuebla.com\/?p=114381","url":"https:\/\/www.aliadospuebla.com\/?p=114381","name":"Serd\u00e1n: Tentle alcalde, Nacho federal. Chucho local - AliadosPuebla","isPartOf":{"@id":"https:\/\/www.aliadospuebla.com\/#website"},"primaryImageOfPage":{"@id":"https:\/\/www.aliadospuebla.com\/?p=114381#primaryimage"},"image":{"@id":"https:\/\/www.aliadospuebla.com\/?p=114381#primaryimage"},"thumbnailUrl":"https:\/\/www.aliadospuebla.com\/web2017\/wp-content\/uploads\/2026\/05\/228.jpg","datePublished":"2026-05-28T15:27:31+00:00","author":{"@id":"https:\/\/www.aliadospuebla.com\/#\/schema\/person\/5da7dd09320bd4f392b710017ed5f8ad"},"breadcrumb":{"@id":"https:\/\/www.aliadospuebla.com\/?p=114381#breadcrumb"},"inLanguage":"es","potentialAction":[{"@type":"ReadAction","target":["https:\/\/www.aliadospuebla.com\/?p=114381"]}]},{"@type":"ImageObject","inLanguage":"es","@id":"https:\/\/www.aliadospuebla.com\/?p=114381#primaryimage","url":"https:\/\/www.aliadospuebla.com\/web2017\/wp-content\/uploads\/2026\/05\/228.jpg","contentUrl":"https:\/\/www.aliadospuebla.com\/web2017\/wp-content\/uploads\/2026\/05\/228.jpg","width":600,"height":450},{"@type":"BreadcrumbList","@id":"https:\/\/www.aliadospuebla.com\/?p=114381#breadcrumb","itemListElement":[{"@type":"ListItem","position":1,"name":"Portada","item":"https:\/\/www.aliadospuebla.com\/"},{"@type":"ListItem","position":2,"name":"Serd\u00e1n: Tentle alcalde, Nacho federal. Chucho local"}]},{"@type":"WebSite","@id":"https:\/\/www.aliadospuebla.com\/#website","url":"https:\/\/www.aliadospuebla.com\/","name":"AliadosPuebla","description":"La informaci\u00f3n en tus manos","potentialAction":[{"@type":"SearchAction","target":{"@type":"EntryPoint","urlTemplate":"https:\/\/www.aliadospuebla.com\/?s={search_term_string}"},"query-input":{"@type":"PropertyValueSpecification","valueRequired":true,"valueName":"search_term_string"}}],"inLanguage":"es"},{"@type":"Person","@id":"https:\/\/www.aliadospuebla.com\/#\/schema\/person\/5da7dd09320bd4f392b710017ed5f8ad","name":"Aliados17","image":{"@type":"ImageObject","inLanguage":"es","@id":"https:\/\/www.aliadospuebla.com\/web2017\/wp-content\/uploads\/2025\/03\/cropped-para-perfil-8-anos-1-96x96.jpg","url":"https:\/\/www.aliadospuebla.com\/web2017\/wp-content\/uploads\/2025\/03\/cropped-para-perfil-8-anos-1-96x96.jpg","contentUrl":"https:\/\/www.aliadospuebla.com\/web2017\/wp-content\/uploads\/2025\/03\/cropped-para-perfil-8-anos-1-96x96.jpg","caption":"Aliados17"},"sameAs":["https:\/\/www.aliados17.com","https:\/\/www.facebook.com\/Aliados17Pue","https:\/\/x.com\/AliadosPuebla"],"url":"https:\/\/www.aliadospuebla.com\/?author=2"}]}},"views":13,"_links":{"self":[{"href":"https:\/\/www.aliadospuebla.com\/index.php?rest_route=\/wp\/v2\/posts\/114381","targetHints":{"allow":["GET"]}}],"collection":[{"href":"https:\/\/www.aliadospuebla.com\/index.php?rest_route=\/wp\/v2\/posts"}],"about":[{"href":"https:\/\/www.aliadospuebla.com\/index.php?rest_route=\/wp\/v2\/types\/post"}],"author":[{"embeddable":true,"href":"https:\/\/www.aliadospuebla.com\/index.php?rest_route=\/wp\/v2\/users\/2"}],"replies":[{"embeddable":true,"href":"https:\/\/www.aliadospuebla.com\/index.php?rest_route=%2Fwp%2Fv2%2Fcomments&post=114381"}],"version-history":[{"count":1,"href":"https:\/\/www.aliadospuebla.com\/index.php?rest_route=\/wp\/v2\/posts\/114381\/revisions"}],"predecessor-version":[{"id":114383,"href":"https:\/\/www.aliadospuebla.com\/index.php?rest_route=\/wp\/v2\/posts\/114381\/revisions\/114383"}],"wp:featuredmedia":[{"embeddable":true,"href":"https:\/\/www.aliadospuebla.com\/index.php?rest_route=\/wp\/v2\/media\/114382"}],"wp:attachment":[{"href":"https:\/\/www.aliadospuebla.com\/index.php?rest_route=%2Fwp%2Fv2%2Fmedia&parent=114381"}],"wp:term":[{"taxonomy":"category","embeddable":true,"href":"https:\/\/www.aliadospuebla.com\/index.php?rest_route=%2Fwp%2Fv2%2Fcategories&post=114381"},{"taxonomy":"post_tag","embeddable":true,"href":"https:\/\/www.aliadospuebla.com\/index.php?rest_route=%2Fwp%2Fv2%2Ftags&post=114381"}],"curies":[{"name":"wp","href":"https:\/\/api.w.org\/{rel}","templated":true}]}}