{"id":114311,"date":"2026-05-26T21:00:28","date_gmt":"2026-05-27T03:00:28","guid":{"rendered":"https:\/\/www.aliadospuebla.com\/?p=114311"},"modified":"2026-05-26T21:00:28","modified_gmt":"2026-05-27T03:00:28","slug":"senador-nestor-camarillo-realiza-gira-de-trabajo-en-huejotzingo","status":"publish","type":"post","link":"https:\/\/www.aliadospuebla.com\/?p=114311","title":{"rendered":"Senador N\u00e9stor Camarillo realiza gira de trabajo en Huejotzingo"},"content":{"rendered":"<h4>El legislador poblano reconoce el talento artesanal y productivo del municipio.<\/h4>\n<p>El senador por Puebla N\u00e9stor Camarillo Medina realiz\u00f3 una gira de trabajo<\/p>\n<p>por el municipio de Huejotzingo, donde sostuvo encuentros con emprendedores,<\/p>\n<p>artesanos y estructuras ciudadanas, reafirmando su compromiso de mantenerse cercano a las y los poblanos.<br \/>\nComo parte de su recorrido, el legislador visit\u00f3 la f\u00e1brica de Sidra Royam, encabezada por Don Rogelio y Rogelio Saloma, donde reconoci\u00f3 el esfuerzo y la tradici\u00f3n que han convertido a esta empresa en un referente de la producci\u00f3n artesanal de sidra en la regi\u00f3n. El senador destac\u00f3 la importancia de respaldar a los productores locales que, con trabajo y dedicaci\u00f3n, fortalecen la econom\u00eda y preservan la identidad de los municipios poblanos.<\/p>\n<p>Posteriormente, el senador acudi\u00f3 a la boutique Crassh Crash, espacio dedicado a la elaboraci\u00f3n de los trajes t\u00edpicos utilizados en el tradicional Carnaval de Huejotzingo, entre los que destaca el emblem\u00e1tico traje de Zapador. Durante su visita, Camarillo Medina reconoci\u00f3 el trabajo artesanal, minucioso y detallado que realizan quienes integran esta boutique, la cual se ha consolidado como una referencia no solo en el municipio, sino tambi\u00e9n en el estado de Puebla.<\/p>\n<p>Para concluir su gira de trabajo, el senador sostuvo un encuentro con estructuras ciudadanas encabezadas por F\u00e9lix Pe\u00f1a Dami\u00e1n, quien fue designado como enlace del senador en el municipio. En la reuni\u00f3n tambi\u00e9n estuvieron presentes el regidor Sa\u00fal Hern\u00e1ndez Ju\u00e1rez, coordinador general de la Comisi\u00f3n Operativa de Movimiento Ciudadano en Huejotzingo; las regidoras Ilse Romero Ju\u00e1rez y Noralit Ponce Reyes; as\u00ed como la ex candidata a diputada local, Lucerito Mu\u00f1oz Montero.<\/p>\n<p>Durante el encuentro, el senador N\u00e9stor Camarillo Medina ratific\u00f3 su compromiso de seguir recorriendo todos los rincones del estado, manteni\u00e9ndose cercano a las y los ciudadanos que desean construir un mejor Puebla para todas y todos.<\/p>\n","protected":false},"excerpt":{"rendered":"<p>El legislador poblano reconoce el talento artesanal y productivo del municipio. El senador por Puebla N\u00e9stor Camarillo Medina realiz\u00f3 una gira de trabajo por el municipio de Huejotzingo, donde sostuvo encuentros con emprendedores, artesanos y estructuras ciudadanas, reafirmando su compromiso de mantenerse cercano a las y los poblanos. Como parte de su recorrido, el legislador visit\u00f3 la f\u00e1brica de Sidra Royam, encabezada por Don Rogelio y Rogelio Saloma, donde reconoci\u00f3 el esfuerzo y la tradici\u00f3n que han convertido a esta empresa en un referente de la producci\u00f3n artesanal de sidra en la regi\u00f3n. El senador destac\u00f3 la importancia de respaldar a los productores locales que, con trabajo y dedicaci\u00f3n, fortalecen la econom\u00eda y preservan la identidad de los municipios poblanos. Posteriormente, el senador acudi\u00f3 a&hellip;<\/p>\n<p class=\"excerpt-more\"><a class=\"blog-excerpt button\" href=\"https:\/\/www.aliadospuebla.com\/?p=114311\">Leer m\u00e1s&#8230;<\/a><\/p>\n","protected":false},"author":2,"featured_media":114312,"comment_status":"open","ping_status":"open","sticky":false,"template":"","format":"standard","meta":{"_monsterinsights_skip_tracking":false,"footnotes":""},"categories":[6],"tags":[8641,33820,82,33819,12869,17402,33818],"class_list":["post-114311","post","type-post","status-publish","format-standard","has-post-thumbnail","hentry","category-politica","tag-carnaval-de-huejotzingo","tag-comision-operativa","tag-emprendedores","tag-estructuras-ciudadanas","tag-nestor-camarillo-medina","tag-productores-locales","tag-talento-artesanal"],"yoast_head":"<!-- This site is optimized with the Yoast SEO plugin v28.3 - https:\/\/yoast.com\/product\/yoast-seo-wordpress\/ -->\n<title>Senador N\u00e9stor Camarillo realiza gira de trabajo en Huejotzingo - AliadosPuebla<\/title>\n<meta name=\"robots\" content=\"index, follow, max-snippet:-1, max-image-preview:large, max-video-preview:-1\" \/>\n<link rel=\"canonical\" href=\"https:\/\/www.aliadospuebla.com\/?p=114311\" \/>\n<meta property=\"og:locale\" content=\"es_ES\" \/>\n<meta property=\"og:type\" content=\"article\" \/>\n<meta property=\"og:title\" content=\"Senador N\u00e9stor Camarillo realiza gira de trabajo en Huejotzingo - AliadosPuebla\" \/>\n<meta property=\"og:description\" content=\"El legislador poblano reconoce el talento artesanal y productivo del municipio. El senador por Puebla N\u00e9stor Camarillo Medina realiz\u00f3 una gira de trabajo por el municipio de Huejotzingo, donde sostuvo encuentros con emprendedores, artesanos y estructuras ciudadanas, reafirmando su compromiso de mantenerse cercano a las y los poblanos. Como parte de su recorrido, el legislador visit\u00f3 la f\u00e1brica de Sidra Royam, encabezada por Don Rogelio y Rogelio Saloma, donde reconoci\u00f3 el esfuerzo y la tradici\u00f3n que han convertido a esta empresa en un referente de la producci\u00f3n artesanal de sidra en la regi\u00f3n. El senador destac\u00f3 la importancia de respaldar a los productores locales que, con trabajo y dedicaci\u00f3n, fortalecen la econom\u00eda y preservan la identidad de los municipios poblanos. Posteriormente, el senador acudi\u00f3 a&hellip;Leer m\u00e1s...\" \/>\n<meta property=\"og:url\" content=\"https:\/\/www.aliadospuebla.com\/?p=114311\" \/>\n<meta property=\"og:site_name\" content=\"AliadosPuebla\" \/>\n<meta property=\"article:author\" content=\"https:\/\/www.facebook.com\/Aliados17Pue\" \/>\n<meta property=\"article:published_time\" content=\"2026-05-27T03:00:28+00:00\" \/>\n<meta property=\"og:image\" content=\"https:\/\/www.aliadospuebla.com\/web2017\/wp-content\/uploads\/2026\/05\/205.jpg\" \/>\n\t<meta property=\"og:image:width\" content=\"600\" \/>\n\t<meta property=\"og:image:height\" content=\"450\" \/>\n\t<meta property=\"og:image:type\" content=\"image\/jpeg\" \/>\n<meta name=\"author\" content=\"Aliados17\" \/>\n<meta name=\"twitter:card\" content=\"summary_large_image\" \/>\n<meta name=\"twitter:creator\" content=\"@AliadosPuebla\" \/>\n<meta name=\"twitter:label1\" content=\"Escrito por\" \/>\n\t<meta name=\"twitter:data1\" content=\"Aliados17\" \/>\n\t<meta name=\"twitter:label2\" content=\"Tiempo de lectura\" \/>\n\t<meta name=\"twitter:data2\" content=\"2 minutos\" \/>\n<script type=\"application\/ld+json\" class=\"yoast-schema-graph\">{\"@context\":\"https:\\\/\\\/schema.org\",\"@graph\":[{\"@type\":\"Article\",\"@id\":\"https:\\\/\\\/www.aliadospuebla.com\\\/?p=114311#article\",\"isPartOf\":{\"@id\":\"https:\\\/\\\/www.aliadospuebla.com\\\/?p=114311\"},\"author\":{\"name\":\"Aliados17\",\"@id\":\"https:\\\/\\\/www.aliadospuebla.com\\\/#\\\/schema\\\/person\\\/5da7dd09320bd4f392b710017ed5f8ad\"},\"headline\":\"Senador N\u00e9stor Camarillo realiza gira de trabajo en Huejotzingo\",\"datePublished\":\"2026-05-27T03:00:28+00:00\",\"mainEntityOfPage\":{\"@id\":\"https:\\\/\\\/www.aliadospuebla.com\\\/?p=114311\"},\"wordCount\":333,\"commentCount\":0,\"image\":{\"@id\":\"https:\\\/\\\/www.aliadospuebla.com\\\/?p=114311#primaryimage\"},\"thumbnailUrl\":\"https:\\\/\\\/www.aliadospuebla.com\\\/web2017\\\/wp-content\\\/uploads\\\/2026\\\/05\\\/205.jpg\",\"keywords\":[\"Carnaval de huejotzingo\",\"Comisi\u00f3n Operativa\",\"Emprendedores\",\"estructuras ciudadanas\",\"N\u00e9stor Camarillo Medina\",\"productores locales\",\"talento artesanal\"],\"articleSection\":[\"Pol\u00edtica\"],\"inLanguage\":\"es\",\"potentialAction\":[{\"@type\":\"CommentAction\",\"name\":\"Comment\",\"target\":[\"https:\\\/\\\/www.aliadospuebla.com\\\/?p=114311#respond\"]}]},{\"@type\":\"WebPage\",\"@id\":\"https:\\\/\\\/www.aliadospuebla.com\\\/?p=114311\",\"url\":\"https:\\\/\\\/www.aliadospuebla.com\\\/?p=114311\",\"name\":\"Senador N\u00e9stor Camarillo realiza gira de trabajo en Huejotzingo - AliadosPuebla\",\"isPartOf\":{\"@id\":\"https:\\\/\\\/www.aliadospuebla.com\\\/#website\"},\"primaryImageOfPage\":{\"@id\":\"https:\\\/\\\/www.aliadospuebla.com\\\/?p=114311#primaryimage\"},\"image\":{\"@id\":\"https:\\\/\\\/www.aliadospuebla.com\\\/?p=114311#primaryimage\"},\"thumbnailUrl\":\"https:\\\/\\\/www.aliadospuebla.com\\\/web2017\\\/wp-content\\\/uploads\\\/2026\\\/05\\\/205.jpg\",\"datePublished\":\"2026-05-27T03:00:28+00:00\",\"author\":{\"@id\":\"https:\\\/\\\/www.aliadospuebla.com\\\/#\\\/schema\\\/person\\\/5da7dd09320bd4f392b710017ed5f8ad\"},\"breadcrumb\":{\"@id\":\"https:\\\/\\\/www.aliadospuebla.com\\\/?p=114311#breadcrumb\"},\"inLanguage\":\"es\",\"potentialAction\":[{\"@type\":\"ReadAction\",\"target\":[\"https:\\\/\\\/www.aliadospuebla.com\\\/?p=114311\"]}]},{\"@type\":\"ImageObject\",\"inLanguage\":\"es\",\"@id\":\"https:\\\/\\\/www.aliadospuebla.com\\\/?p=114311#primaryimage\",\"url\":\"https:\\\/\\\/www.aliadospuebla.com\\\/web2017\\\/wp-content\\\/uploads\\\/2026\\\/05\\\/205.jpg\",\"contentUrl\":\"https:\\\/\\\/www.aliadospuebla.com\\\/web2017\\\/wp-content\\\/uploads\\\/2026\\\/05\\\/205.jpg\",\"width\":600,\"height\":450},{\"@type\":\"BreadcrumbList\",\"@id\":\"https:\\\/\\\/www.aliadospuebla.com\\\/?p=114311#breadcrumb\",\"itemListElement\":[{\"@type\":\"ListItem\",\"position\":1,\"name\":\"Portada\",\"item\":\"https:\\\/\\\/www.aliadospuebla.com\\\/\"},{\"@type\":\"ListItem\",\"position\":2,\"name\":\"Senador N\u00e9stor Camarillo realiza gira de trabajo en Huejotzingo\"}]},{\"@type\":\"WebSite\",\"@id\":\"https:\\\/\\\/www.aliadospuebla.com\\\/#website\",\"url\":\"https:\\\/\\\/www.aliadospuebla.com\\\/\",\"name\":\"AliadosPuebla\",\"description\":\"La informaci\u00f3n en tus manos\",\"potentialAction\":[{\"@type\":\"SearchAction\",\"target\":{\"@type\":\"EntryPoint\",\"urlTemplate\":\"https:\\\/\\\/www.aliadospuebla.com\\\/?s={search_term_string}\"},\"query-input\":{\"@type\":\"PropertyValueSpecification\",\"valueRequired\":true,\"valueName\":\"search_term_string\"}}],\"inLanguage\":\"es\"},{\"@type\":\"Person\",\"@id\":\"https:\\\/\\\/www.aliadospuebla.com\\\/#\\\/schema\\\/person\\\/5da7dd09320bd4f392b710017ed5f8ad\",\"name\":\"Aliados17\",\"image\":{\"@type\":\"ImageObject\",\"inLanguage\":\"es\",\"@id\":\"https:\\\/\\\/www.aliadospuebla.com\\\/web2017\\\/wp-content\\\/uploads\\\/2025\\\/03\\\/cropped-para-perfil-8-anos-1-96x96.jpg\",\"url\":\"https:\\\/\\\/www.aliadospuebla.com\\\/web2017\\\/wp-content\\\/uploads\\\/2025\\\/03\\\/cropped-para-perfil-8-anos-1-96x96.jpg\",\"contentUrl\":\"https:\\\/\\\/www.aliadospuebla.com\\\/web2017\\\/wp-content\\\/uploads\\\/2025\\\/03\\\/cropped-para-perfil-8-anos-1-96x96.jpg\",\"caption\":\"Aliados17\"},\"sameAs\":[\"https:\\\/\\\/www.aliados17.com\",\"https:\\\/\\\/www.facebook.com\\\/Aliados17Pue\",\"https:\\\/\\\/x.com\\\/AliadosPuebla\"],\"url\":\"https:\\\/\\\/www.aliadospuebla.com\\\/?author=2\"}]}<\/script>\n<!-- \/ Yoast SEO plugin. -->","yoast_head_json":{"title":"Senador N\u00e9stor Camarillo realiza gira de trabajo en Huejotzingo - AliadosPuebla","robots":{"index":"index","follow":"follow","max-snippet":"max-snippet:-1","max-image-preview":"max-image-preview:large","max-video-preview":"max-video-preview:-1"},"canonical":"https:\/\/www.aliadospuebla.com\/?p=114311","og_locale":"es_ES","og_type":"article","og_title":"Senador N\u00e9stor Camarillo realiza gira de trabajo en Huejotzingo - AliadosPuebla","og_description":"El legislador poblano reconoce el talento artesanal y productivo del municipio. El senador por Puebla N\u00e9stor Camarillo Medina realiz\u00f3 una gira de trabajo por el municipio de Huejotzingo, donde sostuvo encuentros con emprendedores, artesanos y estructuras ciudadanas, reafirmando su compromiso de mantenerse cercano a las y los poblanos. Como parte de su recorrido, el legislador visit\u00f3 la f\u00e1brica de Sidra Royam, encabezada por Don Rogelio y Rogelio Saloma, donde reconoci\u00f3 el esfuerzo y la tradici\u00f3n que han convertido a esta empresa en un referente de la producci\u00f3n artesanal de sidra en la regi\u00f3n. El senador destac\u00f3 la importancia de respaldar a los productores locales que, con trabajo y dedicaci\u00f3n, fortalecen la econom\u00eda y preservan la identidad de los municipios poblanos. Posteriormente, el senador acudi\u00f3 a&hellip;Leer m\u00e1s...","og_url":"https:\/\/www.aliadospuebla.com\/?p=114311","og_site_name":"AliadosPuebla","article_author":"https:\/\/www.facebook.com\/Aliados17Pue","article_published_time":"2026-05-27T03:00:28+00:00","og_image":[{"width":600,"height":450,"url":"https:\/\/www.aliadospuebla.com\/web2017\/wp-content\/uploads\/2026\/05\/205.jpg","type":"image\/jpeg"}],"author":"Aliados17","twitter_card":"summary_large_image","twitter_creator":"@AliadosPuebla","twitter_misc":{"Escrito por":"Aliados17","Tiempo de lectura":"2 minutos"},"schema":{"@context":"https:\/\/schema.org","@graph":[{"@type":"Article","@id":"https:\/\/www.aliadospuebla.com\/?p=114311#article","isPartOf":{"@id":"https:\/\/www.aliadospuebla.com\/?p=114311"},"author":{"name":"Aliados17","@id":"https:\/\/www.aliadospuebla.com\/#\/schema\/person\/5da7dd09320bd4f392b710017ed5f8ad"},"headline":"Senador N\u00e9stor Camarillo realiza gira de trabajo en Huejotzingo","datePublished":"2026-05-27T03:00:28+00:00","mainEntityOfPage":{"@id":"https:\/\/www.aliadospuebla.com\/?p=114311"},"wordCount":333,"commentCount":0,"image":{"@id":"https:\/\/www.aliadospuebla.com\/?p=114311#primaryimage"},"thumbnailUrl":"https:\/\/www.aliadospuebla.com\/web2017\/wp-content\/uploads\/2026\/05\/205.jpg","keywords":["Carnaval de huejotzingo","Comisi\u00f3n Operativa","Emprendedores","estructuras ciudadanas","N\u00e9stor Camarillo Medina","productores locales","talento artesanal"],"articleSection":["Pol\u00edtica"],"inLanguage":"es","potentialAction":[{"@type":"CommentAction","name":"Comment","target":["https:\/\/www.aliadospuebla.com\/?p=114311#respond"]}]},{"@type":"WebPage","@id":"https:\/\/www.aliadospuebla.com\/?p=114311","url":"https:\/\/www.aliadospuebla.com\/?p=114311","name":"Senador N\u00e9stor Camarillo realiza gira de trabajo en Huejotzingo - AliadosPuebla","isPartOf":{"@id":"https:\/\/www.aliadospuebla.com\/#website"},"primaryImageOfPage":{"@id":"https:\/\/www.aliadospuebla.com\/?p=114311#primaryimage"},"image":{"@id":"https:\/\/www.aliadospuebla.com\/?p=114311#primaryimage"},"thumbnailUrl":"https:\/\/www.aliadospuebla.com\/web2017\/wp-content\/uploads\/2026\/05\/205.jpg","datePublished":"2026-05-27T03:00:28+00:00","author":{"@id":"https:\/\/www.aliadospuebla.com\/#\/schema\/person\/5da7dd09320bd4f392b710017ed5f8ad"},"breadcrumb":{"@id":"https:\/\/www.aliadospuebla.com\/?p=114311#breadcrumb"},"inLanguage":"es","potentialAction":[{"@type":"ReadAction","target":["https:\/\/www.aliadospuebla.com\/?p=114311"]}]},{"@type":"ImageObject","inLanguage":"es","@id":"https:\/\/www.aliadospuebla.com\/?p=114311#primaryimage","url":"https:\/\/www.aliadospuebla.com\/web2017\/wp-content\/uploads\/2026\/05\/205.jpg","contentUrl":"https:\/\/www.aliadospuebla.com\/web2017\/wp-content\/uploads\/2026\/05\/205.jpg","width":600,"height":450},{"@type":"BreadcrumbList","@id":"https:\/\/www.aliadospuebla.com\/?p=114311#breadcrumb","itemListElement":[{"@type":"ListItem","position":1,"name":"Portada","item":"https:\/\/www.aliadospuebla.com\/"},{"@type":"ListItem","position":2,"name":"Senador N\u00e9stor Camarillo realiza gira de trabajo en Huejotzingo"}]},{"@type":"WebSite","@id":"https:\/\/www.aliadospuebla.com\/#website","url":"https:\/\/www.aliadospuebla.com\/","name":"AliadosPuebla","description":"La informaci\u00f3n en tus manos","potentialAction":[{"@type":"SearchAction","target":{"@type":"EntryPoint","urlTemplate":"https:\/\/www.aliadospuebla.com\/?s={search_term_string}"},"query-input":{"@type":"PropertyValueSpecification","valueRequired":true,"valueName":"search_term_string"}}],"inLanguage":"es"},{"@type":"Person","@id":"https:\/\/www.aliadospuebla.com\/#\/schema\/person\/5da7dd09320bd4f392b710017ed5f8ad","name":"Aliados17","image":{"@type":"ImageObject","inLanguage":"es","@id":"https:\/\/www.aliadospuebla.com\/web2017\/wp-content\/uploads\/2025\/03\/cropped-para-perfil-8-anos-1-96x96.jpg","url":"https:\/\/www.aliadospuebla.com\/web2017\/wp-content\/uploads\/2025\/03\/cropped-para-perfil-8-anos-1-96x96.jpg","contentUrl":"https:\/\/www.aliadospuebla.com\/web2017\/wp-content\/uploads\/2025\/03\/cropped-para-perfil-8-anos-1-96x96.jpg","caption":"Aliados17"},"sameAs":["https:\/\/www.aliados17.com","https:\/\/www.facebook.com\/Aliados17Pue","https:\/\/x.com\/AliadosPuebla"],"url":"https:\/\/www.aliadospuebla.com\/?author=2"}]}},"views":17,"_links":{"self":[{"href":"https:\/\/www.aliadospuebla.com\/index.php?rest_route=\/wp\/v2\/posts\/114311","targetHints":{"allow":["GET"]}}],"collection":[{"href":"https:\/\/www.aliadospuebla.com\/index.php?rest_route=\/wp\/v2\/posts"}],"about":[{"href":"https:\/\/www.aliadospuebla.com\/index.php?rest_route=\/wp\/v2\/types\/post"}],"author":[{"embeddable":true,"href":"https:\/\/www.aliadospuebla.com\/index.php?rest_route=\/wp\/v2\/users\/2"}],"replies":[{"embeddable":true,"href":"https:\/\/www.aliadospuebla.com\/index.php?rest_route=%2Fwp%2Fv2%2Fcomments&post=114311"}],"version-history":[{"count":1,"href":"https:\/\/www.aliadospuebla.com\/index.php?rest_route=\/wp\/v2\/posts\/114311\/revisions"}],"predecessor-version":[{"id":114313,"href":"https:\/\/www.aliadospuebla.com\/index.php?rest_route=\/wp\/v2\/posts\/114311\/revisions\/114313"}],"wp:featuredmedia":[{"embeddable":true,"href":"https:\/\/www.aliadospuebla.com\/index.php?rest_route=\/wp\/v2\/media\/114312"}],"wp:attachment":[{"href":"https:\/\/www.aliadospuebla.com\/index.php?rest_route=%2Fwp%2Fv2%2Fmedia&parent=114311"}],"wp:term":[{"taxonomy":"category","embeddable":true,"href":"https:\/\/www.aliadospuebla.com\/index.php?rest_route=%2Fwp%2Fv2%2Fcategories&post=114311"},{"taxonomy":"post_tag","embeddable":true,"href":"https:\/\/www.aliadospuebla.com\/index.php?rest_route=%2Fwp%2Fv2%2Ftags&post=114311"}],"curies":[{"name":"wp","href":"https:\/\/api.w.org\/{rel}","templated":true}]}}