{"id":114268,"date":"2026-05-26T07:02:10","date_gmt":"2026-05-26T13:02:10","guid":{"rendered":"https:\/\/www.aliadospuebla.com\/?p=114268"},"modified":"2026-05-26T07:02:10","modified_gmt":"2026-05-26T13:02:10","slug":"fortalece-lupita-cuautle-la-educacion-y-el-cuidado-ambiental-con-entrega-de-apoyos-en-san-rafael-comac","status":"publish","type":"post","link":"https:\/\/www.aliadospuebla.com\/?p=114268","title":{"rendered":"Fortalece Lupita Cuautle la educaci\u00f3n y el cuidado ambiental con entrega de apoyos en San Rafael Comac"},"content":{"rendered":"<p>San Andr\u00e9s Cholula, Puebla. \u2013 Con el objetivo de fortalecer la educaci\u00f3n y promover la responsabilidad ambiental desde la ni\u00f1ez, la presidenta municipal de Guadalupe Cuautle Torres encabez\u00f3 la entrega de apoyos \u201cEn Materia Educativa\u201d y la jornada \u201cAdopta un \u00c1rbol\u201d en el Jard\u00edn de Ni\u00f1os Mostlati, ubicado en la junta auxiliar de San Rafael Comac.<\/p>\n<p>En su mensaje, la alcaldesa destac\u00f3 que invertir en educaci\u00f3n significa brindar m\u00e1s oportunidades de desarrollo para las ni\u00f1as y ni\u00f1os, adem\u00e1s de contribuir a reducir brechas de desigualdad mediante acciones que fortalezcan el bienestar social y el tejido comunitario.<\/p>\n<p>Asimismo, se realiz\u00f3 la entrega simb\u00f3lica de un apoyo econ\u00f3mico por 25 mil pesos al plantel educativo, recurso destinado a mejorar las condiciones y el equipamiento escolar en beneficio de 121 alumnas y alumnos, sum\u00e1ndose a las 16 entregas de apoyos econ\u00f3micos a escuelas p\u00fablicas de San Andr\u00e9s Cholula.<\/p>\n<p>Como parte de las acciones para fomentar la conciencia ambiental y la participaci\u00f3n ciudadana, tambi\u00e9n se llev\u00f3 a cabo la entrega simb\u00f3lica de \u00e1rboles dentro de la jornada \u201cAdopta un \u00c1rbol\u201d, iniciativa que busca impulsar el cuidado del medio ambiente, incrementar las \u00e1reas verdes y generar corresponsabilidad social ante el cambio clim\u00e1tico<\/p>\n<p>Con estas acciones, el Gobierno Municipal reafirma su compromiso con la educaci\u00f3n, el bienestar social y la construcci\u00f3n de un municipio m\u00e1s sustentable para las futuras generaciones.<\/p>\n","protected":false},"excerpt":{"rendered":"<p>San Andr\u00e9s Cholula, Puebla. \u2013 Con el objetivo de fortalecer la educaci\u00f3n y promover la responsabilidad ambiental desde la ni\u00f1ez, la presidenta municipal de Guadalupe Cuautle Torres encabez\u00f3 la entrega de apoyos \u201cEn Materia Educativa\u201d y la jornada \u201cAdopta un \u00c1rbol\u201d en el Jard\u00edn de Ni\u00f1os Mostlati, ubicado en la junta auxiliar de San Rafael Comac. En su mensaje, la alcaldesa destac\u00f3 que invertir en educaci\u00f3n significa brindar m\u00e1s oportunidades de desarrollo para las ni\u00f1as y ni\u00f1os, adem\u00e1s de contribuir a reducir brechas de desigualdad mediante acciones que fortalezcan el bienestar social y el tejido comunitario. Asimismo, se realiz\u00f3 la entrega simb\u00f3lica de un apoyo econ\u00f3mico por 25 mil pesos al plantel educativo, recurso destinado a mejorar las condiciones y el equipamiento escolar en beneficio&hellip;<\/p>\n<p class=\"excerpt-more\"><a class=\"blog-excerpt button\" href=\"https:\/\/www.aliadospuebla.com\/?p=114268\">Leer m\u00e1s&#8230;<\/a><\/p>\n","protected":false},"author":2,"featured_media":114269,"comment_status":"open","ping_status":"open","sticky":false,"template":"","format":"standard","meta":{"_monsterinsights_skip_tracking":false,"footnotes":""},"categories":[4],"tags":[5807,32577,9562,33801,20835,33799,33800,21799,84],"class_list":["post-114268","post","type-post","status-publish","format-standard","has-post-thumbnail","hentry","category-municipios","tag-bienestar-social","tag-corresponsabilidad-social","tag-cuidado-ambiental","tag-equipamiento-escolar","tag-guadalupe-cuautle-torres","tag-jardin-de-ninos-mostlati","tag-jornada-adopta-un-arbol","tag-responsabilidad-ambiental","tag-san-andres-cholula"],"yoast_head":"<!-- This site is optimized with the Yoast SEO plugin v28.4 - https:\/\/yoast.com\/product\/yoast-seo-wordpress\/ -->\n<title>Fortalece Lupita Cuautle la educaci\u00f3n y el cuidado ambiental con entrega de apoyos en San Rafael Comac - AliadosPuebla<\/title>\n<meta name=\"robots\" content=\"index, follow, max-snippet:-1, max-image-preview:large, max-video-preview:-1\" \/>\n<link rel=\"canonical\" href=\"https:\/\/www.aliadospuebla.com\/?p=114268\" \/>\n<meta property=\"og:locale\" content=\"es_ES\" \/>\n<meta property=\"og:type\" content=\"article\" \/>\n<meta property=\"og:title\" content=\"Fortalece Lupita Cuautle la educaci\u00f3n y el cuidado ambiental con entrega de apoyos en San Rafael Comac - AliadosPuebla\" \/>\n<meta property=\"og:description\" content=\"San Andr\u00e9s Cholula, Puebla. \u2013 Con el objetivo de fortalecer la educaci\u00f3n y promover la responsabilidad ambiental desde la ni\u00f1ez, la presidenta municipal de Guadalupe Cuautle Torres encabez\u00f3 la entrega de apoyos \u201cEn Materia Educativa\u201d y la jornada \u201cAdopta un \u00c1rbol\u201d en el Jard\u00edn de Ni\u00f1os Mostlati, ubicado en la junta auxiliar de San Rafael Comac. En su mensaje, la alcaldesa destac\u00f3 que invertir en educaci\u00f3n significa brindar m\u00e1s oportunidades de desarrollo para las ni\u00f1as y ni\u00f1os, adem\u00e1s de contribuir a reducir brechas de desigualdad mediante acciones que fortalezcan el bienestar social y el tejido comunitario. Asimismo, se realiz\u00f3 la entrega simb\u00f3lica de un apoyo econ\u00f3mico por 25 mil pesos al plantel educativo, recurso destinado a mejorar las condiciones y el equipamiento escolar en beneficio&hellip;Leer m\u00e1s...\" \/>\n<meta property=\"og:url\" content=\"https:\/\/www.aliadospuebla.com\/?p=114268\" \/>\n<meta property=\"og:site_name\" content=\"AliadosPuebla\" \/>\n<meta property=\"article:author\" content=\"https:\/\/www.facebook.com\/Aliados17Pue\" \/>\n<meta property=\"article:published_time\" content=\"2026-05-26T13:02:10+00:00\" \/>\n<meta property=\"og:image\" content=\"https:\/\/www.aliadospuebla.com\/web2017\/wp-content\/uploads\/2026\/05\/193.jpg\" \/>\n\t<meta property=\"og:image:width\" content=\"600\" \/>\n\t<meta property=\"og:image:height\" content=\"450\" \/>\n\t<meta property=\"og:image:type\" content=\"image\/jpeg\" \/>\n<meta name=\"author\" content=\"Aliados17\" \/>\n<meta name=\"twitter:card\" content=\"summary_large_image\" \/>\n<meta name=\"twitter:creator\" content=\"@AliadosPuebla\" \/>\n<meta name=\"twitter:label1\" content=\"Escrito por\" \/>\n\t<meta name=\"twitter:data1\" content=\"Aliados17\" \/>\n\t<meta name=\"twitter:label2\" content=\"Tiempo de lectura\" \/>\n\t<meta name=\"twitter:data2\" content=\"2 minutos\" \/>\n<script type=\"application\/ld+json\" class=\"yoast-schema-graph\">{\"@context\":\"https:\\\/\\\/schema.org\",\"@graph\":[{\"@type\":\"Article\",\"@id\":\"https:\\\/\\\/www.aliadospuebla.com\\\/?p=114268#article\",\"isPartOf\":{\"@id\":\"https:\\\/\\\/www.aliadospuebla.com\\\/?p=114268\"},\"author\":{\"name\":\"Aliados17\",\"@id\":\"https:\\\/\\\/www.aliadospuebla.com\\\/#\\\/schema\\\/person\\\/5da7dd09320bd4f392b710017ed5f8ad\"},\"headline\":\"Fortalece Lupita Cuautle la educaci\u00f3n y el cuidado ambiental con entrega de apoyos en San Rafael Comac\",\"datePublished\":\"2026-05-26T13:02:10+00:00\",\"mainEntityOfPage\":{\"@id\":\"https:\\\/\\\/www.aliadospuebla.com\\\/?p=114268\"},\"wordCount\":261,\"commentCount\":0,\"image\":{\"@id\":\"https:\\\/\\\/www.aliadospuebla.com\\\/?p=114268#primaryimage\"},\"thumbnailUrl\":\"https:\\\/\\\/www.aliadospuebla.com\\\/web2017\\\/wp-content\\\/uploads\\\/2026\\\/05\\\/193.jpg\",\"keywords\":[\"BIENESTAR SOCIAL\",\"corresponsabilidad social\",\"cuidado ambiental\",\"equipamiento escolar\",\"Guadalupe Cuautle Torres\",\"Jard\u00edn de Ni\u00f1os Mostlati\",\"jornada \u201cAdopta un \u00c1rbol\u201d\",\"Responsabilidad ambiental\",\"San Andr\u00e9s Cholula\"],\"articleSection\":[\"Municipios\"],\"inLanguage\":\"es\",\"potentialAction\":[{\"@type\":\"CommentAction\",\"name\":\"Comment\",\"target\":[\"https:\\\/\\\/www.aliadospuebla.com\\\/?p=114268#respond\"]}]},{\"@type\":\"WebPage\",\"@id\":\"https:\\\/\\\/www.aliadospuebla.com\\\/?p=114268\",\"url\":\"https:\\\/\\\/www.aliadospuebla.com\\\/?p=114268\",\"name\":\"Fortalece Lupita Cuautle la educaci\u00f3n y el cuidado ambiental con entrega de apoyos en San Rafael Comac - AliadosPuebla\",\"isPartOf\":{\"@id\":\"https:\\\/\\\/www.aliadospuebla.com\\\/#website\"},\"primaryImageOfPage\":{\"@id\":\"https:\\\/\\\/www.aliadospuebla.com\\\/?p=114268#primaryimage\"},\"image\":{\"@id\":\"https:\\\/\\\/www.aliadospuebla.com\\\/?p=114268#primaryimage\"},\"thumbnailUrl\":\"https:\\\/\\\/www.aliadospuebla.com\\\/web2017\\\/wp-content\\\/uploads\\\/2026\\\/05\\\/193.jpg\",\"datePublished\":\"2026-05-26T13:02:10+00:00\",\"author\":{\"@id\":\"https:\\\/\\\/www.aliadospuebla.com\\\/#\\\/schema\\\/person\\\/5da7dd09320bd4f392b710017ed5f8ad\"},\"breadcrumb\":{\"@id\":\"https:\\\/\\\/www.aliadospuebla.com\\\/?p=114268#breadcrumb\"},\"inLanguage\":\"es\",\"potentialAction\":[{\"@type\":\"ReadAction\",\"target\":[\"https:\\\/\\\/www.aliadospuebla.com\\\/?p=114268\"]}]},{\"@type\":\"ImageObject\",\"inLanguage\":\"es\",\"@id\":\"https:\\\/\\\/www.aliadospuebla.com\\\/?p=114268#primaryimage\",\"url\":\"https:\\\/\\\/www.aliadospuebla.com\\\/web2017\\\/wp-content\\\/uploads\\\/2026\\\/05\\\/193.jpg\",\"contentUrl\":\"https:\\\/\\\/www.aliadospuebla.com\\\/web2017\\\/wp-content\\\/uploads\\\/2026\\\/05\\\/193.jpg\",\"width\":600,\"height\":450},{\"@type\":\"BreadcrumbList\",\"@id\":\"https:\\\/\\\/www.aliadospuebla.com\\\/?p=114268#breadcrumb\",\"itemListElement\":[{\"@type\":\"ListItem\",\"position\":1,\"name\":\"Portada\",\"item\":\"https:\\\/\\\/www.aliadospuebla.com\\\/\"},{\"@type\":\"ListItem\",\"position\":2,\"name\":\"Fortalece Lupita Cuautle la educaci\u00f3n y el cuidado ambiental con entrega de apoyos en San Rafael Comac\"}]},{\"@type\":\"WebSite\",\"@id\":\"https:\\\/\\\/www.aliadospuebla.com\\\/#website\",\"url\":\"https:\\\/\\\/www.aliadospuebla.com\\\/\",\"name\":\"AliadosPuebla\",\"description\":\"La informaci\u00f3n en tus manos\",\"potentialAction\":[{\"@type\":\"SearchAction\",\"target\":{\"@type\":\"EntryPoint\",\"urlTemplate\":\"https:\\\/\\\/www.aliadospuebla.com\\\/?s={search_term_string}\"},\"query-input\":{\"@type\":\"PropertyValueSpecification\",\"valueRequired\":true,\"valueName\":\"search_term_string\"}}],\"inLanguage\":\"es\"},{\"@type\":\"Person\",\"@id\":\"https:\\\/\\\/www.aliadospuebla.com\\\/#\\\/schema\\\/person\\\/5da7dd09320bd4f392b710017ed5f8ad\",\"name\":\"Aliados17\",\"image\":{\"@type\":\"ImageObject\",\"inLanguage\":\"es\",\"@id\":\"https:\\\/\\\/www.aliadospuebla.com\\\/web2017\\\/wp-content\\\/uploads\\\/2025\\\/03\\\/cropped-para-perfil-8-anos-1-96x96.jpg\",\"url\":\"https:\\\/\\\/www.aliadospuebla.com\\\/web2017\\\/wp-content\\\/uploads\\\/2025\\\/03\\\/cropped-para-perfil-8-anos-1-96x96.jpg\",\"contentUrl\":\"https:\\\/\\\/www.aliadospuebla.com\\\/web2017\\\/wp-content\\\/uploads\\\/2025\\\/03\\\/cropped-para-perfil-8-anos-1-96x96.jpg\",\"caption\":\"Aliados17\"},\"sameAs\":[\"https:\\\/\\\/www.aliados17.com\",\"https:\\\/\\\/www.facebook.com\\\/Aliados17Pue\",\"https:\\\/\\\/x.com\\\/AliadosPuebla\"],\"url\":\"https:\\\/\\\/www.aliadospuebla.com\\\/?author=2\"}]}<\/script>\n<!-- \/ Yoast SEO plugin. -->","yoast_head_json":{"title":"Fortalece Lupita Cuautle la educaci\u00f3n y el cuidado ambiental con entrega de apoyos en San Rafael Comac - AliadosPuebla","robots":{"index":"index","follow":"follow","max-snippet":"max-snippet:-1","max-image-preview":"max-image-preview:large","max-video-preview":"max-video-preview:-1"},"canonical":"https:\/\/www.aliadospuebla.com\/?p=114268","og_locale":"es_ES","og_type":"article","og_title":"Fortalece Lupita Cuautle la educaci\u00f3n y el cuidado ambiental con entrega de apoyos en San Rafael Comac - AliadosPuebla","og_description":"San Andr\u00e9s Cholula, Puebla. \u2013 Con el objetivo de fortalecer la educaci\u00f3n y promover la responsabilidad ambiental desde la ni\u00f1ez, la presidenta municipal de Guadalupe Cuautle Torres encabez\u00f3 la entrega de apoyos \u201cEn Materia Educativa\u201d y la jornada \u201cAdopta un \u00c1rbol\u201d en el Jard\u00edn de Ni\u00f1os Mostlati, ubicado en la junta auxiliar de San Rafael Comac. En su mensaje, la alcaldesa destac\u00f3 que invertir en educaci\u00f3n significa brindar m\u00e1s oportunidades de desarrollo para las ni\u00f1as y ni\u00f1os, adem\u00e1s de contribuir a reducir brechas de desigualdad mediante acciones que fortalezcan el bienestar social y el tejido comunitario. Asimismo, se realiz\u00f3 la entrega simb\u00f3lica de un apoyo econ\u00f3mico por 25 mil pesos al plantel educativo, recurso destinado a mejorar las condiciones y el equipamiento escolar en beneficio&hellip;Leer m\u00e1s...","og_url":"https:\/\/www.aliadospuebla.com\/?p=114268","og_site_name":"AliadosPuebla","article_author":"https:\/\/www.facebook.com\/Aliados17Pue","article_published_time":"2026-05-26T13:02:10+00:00","og_image":[{"width":600,"height":450,"url":"https:\/\/www.aliadospuebla.com\/web2017\/wp-content\/uploads\/2026\/05\/193.jpg","type":"image\/jpeg"}],"author":"Aliados17","twitter_card":"summary_large_image","twitter_creator":"@AliadosPuebla","twitter_misc":{"Escrito por":"Aliados17","Tiempo de lectura":"2 minutos"},"schema":{"@context":"https:\/\/schema.org","@graph":[{"@type":"Article","@id":"https:\/\/www.aliadospuebla.com\/?p=114268#article","isPartOf":{"@id":"https:\/\/www.aliadospuebla.com\/?p=114268"},"author":{"name":"Aliados17","@id":"https:\/\/www.aliadospuebla.com\/#\/schema\/person\/5da7dd09320bd4f392b710017ed5f8ad"},"headline":"Fortalece Lupita Cuautle la educaci\u00f3n y el cuidado ambiental con entrega de apoyos en San Rafael Comac","datePublished":"2026-05-26T13:02:10+00:00","mainEntityOfPage":{"@id":"https:\/\/www.aliadospuebla.com\/?p=114268"},"wordCount":261,"commentCount":0,"image":{"@id":"https:\/\/www.aliadospuebla.com\/?p=114268#primaryimage"},"thumbnailUrl":"https:\/\/www.aliadospuebla.com\/web2017\/wp-content\/uploads\/2026\/05\/193.jpg","keywords":["BIENESTAR SOCIAL","corresponsabilidad social","cuidado ambiental","equipamiento escolar","Guadalupe Cuautle Torres","Jard\u00edn de Ni\u00f1os Mostlati","jornada \u201cAdopta un \u00c1rbol\u201d","Responsabilidad ambiental","San Andr\u00e9s Cholula"],"articleSection":["Municipios"],"inLanguage":"es","potentialAction":[{"@type":"CommentAction","name":"Comment","target":["https:\/\/www.aliadospuebla.com\/?p=114268#respond"]}]},{"@type":"WebPage","@id":"https:\/\/www.aliadospuebla.com\/?p=114268","url":"https:\/\/www.aliadospuebla.com\/?p=114268","name":"Fortalece Lupita Cuautle la educaci\u00f3n y el cuidado ambiental con entrega de apoyos en San Rafael Comac - AliadosPuebla","isPartOf":{"@id":"https:\/\/www.aliadospuebla.com\/#website"},"primaryImageOfPage":{"@id":"https:\/\/www.aliadospuebla.com\/?p=114268#primaryimage"},"image":{"@id":"https:\/\/www.aliadospuebla.com\/?p=114268#primaryimage"},"thumbnailUrl":"https:\/\/www.aliadospuebla.com\/web2017\/wp-content\/uploads\/2026\/05\/193.jpg","datePublished":"2026-05-26T13:02:10+00:00","author":{"@id":"https:\/\/www.aliadospuebla.com\/#\/schema\/person\/5da7dd09320bd4f392b710017ed5f8ad"},"breadcrumb":{"@id":"https:\/\/www.aliadospuebla.com\/?p=114268#breadcrumb"},"inLanguage":"es","potentialAction":[{"@type":"ReadAction","target":["https:\/\/www.aliadospuebla.com\/?p=114268"]}]},{"@type":"ImageObject","inLanguage":"es","@id":"https:\/\/www.aliadospuebla.com\/?p=114268#primaryimage","url":"https:\/\/www.aliadospuebla.com\/web2017\/wp-content\/uploads\/2026\/05\/193.jpg","contentUrl":"https:\/\/www.aliadospuebla.com\/web2017\/wp-content\/uploads\/2026\/05\/193.jpg","width":600,"height":450},{"@type":"BreadcrumbList","@id":"https:\/\/www.aliadospuebla.com\/?p=114268#breadcrumb","itemListElement":[{"@type":"ListItem","position":1,"name":"Portada","item":"https:\/\/www.aliadospuebla.com\/"},{"@type":"ListItem","position":2,"name":"Fortalece Lupita Cuautle la educaci\u00f3n y el cuidado ambiental con entrega de apoyos en San Rafael Comac"}]},{"@type":"WebSite","@id":"https:\/\/www.aliadospuebla.com\/#website","url":"https:\/\/www.aliadospuebla.com\/","name":"AliadosPuebla","description":"La informaci\u00f3n en tus manos","potentialAction":[{"@type":"SearchAction","target":{"@type":"EntryPoint","urlTemplate":"https:\/\/www.aliadospuebla.com\/?s={search_term_string}"},"query-input":{"@type":"PropertyValueSpecification","valueRequired":true,"valueName":"search_term_string"}}],"inLanguage":"es"},{"@type":"Person","@id":"https:\/\/www.aliadospuebla.com\/#\/schema\/person\/5da7dd09320bd4f392b710017ed5f8ad","name":"Aliados17","image":{"@type":"ImageObject","inLanguage":"es","@id":"https:\/\/www.aliadospuebla.com\/web2017\/wp-content\/uploads\/2025\/03\/cropped-para-perfil-8-anos-1-96x96.jpg","url":"https:\/\/www.aliadospuebla.com\/web2017\/wp-content\/uploads\/2025\/03\/cropped-para-perfil-8-anos-1-96x96.jpg","contentUrl":"https:\/\/www.aliadospuebla.com\/web2017\/wp-content\/uploads\/2025\/03\/cropped-para-perfil-8-anos-1-96x96.jpg","caption":"Aliados17"},"sameAs":["https:\/\/www.aliados17.com","https:\/\/www.facebook.com\/Aliados17Pue","https:\/\/x.com\/AliadosPuebla"],"url":"https:\/\/www.aliadospuebla.com\/?author=2"}]}},"views":13,"_links":{"self":[{"href":"https:\/\/www.aliadospuebla.com\/index.php?rest_route=\/wp\/v2\/posts\/114268","targetHints":{"allow":["GET"]}}],"collection":[{"href":"https:\/\/www.aliadospuebla.com\/index.php?rest_route=\/wp\/v2\/posts"}],"about":[{"href":"https:\/\/www.aliadospuebla.com\/index.php?rest_route=\/wp\/v2\/types\/post"}],"author":[{"embeddable":true,"href":"https:\/\/www.aliadospuebla.com\/index.php?rest_route=\/wp\/v2\/users\/2"}],"replies":[{"embeddable":true,"href":"https:\/\/www.aliadospuebla.com\/index.php?rest_route=%2Fwp%2Fv2%2Fcomments&post=114268"}],"version-history":[{"count":1,"href":"https:\/\/www.aliadospuebla.com\/index.php?rest_route=\/wp\/v2\/posts\/114268\/revisions"}],"predecessor-version":[{"id":114270,"href":"https:\/\/www.aliadospuebla.com\/index.php?rest_route=\/wp\/v2\/posts\/114268\/revisions\/114270"}],"wp:featuredmedia":[{"embeddable":true,"href":"https:\/\/www.aliadospuebla.com\/index.php?rest_route=\/wp\/v2\/media\/114269"}],"wp:attachment":[{"href":"https:\/\/www.aliadospuebla.com\/index.php?rest_route=%2Fwp%2Fv2%2Fmedia&parent=114268"}],"wp:term":[{"taxonomy":"category","embeddable":true,"href":"https:\/\/www.aliadospuebla.com\/index.php?rest_route=%2Fwp%2Fv2%2Fcategories&post=114268"},{"taxonomy":"post_tag","embeddable":true,"href":"https:\/\/www.aliadospuebla.com\/index.php?rest_route=%2Fwp%2Fv2%2Ftags&post=114268"}],"curies":[{"name":"wp","href":"https:\/\/api.w.org\/{rel}","templated":true}]}}