{"id":114235,"date":"2026-05-24T18:57:22","date_gmt":"2026-05-25T00:57:22","guid":{"rendered":"https:\/\/www.aliadospuebla.com\/?p=114235"},"modified":"2026-05-24T18:57:22","modified_gmt":"2026-05-25T00:57:22","slug":"gobierno-de-tonantzin-fernandez-refuerza-jornadas-de-limpieza-en-juntas-auxiliares","status":"publish","type":"post","link":"https:\/\/www.aliadospuebla.com\/?p=114235","title":{"rendered":"Gobierno de Tonantzin Fern\u00e1ndez refuerza jornadas de limpieza en juntas auxiliares"},"content":{"rendered":"<h4>El Organismo Operador del Servicio de Limpia atendi\u00f3 15 calles en San Mat\u00edas Cocoyotla como parte del programa \u201cBarriendo tu Calle\u201d<\/h4>\n<p>San Pedro Cholula, Pue. \u2013 Con el objetivo de fortalecer la limpieza de los espacios p\u00fablicos y contribuir al bienestar de las y los habitantes de la comunidad, el Organismo Operador del Servicio de Limpia de San Pedro Cholula realiz\u00f3 de manera exitosa una jornada de recolecci\u00f3n de residuos s\u00f3lidos en la junta auxiliar de San Mat\u00edas Cocoyotla, como parte de las acciones del programa \u201cBarriendo tu Calle\u201d.<\/p>\n<p>Durante esta jornada, personal del organismo recorri\u00f3 un total de 15 calles, atendiendo de manera puntual las necesidades de limpieza de la zona. Entre los puntos intervenidos se encuentran el M\u00f3dulo Expositor, con cobertura en cuatro calles; 14 Poniente; Privada de la 14 Poniente; 2da Privada de la 15 Norte, tambi\u00e9n con atenci\u00f3n en cuatro calles; adem\u00e1s de vialidades como Tlahuapan, Tecali, Paso del Venado, Privada Paso del Venado, Diagonal Ju\u00e1rez y Tehuac\u00e1n.<\/p>\n<p>Cabe recordar que el programa \u201cBarriendo tu Calle\u201d tiene como prop\u00f3sito acercar servicios de limpieza a las juntas auxiliares y diferentes puntos del municipio, manteniendo espacios p\u00fablicos en mejores condiciones para las familias cholultecas.<\/p>\n<p>En este sentido, se reitera el compromiso de continuar visitando y atendiendo el resto de juntas auxiliares durante lo que resta del a\u00f1o y el siguiente, as\u00ed como invitar a la ciudadan\u00eda a mantenerse en comunicaci\u00f3n con el organismo para atender cualquier necesidad relacionada con los servicios de limpieza y recolecci\u00f3n.<\/p>\n<p>Estas acciones forman parte del compromiso del Gobierno Municipal encabezado por la presidenta Tonantzin Fern\u00e1ndez, que contin\u00faa impulsando programas y proyectos enfocados en el mejoramiento de la imagen urbana, as\u00ed como en fortalecer la calidad de vida y bienestar de las y los ciudadanos.<\/p>\n","protected":false},"excerpt":{"rendered":"<p>El Organismo Operador del Servicio de Limpia atendi\u00f3 15 calles en San Mat\u00edas Cocoyotla como parte del programa \u201cBarriendo tu Calle\u201d San Pedro Cholula, Pue. \u2013 Con el objetivo de fortalecer la limpieza de los espacios p\u00fablicos y contribuir al bienestar de las y los habitantes de la comunidad, el Organismo Operador del Servicio de Limpia de San Pedro Cholula realiz\u00f3 de manera exitosa una jornada de recolecci\u00f3n de residuos s\u00f3lidos en la junta auxiliar de San Mat\u00edas Cocoyotla, como parte de las acciones del programa \u201cBarriendo tu Calle\u201d. Durante esta jornada, personal del organismo recorri\u00f3 un total de 15 calles, atendiendo de manera puntual las necesidades de limpieza de la zona. Entre los puntos intervenidos se encuentran el M\u00f3dulo Expositor, con cobertura en cuatro&hellip;<\/p>\n<p class=\"excerpt-more\"><a class=\"blog-excerpt button\" href=\"https:\/\/www.aliadospuebla.com\/?p=114235\">Leer m\u00e1s&#8230;<\/a><\/p>\n","protected":false},"author":2,"featured_media":114236,"comment_status":"open","ping_status":"open","sticky":false,"template":"","format":"standard","meta":{"_monsterinsights_skip_tracking":false,"footnotes":""},"categories":[4],"tags":[33782,3303,18346,387,7394],"class_list":["post-114235","post","type-post","status-publish","format-standard","has-post-thumbnail","hentry","category-municipios","tag-barriendo-tu-calle","tag-espacios-publicos","tag-san-matias-cocoyotla","tag-san-pedro-cholula","tag-tonantzin-fernandez"],"yoast_head":"<!-- This site is optimized with the Yoast SEO plugin v28.4 - https:\/\/yoast.com\/product\/yoast-seo-wordpress\/ -->\n<title>Gobierno de Tonantzin Fern\u00e1ndez refuerza jornadas de limpieza en juntas auxiliares - AliadosPuebla<\/title>\n<meta name=\"robots\" content=\"index, follow, max-snippet:-1, max-image-preview:large, max-video-preview:-1\" \/>\n<link rel=\"canonical\" href=\"https:\/\/www.aliadospuebla.com\/?p=114235\" \/>\n<meta property=\"og:locale\" content=\"es_ES\" \/>\n<meta property=\"og:type\" content=\"article\" \/>\n<meta property=\"og:title\" content=\"Gobierno de Tonantzin Fern\u00e1ndez refuerza jornadas de limpieza en juntas auxiliares - AliadosPuebla\" \/>\n<meta property=\"og:description\" content=\"El Organismo Operador del Servicio de Limpia atendi\u00f3 15 calles en San Mat\u00edas Cocoyotla como parte del programa \u201cBarriendo tu Calle\u201d San Pedro Cholula, Pue. \u2013 Con el objetivo de fortalecer la limpieza de los espacios p\u00fablicos y contribuir al bienestar de las y los habitantes de la comunidad, el Organismo Operador del Servicio de Limpia de San Pedro Cholula realiz\u00f3 de manera exitosa una jornada de recolecci\u00f3n de residuos s\u00f3lidos en la junta auxiliar de San Mat\u00edas Cocoyotla, como parte de las acciones del programa \u201cBarriendo tu Calle\u201d. Durante esta jornada, personal del organismo recorri\u00f3 un total de 15 calles, atendiendo de manera puntual las necesidades de limpieza de la zona. Entre los puntos intervenidos se encuentran el M\u00f3dulo Expositor, con cobertura en cuatro&hellip;Leer m\u00e1s...\" \/>\n<meta property=\"og:url\" content=\"https:\/\/www.aliadospuebla.com\/?p=114235\" \/>\n<meta property=\"og:site_name\" content=\"AliadosPuebla\" \/>\n<meta property=\"article:author\" content=\"https:\/\/www.facebook.com\/Aliados17Pue\" \/>\n<meta property=\"article:published_time\" content=\"2026-05-25T00:57:22+00:00\" \/>\n<meta property=\"og:image\" content=\"https:\/\/www.aliadospuebla.com\/web2017\/wp-content\/uploads\/2026\/05\/185.jpg\" \/>\n\t<meta property=\"og:image:width\" content=\"600\" \/>\n\t<meta property=\"og:image:height\" content=\"450\" \/>\n\t<meta property=\"og:image:type\" content=\"image\/jpeg\" \/>\n<meta name=\"author\" content=\"Aliados17\" \/>\n<meta name=\"twitter:card\" content=\"summary_large_image\" \/>\n<meta name=\"twitter:creator\" content=\"@AliadosPuebla\" \/>\n<meta name=\"twitter:label1\" content=\"Escrito por\" \/>\n\t<meta name=\"twitter:data1\" content=\"Aliados17\" \/>\n\t<meta name=\"twitter:label2\" content=\"Tiempo de lectura\" \/>\n\t<meta name=\"twitter:data2\" content=\"2 minutos\" \/>\n<script type=\"application\/ld+json\" class=\"yoast-schema-graph\">{\"@context\":\"https:\\\/\\\/schema.org\",\"@graph\":[{\"@type\":\"Article\",\"@id\":\"https:\\\/\\\/www.aliadospuebla.com\\\/?p=114235#article\",\"isPartOf\":{\"@id\":\"https:\\\/\\\/www.aliadospuebla.com\\\/?p=114235\"},\"author\":{\"name\":\"Aliados17\",\"@id\":\"https:\\\/\\\/www.aliadospuebla.com\\\/#\\\/schema\\\/person\\\/5da7dd09320bd4f392b710017ed5f8ad\"},\"headline\":\"Gobierno de Tonantzin Fern\u00e1ndez refuerza jornadas de limpieza en juntas auxiliares\",\"datePublished\":\"2026-05-25T00:57:22+00:00\",\"mainEntityOfPage\":{\"@id\":\"https:\\\/\\\/www.aliadospuebla.com\\\/?p=114235\"},\"wordCount\":316,\"commentCount\":0,\"image\":{\"@id\":\"https:\\\/\\\/www.aliadospuebla.com\\\/?p=114235#primaryimage\"},\"thumbnailUrl\":\"https:\\\/\\\/www.aliadospuebla.com\\\/web2017\\\/wp-content\\\/uploads\\\/2026\\\/05\\\/185.jpg\",\"keywords\":[\"Barriendo tu Calle\",\"ESPACIOS P\u00daBLICOS\",\"San Mat\u00edas Cocoyotla\",\"SAN PEDRO CHOLULA\",\"TONANTZIN FERN\u00c1NDEZ\"],\"articleSection\":[\"Municipios\"],\"inLanguage\":\"es\",\"potentialAction\":[{\"@type\":\"CommentAction\",\"name\":\"Comment\",\"target\":[\"https:\\\/\\\/www.aliadospuebla.com\\\/?p=114235#respond\"]}]},{\"@type\":\"WebPage\",\"@id\":\"https:\\\/\\\/www.aliadospuebla.com\\\/?p=114235\",\"url\":\"https:\\\/\\\/www.aliadospuebla.com\\\/?p=114235\",\"name\":\"Gobierno de Tonantzin Fern\u00e1ndez refuerza jornadas de limpieza en juntas auxiliares - AliadosPuebla\",\"isPartOf\":{\"@id\":\"https:\\\/\\\/www.aliadospuebla.com\\\/#website\"},\"primaryImageOfPage\":{\"@id\":\"https:\\\/\\\/www.aliadospuebla.com\\\/?p=114235#primaryimage\"},\"image\":{\"@id\":\"https:\\\/\\\/www.aliadospuebla.com\\\/?p=114235#primaryimage\"},\"thumbnailUrl\":\"https:\\\/\\\/www.aliadospuebla.com\\\/web2017\\\/wp-content\\\/uploads\\\/2026\\\/05\\\/185.jpg\",\"datePublished\":\"2026-05-25T00:57:22+00:00\",\"author\":{\"@id\":\"https:\\\/\\\/www.aliadospuebla.com\\\/#\\\/schema\\\/person\\\/5da7dd09320bd4f392b710017ed5f8ad\"},\"breadcrumb\":{\"@id\":\"https:\\\/\\\/www.aliadospuebla.com\\\/?p=114235#breadcrumb\"},\"inLanguage\":\"es\",\"potentialAction\":[{\"@type\":\"ReadAction\",\"target\":[\"https:\\\/\\\/www.aliadospuebla.com\\\/?p=114235\"]}]},{\"@type\":\"ImageObject\",\"inLanguage\":\"es\",\"@id\":\"https:\\\/\\\/www.aliadospuebla.com\\\/?p=114235#primaryimage\",\"url\":\"https:\\\/\\\/www.aliadospuebla.com\\\/web2017\\\/wp-content\\\/uploads\\\/2026\\\/05\\\/185.jpg\",\"contentUrl\":\"https:\\\/\\\/www.aliadospuebla.com\\\/web2017\\\/wp-content\\\/uploads\\\/2026\\\/05\\\/185.jpg\",\"width\":600,\"height\":450},{\"@type\":\"BreadcrumbList\",\"@id\":\"https:\\\/\\\/www.aliadospuebla.com\\\/?p=114235#breadcrumb\",\"itemListElement\":[{\"@type\":\"ListItem\",\"position\":1,\"name\":\"Portada\",\"item\":\"https:\\\/\\\/www.aliadospuebla.com\\\/\"},{\"@type\":\"ListItem\",\"position\":2,\"name\":\"Gobierno de Tonantzin Fern\u00e1ndez refuerza jornadas de limpieza en juntas auxiliares\"}]},{\"@type\":\"WebSite\",\"@id\":\"https:\\\/\\\/www.aliadospuebla.com\\\/#website\",\"url\":\"https:\\\/\\\/www.aliadospuebla.com\\\/\",\"name\":\"AliadosPuebla\",\"description\":\"La informaci\u00f3n en tus manos\",\"potentialAction\":[{\"@type\":\"SearchAction\",\"target\":{\"@type\":\"EntryPoint\",\"urlTemplate\":\"https:\\\/\\\/www.aliadospuebla.com\\\/?s={search_term_string}\"},\"query-input\":{\"@type\":\"PropertyValueSpecification\",\"valueRequired\":true,\"valueName\":\"search_term_string\"}}],\"inLanguage\":\"es\"},{\"@type\":\"Person\",\"@id\":\"https:\\\/\\\/www.aliadospuebla.com\\\/#\\\/schema\\\/person\\\/5da7dd09320bd4f392b710017ed5f8ad\",\"name\":\"Aliados17\",\"image\":{\"@type\":\"ImageObject\",\"inLanguage\":\"es\",\"@id\":\"https:\\\/\\\/www.aliadospuebla.com\\\/web2017\\\/wp-content\\\/uploads\\\/2025\\\/03\\\/cropped-para-perfil-8-anos-1-96x96.jpg\",\"url\":\"https:\\\/\\\/www.aliadospuebla.com\\\/web2017\\\/wp-content\\\/uploads\\\/2025\\\/03\\\/cropped-para-perfil-8-anos-1-96x96.jpg\",\"contentUrl\":\"https:\\\/\\\/www.aliadospuebla.com\\\/web2017\\\/wp-content\\\/uploads\\\/2025\\\/03\\\/cropped-para-perfil-8-anos-1-96x96.jpg\",\"caption\":\"Aliados17\"},\"sameAs\":[\"https:\\\/\\\/www.aliados17.com\",\"https:\\\/\\\/www.facebook.com\\\/Aliados17Pue\",\"https:\\\/\\\/x.com\\\/AliadosPuebla\"],\"url\":\"https:\\\/\\\/www.aliadospuebla.com\\\/?author=2\"}]}<\/script>\n<!-- \/ Yoast SEO plugin. -->","yoast_head_json":{"title":"Gobierno de Tonantzin Fern\u00e1ndez refuerza jornadas de limpieza en juntas auxiliares - AliadosPuebla","robots":{"index":"index","follow":"follow","max-snippet":"max-snippet:-1","max-image-preview":"max-image-preview:large","max-video-preview":"max-video-preview:-1"},"canonical":"https:\/\/www.aliadospuebla.com\/?p=114235","og_locale":"es_ES","og_type":"article","og_title":"Gobierno de Tonantzin Fern\u00e1ndez refuerza jornadas de limpieza en juntas auxiliares - AliadosPuebla","og_description":"El Organismo Operador del Servicio de Limpia atendi\u00f3 15 calles en San Mat\u00edas Cocoyotla como parte del programa \u201cBarriendo tu Calle\u201d San Pedro Cholula, Pue. \u2013 Con el objetivo de fortalecer la limpieza de los espacios p\u00fablicos y contribuir al bienestar de las y los habitantes de la comunidad, el Organismo Operador del Servicio de Limpia de San Pedro Cholula realiz\u00f3 de manera exitosa una jornada de recolecci\u00f3n de residuos s\u00f3lidos en la junta auxiliar de San Mat\u00edas Cocoyotla, como parte de las acciones del programa \u201cBarriendo tu Calle\u201d. Durante esta jornada, personal del organismo recorri\u00f3 un total de 15 calles, atendiendo de manera puntual las necesidades de limpieza de la zona. Entre los puntos intervenidos se encuentran el M\u00f3dulo Expositor, con cobertura en cuatro&hellip;Leer m\u00e1s...","og_url":"https:\/\/www.aliadospuebla.com\/?p=114235","og_site_name":"AliadosPuebla","article_author":"https:\/\/www.facebook.com\/Aliados17Pue","article_published_time":"2026-05-25T00:57:22+00:00","og_image":[{"width":600,"height":450,"url":"https:\/\/www.aliadospuebla.com\/web2017\/wp-content\/uploads\/2026\/05\/185.jpg","type":"image\/jpeg"}],"author":"Aliados17","twitter_card":"summary_large_image","twitter_creator":"@AliadosPuebla","twitter_misc":{"Escrito por":"Aliados17","Tiempo de lectura":"2 minutos"},"schema":{"@context":"https:\/\/schema.org","@graph":[{"@type":"Article","@id":"https:\/\/www.aliadospuebla.com\/?p=114235#article","isPartOf":{"@id":"https:\/\/www.aliadospuebla.com\/?p=114235"},"author":{"name":"Aliados17","@id":"https:\/\/www.aliadospuebla.com\/#\/schema\/person\/5da7dd09320bd4f392b710017ed5f8ad"},"headline":"Gobierno de Tonantzin Fern\u00e1ndez refuerza jornadas de limpieza en juntas auxiliares","datePublished":"2026-05-25T00:57:22+00:00","mainEntityOfPage":{"@id":"https:\/\/www.aliadospuebla.com\/?p=114235"},"wordCount":316,"commentCount":0,"image":{"@id":"https:\/\/www.aliadospuebla.com\/?p=114235#primaryimage"},"thumbnailUrl":"https:\/\/www.aliadospuebla.com\/web2017\/wp-content\/uploads\/2026\/05\/185.jpg","keywords":["Barriendo tu Calle","ESPACIOS P\u00daBLICOS","San Mat\u00edas Cocoyotla","SAN PEDRO CHOLULA","TONANTZIN FERN\u00c1NDEZ"],"articleSection":["Municipios"],"inLanguage":"es","potentialAction":[{"@type":"CommentAction","name":"Comment","target":["https:\/\/www.aliadospuebla.com\/?p=114235#respond"]}]},{"@type":"WebPage","@id":"https:\/\/www.aliadospuebla.com\/?p=114235","url":"https:\/\/www.aliadospuebla.com\/?p=114235","name":"Gobierno de Tonantzin Fern\u00e1ndez refuerza jornadas de limpieza en juntas auxiliares - AliadosPuebla","isPartOf":{"@id":"https:\/\/www.aliadospuebla.com\/#website"},"primaryImageOfPage":{"@id":"https:\/\/www.aliadospuebla.com\/?p=114235#primaryimage"},"image":{"@id":"https:\/\/www.aliadospuebla.com\/?p=114235#primaryimage"},"thumbnailUrl":"https:\/\/www.aliadospuebla.com\/web2017\/wp-content\/uploads\/2026\/05\/185.jpg","datePublished":"2026-05-25T00:57:22+00:00","author":{"@id":"https:\/\/www.aliadospuebla.com\/#\/schema\/person\/5da7dd09320bd4f392b710017ed5f8ad"},"breadcrumb":{"@id":"https:\/\/www.aliadospuebla.com\/?p=114235#breadcrumb"},"inLanguage":"es","potentialAction":[{"@type":"ReadAction","target":["https:\/\/www.aliadospuebla.com\/?p=114235"]}]},{"@type":"ImageObject","inLanguage":"es","@id":"https:\/\/www.aliadospuebla.com\/?p=114235#primaryimage","url":"https:\/\/www.aliadospuebla.com\/web2017\/wp-content\/uploads\/2026\/05\/185.jpg","contentUrl":"https:\/\/www.aliadospuebla.com\/web2017\/wp-content\/uploads\/2026\/05\/185.jpg","width":600,"height":450},{"@type":"BreadcrumbList","@id":"https:\/\/www.aliadospuebla.com\/?p=114235#breadcrumb","itemListElement":[{"@type":"ListItem","position":1,"name":"Portada","item":"https:\/\/www.aliadospuebla.com\/"},{"@type":"ListItem","position":2,"name":"Gobierno de Tonantzin Fern\u00e1ndez refuerza jornadas de limpieza en juntas auxiliares"}]},{"@type":"WebSite","@id":"https:\/\/www.aliadospuebla.com\/#website","url":"https:\/\/www.aliadospuebla.com\/","name":"AliadosPuebla","description":"La informaci\u00f3n en tus manos","potentialAction":[{"@type":"SearchAction","target":{"@type":"EntryPoint","urlTemplate":"https:\/\/www.aliadospuebla.com\/?s={search_term_string}"},"query-input":{"@type":"PropertyValueSpecification","valueRequired":true,"valueName":"search_term_string"}}],"inLanguage":"es"},{"@type":"Person","@id":"https:\/\/www.aliadospuebla.com\/#\/schema\/person\/5da7dd09320bd4f392b710017ed5f8ad","name":"Aliados17","image":{"@type":"ImageObject","inLanguage":"es","@id":"https:\/\/www.aliadospuebla.com\/web2017\/wp-content\/uploads\/2025\/03\/cropped-para-perfil-8-anos-1-96x96.jpg","url":"https:\/\/www.aliadospuebla.com\/web2017\/wp-content\/uploads\/2025\/03\/cropped-para-perfil-8-anos-1-96x96.jpg","contentUrl":"https:\/\/www.aliadospuebla.com\/web2017\/wp-content\/uploads\/2025\/03\/cropped-para-perfil-8-anos-1-96x96.jpg","caption":"Aliados17"},"sameAs":["https:\/\/www.aliados17.com","https:\/\/www.facebook.com\/Aliados17Pue","https:\/\/x.com\/AliadosPuebla"],"url":"https:\/\/www.aliadospuebla.com\/?author=2"}]}},"views":17,"_links":{"self":[{"href":"https:\/\/www.aliadospuebla.com\/index.php?rest_route=\/wp\/v2\/posts\/114235","targetHints":{"allow":["GET"]}}],"collection":[{"href":"https:\/\/www.aliadospuebla.com\/index.php?rest_route=\/wp\/v2\/posts"}],"about":[{"href":"https:\/\/www.aliadospuebla.com\/index.php?rest_route=\/wp\/v2\/types\/post"}],"author":[{"embeddable":true,"href":"https:\/\/www.aliadospuebla.com\/index.php?rest_route=\/wp\/v2\/users\/2"}],"replies":[{"embeddable":true,"href":"https:\/\/www.aliadospuebla.com\/index.php?rest_route=%2Fwp%2Fv2%2Fcomments&post=114235"}],"version-history":[{"count":1,"href":"https:\/\/www.aliadospuebla.com\/index.php?rest_route=\/wp\/v2\/posts\/114235\/revisions"}],"predecessor-version":[{"id":114237,"href":"https:\/\/www.aliadospuebla.com\/index.php?rest_route=\/wp\/v2\/posts\/114235\/revisions\/114237"}],"wp:featuredmedia":[{"embeddable":true,"href":"https:\/\/www.aliadospuebla.com\/index.php?rest_route=\/wp\/v2\/media\/114236"}],"wp:attachment":[{"href":"https:\/\/www.aliadospuebla.com\/index.php?rest_route=%2Fwp%2Fv2%2Fmedia&parent=114235"}],"wp:term":[{"taxonomy":"category","embeddable":true,"href":"https:\/\/www.aliadospuebla.com\/index.php?rest_route=%2Fwp%2Fv2%2Fcategories&post=114235"},{"taxonomy":"post_tag","embeddable":true,"href":"https:\/\/www.aliadospuebla.com\/index.php?rest_route=%2Fwp%2Fv2%2Ftags&post=114235"}],"curies":[{"name":"wp","href":"https:\/\/api.w.org\/{rel}","templated":true}]}}