{"id":114124,"date":"2026-05-20T20:46:07","date_gmt":"2026-05-21T02:46:07","guid":{"rendered":"https:\/\/www.aliadospuebla.com\/?p=114124"},"modified":"2026-05-20T20:46:07","modified_gmt":"2026-05-21T02:46:07","slug":"tonantzin-fernandez-consolida-los-miercoles-del-pueblo-como-un-programa-de-resultados-para-san-pedro-cholula","status":"publish","type":"post","link":"https:\/\/www.aliadospuebla.com\/?p=114124","title":{"rendered":"Tonantzin Fern\u00e1ndez consolida los Mi\u00e9rcoles del Pueblo como un programa de resultados para San Pedro Cholula"},"content":{"rendered":"<h4>El programa de atenci\u00f3n ciudadana contin\u00faa brindando apoyos y soluciones directas a cholultecas<\/h4>\n<p>San Pedro Cholula, Pue. \u2013 Como una de las pol\u00edticas p\u00fablicas y programas insignia del Gobierno Municipal de San Pedro Cholula, presidido por Tonantzin Fern\u00e1ndez, los Mi\u00e9rcoles del Pueblo contin\u00faan dando muestra de la cercan\u00eda y sensibilidad de la actual administraci\u00f3n, adem\u00e1s de contribuir al bienestar de las familias cholultecas.<\/p>\n<p>Bajo esta premisa, se llev\u00f3 a cabo la entrega de apoyos econ\u00f3micos a mujeres y hombres que realizaron su solicitud en ediciones anteriores de los Mi\u00e9rcoles del Pueblo. Estos apoyos tuvieron como finalidad la realizaci\u00f3n de estudios m\u00e9dicos, el fortalecimiento de tradiciones del municipio, el impulso a deportistas locales y la atenci\u00f3n de diversas necesidades.<\/p>\n<p>Al respecto, Tonantzin Fern\u00e1ndez agradeci\u00f3 la presencia de las y los regidores, ya que, se\u00f1al\u00f3, este ejercicio de participaci\u00f3n ciudadana permite generar oportunidades y transformar vidas, adem\u00e1s de reflejar el respaldo para su implementaci\u00f3n y continuidad.<\/p>\n<p>De igual forma, agradeci\u00f3 a las y los ciudadanos que se han acercado a los Mi\u00e9rcoles del Pueblo para externar sus preocupaciones, inquietudes y necesidades, destacando que, a trav\u00e9s de este programa, tambi\u00e9n se han otorgado descuentos, obras, servicios p\u00fablicos y aparatos funcionales para personas con discapacidad.<\/p>\n<p>Por su parte, las y los beneficiarios expresaron su agradecimiento a la presidenta municipal y a su equipo de trabajo, resaltando la empat\u00eda y cercan\u00eda con la que se conduce la administraci\u00f3n, e invitando a m\u00e1s cholultecas a acercarse durante estas jornadas de atenci\u00f3n ciudadana.<\/p>\n","protected":false},"excerpt":{"rendered":"<p>El programa de atenci\u00f3n ciudadana contin\u00faa brindando apoyos y soluciones directas a cholultecas San Pedro Cholula, Pue. \u2013 Como una de las pol\u00edticas p\u00fablicas y programas insignia del Gobierno Municipal de San Pedro Cholula, presidido por Tonantzin Fern\u00e1ndez, los Mi\u00e9rcoles del Pueblo contin\u00faan dando muestra de la cercan\u00eda y sensibilidad de la actual administraci\u00f3n, adem\u00e1s de contribuir al bienestar de las familias cholultecas. Bajo esta premisa, se llev\u00f3 a cabo la entrega de apoyos econ\u00f3micos a mujeres y hombres que realizaron su solicitud en ediciones anteriores de los Mi\u00e9rcoles del Pueblo. Estos apoyos tuvieron como finalidad la realizaci\u00f3n de estudios m\u00e9dicos, el fortalecimiento de tradiciones del municipio, el impulso a deportistas locales y la atenci\u00f3n de diversas necesidades. Al respecto, Tonantzin Fern\u00e1ndez agradeci\u00f3 la presencia&hellip;<\/p>\n<p class=\"excerpt-more\"><a class=\"blog-excerpt button\" href=\"https:\/\/www.aliadospuebla.com\/?p=114124\">Leer m\u00e1s&#8230;<\/a><\/p>\n","protected":false},"author":2,"featured_media":114125,"comment_status":"open","ping_status":"open","sticky":false,"template":"","format":"standard","meta":{"_monsterinsights_skip_tracking":false,"footnotes":""},"categories":[4],"tags":[7230,1258,30621,4657,387,7394],"class_list":["post-114124","post","type-post","status-publish","format-standard","has-post-thumbnail","hentry","category-municipios","tag-atencion-ciudadana","tag-bienestar","tag-miercoles-del-pueblo","tag-politicas-publicas","tag-san-pedro-cholula","tag-tonantzin-fernandez"],"yoast_head":"<!-- This site is optimized with the Yoast SEO plugin v28.4 - https:\/\/yoast.com\/product\/yoast-seo-wordpress\/ -->\n<title>Tonantzin Fern\u00e1ndez consolida los Mi\u00e9rcoles del Pueblo como un programa de resultados para San Pedro Cholula - AliadosPuebla<\/title>\n<meta name=\"robots\" content=\"index, follow, max-snippet:-1, max-image-preview:large, max-video-preview:-1\" \/>\n<link rel=\"canonical\" href=\"https:\/\/www.aliadospuebla.com\/?p=114124\" \/>\n<meta property=\"og:locale\" content=\"es_ES\" \/>\n<meta property=\"og:type\" content=\"article\" \/>\n<meta property=\"og:title\" content=\"Tonantzin Fern\u00e1ndez consolida los Mi\u00e9rcoles del Pueblo como un programa de resultados para San Pedro Cholula - AliadosPuebla\" \/>\n<meta property=\"og:description\" content=\"El programa de atenci\u00f3n ciudadana contin\u00faa brindando apoyos y soluciones directas a cholultecas San Pedro Cholula, Pue. \u2013 Como una de las pol\u00edticas p\u00fablicas y programas insignia del Gobierno Municipal de San Pedro Cholula, presidido por Tonantzin Fern\u00e1ndez, los Mi\u00e9rcoles del Pueblo contin\u00faan dando muestra de la cercan\u00eda y sensibilidad de la actual administraci\u00f3n, adem\u00e1s de contribuir al bienestar de las familias cholultecas. Bajo esta premisa, se llev\u00f3 a cabo la entrega de apoyos econ\u00f3micos a mujeres y hombres que realizaron su solicitud en ediciones anteriores de los Mi\u00e9rcoles del Pueblo. Estos apoyos tuvieron como finalidad la realizaci\u00f3n de estudios m\u00e9dicos, el fortalecimiento de tradiciones del municipio, el impulso a deportistas locales y la atenci\u00f3n de diversas necesidades. Al respecto, Tonantzin Fern\u00e1ndez agradeci\u00f3 la presencia&hellip;Leer m\u00e1s...\" \/>\n<meta property=\"og:url\" content=\"https:\/\/www.aliadospuebla.com\/?p=114124\" \/>\n<meta property=\"og:site_name\" content=\"AliadosPuebla\" \/>\n<meta property=\"article:author\" content=\"https:\/\/www.facebook.com\/Aliados17Pue\" \/>\n<meta property=\"article:published_time\" content=\"2026-05-21T02:46:07+00:00\" \/>\n<meta property=\"og:image\" content=\"https:\/\/www.aliadospuebla.com\/web2017\/wp-content\/uploads\/2026\/05\/152.jpg\" \/>\n\t<meta property=\"og:image:width\" content=\"600\" \/>\n\t<meta property=\"og:image:height\" content=\"450\" \/>\n\t<meta property=\"og:image:type\" content=\"image\/jpeg\" \/>\n<meta name=\"author\" content=\"Aliados17\" \/>\n<meta name=\"twitter:card\" content=\"summary_large_image\" \/>\n<meta name=\"twitter:creator\" content=\"@AliadosPuebla\" \/>\n<meta name=\"twitter:label1\" content=\"Escrito por\" \/>\n\t<meta name=\"twitter:data1\" content=\"Aliados17\" \/>\n\t<meta name=\"twitter:label2\" content=\"Tiempo de lectura\" \/>\n\t<meta name=\"twitter:data2\" content=\"2 minutos\" \/>\n<script type=\"application\/ld+json\" class=\"yoast-schema-graph\">{\"@context\":\"https:\\\/\\\/schema.org\",\"@graph\":[{\"@type\":\"Article\",\"@id\":\"https:\\\/\\\/www.aliadospuebla.com\\\/?p=114124#article\",\"isPartOf\":{\"@id\":\"https:\\\/\\\/www.aliadospuebla.com\\\/?p=114124\"},\"author\":{\"name\":\"Aliados17\",\"@id\":\"https:\\\/\\\/www.aliadospuebla.com\\\/#\\\/schema\\\/person\\\/5da7dd09320bd4f392b710017ed5f8ad\"},\"headline\":\"Tonantzin Fern\u00e1ndez consolida los Mi\u00e9rcoles del Pueblo como un programa de resultados para San Pedro Cholula\",\"datePublished\":\"2026-05-21T02:46:07+00:00\",\"mainEntityOfPage\":{\"@id\":\"https:\\\/\\\/www.aliadospuebla.com\\\/?p=114124\"},\"wordCount\":292,\"commentCount\":0,\"image\":{\"@id\":\"https:\\\/\\\/www.aliadospuebla.com\\\/?p=114124#primaryimage\"},\"thumbnailUrl\":\"https:\\\/\\\/www.aliadospuebla.com\\\/web2017\\\/wp-content\\\/uploads\\\/2026\\\/05\\\/152.jpg\",\"keywords\":[\"ATENCI\u00d3N CIUDADANA\",\"BIENESTAR\",\"Mi\u00e9rcoles del Pueblo\",\"POL\u00cdTICAS P\u00daBLICAS\",\"SAN PEDRO CHOLULA\",\"TONANTZIN FERN\u00c1NDEZ\"],\"articleSection\":[\"Municipios\"],\"inLanguage\":\"es\",\"potentialAction\":[{\"@type\":\"CommentAction\",\"name\":\"Comment\",\"target\":[\"https:\\\/\\\/www.aliadospuebla.com\\\/?p=114124#respond\"]}]},{\"@type\":\"WebPage\",\"@id\":\"https:\\\/\\\/www.aliadospuebla.com\\\/?p=114124\",\"url\":\"https:\\\/\\\/www.aliadospuebla.com\\\/?p=114124\",\"name\":\"Tonantzin Fern\u00e1ndez consolida los Mi\u00e9rcoles del Pueblo como un programa de resultados para San Pedro Cholula - AliadosPuebla\",\"isPartOf\":{\"@id\":\"https:\\\/\\\/www.aliadospuebla.com\\\/#website\"},\"primaryImageOfPage\":{\"@id\":\"https:\\\/\\\/www.aliadospuebla.com\\\/?p=114124#primaryimage\"},\"image\":{\"@id\":\"https:\\\/\\\/www.aliadospuebla.com\\\/?p=114124#primaryimage\"},\"thumbnailUrl\":\"https:\\\/\\\/www.aliadospuebla.com\\\/web2017\\\/wp-content\\\/uploads\\\/2026\\\/05\\\/152.jpg\",\"datePublished\":\"2026-05-21T02:46:07+00:00\",\"author\":{\"@id\":\"https:\\\/\\\/www.aliadospuebla.com\\\/#\\\/schema\\\/person\\\/5da7dd09320bd4f392b710017ed5f8ad\"},\"breadcrumb\":{\"@id\":\"https:\\\/\\\/www.aliadospuebla.com\\\/?p=114124#breadcrumb\"},\"inLanguage\":\"es\",\"potentialAction\":[{\"@type\":\"ReadAction\",\"target\":[\"https:\\\/\\\/www.aliadospuebla.com\\\/?p=114124\"]}]},{\"@type\":\"ImageObject\",\"inLanguage\":\"es\",\"@id\":\"https:\\\/\\\/www.aliadospuebla.com\\\/?p=114124#primaryimage\",\"url\":\"https:\\\/\\\/www.aliadospuebla.com\\\/web2017\\\/wp-content\\\/uploads\\\/2026\\\/05\\\/152.jpg\",\"contentUrl\":\"https:\\\/\\\/www.aliadospuebla.com\\\/web2017\\\/wp-content\\\/uploads\\\/2026\\\/05\\\/152.jpg\",\"width\":600,\"height\":450},{\"@type\":\"BreadcrumbList\",\"@id\":\"https:\\\/\\\/www.aliadospuebla.com\\\/?p=114124#breadcrumb\",\"itemListElement\":[{\"@type\":\"ListItem\",\"position\":1,\"name\":\"Portada\",\"item\":\"https:\\\/\\\/www.aliadospuebla.com\\\/\"},{\"@type\":\"ListItem\",\"position\":2,\"name\":\"Tonantzin Fern\u00e1ndez consolida los Mi\u00e9rcoles del Pueblo como un programa de resultados para San Pedro Cholula\"}]},{\"@type\":\"WebSite\",\"@id\":\"https:\\\/\\\/www.aliadospuebla.com\\\/#website\",\"url\":\"https:\\\/\\\/www.aliadospuebla.com\\\/\",\"name\":\"AliadosPuebla\",\"description\":\"La informaci\u00f3n en tus manos\",\"potentialAction\":[{\"@type\":\"SearchAction\",\"target\":{\"@type\":\"EntryPoint\",\"urlTemplate\":\"https:\\\/\\\/www.aliadospuebla.com\\\/?s={search_term_string}\"},\"query-input\":{\"@type\":\"PropertyValueSpecification\",\"valueRequired\":true,\"valueName\":\"search_term_string\"}}],\"inLanguage\":\"es\"},{\"@type\":\"Person\",\"@id\":\"https:\\\/\\\/www.aliadospuebla.com\\\/#\\\/schema\\\/person\\\/5da7dd09320bd4f392b710017ed5f8ad\",\"name\":\"Aliados17\",\"image\":{\"@type\":\"ImageObject\",\"inLanguage\":\"es\",\"@id\":\"https:\\\/\\\/www.aliadospuebla.com\\\/web2017\\\/wp-content\\\/uploads\\\/2025\\\/03\\\/cropped-para-perfil-8-anos-1-96x96.jpg\",\"url\":\"https:\\\/\\\/www.aliadospuebla.com\\\/web2017\\\/wp-content\\\/uploads\\\/2025\\\/03\\\/cropped-para-perfil-8-anos-1-96x96.jpg\",\"contentUrl\":\"https:\\\/\\\/www.aliadospuebla.com\\\/web2017\\\/wp-content\\\/uploads\\\/2025\\\/03\\\/cropped-para-perfil-8-anos-1-96x96.jpg\",\"caption\":\"Aliados17\"},\"sameAs\":[\"https:\\\/\\\/www.aliados17.com\",\"https:\\\/\\\/www.facebook.com\\\/Aliados17Pue\",\"https:\\\/\\\/x.com\\\/AliadosPuebla\"],\"url\":\"https:\\\/\\\/www.aliadospuebla.com\\\/?author=2\"}]}<\/script>\n<!-- \/ Yoast SEO plugin. -->","yoast_head_json":{"title":"Tonantzin Fern\u00e1ndez consolida los Mi\u00e9rcoles del Pueblo como un programa de resultados para San Pedro Cholula - AliadosPuebla","robots":{"index":"index","follow":"follow","max-snippet":"max-snippet:-1","max-image-preview":"max-image-preview:large","max-video-preview":"max-video-preview:-1"},"canonical":"https:\/\/www.aliadospuebla.com\/?p=114124","og_locale":"es_ES","og_type":"article","og_title":"Tonantzin Fern\u00e1ndez consolida los Mi\u00e9rcoles del Pueblo como un programa de resultados para San Pedro Cholula - AliadosPuebla","og_description":"El programa de atenci\u00f3n ciudadana contin\u00faa brindando apoyos y soluciones directas a cholultecas San Pedro Cholula, Pue. \u2013 Como una de las pol\u00edticas p\u00fablicas y programas insignia del Gobierno Municipal de San Pedro Cholula, presidido por Tonantzin Fern\u00e1ndez, los Mi\u00e9rcoles del Pueblo contin\u00faan dando muestra de la cercan\u00eda y sensibilidad de la actual administraci\u00f3n, adem\u00e1s de contribuir al bienestar de las familias cholultecas. Bajo esta premisa, se llev\u00f3 a cabo la entrega de apoyos econ\u00f3micos a mujeres y hombres que realizaron su solicitud en ediciones anteriores de los Mi\u00e9rcoles del Pueblo. Estos apoyos tuvieron como finalidad la realizaci\u00f3n de estudios m\u00e9dicos, el fortalecimiento de tradiciones del municipio, el impulso a deportistas locales y la atenci\u00f3n de diversas necesidades. Al respecto, Tonantzin Fern\u00e1ndez agradeci\u00f3 la presencia&hellip;Leer m\u00e1s...","og_url":"https:\/\/www.aliadospuebla.com\/?p=114124","og_site_name":"AliadosPuebla","article_author":"https:\/\/www.facebook.com\/Aliados17Pue","article_published_time":"2026-05-21T02:46:07+00:00","og_image":[{"width":600,"height":450,"url":"https:\/\/www.aliadospuebla.com\/web2017\/wp-content\/uploads\/2026\/05\/152.jpg","type":"image\/jpeg"}],"author":"Aliados17","twitter_card":"summary_large_image","twitter_creator":"@AliadosPuebla","twitter_misc":{"Escrito por":"Aliados17","Tiempo de lectura":"2 minutos"},"schema":{"@context":"https:\/\/schema.org","@graph":[{"@type":"Article","@id":"https:\/\/www.aliadospuebla.com\/?p=114124#article","isPartOf":{"@id":"https:\/\/www.aliadospuebla.com\/?p=114124"},"author":{"name":"Aliados17","@id":"https:\/\/www.aliadospuebla.com\/#\/schema\/person\/5da7dd09320bd4f392b710017ed5f8ad"},"headline":"Tonantzin Fern\u00e1ndez consolida los Mi\u00e9rcoles del Pueblo como un programa de resultados para San Pedro Cholula","datePublished":"2026-05-21T02:46:07+00:00","mainEntityOfPage":{"@id":"https:\/\/www.aliadospuebla.com\/?p=114124"},"wordCount":292,"commentCount":0,"image":{"@id":"https:\/\/www.aliadospuebla.com\/?p=114124#primaryimage"},"thumbnailUrl":"https:\/\/www.aliadospuebla.com\/web2017\/wp-content\/uploads\/2026\/05\/152.jpg","keywords":["ATENCI\u00d3N CIUDADANA","BIENESTAR","Mi\u00e9rcoles del Pueblo","POL\u00cdTICAS P\u00daBLICAS","SAN PEDRO CHOLULA","TONANTZIN FERN\u00c1NDEZ"],"articleSection":["Municipios"],"inLanguage":"es","potentialAction":[{"@type":"CommentAction","name":"Comment","target":["https:\/\/www.aliadospuebla.com\/?p=114124#respond"]}]},{"@type":"WebPage","@id":"https:\/\/www.aliadospuebla.com\/?p=114124","url":"https:\/\/www.aliadospuebla.com\/?p=114124","name":"Tonantzin Fern\u00e1ndez consolida los Mi\u00e9rcoles del Pueblo como un programa de resultados para San Pedro Cholula - AliadosPuebla","isPartOf":{"@id":"https:\/\/www.aliadospuebla.com\/#website"},"primaryImageOfPage":{"@id":"https:\/\/www.aliadospuebla.com\/?p=114124#primaryimage"},"image":{"@id":"https:\/\/www.aliadospuebla.com\/?p=114124#primaryimage"},"thumbnailUrl":"https:\/\/www.aliadospuebla.com\/web2017\/wp-content\/uploads\/2026\/05\/152.jpg","datePublished":"2026-05-21T02:46:07+00:00","author":{"@id":"https:\/\/www.aliadospuebla.com\/#\/schema\/person\/5da7dd09320bd4f392b710017ed5f8ad"},"breadcrumb":{"@id":"https:\/\/www.aliadospuebla.com\/?p=114124#breadcrumb"},"inLanguage":"es","potentialAction":[{"@type":"ReadAction","target":["https:\/\/www.aliadospuebla.com\/?p=114124"]}]},{"@type":"ImageObject","inLanguage":"es","@id":"https:\/\/www.aliadospuebla.com\/?p=114124#primaryimage","url":"https:\/\/www.aliadospuebla.com\/web2017\/wp-content\/uploads\/2026\/05\/152.jpg","contentUrl":"https:\/\/www.aliadospuebla.com\/web2017\/wp-content\/uploads\/2026\/05\/152.jpg","width":600,"height":450},{"@type":"BreadcrumbList","@id":"https:\/\/www.aliadospuebla.com\/?p=114124#breadcrumb","itemListElement":[{"@type":"ListItem","position":1,"name":"Portada","item":"https:\/\/www.aliadospuebla.com\/"},{"@type":"ListItem","position":2,"name":"Tonantzin Fern\u00e1ndez consolida los Mi\u00e9rcoles del Pueblo como un programa de resultados para San Pedro Cholula"}]},{"@type":"WebSite","@id":"https:\/\/www.aliadospuebla.com\/#website","url":"https:\/\/www.aliadospuebla.com\/","name":"AliadosPuebla","description":"La informaci\u00f3n en tus manos","potentialAction":[{"@type":"SearchAction","target":{"@type":"EntryPoint","urlTemplate":"https:\/\/www.aliadospuebla.com\/?s={search_term_string}"},"query-input":{"@type":"PropertyValueSpecification","valueRequired":true,"valueName":"search_term_string"}}],"inLanguage":"es"},{"@type":"Person","@id":"https:\/\/www.aliadospuebla.com\/#\/schema\/person\/5da7dd09320bd4f392b710017ed5f8ad","name":"Aliados17","image":{"@type":"ImageObject","inLanguage":"es","@id":"https:\/\/www.aliadospuebla.com\/web2017\/wp-content\/uploads\/2025\/03\/cropped-para-perfil-8-anos-1-96x96.jpg","url":"https:\/\/www.aliadospuebla.com\/web2017\/wp-content\/uploads\/2025\/03\/cropped-para-perfil-8-anos-1-96x96.jpg","contentUrl":"https:\/\/www.aliadospuebla.com\/web2017\/wp-content\/uploads\/2025\/03\/cropped-para-perfil-8-anos-1-96x96.jpg","caption":"Aliados17"},"sameAs":["https:\/\/www.aliados17.com","https:\/\/www.facebook.com\/Aliados17Pue","https:\/\/x.com\/AliadosPuebla"],"url":"https:\/\/www.aliadospuebla.com\/?author=2"}]}},"views":20,"_links":{"self":[{"href":"https:\/\/www.aliadospuebla.com\/index.php?rest_route=\/wp\/v2\/posts\/114124","targetHints":{"allow":["GET"]}}],"collection":[{"href":"https:\/\/www.aliadospuebla.com\/index.php?rest_route=\/wp\/v2\/posts"}],"about":[{"href":"https:\/\/www.aliadospuebla.com\/index.php?rest_route=\/wp\/v2\/types\/post"}],"author":[{"embeddable":true,"href":"https:\/\/www.aliadospuebla.com\/index.php?rest_route=\/wp\/v2\/users\/2"}],"replies":[{"embeddable":true,"href":"https:\/\/www.aliadospuebla.com\/index.php?rest_route=%2Fwp%2Fv2%2Fcomments&post=114124"}],"version-history":[{"count":1,"href":"https:\/\/www.aliadospuebla.com\/index.php?rest_route=\/wp\/v2\/posts\/114124\/revisions"}],"predecessor-version":[{"id":114126,"href":"https:\/\/www.aliadospuebla.com\/index.php?rest_route=\/wp\/v2\/posts\/114124\/revisions\/114126"}],"wp:featuredmedia":[{"embeddable":true,"href":"https:\/\/www.aliadospuebla.com\/index.php?rest_route=\/wp\/v2\/media\/114125"}],"wp:attachment":[{"href":"https:\/\/www.aliadospuebla.com\/index.php?rest_route=%2Fwp%2Fv2%2Fmedia&parent=114124"}],"wp:term":[{"taxonomy":"category","embeddable":true,"href":"https:\/\/www.aliadospuebla.com\/index.php?rest_route=%2Fwp%2Fv2%2Fcategories&post=114124"},{"taxonomy":"post_tag","embeddable":true,"href":"https:\/\/www.aliadospuebla.com\/index.php?rest_route=%2Fwp%2Fv2%2Ftags&post=114124"}],"curies":[{"name":"wp","href":"https:\/\/api.w.org\/{rel}","templated":true}]}}