{"id":114102,"date":"2026-05-20T18:12:11","date_gmt":"2026-05-21T00:12:11","guid":{"rendered":"https:\/\/www.aliadospuebla.com\/?p=114102"},"modified":"2026-05-20T18:12:11","modified_gmt":"2026-05-21T00:12:11","slug":"inicia-construccion-de-linea-de-conduccion-de-agua-potable-el-salado-tecamachalco","status":"publish","type":"post","link":"https:\/\/www.aliadospuebla.com\/?p=114102","title":{"rendered":"Inicia construcci\u00f3n de l\u00ednea de conducci\u00f3n de agua potable El Salado \u2013 Tecamachalco"},"content":{"rendered":"<p>Tecamachalco, Puebla \u2013 El presidente municipal Mateo Hern\u00e1ndez L\u00f3pez, acompa\u00f1ado por integrantes del Cabildo del H. Ayuntamiento de Tecamachalco, as\u00ed como del director general de SOAPATEC, encabez\u00f3 el banderazo de inicio de la construcci\u00f3n de la l\u00ednea de conducci\u00f3n de agua potable El Salado \u2013 Tecamachalco.<\/p>\n<p>Esta importante obra contempla la instalaci\u00f3n de 7,244 metros lineales de tuber\u00eda PVC y 451 metros lineales de tuber\u00eda de fierro galvanizado, fortaleciendo la infraestructura hidr\u00e1ulica del municipio y beneficiando a m\u00e1s de 16 mil tecamachalquenses.<\/p>\n<p>Entre las zonas beneficiadas se encuentran los barrios de San Mart\u00edn de Porres, Valle del Sol, Tlacomulco, El Nacimiento, Las Calandrias, San Jos\u00e9 2da Secci\u00f3n, as\u00ed como el Hospital General, mejorando el suministro y distribuci\u00f3n de agua potable para las familias y usuarios de estos sectores.<\/p>\n<p>Durante el arranque tambi\u00e9n se cont\u00f3 con la presencia de l\u00edderes comunitarios, destacando la importancia del trabajo coordinado entre autoridades y ciudadan\u00eda para continuar impulsando obras que mejoren los servicios b\u00e1sicos y la calidad de vida de las familias.<\/p>\n","protected":false},"excerpt":{"rendered":"<p>Tecamachalco, Puebla \u2013 El presidente municipal Mateo Hern\u00e1ndez L\u00f3pez, acompa\u00f1ado por integrantes del Cabildo del H. Ayuntamiento de Tecamachalco, as\u00ed como del director general de SOAPATEC, encabez\u00f3 el banderazo de inicio de la construcci\u00f3n de la l\u00ednea de conducci\u00f3n de agua potable El Salado \u2013 Tecamachalco. Esta importante obra contempla la instalaci\u00f3n de 7,244 metros lineales de tuber\u00eda PVC y 451 metros lineales de tuber\u00eda de fierro galvanizado, fortaleciendo la infraestructura hidr\u00e1ulica del municipio y beneficiando a m\u00e1s de 16 mil tecamachalquenses. Entre las zonas beneficiadas se encuentran los barrios de San Mart\u00edn de Porres, Valle del Sol, Tlacomulco, El Nacimiento, Las Calandrias, San Jos\u00e9 2da Secci\u00f3n, as\u00ed como el Hospital General, mejorando el suministro y distribuci\u00f3n de agua potable para las familias y usuarios&hellip;<\/p>\n<p class=\"excerpt-more\"><a class=\"blog-excerpt button\" href=\"https:\/\/www.aliadospuebla.com\/?p=114102\">Leer m\u00e1s&#8230;<\/a><\/p>\n","protected":false},"author":2,"featured_media":114103,"comment_status":"open","ping_status":"open","sticky":false,"template":"","format":"standard","meta":{"_monsterinsights_skip_tracking":false,"footnotes":""},"categories":[4],"tags":[1358,33722,9792,12913,28053],"class_list":["post-114102","post","type-post","status-publish","format-standard","has-post-thumbnail","hentry","category-municipios","tag-agua-potable","tag-el-salado-tecamachalco","tag-infraestructura-hidraulica","tag-linea-de-conduccion","tag-mateo-hernandez-lopez"],"yoast_head":"<!-- This site is optimized with the Yoast SEO plugin v28.4 - https:\/\/yoast.com\/product\/yoast-seo-wordpress\/ -->\n<title>Inicia construcci\u00f3n de l\u00ednea de conducci\u00f3n de agua potable El Salado \u2013 Tecamachalco - AliadosPuebla<\/title>\n<meta name=\"robots\" content=\"index, follow, max-snippet:-1, max-image-preview:large, max-video-preview:-1\" \/>\n<link rel=\"canonical\" href=\"https:\/\/www.aliadospuebla.com\/?p=114102\" \/>\n<meta property=\"og:locale\" content=\"es_ES\" \/>\n<meta property=\"og:type\" content=\"article\" \/>\n<meta property=\"og:title\" content=\"Inicia construcci\u00f3n de l\u00ednea de conducci\u00f3n de agua potable El Salado \u2013 Tecamachalco - AliadosPuebla\" \/>\n<meta property=\"og:description\" content=\"Tecamachalco, Puebla \u2013 El presidente municipal Mateo Hern\u00e1ndez L\u00f3pez, acompa\u00f1ado por integrantes del Cabildo del H. Ayuntamiento de Tecamachalco, as\u00ed como del director general de SOAPATEC, encabez\u00f3 el banderazo de inicio de la construcci\u00f3n de la l\u00ednea de conducci\u00f3n de agua potable El Salado \u2013 Tecamachalco. Esta importante obra contempla la instalaci\u00f3n de 7,244 metros lineales de tuber\u00eda PVC y 451 metros lineales de tuber\u00eda de fierro galvanizado, fortaleciendo la infraestructura hidr\u00e1ulica del municipio y beneficiando a m\u00e1s de 16 mil tecamachalquenses. Entre las zonas beneficiadas se encuentran los barrios de San Mart\u00edn de Porres, Valle del Sol, Tlacomulco, El Nacimiento, Las Calandrias, San Jos\u00e9 2da Secci\u00f3n, as\u00ed como el Hospital General, mejorando el suministro y distribuci\u00f3n de agua potable para las familias y usuarios&hellip;Leer m\u00e1s...\" \/>\n<meta property=\"og:url\" content=\"https:\/\/www.aliadospuebla.com\/?p=114102\" \/>\n<meta property=\"og:site_name\" content=\"AliadosPuebla\" \/>\n<meta property=\"article:author\" content=\"https:\/\/www.facebook.com\/Aliados17Pue\" \/>\n<meta property=\"article:published_time\" content=\"2026-05-21T00:12:11+00:00\" \/>\n<meta property=\"og:image\" content=\"https:\/\/www.aliadospuebla.com\/web2017\/wp-content\/uploads\/2026\/05\/146.jpg\" \/>\n\t<meta property=\"og:image:width\" content=\"600\" \/>\n\t<meta property=\"og:image:height\" content=\"450\" \/>\n\t<meta property=\"og:image:type\" content=\"image\/jpeg\" \/>\n<meta name=\"author\" content=\"Aliados17\" \/>\n<meta name=\"twitter:card\" content=\"summary_large_image\" \/>\n<meta name=\"twitter:creator\" content=\"@AliadosPuebla\" \/>\n<meta name=\"twitter:label1\" content=\"Escrito por\" \/>\n\t<meta name=\"twitter:data1\" content=\"Aliados17\" \/>\n\t<meta name=\"twitter:label2\" content=\"Tiempo de lectura\" \/>\n\t<meta name=\"twitter:data2\" content=\"1 minuto\" \/>\n<script type=\"application\/ld+json\" class=\"yoast-schema-graph\">{\"@context\":\"https:\\\/\\\/schema.org\",\"@graph\":[{\"@type\":\"Article\",\"@id\":\"https:\\\/\\\/www.aliadospuebla.com\\\/?p=114102#article\",\"isPartOf\":{\"@id\":\"https:\\\/\\\/www.aliadospuebla.com\\\/?p=114102\"},\"author\":{\"name\":\"Aliados17\",\"@id\":\"https:\\\/\\\/www.aliadospuebla.com\\\/#\\\/schema\\\/person\\\/5da7dd09320bd4f392b710017ed5f8ad\"},\"headline\":\"Inicia construcci\u00f3n de l\u00ednea de conducci\u00f3n de agua potable El Salado \u2013 Tecamachalco\",\"datePublished\":\"2026-05-21T00:12:11+00:00\",\"mainEntityOfPage\":{\"@id\":\"https:\\\/\\\/www.aliadospuebla.com\\\/?p=114102\"},\"wordCount\":195,\"commentCount\":0,\"image\":{\"@id\":\"https:\\\/\\\/www.aliadospuebla.com\\\/?p=114102#primaryimage\"},\"thumbnailUrl\":\"https:\\\/\\\/www.aliadospuebla.com\\\/web2017\\\/wp-content\\\/uploads\\\/2026\\\/05\\\/146.jpg\",\"keywords\":[\"AGUA POTABLE\",\"El Salado \u2013 Tecamachalco\",\"infraestructura hidr\u00e1ulica\",\"l\u00ednea de conducci\u00f3n\",\"Mateo Hern\u00e1ndez L\u00f3pez\"],\"articleSection\":[\"Municipios\"],\"inLanguage\":\"es\",\"potentialAction\":[{\"@type\":\"CommentAction\",\"name\":\"Comment\",\"target\":[\"https:\\\/\\\/www.aliadospuebla.com\\\/?p=114102#respond\"]}]},{\"@type\":\"WebPage\",\"@id\":\"https:\\\/\\\/www.aliadospuebla.com\\\/?p=114102\",\"url\":\"https:\\\/\\\/www.aliadospuebla.com\\\/?p=114102\",\"name\":\"Inicia construcci\u00f3n de l\u00ednea de conducci\u00f3n de agua potable El Salado \u2013 Tecamachalco - AliadosPuebla\",\"isPartOf\":{\"@id\":\"https:\\\/\\\/www.aliadospuebla.com\\\/#website\"},\"primaryImageOfPage\":{\"@id\":\"https:\\\/\\\/www.aliadospuebla.com\\\/?p=114102#primaryimage\"},\"image\":{\"@id\":\"https:\\\/\\\/www.aliadospuebla.com\\\/?p=114102#primaryimage\"},\"thumbnailUrl\":\"https:\\\/\\\/www.aliadospuebla.com\\\/web2017\\\/wp-content\\\/uploads\\\/2026\\\/05\\\/146.jpg\",\"datePublished\":\"2026-05-21T00:12:11+00:00\",\"author\":{\"@id\":\"https:\\\/\\\/www.aliadospuebla.com\\\/#\\\/schema\\\/person\\\/5da7dd09320bd4f392b710017ed5f8ad\"},\"breadcrumb\":{\"@id\":\"https:\\\/\\\/www.aliadospuebla.com\\\/?p=114102#breadcrumb\"},\"inLanguage\":\"es\",\"potentialAction\":[{\"@type\":\"ReadAction\",\"target\":[\"https:\\\/\\\/www.aliadospuebla.com\\\/?p=114102\"]}]},{\"@type\":\"ImageObject\",\"inLanguage\":\"es\",\"@id\":\"https:\\\/\\\/www.aliadospuebla.com\\\/?p=114102#primaryimage\",\"url\":\"https:\\\/\\\/www.aliadospuebla.com\\\/web2017\\\/wp-content\\\/uploads\\\/2026\\\/05\\\/146.jpg\",\"contentUrl\":\"https:\\\/\\\/www.aliadospuebla.com\\\/web2017\\\/wp-content\\\/uploads\\\/2026\\\/05\\\/146.jpg\",\"width\":600,\"height\":450},{\"@type\":\"BreadcrumbList\",\"@id\":\"https:\\\/\\\/www.aliadospuebla.com\\\/?p=114102#breadcrumb\",\"itemListElement\":[{\"@type\":\"ListItem\",\"position\":1,\"name\":\"Portada\",\"item\":\"https:\\\/\\\/www.aliadospuebla.com\\\/\"},{\"@type\":\"ListItem\",\"position\":2,\"name\":\"Inicia construcci\u00f3n de l\u00ednea de conducci\u00f3n de agua potable El Salado \u2013 Tecamachalco\"}]},{\"@type\":\"WebSite\",\"@id\":\"https:\\\/\\\/www.aliadospuebla.com\\\/#website\",\"url\":\"https:\\\/\\\/www.aliadospuebla.com\\\/\",\"name\":\"AliadosPuebla\",\"description\":\"La informaci\u00f3n en tus manos\",\"potentialAction\":[{\"@type\":\"SearchAction\",\"target\":{\"@type\":\"EntryPoint\",\"urlTemplate\":\"https:\\\/\\\/www.aliadospuebla.com\\\/?s={search_term_string}\"},\"query-input\":{\"@type\":\"PropertyValueSpecification\",\"valueRequired\":true,\"valueName\":\"search_term_string\"}}],\"inLanguage\":\"es\"},{\"@type\":\"Person\",\"@id\":\"https:\\\/\\\/www.aliadospuebla.com\\\/#\\\/schema\\\/person\\\/5da7dd09320bd4f392b710017ed5f8ad\",\"name\":\"Aliados17\",\"image\":{\"@type\":\"ImageObject\",\"inLanguage\":\"es\",\"@id\":\"https:\\\/\\\/www.aliadospuebla.com\\\/web2017\\\/wp-content\\\/uploads\\\/2025\\\/03\\\/cropped-para-perfil-8-anos-1-96x96.jpg\",\"url\":\"https:\\\/\\\/www.aliadospuebla.com\\\/web2017\\\/wp-content\\\/uploads\\\/2025\\\/03\\\/cropped-para-perfil-8-anos-1-96x96.jpg\",\"contentUrl\":\"https:\\\/\\\/www.aliadospuebla.com\\\/web2017\\\/wp-content\\\/uploads\\\/2025\\\/03\\\/cropped-para-perfil-8-anos-1-96x96.jpg\",\"caption\":\"Aliados17\"},\"sameAs\":[\"https:\\\/\\\/www.aliados17.com\",\"https:\\\/\\\/www.facebook.com\\\/Aliados17Pue\",\"https:\\\/\\\/x.com\\\/AliadosPuebla\"],\"url\":\"https:\\\/\\\/www.aliadospuebla.com\\\/?author=2\"}]}<\/script>\n<!-- \/ Yoast SEO plugin. -->","yoast_head_json":{"title":"Inicia construcci\u00f3n de l\u00ednea de conducci\u00f3n de agua potable El Salado \u2013 Tecamachalco - AliadosPuebla","robots":{"index":"index","follow":"follow","max-snippet":"max-snippet:-1","max-image-preview":"max-image-preview:large","max-video-preview":"max-video-preview:-1"},"canonical":"https:\/\/www.aliadospuebla.com\/?p=114102","og_locale":"es_ES","og_type":"article","og_title":"Inicia construcci\u00f3n de l\u00ednea de conducci\u00f3n de agua potable El Salado \u2013 Tecamachalco - AliadosPuebla","og_description":"Tecamachalco, Puebla \u2013 El presidente municipal Mateo Hern\u00e1ndez L\u00f3pez, acompa\u00f1ado por integrantes del Cabildo del H. Ayuntamiento de Tecamachalco, as\u00ed como del director general de SOAPATEC, encabez\u00f3 el banderazo de inicio de la construcci\u00f3n de la l\u00ednea de conducci\u00f3n de agua potable El Salado \u2013 Tecamachalco. Esta importante obra contempla la instalaci\u00f3n de 7,244 metros lineales de tuber\u00eda PVC y 451 metros lineales de tuber\u00eda de fierro galvanizado, fortaleciendo la infraestructura hidr\u00e1ulica del municipio y beneficiando a m\u00e1s de 16 mil tecamachalquenses. Entre las zonas beneficiadas se encuentran los barrios de San Mart\u00edn de Porres, Valle del Sol, Tlacomulco, El Nacimiento, Las Calandrias, San Jos\u00e9 2da Secci\u00f3n, as\u00ed como el Hospital General, mejorando el suministro y distribuci\u00f3n de agua potable para las familias y usuarios&hellip;Leer m\u00e1s...","og_url":"https:\/\/www.aliadospuebla.com\/?p=114102","og_site_name":"AliadosPuebla","article_author":"https:\/\/www.facebook.com\/Aliados17Pue","article_published_time":"2026-05-21T00:12:11+00:00","og_image":[{"width":600,"height":450,"url":"https:\/\/www.aliadospuebla.com\/web2017\/wp-content\/uploads\/2026\/05\/146.jpg","type":"image\/jpeg"}],"author":"Aliados17","twitter_card":"summary_large_image","twitter_creator":"@AliadosPuebla","twitter_misc":{"Escrito por":"Aliados17","Tiempo de lectura":"1 minuto"},"schema":{"@context":"https:\/\/schema.org","@graph":[{"@type":"Article","@id":"https:\/\/www.aliadospuebla.com\/?p=114102#article","isPartOf":{"@id":"https:\/\/www.aliadospuebla.com\/?p=114102"},"author":{"name":"Aliados17","@id":"https:\/\/www.aliadospuebla.com\/#\/schema\/person\/5da7dd09320bd4f392b710017ed5f8ad"},"headline":"Inicia construcci\u00f3n de l\u00ednea de conducci\u00f3n de agua potable El Salado \u2013 Tecamachalco","datePublished":"2026-05-21T00:12:11+00:00","mainEntityOfPage":{"@id":"https:\/\/www.aliadospuebla.com\/?p=114102"},"wordCount":195,"commentCount":0,"image":{"@id":"https:\/\/www.aliadospuebla.com\/?p=114102#primaryimage"},"thumbnailUrl":"https:\/\/www.aliadospuebla.com\/web2017\/wp-content\/uploads\/2026\/05\/146.jpg","keywords":["AGUA POTABLE","El Salado \u2013 Tecamachalco","infraestructura hidr\u00e1ulica","l\u00ednea de conducci\u00f3n","Mateo Hern\u00e1ndez L\u00f3pez"],"articleSection":["Municipios"],"inLanguage":"es","potentialAction":[{"@type":"CommentAction","name":"Comment","target":["https:\/\/www.aliadospuebla.com\/?p=114102#respond"]}]},{"@type":"WebPage","@id":"https:\/\/www.aliadospuebla.com\/?p=114102","url":"https:\/\/www.aliadospuebla.com\/?p=114102","name":"Inicia construcci\u00f3n de l\u00ednea de conducci\u00f3n de agua potable El Salado \u2013 Tecamachalco - AliadosPuebla","isPartOf":{"@id":"https:\/\/www.aliadospuebla.com\/#website"},"primaryImageOfPage":{"@id":"https:\/\/www.aliadospuebla.com\/?p=114102#primaryimage"},"image":{"@id":"https:\/\/www.aliadospuebla.com\/?p=114102#primaryimage"},"thumbnailUrl":"https:\/\/www.aliadospuebla.com\/web2017\/wp-content\/uploads\/2026\/05\/146.jpg","datePublished":"2026-05-21T00:12:11+00:00","author":{"@id":"https:\/\/www.aliadospuebla.com\/#\/schema\/person\/5da7dd09320bd4f392b710017ed5f8ad"},"breadcrumb":{"@id":"https:\/\/www.aliadospuebla.com\/?p=114102#breadcrumb"},"inLanguage":"es","potentialAction":[{"@type":"ReadAction","target":["https:\/\/www.aliadospuebla.com\/?p=114102"]}]},{"@type":"ImageObject","inLanguage":"es","@id":"https:\/\/www.aliadospuebla.com\/?p=114102#primaryimage","url":"https:\/\/www.aliadospuebla.com\/web2017\/wp-content\/uploads\/2026\/05\/146.jpg","contentUrl":"https:\/\/www.aliadospuebla.com\/web2017\/wp-content\/uploads\/2026\/05\/146.jpg","width":600,"height":450},{"@type":"BreadcrumbList","@id":"https:\/\/www.aliadospuebla.com\/?p=114102#breadcrumb","itemListElement":[{"@type":"ListItem","position":1,"name":"Portada","item":"https:\/\/www.aliadospuebla.com\/"},{"@type":"ListItem","position":2,"name":"Inicia construcci\u00f3n de l\u00ednea de conducci\u00f3n de agua potable El Salado \u2013 Tecamachalco"}]},{"@type":"WebSite","@id":"https:\/\/www.aliadospuebla.com\/#website","url":"https:\/\/www.aliadospuebla.com\/","name":"AliadosPuebla","description":"La informaci\u00f3n en tus manos","potentialAction":[{"@type":"SearchAction","target":{"@type":"EntryPoint","urlTemplate":"https:\/\/www.aliadospuebla.com\/?s={search_term_string}"},"query-input":{"@type":"PropertyValueSpecification","valueRequired":true,"valueName":"search_term_string"}}],"inLanguage":"es"},{"@type":"Person","@id":"https:\/\/www.aliadospuebla.com\/#\/schema\/person\/5da7dd09320bd4f392b710017ed5f8ad","name":"Aliados17","image":{"@type":"ImageObject","inLanguage":"es","@id":"https:\/\/www.aliadospuebla.com\/web2017\/wp-content\/uploads\/2025\/03\/cropped-para-perfil-8-anos-1-96x96.jpg","url":"https:\/\/www.aliadospuebla.com\/web2017\/wp-content\/uploads\/2025\/03\/cropped-para-perfil-8-anos-1-96x96.jpg","contentUrl":"https:\/\/www.aliadospuebla.com\/web2017\/wp-content\/uploads\/2025\/03\/cropped-para-perfil-8-anos-1-96x96.jpg","caption":"Aliados17"},"sameAs":["https:\/\/www.aliados17.com","https:\/\/www.facebook.com\/Aliados17Pue","https:\/\/x.com\/AliadosPuebla"],"url":"https:\/\/www.aliadospuebla.com\/?author=2"}]}},"views":15,"_links":{"self":[{"href":"https:\/\/www.aliadospuebla.com\/index.php?rest_route=\/wp\/v2\/posts\/114102","targetHints":{"allow":["GET"]}}],"collection":[{"href":"https:\/\/www.aliadospuebla.com\/index.php?rest_route=\/wp\/v2\/posts"}],"about":[{"href":"https:\/\/www.aliadospuebla.com\/index.php?rest_route=\/wp\/v2\/types\/post"}],"author":[{"embeddable":true,"href":"https:\/\/www.aliadospuebla.com\/index.php?rest_route=\/wp\/v2\/users\/2"}],"replies":[{"embeddable":true,"href":"https:\/\/www.aliadospuebla.com\/index.php?rest_route=%2Fwp%2Fv2%2Fcomments&post=114102"}],"version-history":[{"count":1,"href":"https:\/\/www.aliadospuebla.com\/index.php?rest_route=\/wp\/v2\/posts\/114102\/revisions"}],"predecessor-version":[{"id":114104,"href":"https:\/\/www.aliadospuebla.com\/index.php?rest_route=\/wp\/v2\/posts\/114102\/revisions\/114104"}],"wp:featuredmedia":[{"embeddable":true,"href":"https:\/\/www.aliadospuebla.com\/index.php?rest_route=\/wp\/v2\/media\/114103"}],"wp:attachment":[{"href":"https:\/\/www.aliadospuebla.com\/index.php?rest_route=%2Fwp%2Fv2%2Fmedia&parent=114102"}],"wp:term":[{"taxonomy":"category","embeddable":true,"href":"https:\/\/www.aliadospuebla.com\/index.php?rest_route=%2Fwp%2Fv2%2Fcategories&post=114102"},{"taxonomy":"post_tag","embeddable":true,"href":"https:\/\/www.aliadospuebla.com\/index.php?rest_route=%2Fwp%2Fv2%2Ftags&post=114102"}],"curies":[{"name":"wp","href":"https:\/\/api.w.org\/{rel}","templated":true}]}}