{"id":114055,"date":"2026-05-19T06:36:33","date_gmt":"2026-05-19T12:36:33","guid":{"rendered":"https:\/\/www.aliadospuebla.com\/?p=114055"},"modified":"2026-05-19T06:36:33","modified_gmt":"2026-05-19T12:36:33","slug":"congreso-del-estado-abre-espacios-de-dialogo-y-colaboracion-para-fortalecer-el-desarrollo-de-puebla","status":"publish","type":"post","link":"https:\/\/www.aliadospuebla.com\/?p=114055","title":{"rendered":"Congreso del Estado abre espacios de di\u00e1logo y colaboraci\u00f3n para fortalecer el desarrollo de Puebla"},"content":{"rendered":"<h4><em>\u2013 En la sede del Poder Legislativo se llev\u00f3 a cabo el panel \u201cGobernanza colaborativa desde el enfoque de las ciencias\u201d, en el marco del primer aniversario de ICDEA<\/em><\/h4>\n<p>El Congreso del Estado fue sede del panel \u201cGobernanza colaborativa desde el enfoque de las ciencias\u201d, un espacio de an\u00e1lisis y reflexi\u00f3n que reuni\u00f3 a representantes de la sociedad civil, especialistas, acad\u00e9micos e integrantes del sector p\u00fablico, como parte de las actividades conmemorativas por el primer aniversario de la Iniciativa Ciudadana para el Desarrollo Estrat\u00e9gico y Avance de Puebla (ICDEA),<\/p>\n<p>Durante el encuentro, realizado en el Auditorio 18 de Noviembre, el diputado Jos\u00e9 Luis Figueroa Cort\u00e9s, presidente de la Comisi\u00f3n de Trabajo, Competitividad y Previsi\u00f3n Social, destac\u00f3 la importancia de abrir espacios de di\u00e1logo, participaci\u00f3n y construcci\u00f3n colectiva en beneficio de Puebla.<\/p>\n<p>El legislador reconoci\u00f3 el trabajo realizado por ICDEA Puebla durante su primer a\u00f1o de actividades para consolidar un proyecto enfocado en la participaci\u00f3n ciudadana y el desarrollo estrat\u00e9gico del estado.<\/p>\n<p>En este panel, se entreg\u00f3 un reconocimiento a Celina Pe\u00f1a Guzm\u00e1n, subsecretaria de Desarrollo Tecnol\u00f3gico, Vinculaci\u00f3n e Innovaci\u00f3n, de la Secretar\u00eda de Ciencia, Humanidades, Tecnolog\u00eda e Innovaci\u00f3n (Secihti), por su participaci\u00f3n como panelista en este encuentro y por su compromiso con la innovaci\u00f3n y el fortalecimiento de proyectos que impulsan el desarrollo de Puebla.<\/p>\n<p>La jornada concluy\u00f3 con la entrega de la carta constitutiva al comit\u00e9 de ICDEA Puebla, que preside Emmanuel Alejandro Balderas Lozano, por parte de la senadora Lizeth S\u00e1nchez Garc\u00eda.<\/p>\n","protected":false},"excerpt":{"rendered":"<p>\u2013 En la sede del Poder Legislativo se llev\u00f3 a cabo el panel \u201cGobernanza colaborativa desde el enfoque de las ciencias\u201d, en el marco del primer aniversario de ICDEA El Congreso del Estado fue sede del panel \u201cGobernanza colaborativa desde el enfoque de las ciencias\u201d, un espacio de an\u00e1lisis y reflexi\u00f3n que reuni\u00f3 a representantes de la sociedad civil, especialistas, acad\u00e9micos e integrantes del sector p\u00fablico, como parte de las actividades conmemorativas por el primer aniversario de la Iniciativa Ciudadana para el Desarrollo Estrat\u00e9gico y Avance de Puebla (ICDEA), Durante el encuentro, realizado en el Auditorio 18 de Noviembre, el diputado Jos\u00e9 Luis Figueroa Cort\u00e9s, presidente de la Comisi\u00f3n de Trabajo, Competitividad y Previsi\u00f3n Social, destac\u00f3 la importancia de abrir espacios de di\u00e1logo, participaci\u00f3n y&hellip;<\/p>\n<p class=\"excerpt-more\"><a class=\"blog-excerpt button\" href=\"https:\/\/www.aliadospuebla.com\/?p=114055\">Leer m\u00e1s&#8230;<\/a><\/p>\n","protected":false},"author":2,"featured_media":114056,"comment_status":"open","ping_status":"open","sticky":false,"template":"","format":"standard","meta":{"_monsterinsights_skip_tracking":false,"footnotes":""},"categories":[6],"tags":[23774,33710,25545,33708,33709,25103,30099],"class_list":["post-114055","post","type-post","status-publish","format-standard","has-post-thumbnail","hentry","category-politica","tag-celina-pena-guzman","tag-desarrollo-estrategico","tag-espacios-de-dialogo","tag-icdea","tag-iniciativa-ciudadana","tag-jose-luis-figueroa-cortes","tag-secihti"],"yoast_head":"<!-- This site is optimized with the Yoast SEO plugin v28.4 - https:\/\/yoast.com\/product\/yoast-seo-wordpress\/ -->\n<title>Congreso del Estado abre espacios de di\u00e1logo y colaboraci\u00f3n para fortalecer el desarrollo de Puebla - AliadosPuebla<\/title>\n<meta name=\"robots\" content=\"index, follow, max-snippet:-1, max-image-preview:large, max-video-preview:-1\" \/>\n<link rel=\"canonical\" href=\"https:\/\/www.aliadospuebla.com\/?p=114055\" \/>\n<meta property=\"og:locale\" content=\"es_ES\" \/>\n<meta property=\"og:type\" content=\"article\" \/>\n<meta property=\"og:title\" content=\"Congreso del Estado abre espacios de di\u00e1logo y colaboraci\u00f3n para fortalecer el desarrollo de Puebla - AliadosPuebla\" \/>\n<meta property=\"og:description\" content=\"\u2013 En la sede del Poder Legislativo se llev\u00f3 a cabo el panel \u201cGobernanza colaborativa desde el enfoque de las ciencias\u201d, en el marco del primer aniversario de ICDEA El Congreso del Estado fue sede del panel \u201cGobernanza colaborativa desde el enfoque de las ciencias\u201d, un espacio de an\u00e1lisis y reflexi\u00f3n que reuni\u00f3 a representantes de la sociedad civil, especialistas, acad\u00e9micos e integrantes del sector p\u00fablico, como parte de las actividades conmemorativas por el primer aniversario de la Iniciativa Ciudadana para el Desarrollo Estrat\u00e9gico y Avance de Puebla (ICDEA), Durante el encuentro, realizado en el Auditorio 18 de Noviembre, el diputado Jos\u00e9 Luis Figueroa Cort\u00e9s, presidente de la Comisi\u00f3n de Trabajo, Competitividad y Previsi\u00f3n Social, destac\u00f3 la importancia de abrir espacios de di\u00e1logo, participaci\u00f3n y&hellip;Leer m\u00e1s...\" \/>\n<meta property=\"og:url\" content=\"https:\/\/www.aliadospuebla.com\/?p=114055\" \/>\n<meta property=\"og:site_name\" content=\"AliadosPuebla\" \/>\n<meta property=\"article:author\" content=\"https:\/\/www.facebook.com\/Aliados17Pue\" \/>\n<meta property=\"article:published_time\" content=\"2026-05-19T12:36:33+00:00\" \/>\n<meta property=\"og:image\" content=\"https:\/\/www.aliadospuebla.com\/web2017\/wp-content\/uploads\/2026\/05\/136.jpg\" \/>\n\t<meta property=\"og:image:width\" content=\"600\" \/>\n\t<meta property=\"og:image:height\" content=\"450\" \/>\n\t<meta property=\"og:image:type\" content=\"image\/jpeg\" \/>\n<meta name=\"author\" content=\"Aliados17\" \/>\n<meta name=\"twitter:card\" content=\"summary_large_image\" \/>\n<meta name=\"twitter:creator\" content=\"@AliadosPuebla\" \/>\n<meta name=\"twitter:label1\" content=\"Escrito por\" \/>\n\t<meta name=\"twitter:data1\" content=\"Aliados17\" \/>\n\t<meta name=\"twitter:label2\" content=\"Tiempo de lectura\" \/>\n\t<meta name=\"twitter:data2\" content=\"2 minutos\" \/>\n<script type=\"application\/ld+json\" class=\"yoast-schema-graph\">{\"@context\":\"https:\\\/\\\/schema.org\",\"@graph\":[{\"@type\":\"Article\",\"@id\":\"https:\\\/\\\/www.aliadospuebla.com\\\/?p=114055#article\",\"isPartOf\":{\"@id\":\"https:\\\/\\\/www.aliadospuebla.com\\\/?p=114055\"},\"author\":{\"name\":\"Aliados17\",\"@id\":\"https:\\\/\\\/www.aliadospuebla.com\\\/#\\\/schema\\\/person\\\/5da7dd09320bd4f392b710017ed5f8ad\"},\"headline\":\"Congreso del Estado abre espacios de di\u00e1logo y colaboraci\u00f3n para fortalecer el desarrollo de Puebla\",\"datePublished\":\"2026-05-19T12:36:33+00:00\",\"mainEntityOfPage\":{\"@id\":\"https:\\\/\\\/www.aliadospuebla.com\\\/?p=114055\"},\"wordCount\":285,\"commentCount\":0,\"image\":{\"@id\":\"https:\\\/\\\/www.aliadospuebla.com\\\/?p=114055#primaryimage\"},\"thumbnailUrl\":\"https:\\\/\\\/www.aliadospuebla.com\\\/web2017\\\/wp-content\\\/uploads\\\/2026\\\/05\\\/136.jpg\",\"keywords\":[\"Celina Pe\u00f1a Guzm\u00e1n\",\"desarrollo estrat\u00e9gico\",\"espacios de di\u00e1logo\",\"ICDEA\",\"Iniciativa Ciudadana\",\"Jos\u00e9 Luis Figueroa Cort\u00e9s\",\"SECIHTI\"],\"articleSection\":[\"Pol\u00edtica\"],\"inLanguage\":\"es\",\"potentialAction\":[{\"@type\":\"CommentAction\",\"name\":\"Comment\",\"target\":[\"https:\\\/\\\/www.aliadospuebla.com\\\/?p=114055#respond\"]}]},{\"@type\":\"WebPage\",\"@id\":\"https:\\\/\\\/www.aliadospuebla.com\\\/?p=114055\",\"url\":\"https:\\\/\\\/www.aliadospuebla.com\\\/?p=114055\",\"name\":\"Congreso del Estado abre espacios de di\u00e1logo y colaboraci\u00f3n para fortalecer el desarrollo de Puebla - AliadosPuebla\",\"isPartOf\":{\"@id\":\"https:\\\/\\\/www.aliadospuebla.com\\\/#website\"},\"primaryImageOfPage\":{\"@id\":\"https:\\\/\\\/www.aliadospuebla.com\\\/?p=114055#primaryimage\"},\"image\":{\"@id\":\"https:\\\/\\\/www.aliadospuebla.com\\\/?p=114055#primaryimage\"},\"thumbnailUrl\":\"https:\\\/\\\/www.aliadospuebla.com\\\/web2017\\\/wp-content\\\/uploads\\\/2026\\\/05\\\/136.jpg\",\"datePublished\":\"2026-05-19T12:36:33+00:00\",\"author\":{\"@id\":\"https:\\\/\\\/www.aliadospuebla.com\\\/#\\\/schema\\\/person\\\/5da7dd09320bd4f392b710017ed5f8ad\"},\"breadcrumb\":{\"@id\":\"https:\\\/\\\/www.aliadospuebla.com\\\/?p=114055#breadcrumb\"},\"inLanguage\":\"es\",\"potentialAction\":[{\"@type\":\"ReadAction\",\"target\":[\"https:\\\/\\\/www.aliadospuebla.com\\\/?p=114055\"]}]},{\"@type\":\"ImageObject\",\"inLanguage\":\"es\",\"@id\":\"https:\\\/\\\/www.aliadospuebla.com\\\/?p=114055#primaryimage\",\"url\":\"https:\\\/\\\/www.aliadospuebla.com\\\/web2017\\\/wp-content\\\/uploads\\\/2026\\\/05\\\/136.jpg\",\"contentUrl\":\"https:\\\/\\\/www.aliadospuebla.com\\\/web2017\\\/wp-content\\\/uploads\\\/2026\\\/05\\\/136.jpg\",\"width\":600,\"height\":450},{\"@type\":\"BreadcrumbList\",\"@id\":\"https:\\\/\\\/www.aliadospuebla.com\\\/?p=114055#breadcrumb\",\"itemListElement\":[{\"@type\":\"ListItem\",\"position\":1,\"name\":\"Portada\",\"item\":\"https:\\\/\\\/www.aliadospuebla.com\\\/\"},{\"@type\":\"ListItem\",\"position\":2,\"name\":\"Congreso del Estado abre espacios de di\u00e1logo y colaboraci\u00f3n para fortalecer el desarrollo de Puebla\"}]},{\"@type\":\"WebSite\",\"@id\":\"https:\\\/\\\/www.aliadospuebla.com\\\/#website\",\"url\":\"https:\\\/\\\/www.aliadospuebla.com\\\/\",\"name\":\"AliadosPuebla\",\"description\":\"La informaci\u00f3n en tus manos\",\"potentialAction\":[{\"@type\":\"SearchAction\",\"target\":{\"@type\":\"EntryPoint\",\"urlTemplate\":\"https:\\\/\\\/www.aliadospuebla.com\\\/?s={search_term_string}\"},\"query-input\":{\"@type\":\"PropertyValueSpecification\",\"valueRequired\":true,\"valueName\":\"search_term_string\"}}],\"inLanguage\":\"es\"},{\"@type\":\"Person\",\"@id\":\"https:\\\/\\\/www.aliadospuebla.com\\\/#\\\/schema\\\/person\\\/5da7dd09320bd4f392b710017ed5f8ad\",\"name\":\"Aliados17\",\"image\":{\"@type\":\"ImageObject\",\"inLanguage\":\"es\",\"@id\":\"https:\\\/\\\/www.aliadospuebla.com\\\/web2017\\\/wp-content\\\/uploads\\\/2025\\\/03\\\/cropped-para-perfil-8-anos-1-96x96.jpg\",\"url\":\"https:\\\/\\\/www.aliadospuebla.com\\\/web2017\\\/wp-content\\\/uploads\\\/2025\\\/03\\\/cropped-para-perfil-8-anos-1-96x96.jpg\",\"contentUrl\":\"https:\\\/\\\/www.aliadospuebla.com\\\/web2017\\\/wp-content\\\/uploads\\\/2025\\\/03\\\/cropped-para-perfil-8-anos-1-96x96.jpg\",\"caption\":\"Aliados17\"},\"sameAs\":[\"https:\\\/\\\/www.aliados17.com\",\"https:\\\/\\\/www.facebook.com\\\/Aliados17Pue\",\"https:\\\/\\\/x.com\\\/AliadosPuebla\"],\"url\":\"https:\\\/\\\/www.aliadospuebla.com\\\/?author=2\"}]}<\/script>\n<!-- \/ Yoast SEO plugin. -->","yoast_head_json":{"title":"Congreso del Estado abre espacios de di\u00e1logo y colaboraci\u00f3n para fortalecer el desarrollo de Puebla - AliadosPuebla","robots":{"index":"index","follow":"follow","max-snippet":"max-snippet:-1","max-image-preview":"max-image-preview:large","max-video-preview":"max-video-preview:-1"},"canonical":"https:\/\/www.aliadospuebla.com\/?p=114055","og_locale":"es_ES","og_type":"article","og_title":"Congreso del Estado abre espacios de di\u00e1logo y colaboraci\u00f3n para fortalecer el desarrollo de Puebla - AliadosPuebla","og_description":"\u2013 En la sede del Poder Legislativo se llev\u00f3 a cabo el panel \u201cGobernanza colaborativa desde el enfoque de las ciencias\u201d, en el marco del primer aniversario de ICDEA El Congreso del Estado fue sede del panel \u201cGobernanza colaborativa desde el enfoque de las ciencias\u201d, un espacio de an\u00e1lisis y reflexi\u00f3n que reuni\u00f3 a representantes de la sociedad civil, especialistas, acad\u00e9micos e integrantes del sector p\u00fablico, como parte de las actividades conmemorativas por el primer aniversario de la Iniciativa Ciudadana para el Desarrollo Estrat\u00e9gico y Avance de Puebla (ICDEA), Durante el encuentro, realizado en el Auditorio 18 de Noviembre, el diputado Jos\u00e9 Luis Figueroa Cort\u00e9s, presidente de la Comisi\u00f3n de Trabajo, Competitividad y Previsi\u00f3n Social, destac\u00f3 la importancia de abrir espacios de di\u00e1logo, participaci\u00f3n y&hellip;Leer m\u00e1s...","og_url":"https:\/\/www.aliadospuebla.com\/?p=114055","og_site_name":"AliadosPuebla","article_author":"https:\/\/www.facebook.com\/Aliados17Pue","article_published_time":"2026-05-19T12:36:33+00:00","og_image":[{"width":600,"height":450,"url":"https:\/\/www.aliadospuebla.com\/web2017\/wp-content\/uploads\/2026\/05\/136.jpg","type":"image\/jpeg"}],"author":"Aliados17","twitter_card":"summary_large_image","twitter_creator":"@AliadosPuebla","twitter_misc":{"Escrito por":"Aliados17","Tiempo de lectura":"2 minutos"},"schema":{"@context":"https:\/\/schema.org","@graph":[{"@type":"Article","@id":"https:\/\/www.aliadospuebla.com\/?p=114055#article","isPartOf":{"@id":"https:\/\/www.aliadospuebla.com\/?p=114055"},"author":{"name":"Aliados17","@id":"https:\/\/www.aliadospuebla.com\/#\/schema\/person\/5da7dd09320bd4f392b710017ed5f8ad"},"headline":"Congreso del Estado abre espacios de di\u00e1logo y colaboraci\u00f3n para fortalecer el desarrollo de Puebla","datePublished":"2026-05-19T12:36:33+00:00","mainEntityOfPage":{"@id":"https:\/\/www.aliadospuebla.com\/?p=114055"},"wordCount":285,"commentCount":0,"image":{"@id":"https:\/\/www.aliadospuebla.com\/?p=114055#primaryimage"},"thumbnailUrl":"https:\/\/www.aliadospuebla.com\/web2017\/wp-content\/uploads\/2026\/05\/136.jpg","keywords":["Celina Pe\u00f1a Guzm\u00e1n","desarrollo estrat\u00e9gico","espacios de di\u00e1logo","ICDEA","Iniciativa Ciudadana","Jos\u00e9 Luis Figueroa Cort\u00e9s","SECIHTI"],"articleSection":["Pol\u00edtica"],"inLanguage":"es","potentialAction":[{"@type":"CommentAction","name":"Comment","target":["https:\/\/www.aliadospuebla.com\/?p=114055#respond"]}]},{"@type":"WebPage","@id":"https:\/\/www.aliadospuebla.com\/?p=114055","url":"https:\/\/www.aliadospuebla.com\/?p=114055","name":"Congreso del Estado abre espacios de di\u00e1logo y colaboraci\u00f3n para fortalecer el desarrollo de Puebla - AliadosPuebla","isPartOf":{"@id":"https:\/\/www.aliadospuebla.com\/#website"},"primaryImageOfPage":{"@id":"https:\/\/www.aliadospuebla.com\/?p=114055#primaryimage"},"image":{"@id":"https:\/\/www.aliadospuebla.com\/?p=114055#primaryimage"},"thumbnailUrl":"https:\/\/www.aliadospuebla.com\/web2017\/wp-content\/uploads\/2026\/05\/136.jpg","datePublished":"2026-05-19T12:36:33+00:00","author":{"@id":"https:\/\/www.aliadospuebla.com\/#\/schema\/person\/5da7dd09320bd4f392b710017ed5f8ad"},"breadcrumb":{"@id":"https:\/\/www.aliadospuebla.com\/?p=114055#breadcrumb"},"inLanguage":"es","potentialAction":[{"@type":"ReadAction","target":["https:\/\/www.aliadospuebla.com\/?p=114055"]}]},{"@type":"ImageObject","inLanguage":"es","@id":"https:\/\/www.aliadospuebla.com\/?p=114055#primaryimage","url":"https:\/\/www.aliadospuebla.com\/web2017\/wp-content\/uploads\/2026\/05\/136.jpg","contentUrl":"https:\/\/www.aliadospuebla.com\/web2017\/wp-content\/uploads\/2026\/05\/136.jpg","width":600,"height":450},{"@type":"BreadcrumbList","@id":"https:\/\/www.aliadospuebla.com\/?p=114055#breadcrumb","itemListElement":[{"@type":"ListItem","position":1,"name":"Portada","item":"https:\/\/www.aliadospuebla.com\/"},{"@type":"ListItem","position":2,"name":"Congreso del Estado abre espacios de di\u00e1logo y colaboraci\u00f3n para fortalecer el desarrollo de Puebla"}]},{"@type":"WebSite","@id":"https:\/\/www.aliadospuebla.com\/#website","url":"https:\/\/www.aliadospuebla.com\/","name":"AliadosPuebla","description":"La informaci\u00f3n en tus manos","potentialAction":[{"@type":"SearchAction","target":{"@type":"EntryPoint","urlTemplate":"https:\/\/www.aliadospuebla.com\/?s={search_term_string}"},"query-input":{"@type":"PropertyValueSpecification","valueRequired":true,"valueName":"search_term_string"}}],"inLanguage":"es"},{"@type":"Person","@id":"https:\/\/www.aliadospuebla.com\/#\/schema\/person\/5da7dd09320bd4f392b710017ed5f8ad","name":"Aliados17","image":{"@type":"ImageObject","inLanguage":"es","@id":"https:\/\/www.aliadospuebla.com\/web2017\/wp-content\/uploads\/2025\/03\/cropped-para-perfil-8-anos-1-96x96.jpg","url":"https:\/\/www.aliadospuebla.com\/web2017\/wp-content\/uploads\/2025\/03\/cropped-para-perfil-8-anos-1-96x96.jpg","contentUrl":"https:\/\/www.aliadospuebla.com\/web2017\/wp-content\/uploads\/2025\/03\/cropped-para-perfil-8-anos-1-96x96.jpg","caption":"Aliados17"},"sameAs":["https:\/\/www.aliados17.com","https:\/\/www.facebook.com\/Aliados17Pue","https:\/\/x.com\/AliadosPuebla"],"url":"https:\/\/www.aliadospuebla.com\/?author=2"}]}},"views":26,"_links":{"self":[{"href":"https:\/\/www.aliadospuebla.com\/index.php?rest_route=\/wp\/v2\/posts\/114055","targetHints":{"allow":["GET"]}}],"collection":[{"href":"https:\/\/www.aliadospuebla.com\/index.php?rest_route=\/wp\/v2\/posts"}],"about":[{"href":"https:\/\/www.aliadospuebla.com\/index.php?rest_route=\/wp\/v2\/types\/post"}],"author":[{"embeddable":true,"href":"https:\/\/www.aliadospuebla.com\/index.php?rest_route=\/wp\/v2\/users\/2"}],"replies":[{"embeddable":true,"href":"https:\/\/www.aliadospuebla.com\/index.php?rest_route=%2Fwp%2Fv2%2Fcomments&post=114055"}],"version-history":[{"count":1,"href":"https:\/\/www.aliadospuebla.com\/index.php?rest_route=\/wp\/v2\/posts\/114055\/revisions"}],"predecessor-version":[{"id":114057,"href":"https:\/\/www.aliadospuebla.com\/index.php?rest_route=\/wp\/v2\/posts\/114055\/revisions\/114057"}],"wp:featuredmedia":[{"embeddable":true,"href":"https:\/\/www.aliadospuebla.com\/index.php?rest_route=\/wp\/v2\/media\/114056"}],"wp:attachment":[{"href":"https:\/\/www.aliadospuebla.com\/index.php?rest_route=%2Fwp%2Fv2%2Fmedia&parent=114055"}],"wp:term":[{"taxonomy":"category","embeddable":true,"href":"https:\/\/www.aliadospuebla.com\/index.php?rest_route=%2Fwp%2Fv2%2Fcategories&post=114055"},{"taxonomy":"post_tag","embeddable":true,"href":"https:\/\/www.aliadospuebla.com\/index.php?rest_route=%2Fwp%2Fv2%2Ftags&post=114055"}],"curies":[{"name":"wp","href":"https:\/\/api.w.org\/{rel}","templated":true}]}}