{"id":114040,"date":"2026-05-13T09:09:41","date_gmt":"2026-05-13T15:09:41","guid":{"rendered":"https:\/\/www.aliadospuebla.com\/?p=114040"},"modified":"2026-05-18T09:15:20","modified_gmt":"2026-05-18T15:15:20","slug":"inician-obra-de-adoquinamiento-en-santa-rosa-tecamachalco","status":"publish","type":"post","link":"https:\/\/www.aliadospuebla.com\/?p=114040","title":{"rendered":"Inician obra de adoquinamiento en Santa Rosa, Tecamachalco"},"content":{"rendered":"<p>Tecamachalco, Puebla. \u2013 El presidente municipal Mateo Hern\u00e1ndez L\u00f3pez, acompa\u00f1ado por integrantes del Cabildo del H. Ayuntamiento de Tecamachalco, encabez\u00f3 el arranque de obra de adoquinamiento en la calle 5 Sur entre Av. Independencia y 5 Oriente en Santa Rosa, como parte de las acciones para continuar mejorando las vialidades del municipio.<\/p>\n<p>La obra contempla la intervenci\u00f3n de 1,302 metros cuadrados de adoquinamiento y 407 metros lineales de guarnici\u00f3n, dando respuesta a una solicitud que por a\u00f1os realizaron las familias de esta zona.<\/p>\n<p>Durante el inicio de los trabajos, el alcalde destac\u00f3 la importancia de seguir trabajando de la mano con la ciudadan\u00eda para impulsar m\u00e1s obras que transformen las comunidades y mejoren las condiciones de movilidad y bienestar para las familias.<\/p>\n<p>Asimismo, agradeci\u00f3 el respaldo y participaci\u00f3n de las y los vecinos, se\u00f1alando que gracias al trabajo en equipo y al apoyo de la comunidad es posible seguir avanzando con m\u00e1s infraestructura para Tecamachalco.<\/p>\n","protected":false},"excerpt":{"rendered":"<p>Tecamachalco, Puebla. \u2013 El presidente municipal Mateo Hern\u00e1ndez L\u00f3pez, acompa\u00f1ado por integrantes del Cabildo del H. Ayuntamiento de Tecamachalco, encabez\u00f3 el arranque de obra de adoquinamiento en la calle 5 Sur entre Av. Independencia y 5 Oriente en Santa Rosa, como parte de las acciones para continuar mejorando las vialidades del municipio. La obra contempla la intervenci\u00f3n de 1,302 metros cuadrados de adoquinamiento y 407 metros lineales de guarnici\u00f3n, dando respuesta a una solicitud que por a\u00f1os realizaron las familias de esta zona. Durante el inicio de los trabajos, el alcalde destac\u00f3 la importancia de seguir trabajando de la mano con la ciudadan\u00eda para impulsar m\u00e1s obras que transformen las comunidades y mejoren las condiciones de movilidad y bienestar para las familias. Asimismo, agradeci\u00f3 el&hellip;<\/p>\n<p class=\"excerpt-more\"><a class=\"blog-excerpt button\" href=\"https:\/\/www.aliadospuebla.com\/?p=114040\">Leer m\u00e1s&#8230;<\/a><\/p>\n","protected":false},"author":2,"featured_media":114041,"comment_status":"open","ping_status":"open","sticky":false,"template":"","format":"standard","meta":{"_monsterinsights_skip_tracking":false,"footnotes":""},"categories":[4],"tags":[565,337,28053,6774,129,508],"class_list":["post-114040","post","type-post","status-publish","format-standard","has-post-thumbnail","hentry","category-municipios","tag-adoquinamiento","tag-infraestructura","tag-mateo-hernandez-lopez","tag-santa-rosa","tag-tecamachalco","tag-vialidades"],"yoast_head":"<!-- This site is optimized with the Yoast SEO plugin v28.4 - https:\/\/yoast.com\/product\/yoast-seo-wordpress\/ -->\n<title>Inician obra de adoquinamiento en Santa Rosa, Tecamachalco - AliadosPuebla<\/title>\n<meta name=\"robots\" content=\"index, follow, max-snippet:-1, max-image-preview:large, max-video-preview:-1\" \/>\n<link rel=\"canonical\" href=\"https:\/\/www.aliadospuebla.com\/?p=114040\" \/>\n<meta property=\"og:locale\" content=\"es_ES\" \/>\n<meta property=\"og:type\" content=\"article\" \/>\n<meta property=\"og:title\" content=\"Inician obra de adoquinamiento en Santa Rosa, Tecamachalco - AliadosPuebla\" \/>\n<meta property=\"og:description\" content=\"Tecamachalco, Puebla. \u2013 El presidente municipal Mateo Hern\u00e1ndez L\u00f3pez, acompa\u00f1ado por integrantes del Cabildo del H. Ayuntamiento de Tecamachalco, encabez\u00f3 el arranque de obra de adoquinamiento en la calle 5 Sur entre Av. Independencia y 5 Oriente en Santa Rosa, como parte de las acciones para continuar mejorando las vialidades del municipio. La obra contempla la intervenci\u00f3n de 1,302 metros cuadrados de adoquinamiento y 407 metros lineales de guarnici\u00f3n, dando respuesta a una solicitud que por a\u00f1os realizaron las familias de esta zona. Durante el inicio de los trabajos, el alcalde destac\u00f3 la importancia de seguir trabajando de la mano con la ciudadan\u00eda para impulsar m\u00e1s obras que transformen las comunidades y mejoren las condiciones de movilidad y bienestar para las familias. Asimismo, agradeci\u00f3 el&hellip;Leer m\u00e1s...\" \/>\n<meta property=\"og:url\" content=\"https:\/\/www.aliadospuebla.com\/?p=114040\" \/>\n<meta property=\"og:site_name\" content=\"AliadosPuebla\" \/>\n<meta property=\"article:author\" content=\"https:\/\/www.facebook.com\/Aliados17Pue\" \/>\n<meta property=\"article:published_time\" content=\"2026-05-13T15:09:41+00:00\" \/>\n<meta property=\"article:modified_time\" content=\"2026-05-18T15:15:20+00:00\" \/>\n<meta property=\"og:image\" content=\"https:\/\/www.aliadospuebla.com\/web2017\/wp-content\/uploads\/2026\/05\/131.jpg\" \/>\n\t<meta property=\"og:image:width\" content=\"600\" \/>\n\t<meta property=\"og:image:height\" content=\"450\" \/>\n\t<meta property=\"og:image:type\" content=\"image\/jpeg\" \/>\n<meta name=\"author\" content=\"Aliados17\" \/>\n<meta name=\"twitter:card\" content=\"summary_large_image\" \/>\n<meta name=\"twitter:creator\" content=\"@AliadosPuebla\" \/>\n<meta name=\"twitter:label1\" content=\"Escrito por\" \/>\n\t<meta name=\"twitter:data1\" content=\"Aliados17\" \/>\n\t<meta name=\"twitter:label2\" content=\"Tiempo de lectura\" \/>\n\t<meta name=\"twitter:data2\" content=\"1 minuto\" \/>\n<script type=\"application\/ld+json\" class=\"yoast-schema-graph\">{\"@context\":\"https:\\\/\\\/schema.org\",\"@graph\":[{\"@type\":\"Article\",\"@id\":\"https:\\\/\\\/www.aliadospuebla.com\\\/?p=114040#article\",\"isPartOf\":{\"@id\":\"https:\\\/\\\/www.aliadospuebla.com\\\/?p=114040\"},\"author\":{\"name\":\"Aliados17\",\"@id\":\"https:\\\/\\\/www.aliadospuebla.com\\\/#\\\/schema\\\/person\\\/5da7dd09320bd4f392b710017ed5f8ad\"},\"headline\":\"Inician obra de adoquinamiento en Santa Rosa, Tecamachalco\",\"datePublished\":\"2026-05-13T15:09:41+00:00\",\"dateModified\":\"2026-05-18T15:15:20+00:00\",\"mainEntityOfPage\":{\"@id\":\"https:\\\/\\\/www.aliadospuebla.com\\\/?p=114040\"},\"wordCount\":169,\"commentCount\":0,\"image\":{\"@id\":\"https:\\\/\\\/www.aliadospuebla.com\\\/?p=114040#primaryimage\"},\"thumbnailUrl\":\"https:\\\/\\\/www.aliadospuebla.com\\\/web2017\\\/wp-content\\\/uploads\\\/2026\\\/05\\\/131.jpg\",\"keywords\":[\"ADOQUINAMIENTO\",\"INFRAESTRUCTURA\",\"Mateo Hern\u00e1ndez L\u00f3pez\",\"SANTA ROSA\",\"Tecamachalco\",\"VIALIDADES\"],\"articleSection\":[\"Municipios\"],\"inLanguage\":\"es\",\"potentialAction\":[{\"@type\":\"CommentAction\",\"name\":\"Comment\",\"target\":[\"https:\\\/\\\/www.aliadospuebla.com\\\/?p=114040#respond\"]}]},{\"@type\":\"WebPage\",\"@id\":\"https:\\\/\\\/www.aliadospuebla.com\\\/?p=114040\",\"url\":\"https:\\\/\\\/www.aliadospuebla.com\\\/?p=114040\",\"name\":\"Inician obra de adoquinamiento en Santa Rosa, Tecamachalco - AliadosPuebla\",\"isPartOf\":{\"@id\":\"https:\\\/\\\/www.aliadospuebla.com\\\/#website\"},\"primaryImageOfPage\":{\"@id\":\"https:\\\/\\\/www.aliadospuebla.com\\\/?p=114040#primaryimage\"},\"image\":{\"@id\":\"https:\\\/\\\/www.aliadospuebla.com\\\/?p=114040#primaryimage\"},\"thumbnailUrl\":\"https:\\\/\\\/www.aliadospuebla.com\\\/web2017\\\/wp-content\\\/uploads\\\/2026\\\/05\\\/131.jpg\",\"datePublished\":\"2026-05-13T15:09:41+00:00\",\"dateModified\":\"2026-05-18T15:15:20+00:00\",\"author\":{\"@id\":\"https:\\\/\\\/www.aliadospuebla.com\\\/#\\\/schema\\\/person\\\/5da7dd09320bd4f392b710017ed5f8ad\"},\"breadcrumb\":{\"@id\":\"https:\\\/\\\/www.aliadospuebla.com\\\/?p=114040#breadcrumb\"},\"inLanguage\":\"es\",\"potentialAction\":[{\"@type\":\"ReadAction\",\"target\":[\"https:\\\/\\\/www.aliadospuebla.com\\\/?p=114040\"]}]},{\"@type\":\"ImageObject\",\"inLanguage\":\"es\",\"@id\":\"https:\\\/\\\/www.aliadospuebla.com\\\/?p=114040#primaryimage\",\"url\":\"https:\\\/\\\/www.aliadospuebla.com\\\/web2017\\\/wp-content\\\/uploads\\\/2026\\\/05\\\/131.jpg\",\"contentUrl\":\"https:\\\/\\\/www.aliadospuebla.com\\\/web2017\\\/wp-content\\\/uploads\\\/2026\\\/05\\\/131.jpg\",\"width\":600,\"height\":450},{\"@type\":\"BreadcrumbList\",\"@id\":\"https:\\\/\\\/www.aliadospuebla.com\\\/?p=114040#breadcrumb\",\"itemListElement\":[{\"@type\":\"ListItem\",\"position\":1,\"name\":\"Portada\",\"item\":\"https:\\\/\\\/www.aliadospuebla.com\\\/\"},{\"@type\":\"ListItem\",\"position\":2,\"name\":\"Inician obra de adoquinamiento en Santa Rosa, Tecamachalco\"}]},{\"@type\":\"WebSite\",\"@id\":\"https:\\\/\\\/www.aliadospuebla.com\\\/#website\",\"url\":\"https:\\\/\\\/www.aliadospuebla.com\\\/\",\"name\":\"AliadosPuebla\",\"description\":\"La informaci\u00f3n en tus manos\",\"potentialAction\":[{\"@type\":\"SearchAction\",\"target\":{\"@type\":\"EntryPoint\",\"urlTemplate\":\"https:\\\/\\\/www.aliadospuebla.com\\\/?s={search_term_string}\"},\"query-input\":{\"@type\":\"PropertyValueSpecification\",\"valueRequired\":true,\"valueName\":\"search_term_string\"}}],\"inLanguage\":\"es\"},{\"@type\":\"Person\",\"@id\":\"https:\\\/\\\/www.aliadospuebla.com\\\/#\\\/schema\\\/person\\\/5da7dd09320bd4f392b710017ed5f8ad\",\"name\":\"Aliados17\",\"image\":{\"@type\":\"ImageObject\",\"inLanguage\":\"es\",\"@id\":\"https:\\\/\\\/www.aliadospuebla.com\\\/web2017\\\/wp-content\\\/uploads\\\/2025\\\/03\\\/cropped-para-perfil-8-anos-1-96x96.jpg\",\"url\":\"https:\\\/\\\/www.aliadospuebla.com\\\/web2017\\\/wp-content\\\/uploads\\\/2025\\\/03\\\/cropped-para-perfil-8-anos-1-96x96.jpg\",\"contentUrl\":\"https:\\\/\\\/www.aliadospuebla.com\\\/web2017\\\/wp-content\\\/uploads\\\/2025\\\/03\\\/cropped-para-perfil-8-anos-1-96x96.jpg\",\"caption\":\"Aliados17\"},\"sameAs\":[\"https:\\\/\\\/www.aliados17.com\",\"https:\\\/\\\/www.facebook.com\\\/Aliados17Pue\",\"https:\\\/\\\/x.com\\\/AliadosPuebla\"],\"url\":\"https:\\\/\\\/www.aliadospuebla.com\\\/?author=2\"}]}<\/script>\n<!-- \/ Yoast SEO plugin. -->","yoast_head_json":{"title":"Inician obra de adoquinamiento en Santa Rosa, Tecamachalco - AliadosPuebla","robots":{"index":"index","follow":"follow","max-snippet":"max-snippet:-1","max-image-preview":"max-image-preview:large","max-video-preview":"max-video-preview:-1"},"canonical":"https:\/\/www.aliadospuebla.com\/?p=114040","og_locale":"es_ES","og_type":"article","og_title":"Inician obra de adoquinamiento en Santa Rosa, Tecamachalco - AliadosPuebla","og_description":"Tecamachalco, Puebla. \u2013 El presidente municipal Mateo Hern\u00e1ndez L\u00f3pez, acompa\u00f1ado por integrantes del Cabildo del H. Ayuntamiento de Tecamachalco, encabez\u00f3 el arranque de obra de adoquinamiento en la calle 5 Sur entre Av. Independencia y 5 Oriente en Santa Rosa, como parte de las acciones para continuar mejorando las vialidades del municipio. La obra contempla la intervenci\u00f3n de 1,302 metros cuadrados de adoquinamiento y 407 metros lineales de guarnici\u00f3n, dando respuesta a una solicitud que por a\u00f1os realizaron las familias de esta zona. Durante el inicio de los trabajos, el alcalde destac\u00f3 la importancia de seguir trabajando de la mano con la ciudadan\u00eda para impulsar m\u00e1s obras que transformen las comunidades y mejoren las condiciones de movilidad y bienestar para las familias. Asimismo, agradeci\u00f3 el&hellip;Leer m\u00e1s...","og_url":"https:\/\/www.aliadospuebla.com\/?p=114040","og_site_name":"AliadosPuebla","article_author":"https:\/\/www.facebook.com\/Aliados17Pue","article_published_time":"2026-05-13T15:09:41+00:00","article_modified_time":"2026-05-18T15:15:20+00:00","og_image":[{"width":600,"height":450,"url":"https:\/\/www.aliadospuebla.com\/web2017\/wp-content\/uploads\/2026\/05\/131.jpg","type":"image\/jpeg"}],"author":"Aliados17","twitter_card":"summary_large_image","twitter_creator":"@AliadosPuebla","twitter_misc":{"Escrito por":"Aliados17","Tiempo de lectura":"1 minuto"},"schema":{"@context":"https:\/\/schema.org","@graph":[{"@type":"Article","@id":"https:\/\/www.aliadospuebla.com\/?p=114040#article","isPartOf":{"@id":"https:\/\/www.aliadospuebla.com\/?p=114040"},"author":{"name":"Aliados17","@id":"https:\/\/www.aliadospuebla.com\/#\/schema\/person\/5da7dd09320bd4f392b710017ed5f8ad"},"headline":"Inician obra de adoquinamiento en Santa Rosa, Tecamachalco","datePublished":"2026-05-13T15:09:41+00:00","dateModified":"2026-05-18T15:15:20+00:00","mainEntityOfPage":{"@id":"https:\/\/www.aliadospuebla.com\/?p=114040"},"wordCount":169,"commentCount":0,"image":{"@id":"https:\/\/www.aliadospuebla.com\/?p=114040#primaryimage"},"thumbnailUrl":"https:\/\/www.aliadospuebla.com\/web2017\/wp-content\/uploads\/2026\/05\/131.jpg","keywords":["ADOQUINAMIENTO","INFRAESTRUCTURA","Mateo Hern\u00e1ndez L\u00f3pez","SANTA ROSA","Tecamachalco","VIALIDADES"],"articleSection":["Municipios"],"inLanguage":"es","potentialAction":[{"@type":"CommentAction","name":"Comment","target":["https:\/\/www.aliadospuebla.com\/?p=114040#respond"]}]},{"@type":"WebPage","@id":"https:\/\/www.aliadospuebla.com\/?p=114040","url":"https:\/\/www.aliadospuebla.com\/?p=114040","name":"Inician obra de adoquinamiento en Santa Rosa, Tecamachalco - AliadosPuebla","isPartOf":{"@id":"https:\/\/www.aliadospuebla.com\/#website"},"primaryImageOfPage":{"@id":"https:\/\/www.aliadospuebla.com\/?p=114040#primaryimage"},"image":{"@id":"https:\/\/www.aliadospuebla.com\/?p=114040#primaryimage"},"thumbnailUrl":"https:\/\/www.aliadospuebla.com\/web2017\/wp-content\/uploads\/2026\/05\/131.jpg","datePublished":"2026-05-13T15:09:41+00:00","dateModified":"2026-05-18T15:15:20+00:00","author":{"@id":"https:\/\/www.aliadospuebla.com\/#\/schema\/person\/5da7dd09320bd4f392b710017ed5f8ad"},"breadcrumb":{"@id":"https:\/\/www.aliadospuebla.com\/?p=114040#breadcrumb"},"inLanguage":"es","potentialAction":[{"@type":"ReadAction","target":["https:\/\/www.aliadospuebla.com\/?p=114040"]}]},{"@type":"ImageObject","inLanguage":"es","@id":"https:\/\/www.aliadospuebla.com\/?p=114040#primaryimage","url":"https:\/\/www.aliadospuebla.com\/web2017\/wp-content\/uploads\/2026\/05\/131.jpg","contentUrl":"https:\/\/www.aliadospuebla.com\/web2017\/wp-content\/uploads\/2026\/05\/131.jpg","width":600,"height":450},{"@type":"BreadcrumbList","@id":"https:\/\/www.aliadospuebla.com\/?p=114040#breadcrumb","itemListElement":[{"@type":"ListItem","position":1,"name":"Portada","item":"https:\/\/www.aliadospuebla.com\/"},{"@type":"ListItem","position":2,"name":"Inician obra de adoquinamiento en Santa Rosa, Tecamachalco"}]},{"@type":"WebSite","@id":"https:\/\/www.aliadospuebla.com\/#website","url":"https:\/\/www.aliadospuebla.com\/","name":"AliadosPuebla","description":"La informaci\u00f3n en tus manos","potentialAction":[{"@type":"SearchAction","target":{"@type":"EntryPoint","urlTemplate":"https:\/\/www.aliadospuebla.com\/?s={search_term_string}"},"query-input":{"@type":"PropertyValueSpecification","valueRequired":true,"valueName":"search_term_string"}}],"inLanguage":"es"},{"@type":"Person","@id":"https:\/\/www.aliadospuebla.com\/#\/schema\/person\/5da7dd09320bd4f392b710017ed5f8ad","name":"Aliados17","image":{"@type":"ImageObject","inLanguage":"es","@id":"https:\/\/www.aliadospuebla.com\/web2017\/wp-content\/uploads\/2025\/03\/cropped-para-perfil-8-anos-1-96x96.jpg","url":"https:\/\/www.aliadospuebla.com\/web2017\/wp-content\/uploads\/2025\/03\/cropped-para-perfil-8-anos-1-96x96.jpg","contentUrl":"https:\/\/www.aliadospuebla.com\/web2017\/wp-content\/uploads\/2025\/03\/cropped-para-perfil-8-anos-1-96x96.jpg","caption":"Aliados17"},"sameAs":["https:\/\/www.aliados17.com","https:\/\/www.facebook.com\/Aliados17Pue","https:\/\/x.com\/AliadosPuebla"],"url":"https:\/\/www.aliadospuebla.com\/?author=2"}]}},"views":8,"_links":{"self":[{"href":"https:\/\/www.aliadospuebla.com\/index.php?rest_route=\/wp\/v2\/posts\/114040","targetHints":{"allow":["GET"]}}],"collection":[{"href":"https:\/\/www.aliadospuebla.com\/index.php?rest_route=\/wp\/v2\/posts"}],"about":[{"href":"https:\/\/www.aliadospuebla.com\/index.php?rest_route=\/wp\/v2\/types\/post"}],"author":[{"embeddable":true,"href":"https:\/\/www.aliadospuebla.com\/index.php?rest_route=\/wp\/v2\/users\/2"}],"replies":[{"embeddable":true,"href":"https:\/\/www.aliadospuebla.com\/index.php?rest_route=%2Fwp%2Fv2%2Fcomments&post=114040"}],"version-history":[{"count":1,"href":"https:\/\/www.aliadospuebla.com\/index.php?rest_route=\/wp\/v2\/posts\/114040\/revisions"}],"predecessor-version":[{"id":114042,"href":"https:\/\/www.aliadospuebla.com\/index.php?rest_route=\/wp\/v2\/posts\/114040\/revisions\/114042"}],"wp:featuredmedia":[{"embeddable":true,"href":"https:\/\/www.aliadospuebla.com\/index.php?rest_route=\/wp\/v2\/media\/114041"}],"wp:attachment":[{"href":"https:\/\/www.aliadospuebla.com\/index.php?rest_route=%2Fwp%2Fv2%2Fmedia&parent=114040"}],"wp:term":[{"taxonomy":"category","embeddable":true,"href":"https:\/\/www.aliadospuebla.com\/index.php?rest_route=%2Fwp%2Fv2%2Fcategories&post=114040"},{"taxonomy":"post_tag","embeddable":true,"href":"https:\/\/www.aliadospuebla.com\/index.php?rest_route=%2Fwp%2Fv2%2Ftags&post=114040"}],"curies":[{"name":"wp","href":"https:\/\/api.w.org\/{rel}","templated":true}]}}