{"id":114012,"date":"2026-05-17T07:20:38","date_gmt":"2026-05-17T13:20:38","guid":{"rendered":"https:\/\/www.aliadospuebla.com\/?p=114012"},"modified":"2026-05-18T07:25:24","modified_gmt":"2026-05-18T13:25:24","slug":"morena-consolida-su-estructura-e-instala-su-primer-consejo-municipal-en-san-pedro-cholula","status":"publish","type":"post","link":"https:\/\/www.aliadospuebla.com\/?p=114012","title":{"rendered":"Morena consolida su estructura e instala su primer Consejo Municipal en San Pedro Cholula"},"content":{"rendered":"<h4>San Pedro Cholula.- En un acto de unidad y fortalecimiento partidista, qued\u00f3 instalado el primer Consejo Municipal de Morena en San Pedro Cholula, del cual forma parte Tonantzin Fern\u00e1ndez, quien es consejera nacional y estatal del partido, marcando un hecho hist\u00f3rico para Morena en el municipio.<\/h4>\n<p>Al respecto, Tonantzin Fern\u00e1ndez se\u00f1al\u00f3 que su militancia en el Movimiento de Regeneraci\u00f3n Nacional refleja su compromiso con la consolidaci\u00f3n de la Cuarta Transformaci\u00f3n en San Pedro Cholula, por lo que afirm\u00f3 que la instalaci\u00f3n de este Consejo representa un paso importante para la vida interna del partido.<\/p>\n<p>Asimismo, destac\u00f3 que, como integrante de Morena, se suma a la defensa de la soberan\u00eda nacional, respaldando a la presidenta de M\u00e9xico, Claudia Sheinbaum, y al gobernador del estado, Alejandro Armenta, como l\u00edderes del movimiento.<\/p>\n<p>Comparti\u00f3 que la participaci\u00f3n ciudadana es clave para fortalecer el proyecto de transformaci\u00f3n que encabeza en San Pedro Cholula, por ello agradeci\u00f3 la asistencia de todas y todos quienes participaron en la instalaci\u00f3n de este Consejo.<\/p>\n<p>Destac\u00f3 tambi\u00e9n que Morena es actualmente una de las principales fuerzas pol\u00edticas del pa\u00eds, por lo que subray\u00f3 la importancia de mantenerse fieles a sus principios y continuar dando resultados a las y los ciudadanos que han confiado en el movimiento.<\/p>\n<p>Finalmente, el diputado local morenista Andr\u00e9s Villegas tom\u00f3 protesta a las y los secretarios y presidentes que integran este Consejo Municipal, felicit\u00e1ndolos por su labor y exhort\u00e1ndolos a redoblar esfuerzos en favor de la unidad y el fortalecimiento del partido.<\/p>\n","protected":false},"excerpt":{"rendered":"<p>San Pedro Cholula.- En un acto de unidad y fortalecimiento partidista, qued\u00f3 instalado el primer Consejo Municipal de Morena en San Pedro Cholula, del cual forma parte Tonantzin Fern\u00e1ndez, quien es consejera nacional y estatal del partido, marcando un hecho hist\u00f3rico para Morena en el municipio. Al respecto, Tonantzin Fern\u00e1ndez se\u00f1al\u00f3 que su militancia en el Movimiento de Regeneraci\u00f3n Nacional refleja su compromiso con la consolidaci\u00f3n de la Cuarta Transformaci\u00f3n en San Pedro Cholula, por lo que afirm\u00f3 que la instalaci\u00f3n de este Consejo representa un paso importante para la vida interna del partido. Asimismo, destac\u00f3 que, como integrante de Morena, se suma a la defensa de la soberan\u00eda nacional, respaldando a la presidenta de M\u00e9xico, Claudia Sheinbaum, y al gobernador del estado, Alejandro Armenta,&hellip;<\/p>\n<p class=\"excerpt-more\"><a class=\"blog-excerpt button\" href=\"https:\/\/www.aliadospuebla.com\/?p=114012\">Leer m\u00e1s&#8230;<\/a><\/p>\n","protected":false},"author":2,"featured_media":114014,"comment_status":"open","ping_status":"open","sticky":false,"template":"","format":"standard","meta":{"_monsterinsights_skip_tracking":false,"footnotes":""},"categories":[4],"tags":[4780,25948,19918,9501,21352,387,12408,7394],"class_list":["post-114012","post","type-post","status-publish","format-standard","has-post-thumbnail","hentry","category-municipios","tag-alejandro-armenta","tag-andres-villegas","tag-claudia-sheinbaum","tag-consejo-municipal","tag-proyecto-de-transformacion","tag-san-pedro-cholula","tag-soberania-nacional","tag-tonantzin-fernandez"],"yoast_head":"<!-- This site is optimized with the Yoast SEO plugin v28.4 - https:\/\/yoast.com\/product\/yoast-seo-wordpress\/ -->\n<title>Morena consolida su estructura e instala su primer Consejo Municipal en San Pedro Cholula - AliadosPuebla<\/title>\n<meta name=\"robots\" content=\"index, follow, max-snippet:-1, max-image-preview:large, max-video-preview:-1\" \/>\n<link rel=\"canonical\" href=\"https:\/\/www.aliadospuebla.com\/?p=114012\" \/>\n<meta property=\"og:locale\" content=\"es_ES\" \/>\n<meta property=\"og:type\" content=\"article\" \/>\n<meta property=\"og:title\" content=\"Morena consolida su estructura e instala su primer Consejo Municipal en San Pedro Cholula - AliadosPuebla\" \/>\n<meta property=\"og:description\" content=\"San Pedro Cholula.- En un acto de unidad y fortalecimiento partidista, qued\u00f3 instalado el primer Consejo Municipal de Morena en San Pedro Cholula, del cual forma parte Tonantzin Fern\u00e1ndez, quien es consejera nacional y estatal del partido, marcando un hecho hist\u00f3rico para Morena en el municipio. Al respecto, Tonantzin Fern\u00e1ndez se\u00f1al\u00f3 que su militancia en el Movimiento de Regeneraci\u00f3n Nacional refleja su compromiso con la consolidaci\u00f3n de la Cuarta Transformaci\u00f3n en San Pedro Cholula, por lo que afirm\u00f3 que la instalaci\u00f3n de este Consejo representa un paso importante para la vida interna del partido. Asimismo, destac\u00f3 que, como integrante de Morena, se suma a la defensa de la soberan\u00eda nacional, respaldando a la presidenta de M\u00e9xico, Claudia Sheinbaum, y al gobernador del estado, Alejandro Armenta,&hellip;Leer m\u00e1s...\" \/>\n<meta property=\"og:url\" content=\"https:\/\/www.aliadospuebla.com\/?p=114012\" \/>\n<meta property=\"og:site_name\" content=\"AliadosPuebla\" \/>\n<meta property=\"article:author\" content=\"https:\/\/www.facebook.com\/Aliados17Pue\" \/>\n<meta property=\"article:published_time\" content=\"2026-05-17T13:20:38+00:00\" \/>\n<meta property=\"article:modified_time\" content=\"2026-05-18T13:25:24+00:00\" \/>\n<meta property=\"og:image\" content=\"https:\/\/www.aliadospuebla.com\/web2017\/wp-content\/uploads\/2026\/05\/122.jpg\" \/>\n\t<meta property=\"og:image:width\" content=\"600\" \/>\n\t<meta property=\"og:image:height\" content=\"450\" \/>\n\t<meta property=\"og:image:type\" content=\"image\/jpeg\" \/>\n<meta name=\"author\" content=\"Aliados17\" \/>\n<meta name=\"twitter:card\" content=\"summary_large_image\" \/>\n<meta name=\"twitter:creator\" content=\"@AliadosPuebla\" \/>\n<meta name=\"twitter:label1\" content=\"Escrito por\" \/>\n\t<meta name=\"twitter:data1\" content=\"Aliados17\" \/>\n\t<meta name=\"twitter:label2\" content=\"Tiempo de lectura\" \/>\n\t<meta name=\"twitter:data2\" content=\"2 minutos\" \/>\n<script type=\"application\/ld+json\" class=\"yoast-schema-graph\">{\"@context\":\"https:\\\/\\\/schema.org\",\"@graph\":[{\"@type\":\"Article\",\"@id\":\"https:\\\/\\\/www.aliadospuebla.com\\\/?p=114012#article\",\"isPartOf\":{\"@id\":\"https:\\\/\\\/www.aliadospuebla.com\\\/?p=114012\"},\"author\":{\"name\":\"Aliados17\",\"@id\":\"https:\\\/\\\/www.aliadospuebla.com\\\/#\\\/schema\\\/person\\\/5da7dd09320bd4f392b710017ed5f8ad\"},\"headline\":\"Morena consolida su estructura e instala su primer Consejo Municipal en San Pedro Cholula\",\"datePublished\":\"2026-05-17T13:20:38+00:00\",\"dateModified\":\"2026-05-18T13:25:24+00:00\",\"mainEntityOfPage\":{\"@id\":\"https:\\\/\\\/www.aliadospuebla.com\\\/?p=114012\"},\"wordCount\":281,\"commentCount\":0,\"image\":{\"@id\":\"https:\\\/\\\/www.aliadospuebla.com\\\/?p=114012#primaryimage\"},\"thumbnailUrl\":\"https:\\\/\\\/www.aliadospuebla.com\\\/web2017\\\/wp-content\\\/uploads\\\/2026\\\/05\\\/122.jpg\",\"keywords\":[\"ALEJANDRO ARMENTA\",\"Andr\u00e9s Villegas\",\"Claudia Sheinbaum\",\"consejo municipal\",\"proyecto de transformaci\u00f3n\",\"SAN PEDRO CHOLULA\",\"soberan\u00eda nacional\",\"TONANTZIN FERN\u00c1NDEZ\"],\"articleSection\":[\"Municipios\"],\"inLanguage\":\"es\",\"potentialAction\":[{\"@type\":\"CommentAction\",\"name\":\"Comment\",\"target\":[\"https:\\\/\\\/www.aliadospuebla.com\\\/?p=114012#respond\"]}]},{\"@type\":\"WebPage\",\"@id\":\"https:\\\/\\\/www.aliadospuebla.com\\\/?p=114012\",\"url\":\"https:\\\/\\\/www.aliadospuebla.com\\\/?p=114012\",\"name\":\"Morena consolida su estructura e instala su primer Consejo Municipal en San Pedro Cholula - AliadosPuebla\",\"isPartOf\":{\"@id\":\"https:\\\/\\\/www.aliadospuebla.com\\\/#website\"},\"primaryImageOfPage\":{\"@id\":\"https:\\\/\\\/www.aliadospuebla.com\\\/?p=114012#primaryimage\"},\"image\":{\"@id\":\"https:\\\/\\\/www.aliadospuebla.com\\\/?p=114012#primaryimage\"},\"thumbnailUrl\":\"https:\\\/\\\/www.aliadospuebla.com\\\/web2017\\\/wp-content\\\/uploads\\\/2026\\\/05\\\/122.jpg\",\"datePublished\":\"2026-05-17T13:20:38+00:00\",\"dateModified\":\"2026-05-18T13:25:24+00:00\",\"author\":{\"@id\":\"https:\\\/\\\/www.aliadospuebla.com\\\/#\\\/schema\\\/person\\\/5da7dd09320bd4f392b710017ed5f8ad\"},\"breadcrumb\":{\"@id\":\"https:\\\/\\\/www.aliadospuebla.com\\\/?p=114012#breadcrumb\"},\"inLanguage\":\"es\",\"potentialAction\":[{\"@type\":\"ReadAction\",\"target\":[\"https:\\\/\\\/www.aliadospuebla.com\\\/?p=114012\"]}]},{\"@type\":\"ImageObject\",\"inLanguage\":\"es\",\"@id\":\"https:\\\/\\\/www.aliadospuebla.com\\\/?p=114012#primaryimage\",\"url\":\"https:\\\/\\\/www.aliadospuebla.com\\\/web2017\\\/wp-content\\\/uploads\\\/2026\\\/05\\\/122.jpg\",\"contentUrl\":\"https:\\\/\\\/www.aliadospuebla.com\\\/web2017\\\/wp-content\\\/uploads\\\/2026\\\/05\\\/122.jpg\",\"width\":600,\"height\":450},{\"@type\":\"BreadcrumbList\",\"@id\":\"https:\\\/\\\/www.aliadospuebla.com\\\/?p=114012#breadcrumb\",\"itemListElement\":[{\"@type\":\"ListItem\",\"position\":1,\"name\":\"Portada\",\"item\":\"https:\\\/\\\/www.aliadospuebla.com\\\/\"},{\"@type\":\"ListItem\",\"position\":2,\"name\":\"Morena consolida su estructura e instala su primer Consejo Municipal en San Pedro Cholula\"}]},{\"@type\":\"WebSite\",\"@id\":\"https:\\\/\\\/www.aliadospuebla.com\\\/#website\",\"url\":\"https:\\\/\\\/www.aliadospuebla.com\\\/\",\"name\":\"AliadosPuebla\",\"description\":\"La informaci\u00f3n en tus manos\",\"potentialAction\":[{\"@type\":\"SearchAction\",\"target\":{\"@type\":\"EntryPoint\",\"urlTemplate\":\"https:\\\/\\\/www.aliadospuebla.com\\\/?s={search_term_string}\"},\"query-input\":{\"@type\":\"PropertyValueSpecification\",\"valueRequired\":true,\"valueName\":\"search_term_string\"}}],\"inLanguage\":\"es\"},{\"@type\":\"Person\",\"@id\":\"https:\\\/\\\/www.aliadospuebla.com\\\/#\\\/schema\\\/person\\\/5da7dd09320bd4f392b710017ed5f8ad\",\"name\":\"Aliados17\",\"image\":{\"@type\":\"ImageObject\",\"inLanguage\":\"es\",\"@id\":\"https:\\\/\\\/www.aliadospuebla.com\\\/web2017\\\/wp-content\\\/uploads\\\/2025\\\/03\\\/cropped-para-perfil-8-anos-1-96x96.jpg\",\"url\":\"https:\\\/\\\/www.aliadospuebla.com\\\/web2017\\\/wp-content\\\/uploads\\\/2025\\\/03\\\/cropped-para-perfil-8-anos-1-96x96.jpg\",\"contentUrl\":\"https:\\\/\\\/www.aliadospuebla.com\\\/web2017\\\/wp-content\\\/uploads\\\/2025\\\/03\\\/cropped-para-perfil-8-anos-1-96x96.jpg\",\"caption\":\"Aliados17\"},\"sameAs\":[\"https:\\\/\\\/www.aliados17.com\",\"https:\\\/\\\/www.facebook.com\\\/Aliados17Pue\",\"https:\\\/\\\/x.com\\\/AliadosPuebla\"],\"url\":\"https:\\\/\\\/www.aliadospuebla.com\\\/?author=2\"}]}<\/script>\n<!-- \/ Yoast SEO plugin. -->","yoast_head_json":{"title":"Morena consolida su estructura e instala su primer Consejo Municipal en San Pedro Cholula - AliadosPuebla","robots":{"index":"index","follow":"follow","max-snippet":"max-snippet:-1","max-image-preview":"max-image-preview:large","max-video-preview":"max-video-preview:-1"},"canonical":"https:\/\/www.aliadospuebla.com\/?p=114012","og_locale":"es_ES","og_type":"article","og_title":"Morena consolida su estructura e instala su primer Consejo Municipal en San Pedro Cholula - AliadosPuebla","og_description":"San Pedro Cholula.- En un acto de unidad y fortalecimiento partidista, qued\u00f3 instalado el primer Consejo Municipal de Morena en San Pedro Cholula, del cual forma parte Tonantzin Fern\u00e1ndez, quien es consejera nacional y estatal del partido, marcando un hecho hist\u00f3rico para Morena en el municipio. Al respecto, Tonantzin Fern\u00e1ndez se\u00f1al\u00f3 que su militancia en el Movimiento de Regeneraci\u00f3n Nacional refleja su compromiso con la consolidaci\u00f3n de la Cuarta Transformaci\u00f3n en San Pedro Cholula, por lo que afirm\u00f3 que la instalaci\u00f3n de este Consejo representa un paso importante para la vida interna del partido. Asimismo, destac\u00f3 que, como integrante de Morena, se suma a la defensa de la soberan\u00eda nacional, respaldando a la presidenta de M\u00e9xico, Claudia Sheinbaum, y al gobernador del estado, Alejandro Armenta,&hellip;Leer m\u00e1s...","og_url":"https:\/\/www.aliadospuebla.com\/?p=114012","og_site_name":"AliadosPuebla","article_author":"https:\/\/www.facebook.com\/Aliados17Pue","article_published_time":"2026-05-17T13:20:38+00:00","article_modified_time":"2026-05-18T13:25:24+00:00","og_image":[{"width":600,"height":450,"url":"https:\/\/www.aliadospuebla.com\/web2017\/wp-content\/uploads\/2026\/05\/122.jpg","type":"image\/jpeg"}],"author":"Aliados17","twitter_card":"summary_large_image","twitter_creator":"@AliadosPuebla","twitter_misc":{"Escrito por":"Aliados17","Tiempo de lectura":"2 minutos"},"schema":{"@context":"https:\/\/schema.org","@graph":[{"@type":"Article","@id":"https:\/\/www.aliadospuebla.com\/?p=114012#article","isPartOf":{"@id":"https:\/\/www.aliadospuebla.com\/?p=114012"},"author":{"name":"Aliados17","@id":"https:\/\/www.aliadospuebla.com\/#\/schema\/person\/5da7dd09320bd4f392b710017ed5f8ad"},"headline":"Morena consolida su estructura e instala su primer Consejo Municipal en San Pedro Cholula","datePublished":"2026-05-17T13:20:38+00:00","dateModified":"2026-05-18T13:25:24+00:00","mainEntityOfPage":{"@id":"https:\/\/www.aliadospuebla.com\/?p=114012"},"wordCount":281,"commentCount":0,"image":{"@id":"https:\/\/www.aliadospuebla.com\/?p=114012#primaryimage"},"thumbnailUrl":"https:\/\/www.aliadospuebla.com\/web2017\/wp-content\/uploads\/2026\/05\/122.jpg","keywords":["ALEJANDRO ARMENTA","Andr\u00e9s Villegas","Claudia Sheinbaum","consejo municipal","proyecto de transformaci\u00f3n","SAN PEDRO CHOLULA","soberan\u00eda nacional","TONANTZIN FERN\u00c1NDEZ"],"articleSection":["Municipios"],"inLanguage":"es","potentialAction":[{"@type":"CommentAction","name":"Comment","target":["https:\/\/www.aliadospuebla.com\/?p=114012#respond"]}]},{"@type":"WebPage","@id":"https:\/\/www.aliadospuebla.com\/?p=114012","url":"https:\/\/www.aliadospuebla.com\/?p=114012","name":"Morena consolida su estructura e instala su primer Consejo Municipal en San Pedro Cholula - AliadosPuebla","isPartOf":{"@id":"https:\/\/www.aliadospuebla.com\/#website"},"primaryImageOfPage":{"@id":"https:\/\/www.aliadospuebla.com\/?p=114012#primaryimage"},"image":{"@id":"https:\/\/www.aliadospuebla.com\/?p=114012#primaryimage"},"thumbnailUrl":"https:\/\/www.aliadospuebla.com\/web2017\/wp-content\/uploads\/2026\/05\/122.jpg","datePublished":"2026-05-17T13:20:38+00:00","dateModified":"2026-05-18T13:25:24+00:00","author":{"@id":"https:\/\/www.aliadospuebla.com\/#\/schema\/person\/5da7dd09320bd4f392b710017ed5f8ad"},"breadcrumb":{"@id":"https:\/\/www.aliadospuebla.com\/?p=114012#breadcrumb"},"inLanguage":"es","potentialAction":[{"@type":"ReadAction","target":["https:\/\/www.aliadospuebla.com\/?p=114012"]}]},{"@type":"ImageObject","inLanguage":"es","@id":"https:\/\/www.aliadospuebla.com\/?p=114012#primaryimage","url":"https:\/\/www.aliadospuebla.com\/web2017\/wp-content\/uploads\/2026\/05\/122.jpg","contentUrl":"https:\/\/www.aliadospuebla.com\/web2017\/wp-content\/uploads\/2026\/05\/122.jpg","width":600,"height":450},{"@type":"BreadcrumbList","@id":"https:\/\/www.aliadospuebla.com\/?p=114012#breadcrumb","itemListElement":[{"@type":"ListItem","position":1,"name":"Portada","item":"https:\/\/www.aliadospuebla.com\/"},{"@type":"ListItem","position":2,"name":"Morena consolida su estructura e instala su primer Consejo Municipal en San Pedro Cholula"}]},{"@type":"WebSite","@id":"https:\/\/www.aliadospuebla.com\/#website","url":"https:\/\/www.aliadospuebla.com\/","name":"AliadosPuebla","description":"La informaci\u00f3n en tus manos","potentialAction":[{"@type":"SearchAction","target":{"@type":"EntryPoint","urlTemplate":"https:\/\/www.aliadospuebla.com\/?s={search_term_string}"},"query-input":{"@type":"PropertyValueSpecification","valueRequired":true,"valueName":"search_term_string"}}],"inLanguage":"es"},{"@type":"Person","@id":"https:\/\/www.aliadospuebla.com\/#\/schema\/person\/5da7dd09320bd4f392b710017ed5f8ad","name":"Aliados17","image":{"@type":"ImageObject","inLanguage":"es","@id":"https:\/\/www.aliadospuebla.com\/web2017\/wp-content\/uploads\/2025\/03\/cropped-para-perfil-8-anos-1-96x96.jpg","url":"https:\/\/www.aliadospuebla.com\/web2017\/wp-content\/uploads\/2025\/03\/cropped-para-perfil-8-anos-1-96x96.jpg","contentUrl":"https:\/\/www.aliadospuebla.com\/web2017\/wp-content\/uploads\/2025\/03\/cropped-para-perfil-8-anos-1-96x96.jpg","caption":"Aliados17"},"sameAs":["https:\/\/www.aliados17.com","https:\/\/www.facebook.com\/Aliados17Pue","https:\/\/x.com\/AliadosPuebla"],"url":"https:\/\/www.aliadospuebla.com\/?author=2"}]}},"views":16,"_links":{"self":[{"href":"https:\/\/www.aliadospuebla.com\/index.php?rest_route=\/wp\/v2\/posts\/114012","targetHints":{"allow":["GET"]}}],"collection":[{"href":"https:\/\/www.aliadospuebla.com\/index.php?rest_route=\/wp\/v2\/posts"}],"about":[{"href":"https:\/\/www.aliadospuebla.com\/index.php?rest_route=\/wp\/v2\/types\/post"}],"author":[{"embeddable":true,"href":"https:\/\/www.aliadospuebla.com\/index.php?rest_route=\/wp\/v2\/users\/2"}],"replies":[{"embeddable":true,"href":"https:\/\/www.aliadospuebla.com\/index.php?rest_route=%2Fwp%2Fv2%2Fcomments&post=114012"}],"version-history":[{"count":1,"href":"https:\/\/www.aliadospuebla.com\/index.php?rest_route=\/wp\/v2\/posts\/114012\/revisions"}],"predecessor-version":[{"id":114015,"href":"https:\/\/www.aliadospuebla.com\/index.php?rest_route=\/wp\/v2\/posts\/114012\/revisions\/114015"}],"wp:featuredmedia":[{"embeddable":true,"href":"https:\/\/www.aliadospuebla.com\/index.php?rest_route=\/wp\/v2\/media\/114014"}],"wp:attachment":[{"href":"https:\/\/www.aliadospuebla.com\/index.php?rest_route=%2Fwp%2Fv2%2Fmedia&parent=114012"}],"wp:term":[{"taxonomy":"category","embeddable":true,"href":"https:\/\/www.aliadospuebla.com\/index.php?rest_route=%2Fwp%2Fv2%2Fcategories&post=114012"},{"taxonomy":"post_tag","embeddable":true,"href":"https:\/\/www.aliadospuebla.com\/index.php?rest_route=%2Fwp%2Fv2%2Ftags&post=114012"}],"curies":[{"name":"wp","href":"https:\/\/api.w.org\/{rel}","templated":true}]}}