{"id":113971,"date":"2026-05-15T21:40:48","date_gmt":"2026-05-16T03:40:48","guid":{"rendered":"https:\/\/www.aliadospuebla.com\/?p=113971"},"modified":"2026-05-15T21:40:48","modified_gmt":"2026-05-16T03:40:48","slug":"promueve-la-diputada-fedrha-suriano-reformas-sobre-la-integracion-de-los-ayuntamientos","status":"publish","type":"post","link":"https:\/\/www.aliadospuebla.com\/?p=113971","title":{"rendered":"Promueve la diputada Fedrha Suriano reformas sobre la integraci\u00f3n de los Ayuntamientos"},"content":{"rendered":"<h4><em>En sesi\u00f3n ordinaria se presentaron iniciativas en materia de procuraci\u00f3n de justicia, protecci\u00f3n civil y educaci\u00f3n <\/em><\/h4>\n<p>Ante las recientes modificaciones a la norma federal, mediante las cuales<\/p>\n<p>se fij\u00f3 el n\u00famero m\u00e1ximo de regidur\u00edas, la diputada Fedrha Isabel Suriano Corrales<\/p>\n<p>present\u00f3 una iniciativa para reformar la Constituci\u00f3n Pol\u00edtica del Estado y el C\u00f3digo<\/p>\n<p>de Instituciones y Procesos Electorales, a fin de ajustar la integraci\u00f3n de los Ayuntamientos.<\/p>\n<p>De acuerdo con la propuesta, se establece una estructura uniforme de tres bloques poblacionales<\/p>\n<p>para la integraci\u00f3n de los Ayuntamientos por ambos principios de elecci\u00f3n,<\/p>\n<p>garantizando con ello la coherencia interna del sistema, su compatibilidad<\/p>\n<p>con el nuevo orden constitucional y la mejora del dise\u00f1o representativo municipal.<\/p>\n<p>Para el caso particular de la capital, se propone que, adem\u00e1s del presidente<\/p>\n<p>o presidenta y la sindicatura, el Ayuntamiento\u00a0 cuente con 10 regidur\u00edas<\/p>\n<p>de mayor\u00eda y hasta cinco asignadas por el principio de representaci\u00f3n proporcional.<\/p>\n<h4>La propuesta mediante la cual se reforman los art\u00edculos 102 de la Constituci\u00f3n Pol\u00edtica del Estado Libre y Soberano de Puebla y el art\u00edculo 18 del C\u00f3digo de Instituciones y Procesos Electorales del Estado de Puebla, fue enviada a la Comisi\u00f3n de Gobernaci\u00f3n y Puntos Constitucionales para su estudio y resoluci\u00f3n procedente.<\/h4>\n<p>En otro momento de la sesi\u00f3n, el diputado Jos\u00e9 Miguel Trujillo de Ita<\/p>\n<p>present\u00f3 una iniciativa para reformar el art\u00edculo 1958 del C\u00f3digo Civil<\/p>\n<p>para el Estado Libre y Soberano de Puebla, con la finalidad de dotar<\/p>\n<p>a las y los juzgadores de herramientas normativas m\u00e1s precisas para reparar afectaciones<\/p>\n<p>a la personalidad en contextos f\u00edsicos y digitales, conforme al principio de progresividad,<\/p>\n<p>al deber de reparaci\u00f3n integral y a la realidad sociol\u00f3gica de una sociedad crecientemente<\/p>\n<p>mediada por tecnolog\u00edas de informaci\u00f3n.<\/p>\n<p>Asimismo, el legislador present\u00f3 una iniciativa para adicionar la fracci\u00f3n VIII<\/p>\n<p>al art\u00edculo 55 de la Ley de Educaci\u00f3n del Estado de Puebla, para fortalecer el derecho<\/p>\n<p>a la educaci\u00f3n inclusiva al establecer que las medidas de accesibilidad f\u00edsica,<\/p>\n<p>ajustes razonables y adecuaciones espec\u00edficas en mobiliario, equipamiento,<\/p>\n<p>sanitarios, lavamanos, bebederos, materiales did\u00e1cticos y dem\u00e1s elementos<\/p>\n<p>de uso cotidiano deber\u00e1n contemplar a las personas de talla baja o con trastornos de talla,<\/p>\n<p>garantizando su acceso, permanencia, participaci\u00f3n, autonom\u00eda y seguridad<\/p>\n<p>en condiciones de igualdad y no discriminaci\u00f3n.<\/p>\n<h4>Las propuestas legislativas del diputado fueron enviadas a la Comisi\u00f3n de Procuraci\u00f3n y Administraci\u00f3n de Justicia, y a la Comisi\u00f3n de Educaci\u00f3n, respectivamente, para su an\u00e1lisis.<\/h4>\n<p>Por su parte, la diputada Ang\u00e9lica Patricia Alvarado Ju\u00e1rez present\u00f3 una iniciativa<\/p>\n<p>para reformar y adicionar diversas disposiciones de la Ley de Cultura del Estado de Puebla,<\/p>\n<p>con la finalidad de fortalecer el reconocimiento, investigaci\u00f3n, documentaci\u00f3n,<\/p>\n<p>difusi\u00f3n y salvaguarda de la gastronom\u00eda tradicional poblana como parte integrante<\/p>\n<p>del patrimonio cultural intangible del Estado.<\/p>\n<p>Como parte de la propuesta se incorpora el concepto de gastronom\u00eda tradicional<\/p>\n<p>como la manifestaci\u00f3n del patrimonio cultural intangible integrada por conocimientos,<\/p>\n<p>t\u00e9cnicas, pr\u00e1cticas, expresiones y saberes asociados a la preparaci\u00f3n, elaboraci\u00f3n<\/p>\n<p>y consumo de alimentos tradicionales, transmitidos de generaci\u00f3n en generaci\u00f3n y reconocidos<\/p>\n<p>por las comunidades como parte de su identidad cultural.<\/p>\n<h4>La propuesta legislativa fue enviada a la Comisi\u00f3n de Cultura para su estudio y resoluci\u00f3n procedente.<\/h4>\n<p>Asimismo, la diputada Elisa Limon Balderrabano present\u00f3 una iniciativa para adicionar<\/p>\n<p>diversas disposiciones al C\u00f3digo Penal del Estado, con el objetivo de incorporar<\/p>\n<p>una figura penal espec\u00edfica en materia de omisi\u00f3n de cuidados, con la finalidad<\/p>\n<p>de sancionar conductas de negligencia grave, descuido o incumplimiento del deber de cuidado<\/p>\n<p>respecto de personas menores de edad y quienes no puedan valerse por s\u00ed mismas.<\/p>\n<p>La propuesta legislativa fue turnada a la Comisi\u00f3n de Procuraci\u00f3n<\/p>\n<p>y Administraci\u00f3n de Justicia para su estudio y resoluci\u00f3n correspondiente.<\/p>\n<h4>Durante la sesi\u00f3n se dio cuenta de los siguientes asuntos:<\/h4>\n<p>Iniciativa del diputado Elpidio D\u00edaz Escobar y de la diputada Azucena Rosas Tapia<\/p>\n<p>para reformar y adicionar diversas disposiciones de la Ley del Sistema Estatal de Protecci\u00f3n Civil,<\/p>\n<p>con el prop\u00f3sito de establecer el que Consejo en la materia tendr\u00e1 entre sus atribuciones<\/p>\n<p>establecer y difundir protocolos de emergencia y atenci\u00f3n m\u00e9dica inmediata para zonas tur\u00edsticas<\/p>\n<p>y de alta monta\u00f1a que garanticen la seguridad de excursionistas y turistas,<\/p>\n<p>con sistemas de intervenci\u00f3n r\u00e1pida y eficiente ante situaciones que requieran auxilio inmediato.<\/p>\n<p>La propuesta legislativa fue enviada a la Comisi\u00f3n de Protecci\u00f3n Civil para<\/p>\n<p>su estudio y resoluci\u00f3n procedente.<\/p>\n<p>Iniciativa del diputado Elpidio D\u00edaz Escobar y de la diputada Azucena Rosas Tapia<\/p>\n<p>para reformar diversas disposiciones de la Ley de Arbolado y \u00c1reas Verdes Urbanas<\/p>\n<p>del Estado de Puebla, con el prop\u00f3sito de fortalecer, reforzar y dar a conocer<\/p>\n<p>a la sociedad las acciones y pol\u00edticas p\u00fablicas en materia ambiental, a trav\u00e9s<\/p>\n<p>de reforzar la realizaci\u00f3n de un inventario forestal y de arbolado urbano,<\/p>\n<p>facultando a la Secretar\u00eda de Medio Ambiente, Desarrollo Sustentable<\/p>\n<p>y Ordenamiento Territorial del Gobierno del Estado de Puebla y a los Ayuntamientos para su manejo.<\/p>\n<h4>La propuesta legislativa fue enviada a la Comisi\u00f3n de Medio Ambiente, Recursos Naturales y Cambio Clim\u00e1tico para su an\u00e1lisis.<\/h4>\n<p>Iniciativa de la diputada Leonela Jazm\u00edn Mart\u00ednez Ayala y el diputado El\u00edas Lozada Ortega para reformar la fracci\u00f3n VII del art\u00edculo 91 y el primer p\u00e1rrafo del art\u00edculo 92 de la Ley de Educaci\u00f3n del Estado de Puebla, a fin de establecer que los protocolos escolares distingan espec\u00edficamente entre violencia escolar ordinaria y violencia grabada o difundida digitalmente, reconociendo esta \u00faltima como una falta grave que amerite medidas urgentes de protecci\u00f3n, incluyendo la separaci\u00f3n inmediata del agresor del entorno de la v\u00edctima cuando resulte necesario para garantizar su\u00a0 seguridad emocional y evitar la continuidad del da\u00f1o.<\/p>\n<p>Iniciativa de la diputada Leonela Jazm\u00edn Mart\u00ednez Ayala y el diputado El\u00edas Lozada Ortega para incorporar en la Ley para Prevenir y Erradicar los Delitos en Materia de Trata de Personas y para la Protecci\u00f3n y Asistencia a las V\u00edctimas de estos Delitos en el Estado de Puebla los principios rectores de interseccionalidad, interculturalidad y enfoque de derechos humanos, tal como lo considera la Ley General.<\/p>\n<p>Las propuestas de la legisladora y el legislador fueron enviadas a la Comisi\u00f3n de Educaci\u00f3n y a la Comisi\u00f3n de Procuraci\u00f3n y Administraci\u00f3n de Justicia, respectivamente, para su an\u00e1lisis.<\/p>\n","protected":false},"excerpt":{"rendered":"<p>En sesi\u00f3n ordinaria se presentaron iniciativas en materia de procuraci\u00f3n de justicia, protecci\u00f3n civil y educaci\u00f3n Ante las recientes modificaciones a la norma federal, mediante las cuales se fij\u00f3 el n\u00famero m\u00e1ximo de regidur\u00edas, la diputada Fedrha Isabel Suriano Corrales present\u00f3 una iniciativa para reformar la Constituci\u00f3n Pol\u00edtica del Estado y el C\u00f3digo de Instituciones y Procesos Electorales, a fin de ajustar la integraci\u00f3n de los Ayuntamientos. De acuerdo con la propuesta, se establece una estructura uniforme de tres bloques poblacionales para la integraci\u00f3n de los Ayuntamientos por ambos principios de elecci\u00f3n, garantizando con ello la coherencia interna del sistema, su compatibilidad con el nuevo orden constitucional y la mejora del dise\u00f1o representativo municipal. Para el caso particular de la capital, se propone que, adem\u00e1s&hellip;<\/p>\n<p class=\"excerpt-more\"><a class=\"blog-excerpt button\" href=\"https:\/\/www.aliadospuebla.com\/?p=113971\">Leer m\u00e1s&#8230;<\/a><\/p>\n","protected":false},"author":2,"featured_media":113972,"comment_status":"open","ping_status":"open","sticky":false,"template":"","format":"standard","meta":{"_monsterinsights_skip_tracking":false,"footnotes":""},"categories":[6],"tags":[33684,24481,33683,33685,33686,24546,109],"class_list":["post-113971","post","type-post","status-publish","format-standard","has-post-thumbnail","hentry","category-politica","tag-estructura-uniforme","tag-fedrha-isabel-suriano-corrales","tag-integracion-de-los-ayuntamientos","tag-nuevo-orden-constitucional","tag-principio-de-progresividad","tag-procuracion-de-justicia","tag-proteccion-civil"],"yoast_head":"<!-- This site is optimized with the Yoast SEO plugin v28.4 - https:\/\/yoast.com\/product\/yoast-seo-wordpress\/ -->\n<title>Promueve la diputada Fedrha Suriano reformas sobre la integraci\u00f3n de los Ayuntamientos - AliadosPuebla<\/title>\n<meta name=\"robots\" content=\"index, follow, max-snippet:-1, max-image-preview:large, max-video-preview:-1\" \/>\n<link rel=\"canonical\" href=\"https:\/\/www.aliadospuebla.com\/?p=113971\" \/>\n<meta property=\"og:locale\" content=\"es_ES\" \/>\n<meta property=\"og:type\" content=\"article\" \/>\n<meta property=\"og:title\" content=\"Promueve la diputada Fedrha Suriano reformas sobre la integraci\u00f3n de los Ayuntamientos - AliadosPuebla\" \/>\n<meta property=\"og:description\" content=\"En sesi\u00f3n ordinaria se presentaron iniciativas en materia de procuraci\u00f3n de justicia, protecci\u00f3n civil y educaci\u00f3n Ante las recientes modificaciones a la norma federal, mediante las cuales se fij\u00f3 el n\u00famero m\u00e1ximo de regidur\u00edas, la diputada Fedrha Isabel Suriano Corrales present\u00f3 una iniciativa para reformar la Constituci\u00f3n Pol\u00edtica del Estado y el C\u00f3digo de Instituciones y Procesos Electorales, a fin de ajustar la integraci\u00f3n de los Ayuntamientos. De acuerdo con la propuesta, se establece una estructura uniforme de tres bloques poblacionales para la integraci\u00f3n de los Ayuntamientos por ambos principios de elecci\u00f3n, garantizando con ello la coherencia interna del sistema, su compatibilidad con el nuevo orden constitucional y la mejora del dise\u00f1o representativo municipal. Para el caso particular de la capital, se propone que, adem\u00e1s&hellip;Leer m\u00e1s...\" \/>\n<meta property=\"og:url\" content=\"https:\/\/www.aliadospuebla.com\/?p=113971\" \/>\n<meta property=\"og:site_name\" content=\"AliadosPuebla\" \/>\n<meta property=\"article:author\" content=\"https:\/\/www.facebook.com\/Aliados17Pue\" \/>\n<meta property=\"article:published_time\" content=\"2026-05-16T03:40:48+00:00\" \/>\n<meta property=\"og:image\" content=\"https:\/\/www.aliadospuebla.com\/web2017\/wp-content\/uploads\/2026\/05\/110.jpg\" \/>\n\t<meta property=\"og:image:width\" content=\"600\" \/>\n\t<meta property=\"og:image:height\" content=\"450\" \/>\n\t<meta property=\"og:image:type\" content=\"image\/jpeg\" \/>\n<meta name=\"author\" content=\"Aliados17\" \/>\n<meta name=\"twitter:card\" content=\"summary_large_image\" \/>\n<meta name=\"twitter:creator\" content=\"@AliadosPuebla\" \/>\n<meta name=\"twitter:label1\" content=\"Escrito por\" \/>\n\t<meta name=\"twitter:data1\" content=\"Aliados17\" \/>\n\t<meta name=\"twitter:label2\" content=\"Tiempo de lectura\" \/>\n\t<meta name=\"twitter:data2\" content=\"5 minutos\" \/>\n<script type=\"application\/ld+json\" class=\"yoast-schema-graph\">{\"@context\":\"https:\\\/\\\/schema.org\",\"@graph\":[{\"@type\":\"Article\",\"@id\":\"https:\\\/\\\/www.aliadospuebla.com\\\/?p=113971#article\",\"isPartOf\":{\"@id\":\"https:\\\/\\\/www.aliadospuebla.com\\\/?p=113971\"},\"author\":{\"name\":\"Aliados17\",\"@id\":\"https:\\\/\\\/www.aliadospuebla.com\\\/#\\\/schema\\\/person\\\/5da7dd09320bd4f392b710017ed5f8ad\"},\"headline\":\"Promueve la diputada Fedrha Suriano reformas sobre la integraci\u00f3n de los Ayuntamientos\",\"datePublished\":\"2026-05-16T03:40:48+00:00\",\"mainEntityOfPage\":{\"@id\":\"https:\\\/\\\/www.aliadospuebla.com\\\/?p=113971\"},\"wordCount\":1138,\"commentCount\":0,\"image\":{\"@id\":\"https:\\\/\\\/www.aliadospuebla.com\\\/?p=113971#primaryimage\"},\"thumbnailUrl\":\"https:\\\/\\\/www.aliadospuebla.com\\\/web2017\\\/wp-content\\\/uploads\\\/2026\\\/05\\\/110.jpg\",\"keywords\":[\"estructura uniforme\",\"Fedrha Isabel Suriano Corrales\",\"integraci\u00f3n de los Ayuntamientos\",\"nuevo orden constitucional\",\"principio de progresividad\",\"procuraci\u00f3n de justicia\",\"protecci\u00f3n civil\"],\"articleSection\":[\"Pol\u00edtica\"],\"inLanguage\":\"es\",\"potentialAction\":[{\"@type\":\"CommentAction\",\"name\":\"Comment\",\"target\":[\"https:\\\/\\\/www.aliadospuebla.com\\\/?p=113971#respond\"]}]},{\"@type\":\"WebPage\",\"@id\":\"https:\\\/\\\/www.aliadospuebla.com\\\/?p=113971\",\"url\":\"https:\\\/\\\/www.aliadospuebla.com\\\/?p=113971\",\"name\":\"Promueve la diputada Fedrha Suriano reformas sobre la integraci\u00f3n de los Ayuntamientos - AliadosPuebla\",\"isPartOf\":{\"@id\":\"https:\\\/\\\/www.aliadospuebla.com\\\/#website\"},\"primaryImageOfPage\":{\"@id\":\"https:\\\/\\\/www.aliadospuebla.com\\\/?p=113971#primaryimage\"},\"image\":{\"@id\":\"https:\\\/\\\/www.aliadospuebla.com\\\/?p=113971#primaryimage\"},\"thumbnailUrl\":\"https:\\\/\\\/www.aliadospuebla.com\\\/web2017\\\/wp-content\\\/uploads\\\/2026\\\/05\\\/110.jpg\",\"datePublished\":\"2026-05-16T03:40:48+00:00\",\"author\":{\"@id\":\"https:\\\/\\\/www.aliadospuebla.com\\\/#\\\/schema\\\/person\\\/5da7dd09320bd4f392b710017ed5f8ad\"},\"breadcrumb\":{\"@id\":\"https:\\\/\\\/www.aliadospuebla.com\\\/?p=113971#breadcrumb\"},\"inLanguage\":\"es\",\"potentialAction\":[{\"@type\":\"ReadAction\",\"target\":[\"https:\\\/\\\/www.aliadospuebla.com\\\/?p=113971\"]}]},{\"@type\":\"ImageObject\",\"inLanguage\":\"es\",\"@id\":\"https:\\\/\\\/www.aliadospuebla.com\\\/?p=113971#primaryimage\",\"url\":\"https:\\\/\\\/www.aliadospuebla.com\\\/web2017\\\/wp-content\\\/uploads\\\/2026\\\/05\\\/110.jpg\",\"contentUrl\":\"https:\\\/\\\/www.aliadospuebla.com\\\/web2017\\\/wp-content\\\/uploads\\\/2026\\\/05\\\/110.jpg\",\"width\":600,\"height\":450},{\"@type\":\"BreadcrumbList\",\"@id\":\"https:\\\/\\\/www.aliadospuebla.com\\\/?p=113971#breadcrumb\",\"itemListElement\":[{\"@type\":\"ListItem\",\"position\":1,\"name\":\"Portada\",\"item\":\"https:\\\/\\\/www.aliadospuebla.com\\\/\"},{\"@type\":\"ListItem\",\"position\":2,\"name\":\"Promueve la diputada Fedrha Suriano reformas sobre la integraci\u00f3n de los Ayuntamientos\"}]},{\"@type\":\"WebSite\",\"@id\":\"https:\\\/\\\/www.aliadospuebla.com\\\/#website\",\"url\":\"https:\\\/\\\/www.aliadospuebla.com\\\/\",\"name\":\"AliadosPuebla\",\"description\":\"La informaci\u00f3n en tus manos\",\"potentialAction\":[{\"@type\":\"SearchAction\",\"target\":{\"@type\":\"EntryPoint\",\"urlTemplate\":\"https:\\\/\\\/www.aliadospuebla.com\\\/?s={search_term_string}\"},\"query-input\":{\"@type\":\"PropertyValueSpecification\",\"valueRequired\":true,\"valueName\":\"search_term_string\"}}],\"inLanguage\":\"es\"},{\"@type\":\"Person\",\"@id\":\"https:\\\/\\\/www.aliadospuebla.com\\\/#\\\/schema\\\/person\\\/5da7dd09320bd4f392b710017ed5f8ad\",\"name\":\"Aliados17\",\"image\":{\"@type\":\"ImageObject\",\"inLanguage\":\"es\",\"@id\":\"https:\\\/\\\/www.aliadospuebla.com\\\/web2017\\\/wp-content\\\/uploads\\\/2025\\\/03\\\/cropped-para-perfil-8-anos-1-96x96.jpg\",\"url\":\"https:\\\/\\\/www.aliadospuebla.com\\\/web2017\\\/wp-content\\\/uploads\\\/2025\\\/03\\\/cropped-para-perfil-8-anos-1-96x96.jpg\",\"contentUrl\":\"https:\\\/\\\/www.aliadospuebla.com\\\/web2017\\\/wp-content\\\/uploads\\\/2025\\\/03\\\/cropped-para-perfil-8-anos-1-96x96.jpg\",\"caption\":\"Aliados17\"},\"sameAs\":[\"https:\\\/\\\/www.aliados17.com\",\"https:\\\/\\\/www.facebook.com\\\/Aliados17Pue\",\"https:\\\/\\\/x.com\\\/AliadosPuebla\"],\"url\":\"https:\\\/\\\/www.aliadospuebla.com\\\/?author=2\"}]}<\/script>\n<!-- \/ Yoast SEO plugin. -->","yoast_head_json":{"title":"Promueve la diputada Fedrha Suriano reformas sobre la integraci\u00f3n de los Ayuntamientos - AliadosPuebla","robots":{"index":"index","follow":"follow","max-snippet":"max-snippet:-1","max-image-preview":"max-image-preview:large","max-video-preview":"max-video-preview:-1"},"canonical":"https:\/\/www.aliadospuebla.com\/?p=113971","og_locale":"es_ES","og_type":"article","og_title":"Promueve la diputada Fedrha Suriano reformas sobre la integraci\u00f3n de los Ayuntamientos - AliadosPuebla","og_description":"En sesi\u00f3n ordinaria se presentaron iniciativas en materia de procuraci\u00f3n de justicia, protecci\u00f3n civil y educaci\u00f3n Ante las recientes modificaciones a la norma federal, mediante las cuales se fij\u00f3 el n\u00famero m\u00e1ximo de regidur\u00edas, la diputada Fedrha Isabel Suriano Corrales present\u00f3 una iniciativa para reformar la Constituci\u00f3n Pol\u00edtica del Estado y el C\u00f3digo de Instituciones y Procesos Electorales, a fin de ajustar la integraci\u00f3n de los Ayuntamientos. De acuerdo con la propuesta, se establece una estructura uniforme de tres bloques poblacionales para la integraci\u00f3n de los Ayuntamientos por ambos principios de elecci\u00f3n, garantizando con ello la coherencia interna del sistema, su compatibilidad con el nuevo orden constitucional y la mejora del dise\u00f1o representativo municipal. Para el caso particular de la capital, se propone que, adem\u00e1s&hellip;Leer m\u00e1s...","og_url":"https:\/\/www.aliadospuebla.com\/?p=113971","og_site_name":"AliadosPuebla","article_author":"https:\/\/www.facebook.com\/Aliados17Pue","article_published_time":"2026-05-16T03:40:48+00:00","og_image":[{"width":600,"height":450,"url":"https:\/\/www.aliadospuebla.com\/web2017\/wp-content\/uploads\/2026\/05\/110.jpg","type":"image\/jpeg"}],"author":"Aliados17","twitter_card":"summary_large_image","twitter_creator":"@AliadosPuebla","twitter_misc":{"Escrito por":"Aliados17","Tiempo de lectura":"5 minutos"},"schema":{"@context":"https:\/\/schema.org","@graph":[{"@type":"Article","@id":"https:\/\/www.aliadospuebla.com\/?p=113971#article","isPartOf":{"@id":"https:\/\/www.aliadospuebla.com\/?p=113971"},"author":{"name":"Aliados17","@id":"https:\/\/www.aliadospuebla.com\/#\/schema\/person\/5da7dd09320bd4f392b710017ed5f8ad"},"headline":"Promueve la diputada Fedrha Suriano reformas sobre la integraci\u00f3n de los Ayuntamientos","datePublished":"2026-05-16T03:40:48+00:00","mainEntityOfPage":{"@id":"https:\/\/www.aliadospuebla.com\/?p=113971"},"wordCount":1138,"commentCount":0,"image":{"@id":"https:\/\/www.aliadospuebla.com\/?p=113971#primaryimage"},"thumbnailUrl":"https:\/\/www.aliadospuebla.com\/web2017\/wp-content\/uploads\/2026\/05\/110.jpg","keywords":["estructura uniforme","Fedrha Isabel Suriano Corrales","integraci\u00f3n de los Ayuntamientos","nuevo orden constitucional","principio de progresividad","procuraci\u00f3n de justicia","protecci\u00f3n civil"],"articleSection":["Pol\u00edtica"],"inLanguage":"es","potentialAction":[{"@type":"CommentAction","name":"Comment","target":["https:\/\/www.aliadospuebla.com\/?p=113971#respond"]}]},{"@type":"WebPage","@id":"https:\/\/www.aliadospuebla.com\/?p=113971","url":"https:\/\/www.aliadospuebla.com\/?p=113971","name":"Promueve la diputada Fedrha Suriano reformas sobre la integraci\u00f3n de los Ayuntamientos - AliadosPuebla","isPartOf":{"@id":"https:\/\/www.aliadospuebla.com\/#website"},"primaryImageOfPage":{"@id":"https:\/\/www.aliadospuebla.com\/?p=113971#primaryimage"},"image":{"@id":"https:\/\/www.aliadospuebla.com\/?p=113971#primaryimage"},"thumbnailUrl":"https:\/\/www.aliadospuebla.com\/web2017\/wp-content\/uploads\/2026\/05\/110.jpg","datePublished":"2026-05-16T03:40:48+00:00","author":{"@id":"https:\/\/www.aliadospuebla.com\/#\/schema\/person\/5da7dd09320bd4f392b710017ed5f8ad"},"breadcrumb":{"@id":"https:\/\/www.aliadospuebla.com\/?p=113971#breadcrumb"},"inLanguage":"es","potentialAction":[{"@type":"ReadAction","target":["https:\/\/www.aliadospuebla.com\/?p=113971"]}]},{"@type":"ImageObject","inLanguage":"es","@id":"https:\/\/www.aliadospuebla.com\/?p=113971#primaryimage","url":"https:\/\/www.aliadospuebla.com\/web2017\/wp-content\/uploads\/2026\/05\/110.jpg","contentUrl":"https:\/\/www.aliadospuebla.com\/web2017\/wp-content\/uploads\/2026\/05\/110.jpg","width":600,"height":450},{"@type":"BreadcrumbList","@id":"https:\/\/www.aliadospuebla.com\/?p=113971#breadcrumb","itemListElement":[{"@type":"ListItem","position":1,"name":"Portada","item":"https:\/\/www.aliadospuebla.com\/"},{"@type":"ListItem","position":2,"name":"Promueve la diputada Fedrha Suriano reformas sobre la integraci\u00f3n de los Ayuntamientos"}]},{"@type":"WebSite","@id":"https:\/\/www.aliadospuebla.com\/#website","url":"https:\/\/www.aliadospuebla.com\/","name":"AliadosPuebla","description":"La informaci\u00f3n en tus manos","potentialAction":[{"@type":"SearchAction","target":{"@type":"EntryPoint","urlTemplate":"https:\/\/www.aliadospuebla.com\/?s={search_term_string}"},"query-input":{"@type":"PropertyValueSpecification","valueRequired":true,"valueName":"search_term_string"}}],"inLanguage":"es"},{"@type":"Person","@id":"https:\/\/www.aliadospuebla.com\/#\/schema\/person\/5da7dd09320bd4f392b710017ed5f8ad","name":"Aliados17","image":{"@type":"ImageObject","inLanguage":"es","@id":"https:\/\/www.aliadospuebla.com\/web2017\/wp-content\/uploads\/2025\/03\/cropped-para-perfil-8-anos-1-96x96.jpg","url":"https:\/\/www.aliadospuebla.com\/web2017\/wp-content\/uploads\/2025\/03\/cropped-para-perfil-8-anos-1-96x96.jpg","contentUrl":"https:\/\/www.aliadospuebla.com\/web2017\/wp-content\/uploads\/2025\/03\/cropped-para-perfil-8-anos-1-96x96.jpg","caption":"Aliados17"},"sameAs":["https:\/\/www.aliados17.com","https:\/\/www.facebook.com\/Aliados17Pue","https:\/\/x.com\/AliadosPuebla"],"url":"https:\/\/www.aliadospuebla.com\/?author=2"}]}},"views":14,"_links":{"self":[{"href":"https:\/\/www.aliadospuebla.com\/index.php?rest_route=\/wp\/v2\/posts\/113971","targetHints":{"allow":["GET"]}}],"collection":[{"href":"https:\/\/www.aliadospuebla.com\/index.php?rest_route=\/wp\/v2\/posts"}],"about":[{"href":"https:\/\/www.aliadospuebla.com\/index.php?rest_route=\/wp\/v2\/types\/post"}],"author":[{"embeddable":true,"href":"https:\/\/www.aliadospuebla.com\/index.php?rest_route=\/wp\/v2\/users\/2"}],"replies":[{"embeddable":true,"href":"https:\/\/www.aliadospuebla.com\/index.php?rest_route=%2Fwp%2Fv2%2Fcomments&post=113971"}],"version-history":[{"count":1,"href":"https:\/\/www.aliadospuebla.com\/index.php?rest_route=\/wp\/v2\/posts\/113971\/revisions"}],"predecessor-version":[{"id":113973,"href":"https:\/\/www.aliadospuebla.com\/index.php?rest_route=\/wp\/v2\/posts\/113971\/revisions\/113973"}],"wp:featuredmedia":[{"embeddable":true,"href":"https:\/\/www.aliadospuebla.com\/index.php?rest_route=\/wp\/v2\/media\/113972"}],"wp:attachment":[{"href":"https:\/\/www.aliadospuebla.com\/index.php?rest_route=%2Fwp%2Fv2%2Fmedia&parent=113971"}],"wp:term":[{"taxonomy":"category","embeddable":true,"href":"https:\/\/www.aliadospuebla.com\/index.php?rest_route=%2Fwp%2Fv2%2Fcategories&post=113971"},{"taxonomy":"post_tag","embeddable":true,"href":"https:\/\/www.aliadospuebla.com\/index.php?rest_route=%2Fwp%2Fv2%2Ftags&post=113971"}],"curies":[{"name":"wp","href":"https:\/\/api.w.org\/{rel}","templated":true}]}}