{"id":113925,"date":"2026-04-27T08:55:43","date_gmt":"2026-04-27T14:55:43","guid":{"rendered":"https:\/\/www.aliadospuebla.com\/?p=113925"},"modified":"2026-05-14T09:05:23","modified_gmt":"2026-05-14T15:05:23","slug":"jornada-de-reforestacion-sembrando-amor-propio-en-amozoc","status":"publish","type":"post","link":"https:\/\/www.aliadospuebla.com\/?p=113925","title":{"rendered":"Jornada de reforestaci\u00f3n \u00abSembrando amor propio\u00bb en Amozoc"},"content":{"rendered":"<div class=\"xdj266r x14z9mp xat24cr x1lziwak x1vvkbs x126k92a\">\n<div dir=\"auto\">Hoy, como cada 25 de mes y en el marco del <span class=\"html-span xdj266r x14z9mp xat24cr x1lziwak xexx8yu xyri2b x18d9i69 x1c1uobl x1hl2dhg x16tdsg8 x1vvkbs\"><a class=\"x1i10hfl xjbqb8w x1ejq31n x18oe1m7 x1sy0etr xstzfhl x972fbf x10w94by x1qhh985 x14e42zd x9f619 x1ypdohk xt0psk2 x3ct3a4 xdj266r x14z9mp xat24cr x1lziwak xexx8yu xyri2b x18d9i69 x1c1uobl x16tdsg8 x1hl2dhg xggy1nq x1a2a7pz xkrqix3 x1sur9pj x1fey0fg x1s688f\" tabindex=\"0\" role=\"link\" href=\"https:\/\/www.facebook.com\/hashtag\/d%C3%ADanaranja?__cft__[0]=AZaJW-QRL1Xghki3nNf1C7StHz_28HWDZiu8EdqjEcmK4eKdhO5nrCcRu23DpOiD08BKc2xx8DyzZsu9rb664ThbGtqYjP2S19iFNraKJaJ-g835Y7eom1aNrBBLy09opG7OTHyYrQ7xnV7txJfW4gcS1hZZuQRUjfDDB0O5dLv52UvBVmMcoRSBtoPEV82iStE&amp;__tn__=*NK-R\">#D\u00edaNaranja<\/a><\/span>, llevamos a cabo la jornada de reforestaci\u00f3n \u201cSembrando Amor Propio\u201d, una iniciativa que trasciende el cuidado del medio ambiente para convertirse en un llamado a la construcci\u00f3n de un municipio libre de violencia.<\/div>\n<\/div>\n<div class=\"x14z9mp xat24cr x1lziwak x1vvkbs xtlvy1s x126k92a\">\n<div dir=\"auto\">Bajo el liderazgo del presidente municipal, <span class=\"html-span xdj266r x14z9mp xat24cr x1lziwak xexx8yu xyri2b x18d9i69 x1c1uobl x1hl2dhg x16tdsg8 x1vvkbs\"><a class=\"x1i10hfl xjbqb8w x1ejq31n x18oe1m7 x1sy0etr xstzfhl x972fbf x10w94by x1qhh985 x14e42zd x9f619 x1ypdohk xt0psk2 x3ct3a4 xdj266r x14z9mp xat24cr x1lziwak xexx8yu xyri2b x18d9i69 x1c1uobl x16tdsg8 x1hl2dhg xggy1nq x1a2a7pz xkrqix3 x1sur9pj x1fey0fg x1s688f\" tabindex=\"0\" role=\"link\" href=\"https:\/\/www.facebook.com\/SeverianodelaRosaRomero?__cft__[0]=AZaJW-QRL1Xghki3nNf1C7StHz_28HWDZiu8EdqjEcmK4eKdhO5nrCcRu23DpOiD08BKc2xx8DyzZsu9rb664ThbGtqYjP2S19iFNraKJaJ-g835Y7eom1aNrBBLy09opG7OTHyYrQ7xnV7txJfW4gcS1hZZuQRUjfDDB0O5dLv52UvBVmMcoRSBtoPEV82iStE&amp;__tn__=-]K-R\"><span class=\"xt0psk2\"><span class=\"xjp7ctv\">Severiano de la Rosa Romero<\/span><\/span><\/a><\/span>, reafirmamos nuestro compromiso con el bienestar de nuestras comunidades, promoviendo acciones que fomentan el respeto, la igualdad y la sana convivencia.<\/div>\n<\/div>\n<div class=\"x14z9mp xat24cr x1lziwak x1vvkbs xtlvy1s x126k92a\">\n<div dir=\"auto\">Sembrar un \u00e1rbol es sembrar vida, esperanza y futuro.<\/div>\n<div dir=\"auto\">Cada acci\u00f3n suma para construir espacios m\u00e1s seguros, dignos y llenos de oportunidades para todas y todos.<\/div>\n<\/div>\n<div class=\"x14z9mp xat24cr x1lziwak x1vvkbs xtlvy1s x126k92a\">\n<div dir=\"auto\">Sigamos sembrando amor propio, respeto y transformaci\u00f3n todos los d\u00edas.<\/div>\n<\/div>\n","protected":false},"excerpt":{"rendered":"<p>Hoy, como cada 25 de mes y en el marco del #D\u00edaNaranja, llevamos a cabo la jornada de reforestaci\u00f3n \u201cSembrando Amor Propio\u201d, una iniciativa que trasciende el cuidado del medio ambiente para convertirse en un llamado a la construcci\u00f3n de un municipio libre de violencia. Bajo el liderazgo del presidente municipal, Severiano de la Rosa Romero, reafirmamos nuestro compromiso con el bienestar de nuestras comunidades, promoviendo acciones que fomentan el respeto, la igualdad y la sana convivencia. Sembrar un \u00e1rbol es sembrar vida, esperanza y futuro. Cada acci\u00f3n suma para construir espacios m\u00e1s seguros, dignos y llenos de oportunidades para todas y todos. Sigamos sembrando amor propio, respeto y transformaci\u00f3n todos los d\u00edas.<\/p>\n","protected":false},"author":2,"featured_media":113926,"comment_status":"open","ping_status":"open","sticky":false,"template":"","format":"standard","meta":{"_monsterinsights_skip_tracking":false,"footnotes":""},"categories":[4],"tags":[1667,968,33665,5379,836,19399,584,24696],"class_list":["post-113925","post","type-post","status-publish","format-standard","has-post-thumbnail","hentry","category-municipios","tag-amozoc","tag-dia-naranja","tag-espacios-mas-seguros","tag-esperanza","tag-igualdad","tag-jornada-de-reforestacion","tag-medio-ambiente","tag-severiano-de-la-rosa-romero"],"yoast_head":"<!-- This site is optimized with the Yoast SEO plugin v28.4 - https:\/\/yoast.com\/product\/yoast-seo-wordpress\/ -->\n<title>Jornada de reforestaci\u00f3n &quot;Sembrando amor propio&quot; en Amozoc - AliadosPuebla<\/title>\n<meta name=\"robots\" content=\"index, follow, max-snippet:-1, max-image-preview:large, max-video-preview:-1\" \/>\n<link rel=\"canonical\" href=\"https:\/\/www.aliadospuebla.com\/?p=113925\" \/>\n<meta property=\"og:locale\" content=\"es_ES\" \/>\n<meta property=\"og:type\" content=\"article\" \/>\n<meta property=\"og:title\" content=\"Jornada de reforestaci\u00f3n &quot;Sembrando amor propio&quot; en Amozoc - AliadosPuebla\" \/>\n<meta property=\"og:description\" content=\"Hoy, como cada 25 de mes y en el marco del #D\u00edaNaranja, llevamos a cabo la jornada de reforestaci\u00f3n \u201cSembrando Amor Propio\u201d, una iniciativa que trasciende el cuidado del medio ambiente para convertirse en un llamado a la construcci\u00f3n de un municipio libre de violencia. Bajo el liderazgo del presidente municipal, Severiano de la Rosa Romero, reafirmamos nuestro compromiso con el bienestar de nuestras comunidades, promoviendo acciones que fomentan el respeto, la igualdad y la sana convivencia. Sembrar un \u00e1rbol es sembrar vida, esperanza y futuro. Cada acci\u00f3n suma para construir espacios m\u00e1s seguros, dignos y llenos de oportunidades para todas y todos. Sigamos sembrando amor propio, respeto y transformaci\u00f3n todos los d\u00edas.\" \/>\n<meta property=\"og:url\" content=\"https:\/\/www.aliadospuebla.com\/?p=113925\" \/>\n<meta property=\"og:site_name\" content=\"AliadosPuebla\" \/>\n<meta property=\"article:author\" content=\"https:\/\/www.facebook.com\/Aliados17Pue\" \/>\n<meta property=\"article:published_time\" content=\"2026-04-27T14:55:43+00:00\" \/>\n<meta property=\"article:modified_time\" content=\"2026-05-14T15:05:23+00:00\" \/>\n<meta property=\"og:image\" content=\"https:\/\/www.aliadospuebla.com\/web2017\/wp-content\/uploads\/2026\/05\/097.jpg\" \/>\n\t<meta property=\"og:image:width\" content=\"600\" \/>\n\t<meta property=\"og:image:height\" content=\"450\" \/>\n\t<meta property=\"og:image:type\" content=\"image\/jpeg\" \/>\n<meta name=\"author\" content=\"Aliados17\" \/>\n<meta name=\"twitter:card\" content=\"summary_large_image\" \/>\n<meta name=\"twitter:creator\" content=\"@AliadosPuebla\" \/>\n<meta name=\"twitter:label1\" content=\"Escrito por\" \/>\n\t<meta name=\"twitter:data1\" content=\"Aliados17\" \/>\n\t<meta name=\"twitter:label2\" content=\"Tiempo de lectura\" \/>\n\t<meta name=\"twitter:data2\" content=\"1 minuto\" \/>\n<script type=\"application\/ld+json\" class=\"yoast-schema-graph\">{\"@context\":\"https:\\\/\\\/schema.org\",\"@graph\":[{\"@type\":\"Article\",\"@id\":\"https:\\\/\\\/www.aliadospuebla.com\\\/?p=113925#article\",\"isPartOf\":{\"@id\":\"https:\\\/\\\/www.aliadospuebla.com\\\/?p=113925\"},\"author\":{\"name\":\"Aliados17\",\"@id\":\"https:\\\/\\\/www.aliadospuebla.com\\\/#\\\/schema\\\/person\\\/5da7dd09320bd4f392b710017ed5f8ad\"},\"headline\":\"Jornada de reforestaci\u00f3n \u00abSembrando amor propio\u00bb en Amozoc\",\"datePublished\":\"2026-04-27T14:55:43+00:00\",\"dateModified\":\"2026-05-14T15:05:23+00:00\",\"mainEntityOfPage\":{\"@id\":\"https:\\\/\\\/www.aliadospuebla.com\\\/?p=113925\"},\"wordCount\":128,\"commentCount\":0,\"image\":{\"@id\":\"https:\\\/\\\/www.aliadospuebla.com\\\/?p=113925#primaryimage\"},\"thumbnailUrl\":\"https:\\\/\\\/www.aliadospuebla.com\\\/web2017\\\/wp-content\\\/uploads\\\/2026\\\/05\\\/097.jpg\",\"keywords\":[\"AMOZOC\",\"D\u00cdA NARANJA\",\"espacios m\u00e1s seguros\",\"ESPERANZA\",\"IGUALDAD\",\"jornada de reforestaci\u00f3n\",\"MEDIO AMBIENTE\",\"Severiano de la Rosa Romero\"],\"articleSection\":[\"Municipios\"],\"inLanguage\":\"es\",\"potentialAction\":[{\"@type\":\"CommentAction\",\"name\":\"Comment\",\"target\":[\"https:\\\/\\\/www.aliadospuebla.com\\\/?p=113925#respond\"]}]},{\"@type\":\"WebPage\",\"@id\":\"https:\\\/\\\/www.aliadospuebla.com\\\/?p=113925\",\"url\":\"https:\\\/\\\/www.aliadospuebla.com\\\/?p=113925\",\"name\":\"Jornada de reforestaci\u00f3n \\\"Sembrando amor propio\\\" en Amozoc - AliadosPuebla\",\"isPartOf\":{\"@id\":\"https:\\\/\\\/www.aliadospuebla.com\\\/#website\"},\"primaryImageOfPage\":{\"@id\":\"https:\\\/\\\/www.aliadospuebla.com\\\/?p=113925#primaryimage\"},\"image\":{\"@id\":\"https:\\\/\\\/www.aliadospuebla.com\\\/?p=113925#primaryimage\"},\"thumbnailUrl\":\"https:\\\/\\\/www.aliadospuebla.com\\\/web2017\\\/wp-content\\\/uploads\\\/2026\\\/05\\\/097.jpg\",\"datePublished\":\"2026-04-27T14:55:43+00:00\",\"dateModified\":\"2026-05-14T15:05:23+00:00\",\"author\":{\"@id\":\"https:\\\/\\\/www.aliadospuebla.com\\\/#\\\/schema\\\/person\\\/5da7dd09320bd4f392b710017ed5f8ad\"},\"breadcrumb\":{\"@id\":\"https:\\\/\\\/www.aliadospuebla.com\\\/?p=113925#breadcrumb\"},\"inLanguage\":\"es\",\"potentialAction\":[{\"@type\":\"ReadAction\",\"target\":[\"https:\\\/\\\/www.aliadospuebla.com\\\/?p=113925\"]}]},{\"@type\":\"ImageObject\",\"inLanguage\":\"es\",\"@id\":\"https:\\\/\\\/www.aliadospuebla.com\\\/?p=113925#primaryimage\",\"url\":\"https:\\\/\\\/www.aliadospuebla.com\\\/web2017\\\/wp-content\\\/uploads\\\/2026\\\/05\\\/097.jpg\",\"contentUrl\":\"https:\\\/\\\/www.aliadospuebla.com\\\/web2017\\\/wp-content\\\/uploads\\\/2026\\\/05\\\/097.jpg\",\"width\":600,\"height\":450},{\"@type\":\"BreadcrumbList\",\"@id\":\"https:\\\/\\\/www.aliadospuebla.com\\\/?p=113925#breadcrumb\",\"itemListElement\":[{\"@type\":\"ListItem\",\"position\":1,\"name\":\"Portada\",\"item\":\"https:\\\/\\\/www.aliadospuebla.com\\\/\"},{\"@type\":\"ListItem\",\"position\":2,\"name\":\"Jornada de reforestaci\u00f3n \u00abSembrando amor propio\u00bb en Amozoc\"}]},{\"@type\":\"WebSite\",\"@id\":\"https:\\\/\\\/www.aliadospuebla.com\\\/#website\",\"url\":\"https:\\\/\\\/www.aliadospuebla.com\\\/\",\"name\":\"AliadosPuebla\",\"description\":\"La informaci\u00f3n en tus manos\",\"potentialAction\":[{\"@type\":\"SearchAction\",\"target\":{\"@type\":\"EntryPoint\",\"urlTemplate\":\"https:\\\/\\\/www.aliadospuebla.com\\\/?s={search_term_string}\"},\"query-input\":{\"@type\":\"PropertyValueSpecification\",\"valueRequired\":true,\"valueName\":\"search_term_string\"}}],\"inLanguage\":\"es\"},{\"@type\":\"Person\",\"@id\":\"https:\\\/\\\/www.aliadospuebla.com\\\/#\\\/schema\\\/person\\\/5da7dd09320bd4f392b710017ed5f8ad\",\"name\":\"Aliados17\",\"image\":{\"@type\":\"ImageObject\",\"inLanguage\":\"es\",\"@id\":\"https:\\\/\\\/www.aliadospuebla.com\\\/web2017\\\/wp-content\\\/uploads\\\/2025\\\/03\\\/cropped-para-perfil-8-anos-1-96x96.jpg\",\"url\":\"https:\\\/\\\/www.aliadospuebla.com\\\/web2017\\\/wp-content\\\/uploads\\\/2025\\\/03\\\/cropped-para-perfil-8-anos-1-96x96.jpg\",\"contentUrl\":\"https:\\\/\\\/www.aliadospuebla.com\\\/web2017\\\/wp-content\\\/uploads\\\/2025\\\/03\\\/cropped-para-perfil-8-anos-1-96x96.jpg\",\"caption\":\"Aliados17\"},\"sameAs\":[\"https:\\\/\\\/www.aliados17.com\",\"https:\\\/\\\/www.facebook.com\\\/Aliados17Pue\",\"https:\\\/\\\/x.com\\\/AliadosPuebla\"],\"url\":\"https:\\\/\\\/www.aliadospuebla.com\\\/?author=2\"}]}<\/script>\n<!-- \/ Yoast SEO plugin. -->","yoast_head_json":{"title":"Jornada de reforestaci\u00f3n \"Sembrando amor propio\" en Amozoc - AliadosPuebla","robots":{"index":"index","follow":"follow","max-snippet":"max-snippet:-1","max-image-preview":"max-image-preview:large","max-video-preview":"max-video-preview:-1"},"canonical":"https:\/\/www.aliadospuebla.com\/?p=113925","og_locale":"es_ES","og_type":"article","og_title":"Jornada de reforestaci\u00f3n \"Sembrando amor propio\" en Amozoc - AliadosPuebla","og_description":"Hoy, como cada 25 de mes y en el marco del #D\u00edaNaranja, llevamos a cabo la jornada de reforestaci\u00f3n \u201cSembrando Amor Propio\u201d, una iniciativa que trasciende el cuidado del medio ambiente para convertirse en un llamado a la construcci\u00f3n de un municipio libre de violencia. Bajo el liderazgo del presidente municipal, Severiano de la Rosa Romero, reafirmamos nuestro compromiso con el bienestar de nuestras comunidades, promoviendo acciones que fomentan el respeto, la igualdad y la sana convivencia. Sembrar un \u00e1rbol es sembrar vida, esperanza y futuro. Cada acci\u00f3n suma para construir espacios m\u00e1s seguros, dignos y llenos de oportunidades para todas y todos. Sigamos sembrando amor propio, respeto y transformaci\u00f3n todos los d\u00edas.","og_url":"https:\/\/www.aliadospuebla.com\/?p=113925","og_site_name":"AliadosPuebla","article_author":"https:\/\/www.facebook.com\/Aliados17Pue","article_published_time":"2026-04-27T14:55:43+00:00","article_modified_time":"2026-05-14T15:05:23+00:00","og_image":[{"width":600,"height":450,"url":"https:\/\/www.aliadospuebla.com\/web2017\/wp-content\/uploads\/2026\/05\/097.jpg","type":"image\/jpeg"}],"author":"Aliados17","twitter_card":"summary_large_image","twitter_creator":"@AliadosPuebla","twitter_misc":{"Escrito por":"Aliados17","Tiempo de lectura":"1 minuto"},"schema":{"@context":"https:\/\/schema.org","@graph":[{"@type":"Article","@id":"https:\/\/www.aliadospuebla.com\/?p=113925#article","isPartOf":{"@id":"https:\/\/www.aliadospuebla.com\/?p=113925"},"author":{"name":"Aliados17","@id":"https:\/\/www.aliadospuebla.com\/#\/schema\/person\/5da7dd09320bd4f392b710017ed5f8ad"},"headline":"Jornada de reforestaci\u00f3n \u00abSembrando amor propio\u00bb en Amozoc","datePublished":"2026-04-27T14:55:43+00:00","dateModified":"2026-05-14T15:05:23+00:00","mainEntityOfPage":{"@id":"https:\/\/www.aliadospuebla.com\/?p=113925"},"wordCount":128,"commentCount":0,"image":{"@id":"https:\/\/www.aliadospuebla.com\/?p=113925#primaryimage"},"thumbnailUrl":"https:\/\/www.aliadospuebla.com\/web2017\/wp-content\/uploads\/2026\/05\/097.jpg","keywords":["AMOZOC","D\u00cdA NARANJA","espacios m\u00e1s seguros","ESPERANZA","IGUALDAD","jornada de reforestaci\u00f3n","MEDIO AMBIENTE","Severiano de la Rosa Romero"],"articleSection":["Municipios"],"inLanguage":"es","potentialAction":[{"@type":"CommentAction","name":"Comment","target":["https:\/\/www.aliadospuebla.com\/?p=113925#respond"]}]},{"@type":"WebPage","@id":"https:\/\/www.aliadospuebla.com\/?p=113925","url":"https:\/\/www.aliadospuebla.com\/?p=113925","name":"Jornada de reforestaci\u00f3n \"Sembrando amor propio\" en Amozoc - AliadosPuebla","isPartOf":{"@id":"https:\/\/www.aliadospuebla.com\/#website"},"primaryImageOfPage":{"@id":"https:\/\/www.aliadospuebla.com\/?p=113925#primaryimage"},"image":{"@id":"https:\/\/www.aliadospuebla.com\/?p=113925#primaryimage"},"thumbnailUrl":"https:\/\/www.aliadospuebla.com\/web2017\/wp-content\/uploads\/2026\/05\/097.jpg","datePublished":"2026-04-27T14:55:43+00:00","dateModified":"2026-05-14T15:05:23+00:00","author":{"@id":"https:\/\/www.aliadospuebla.com\/#\/schema\/person\/5da7dd09320bd4f392b710017ed5f8ad"},"breadcrumb":{"@id":"https:\/\/www.aliadospuebla.com\/?p=113925#breadcrumb"},"inLanguage":"es","potentialAction":[{"@type":"ReadAction","target":["https:\/\/www.aliadospuebla.com\/?p=113925"]}]},{"@type":"ImageObject","inLanguage":"es","@id":"https:\/\/www.aliadospuebla.com\/?p=113925#primaryimage","url":"https:\/\/www.aliadospuebla.com\/web2017\/wp-content\/uploads\/2026\/05\/097.jpg","contentUrl":"https:\/\/www.aliadospuebla.com\/web2017\/wp-content\/uploads\/2026\/05\/097.jpg","width":600,"height":450},{"@type":"BreadcrumbList","@id":"https:\/\/www.aliadospuebla.com\/?p=113925#breadcrumb","itemListElement":[{"@type":"ListItem","position":1,"name":"Portada","item":"https:\/\/www.aliadospuebla.com\/"},{"@type":"ListItem","position":2,"name":"Jornada de reforestaci\u00f3n \u00abSembrando amor propio\u00bb en Amozoc"}]},{"@type":"WebSite","@id":"https:\/\/www.aliadospuebla.com\/#website","url":"https:\/\/www.aliadospuebla.com\/","name":"AliadosPuebla","description":"La informaci\u00f3n en tus manos","potentialAction":[{"@type":"SearchAction","target":{"@type":"EntryPoint","urlTemplate":"https:\/\/www.aliadospuebla.com\/?s={search_term_string}"},"query-input":{"@type":"PropertyValueSpecification","valueRequired":true,"valueName":"search_term_string"}}],"inLanguage":"es"},{"@type":"Person","@id":"https:\/\/www.aliadospuebla.com\/#\/schema\/person\/5da7dd09320bd4f392b710017ed5f8ad","name":"Aliados17","image":{"@type":"ImageObject","inLanguage":"es","@id":"https:\/\/www.aliadospuebla.com\/web2017\/wp-content\/uploads\/2025\/03\/cropped-para-perfil-8-anos-1-96x96.jpg","url":"https:\/\/www.aliadospuebla.com\/web2017\/wp-content\/uploads\/2025\/03\/cropped-para-perfil-8-anos-1-96x96.jpg","contentUrl":"https:\/\/www.aliadospuebla.com\/web2017\/wp-content\/uploads\/2025\/03\/cropped-para-perfil-8-anos-1-96x96.jpg","caption":"Aliados17"},"sameAs":["https:\/\/www.aliados17.com","https:\/\/www.facebook.com\/Aliados17Pue","https:\/\/x.com\/AliadosPuebla"],"url":"https:\/\/www.aliadospuebla.com\/?author=2"}]}},"views":10,"_links":{"self":[{"href":"https:\/\/www.aliadospuebla.com\/index.php?rest_route=\/wp\/v2\/posts\/113925","targetHints":{"allow":["GET"]}}],"collection":[{"href":"https:\/\/www.aliadospuebla.com\/index.php?rest_route=\/wp\/v2\/posts"}],"about":[{"href":"https:\/\/www.aliadospuebla.com\/index.php?rest_route=\/wp\/v2\/types\/post"}],"author":[{"embeddable":true,"href":"https:\/\/www.aliadospuebla.com\/index.php?rest_route=\/wp\/v2\/users\/2"}],"replies":[{"embeddable":true,"href":"https:\/\/www.aliadospuebla.com\/index.php?rest_route=%2Fwp%2Fv2%2Fcomments&post=113925"}],"version-history":[{"count":1,"href":"https:\/\/www.aliadospuebla.com\/index.php?rest_route=\/wp\/v2\/posts\/113925\/revisions"}],"predecessor-version":[{"id":113927,"href":"https:\/\/www.aliadospuebla.com\/index.php?rest_route=\/wp\/v2\/posts\/113925\/revisions\/113927"}],"wp:featuredmedia":[{"embeddable":true,"href":"https:\/\/www.aliadospuebla.com\/index.php?rest_route=\/wp\/v2\/media\/113926"}],"wp:attachment":[{"href":"https:\/\/www.aliadospuebla.com\/index.php?rest_route=%2Fwp%2Fv2%2Fmedia&parent=113925"}],"wp:term":[{"taxonomy":"category","embeddable":true,"href":"https:\/\/www.aliadospuebla.com\/index.php?rest_route=%2Fwp%2Fv2%2Fcategories&post=113925"},{"taxonomy":"post_tag","embeddable":true,"href":"https:\/\/www.aliadospuebla.com\/index.php?rest_route=%2Fwp%2Fv2%2Ftags&post=113925"}],"curies":[{"name":"wp","href":"https:\/\/api.w.org\/{rel}","templated":true}]}}