{"id":113530,"date":"2026-04-28T23:07:36","date_gmt":"2026-04-29T05:07:36","guid":{"rendered":"https:\/\/www.aliadospuebla.com\/?p=113530"},"modified":"2026-04-28T23:07:36","modified_gmt":"2026-04-29T05:07:36","slug":"senador-nestor-camarillo-medina-dialoga-con-estudiantes-del-instituto-de-ciencias-juridicas","status":"publish","type":"post","link":"https:\/\/www.aliadospuebla.com\/?p=113530","title":{"rendered":"Senador N\u00e9stor Camarillo Medina dialoga con estudiantes del Instituto de Ciencias Jur\u00eddicas"},"content":{"rendered":"<h4>En un ejercicio de di\u00e1logo abierto y cercano con la juventud, el senador por Puebla, N\u00e9stor Camarillo Medina, sostuvo un encuentro con estudiantes del Instituto de Ciencias Jur\u00eddicas, donde escuch\u00f3 de primera mano sus inquietudes, aspiraciones y reflexiones sobre el presente y el futuro del pa\u00eds.<\/h4>\n<p>Durante la conversaci\u00f3n, las y los estudiantes externaron sus preocupaciones<\/p>\n<p>en torno a los retos que enfrenta M\u00e9xico, as\u00ed como las oportunidades<\/p>\n<p>que vislumbran para construir un mejor entorno social, econ\u00f3mico y profesional.<\/p>\n<p>El senador destac\u00f3 la relevancia de generar estos espacios de participaci\u00f3n,<\/p>\n<p>en los que la voz de las nuevas generaciones sea escuchada y tomada en cuenta.<\/p>\n<p>En su mensaje, Camarillo Medina hizo un llamado a las y los j\u00f3venes<\/p>\n<p>a no renunciar nunca a la b\u00fasqueda de sus sue\u00f1os, subrayando que la constancia,<\/p>\n<p>la preparaci\u00f3n y la convicci\u00f3n son herramientas fundamentales para alcanzar<\/p>\n<p>sus metas y convertirse en agentes de cambio en la sociedad.<\/p>\n<h4>\u201cEl futuro no es algo que simplemente llega, es algo que se construye todos los d\u00edas con esfuerzo, con decisiones firmes y con la determinaci\u00f3n de no rendirse\u201d, expres\u00f3.<\/h4>\n<p>El senador tambi\u00e9n reconoci\u00f3 el papel de las instituciones educativas<\/p>\n<p>en la formaci\u00f3n de profesionistas comprometidos con su entorno,<\/p>\n<p>capaces de incidir positivamente en la vida p\u00fablica del pa\u00eds.<\/p>\n<p>A su llegada, fue recibido por la directora general del Instituto de Ciencias Jur\u00eddicas, maestra Erika Ceballos Torres, y por la directora acad\u00e9mica, maestra Edith \u00c1vila Hern\u00e1ndez, con quienes coincidi\u00f3 en la importancia de fortalecer la vinculaci\u00f3n entre el \u00e1mbito acad\u00e9mico y el servicio p\u00fablico.<\/p>\n<p>Este tipo de encuentros refrendan el compromiso del senador N\u00e9stor Camarillo Medina de mantenerse cercano a la ciudadan\u00eda, especialmente con las juventudes, impulsando el di\u00e1logo como una herramienta clave para construir un mejor M\u00e9xico.<\/p>\n","protected":false},"excerpt":{"rendered":"<p>En un ejercicio de di\u00e1logo abierto y cercano con la juventud, el senador por Puebla, N\u00e9stor Camarillo Medina, sostuvo un encuentro con estudiantes del Instituto de Ciencias Jur\u00eddicas, donde escuch\u00f3 de primera mano sus inquietudes, aspiraciones y reflexiones sobre el presente y el futuro del pa\u00eds. Durante la conversaci\u00f3n, las y los estudiantes externaron sus preocupaciones en torno a los retos que enfrenta M\u00e9xico, as\u00ed como las oportunidades que vislumbran para construir un mejor entorno social, econ\u00f3mico y profesional. El senador destac\u00f3 la relevancia de generar estos espacios de participaci\u00f3n, en los que la voz de las nuevas generaciones sea escuchada y tomada en cuenta. En su mensaje, Camarillo Medina hizo un llamado a las y los j\u00f3venes a no renunciar nunca a la b\u00fasqueda&hellip;<\/p>\n<p class=\"excerpt-more\"><a class=\"blog-excerpt button\" href=\"https:\/\/www.aliadospuebla.com\/?p=113530\">Leer m\u00e1s&#8230;<\/a><\/p>\n","protected":false},"author":2,"featured_media":113531,"comment_status":"open","ping_status":"open","sticky":false,"template":"","format":"standard","meta":{"_monsterinsights_skip_tracking":false,"footnotes":""},"categories":[6],"tags":[33514,33513,33512,12869,13697],"class_list":["post-113530","post","type-post","status-publish","format-standard","has-post-thumbnail","hentry","category-politica","tag-agentes-de-cambio","tag-entorno-social","tag-instituto-de-ciencias-juridicas","tag-nestor-camarillo-medina","tag-profesionistas"],"yoast_head":"<!-- This site is optimized with the Yoast SEO plugin v28.4 - https:\/\/yoast.com\/product\/yoast-seo-wordpress\/ -->\n<title>Senador N\u00e9stor Camarillo Medina dialoga con estudiantes del Instituto de Ciencias Jur\u00eddicas - AliadosPuebla<\/title>\n<meta name=\"robots\" content=\"index, follow, max-snippet:-1, max-image-preview:large, max-video-preview:-1\" \/>\n<link rel=\"canonical\" href=\"https:\/\/www.aliadospuebla.com\/?p=113530\" \/>\n<meta property=\"og:locale\" content=\"es_ES\" \/>\n<meta property=\"og:type\" content=\"article\" \/>\n<meta property=\"og:title\" content=\"Senador N\u00e9stor Camarillo Medina dialoga con estudiantes del Instituto de Ciencias Jur\u00eddicas - AliadosPuebla\" \/>\n<meta property=\"og:description\" content=\"En un ejercicio de di\u00e1logo abierto y cercano con la juventud, el senador por Puebla, N\u00e9stor Camarillo Medina, sostuvo un encuentro con estudiantes del Instituto de Ciencias Jur\u00eddicas, donde escuch\u00f3 de primera mano sus inquietudes, aspiraciones y reflexiones sobre el presente y el futuro del pa\u00eds. Durante la conversaci\u00f3n, las y los estudiantes externaron sus preocupaciones en torno a los retos que enfrenta M\u00e9xico, as\u00ed como las oportunidades que vislumbran para construir un mejor entorno social, econ\u00f3mico y profesional. El senador destac\u00f3 la relevancia de generar estos espacios de participaci\u00f3n, en los que la voz de las nuevas generaciones sea escuchada y tomada en cuenta. En su mensaje, Camarillo Medina hizo un llamado a las y los j\u00f3venes a no renunciar nunca a la b\u00fasqueda&hellip;Leer m\u00e1s...\" \/>\n<meta property=\"og:url\" content=\"https:\/\/www.aliadospuebla.com\/?p=113530\" \/>\n<meta property=\"og:site_name\" content=\"AliadosPuebla\" \/>\n<meta property=\"article:author\" content=\"https:\/\/www.facebook.com\/Aliados17Pue\" \/>\n<meta property=\"article:published_time\" content=\"2026-04-29T05:07:36+00:00\" \/>\n<meta property=\"og:image\" content=\"https:\/\/www.aliadospuebla.com\/web2017\/wp-content\/uploads\/2026\/04\/243.jpg\" \/>\n\t<meta property=\"og:image:width\" content=\"600\" \/>\n\t<meta property=\"og:image:height\" content=\"450\" \/>\n\t<meta property=\"og:image:type\" content=\"image\/jpeg\" \/>\n<meta name=\"author\" content=\"Aliados17\" \/>\n<meta name=\"twitter:card\" content=\"summary_large_image\" \/>\n<meta name=\"twitter:creator\" content=\"@AliadosPuebla\" \/>\n<meta name=\"twitter:label1\" content=\"Escrito por\" \/>\n\t<meta name=\"twitter:data1\" content=\"Aliados17\" \/>\n\t<meta name=\"twitter:label2\" content=\"Tiempo de lectura\" \/>\n\t<meta name=\"twitter:data2\" content=\"2 minutos\" \/>\n<script type=\"application\/ld+json\" class=\"yoast-schema-graph\">{\"@context\":\"https:\\\/\\\/schema.org\",\"@graph\":[{\"@type\":\"Article\",\"@id\":\"https:\\\/\\\/www.aliadospuebla.com\\\/?p=113530#article\",\"isPartOf\":{\"@id\":\"https:\\\/\\\/www.aliadospuebla.com\\\/?p=113530\"},\"author\":{\"name\":\"Aliados17\",\"@id\":\"https:\\\/\\\/www.aliadospuebla.com\\\/#\\\/schema\\\/person\\\/5da7dd09320bd4f392b710017ed5f8ad\"},\"headline\":\"Senador N\u00e9stor Camarillo Medina dialoga con estudiantes del Instituto de Ciencias Jur\u00eddicas\",\"datePublished\":\"2026-04-29T05:07:36+00:00\",\"mainEntityOfPage\":{\"@id\":\"https:\\\/\\\/www.aliadospuebla.com\\\/?p=113530\"},\"wordCount\":333,\"commentCount\":0,\"image\":{\"@id\":\"https:\\\/\\\/www.aliadospuebla.com\\\/?p=113530#primaryimage\"},\"thumbnailUrl\":\"https:\\\/\\\/www.aliadospuebla.com\\\/web2017\\\/wp-content\\\/uploads\\\/2026\\\/04\\\/243.jpg\",\"keywords\":[\"agentes de cambio\",\"entorno social\",\"Instituto de Ciencias Jur\u00eddicas\",\"N\u00e9stor Camarillo Medina\",\"profesionistas\"],\"articleSection\":[\"Pol\u00edtica\"],\"inLanguage\":\"es\",\"potentialAction\":[{\"@type\":\"CommentAction\",\"name\":\"Comment\",\"target\":[\"https:\\\/\\\/www.aliadospuebla.com\\\/?p=113530#respond\"]}]},{\"@type\":\"WebPage\",\"@id\":\"https:\\\/\\\/www.aliadospuebla.com\\\/?p=113530\",\"url\":\"https:\\\/\\\/www.aliadospuebla.com\\\/?p=113530\",\"name\":\"Senador N\u00e9stor Camarillo Medina dialoga con estudiantes del Instituto de Ciencias Jur\u00eddicas - AliadosPuebla\",\"isPartOf\":{\"@id\":\"https:\\\/\\\/www.aliadospuebla.com\\\/#website\"},\"primaryImageOfPage\":{\"@id\":\"https:\\\/\\\/www.aliadospuebla.com\\\/?p=113530#primaryimage\"},\"image\":{\"@id\":\"https:\\\/\\\/www.aliadospuebla.com\\\/?p=113530#primaryimage\"},\"thumbnailUrl\":\"https:\\\/\\\/www.aliadospuebla.com\\\/web2017\\\/wp-content\\\/uploads\\\/2026\\\/04\\\/243.jpg\",\"datePublished\":\"2026-04-29T05:07:36+00:00\",\"author\":{\"@id\":\"https:\\\/\\\/www.aliadospuebla.com\\\/#\\\/schema\\\/person\\\/5da7dd09320bd4f392b710017ed5f8ad\"},\"breadcrumb\":{\"@id\":\"https:\\\/\\\/www.aliadospuebla.com\\\/?p=113530#breadcrumb\"},\"inLanguage\":\"es\",\"potentialAction\":[{\"@type\":\"ReadAction\",\"target\":[\"https:\\\/\\\/www.aliadospuebla.com\\\/?p=113530\"]}]},{\"@type\":\"ImageObject\",\"inLanguage\":\"es\",\"@id\":\"https:\\\/\\\/www.aliadospuebla.com\\\/?p=113530#primaryimage\",\"url\":\"https:\\\/\\\/www.aliadospuebla.com\\\/web2017\\\/wp-content\\\/uploads\\\/2026\\\/04\\\/243.jpg\",\"contentUrl\":\"https:\\\/\\\/www.aliadospuebla.com\\\/web2017\\\/wp-content\\\/uploads\\\/2026\\\/04\\\/243.jpg\",\"width\":600,\"height\":450},{\"@type\":\"BreadcrumbList\",\"@id\":\"https:\\\/\\\/www.aliadospuebla.com\\\/?p=113530#breadcrumb\",\"itemListElement\":[{\"@type\":\"ListItem\",\"position\":1,\"name\":\"Portada\",\"item\":\"https:\\\/\\\/www.aliadospuebla.com\\\/\"},{\"@type\":\"ListItem\",\"position\":2,\"name\":\"Senador N\u00e9stor Camarillo Medina dialoga con estudiantes del Instituto de Ciencias Jur\u00eddicas\"}]},{\"@type\":\"WebSite\",\"@id\":\"https:\\\/\\\/www.aliadospuebla.com\\\/#website\",\"url\":\"https:\\\/\\\/www.aliadospuebla.com\\\/\",\"name\":\"AliadosPuebla\",\"description\":\"La informaci\u00f3n en tus manos\",\"potentialAction\":[{\"@type\":\"SearchAction\",\"target\":{\"@type\":\"EntryPoint\",\"urlTemplate\":\"https:\\\/\\\/www.aliadospuebla.com\\\/?s={search_term_string}\"},\"query-input\":{\"@type\":\"PropertyValueSpecification\",\"valueRequired\":true,\"valueName\":\"search_term_string\"}}],\"inLanguage\":\"es\"},{\"@type\":\"Person\",\"@id\":\"https:\\\/\\\/www.aliadospuebla.com\\\/#\\\/schema\\\/person\\\/5da7dd09320bd4f392b710017ed5f8ad\",\"name\":\"Aliados17\",\"image\":{\"@type\":\"ImageObject\",\"inLanguage\":\"es\",\"@id\":\"https:\\\/\\\/www.aliadospuebla.com\\\/web2017\\\/wp-content\\\/uploads\\\/2025\\\/03\\\/cropped-para-perfil-8-anos-1-96x96.jpg\",\"url\":\"https:\\\/\\\/www.aliadospuebla.com\\\/web2017\\\/wp-content\\\/uploads\\\/2025\\\/03\\\/cropped-para-perfil-8-anos-1-96x96.jpg\",\"contentUrl\":\"https:\\\/\\\/www.aliadospuebla.com\\\/web2017\\\/wp-content\\\/uploads\\\/2025\\\/03\\\/cropped-para-perfil-8-anos-1-96x96.jpg\",\"caption\":\"Aliados17\"},\"sameAs\":[\"https:\\\/\\\/www.aliados17.com\",\"https:\\\/\\\/www.facebook.com\\\/Aliados17Pue\",\"https:\\\/\\\/x.com\\\/AliadosPuebla\"],\"url\":\"https:\\\/\\\/www.aliadospuebla.com\\\/?author=2\"}]}<\/script>\n<!-- \/ Yoast SEO plugin. -->","yoast_head_json":{"title":"Senador N\u00e9stor Camarillo Medina dialoga con estudiantes del Instituto de Ciencias Jur\u00eddicas - AliadosPuebla","robots":{"index":"index","follow":"follow","max-snippet":"max-snippet:-1","max-image-preview":"max-image-preview:large","max-video-preview":"max-video-preview:-1"},"canonical":"https:\/\/www.aliadospuebla.com\/?p=113530","og_locale":"es_ES","og_type":"article","og_title":"Senador N\u00e9stor Camarillo Medina dialoga con estudiantes del Instituto de Ciencias Jur\u00eddicas - AliadosPuebla","og_description":"En un ejercicio de di\u00e1logo abierto y cercano con la juventud, el senador por Puebla, N\u00e9stor Camarillo Medina, sostuvo un encuentro con estudiantes del Instituto de Ciencias Jur\u00eddicas, donde escuch\u00f3 de primera mano sus inquietudes, aspiraciones y reflexiones sobre el presente y el futuro del pa\u00eds. Durante la conversaci\u00f3n, las y los estudiantes externaron sus preocupaciones en torno a los retos que enfrenta M\u00e9xico, as\u00ed como las oportunidades que vislumbran para construir un mejor entorno social, econ\u00f3mico y profesional. El senador destac\u00f3 la relevancia de generar estos espacios de participaci\u00f3n, en los que la voz de las nuevas generaciones sea escuchada y tomada en cuenta. En su mensaje, Camarillo Medina hizo un llamado a las y los j\u00f3venes a no renunciar nunca a la b\u00fasqueda&hellip;Leer m\u00e1s...","og_url":"https:\/\/www.aliadospuebla.com\/?p=113530","og_site_name":"AliadosPuebla","article_author":"https:\/\/www.facebook.com\/Aliados17Pue","article_published_time":"2026-04-29T05:07:36+00:00","og_image":[{"width":600,"height":450,"url":"https:\/\/www.aliadospuebla.com\/web2017\/wp-content\/uploads\/2026\/04\/243.jpg","type":"image\/jpeg"}],"author":"Aliados17","twitter_card":"summary_large_image","twitter_creator":"@AliadosPuebla","twitter_misc":{"Escrito por":"Aliados17","Tiempo de lectura":"2 minutos"},"schema":{"@context":"https:\/\/schema.org","@graph":[{"@type":"Article","@id":"https:\/\/www.aliadospuebla.com\/?p=113530#article","isPartOf":{"@id":"https:\/\/www.aliadospuebla.com\/?p=113530"},"author":{"name":"Aliados17","@id":"https:\/\/www.aliadospuebla.com\/#\/schema\/person\/5da7dd09320bd4f392b710017ed5f8ad"},"headline":"Senador N\u00e9stor Camarillo Medina dialoga con estudiantes del Instituto de Ciencias Jur\u00eddicas","datePublished":"2026-04-29T05:07:36+00:00","mainEntityOfPage":{"@id":"https:\/\/www.aliadospuebla.com\/?p=113530"},"wordCount":333,"commentCount":0,"image":{"@id":"https:\/\/www.aliadospuebla.com\/?p=113530#primaryimage"},"thumbnailUrl":"https:\/\/www.aliadospuebla.com\/web2017\/wp-content\/uploads\/2026\/04\/243.jpg","keywords":["agentes de cambio","entorno social","Instituto de Ciencias Jur\u00eddicas","N\u00e9stor Camarillo Medina","profesionistas"],"articleSection":["Pol\u00edtica"],"inLanguage":"es","potentialAction":[{"@type":"CommentAction","name":"Comment","target":["https:\/\/www.aliadospuebla.com\/?p=113530#respond"]}]},{"@type":"WebPage","@id":"https:\/\/www.aliadospuebla.com\/?p=113530","url":"https:\/\/www.aliadospuebla.com\/?p=113530","name":"Senador N\u00e9stor Camarillo Medina dialoga con estudiantes del Instituto de Ciencias Jur\u00eddicas - AliadosPuebla","isPartOf":{"@id":"https:\/\/www.aliadospuebla.com\/#website"},"primaryImageOfPage":{"@id":"https:\/\/www.aliadospuebla.com\/?p=113530#primaryimage"},"image":{"@id":"https:\/\/www.aliadospuebla.com\/?p=113530#primaryimage"},"thumbnailUrl":"https:\/\/www.aliadospuebla.com\/web2017\/wp-content\/uploads\/2026\/04\/243.jpg","datePublished":"2026-04-29T05:07:36+00:00","author":{"@id":"https:\/\/www.aliadospuebla.com\/#\/schema\/person\/5da7dd09320bd4f392b710017ed5f8ad"},"breadcrumb":{"@id":"https:\/\/www.aliadospuebla.com\/?p=113530#breadcrumb"},"inLanguage":"es","potentialAction":[{"@type":"ReadAction","target":["https:\/\/www.aliadospuebla.com\/?p=113530"]}]},{"@type":"ImageObject","inLanguage":"es","@id":"https:\/\/www.aliadospuebla.com\/?p=113530#primaryimage","url":"https:\/\/www.aliadospuebla.com\/web2017\/wp-content\/uploads\/2026\/04\/243.jpg","contentUrl":"https:\/\/www.aliadospuebla.com\/web2017\/wp-content\/uploads\/2026\/04\/243.jpg","width":600,"height":450},{"@type":"BreadcrumbList","@id":"https:\/\/www.aliadospuebla.com\/?p=113530#breadcrumb","itemListElement":[{"@type":"ListItem","position":1,"name":"Portada","item":"https:\/\/www.aliadospuebla.com\/"},{"@type":"ListItem","position":2,"name":"Senador N\u00e9stor Camarillo Medina dialoga con estudiantes del Instituto de Ciencias Jur\u00eddicas"}]},{"@type":"WebSite","@id":"https:\/\/www.aliadospuebla.com\/#website","url":"https:\/\/www.aliadospuebla.com\/","name":"AliadosPuebla","description":"La informaci\u00f3n en tus manos","potentialAction":[{"@type":"SearchAction","target":{"@type":"EntryPoint","urlTemplate":"https:\/\/www.aliadospuebla.com\/?s={search_term_string}"},"query-input":{"@type":"PropertyValueSpecification","valueRequired":true,"valueName":"search_term_string"}}],"inLanguage":"es"},{"@type":"Person","@id":"https:\/\/www.aliadospuebla.com\/#\/schema\/person\/5da7dd09320bd4f392b710017ed5f8ad","name":"Aliados17","image":{"@type":"ImageObject","inLanguage":"es","@id":"https:\/\/www.aliadospuebla.com\/web2017\/wp-content\/uploads\/2025\/03\/cropped-para-perfil-8-anos-1-96x96.jpg","url":"https:\/\/www.aliadospuebla.com\/web2017\/wp-content\/uploads\/2025\/03\/cropped-para-perfil-8-anos-1-96x96.jpg","contentUrl":"https:\/\/www.aliadospuebla.com\/web2017\/wp-content\/uploads\/2025\/03\/cropped-para-perfil-8-anos-1-96x96.jpg","caption":"Aliados17"},"sameAs":["https:\/\/www.aliados17.com","https:\/\/www.facebook.com\/Aliados17Pue","https:\/\/x.com\/AliadosPuebla"],"url":"https:\/\/www.aliadospuebla.com\/?author=2"}]}},"views":17,"_links":{"self":[{"href":"https:\/\/www.aliadospuebla.com\/index.php?rest_route=\/wp\/v2\/posts\/113530","targetHints":{"allow":["GET"]}}],"collection":[{"href":"https:\/\/www.aliadospuebla.com\/index.php?rest_route=\/wp\/v2\/posts"}],"about":[{"href":"https:\/\/www.aliadospuebla.com\/index.php?rest_route=\/wp\/v2\/types\/post"}],"author":[{"embeddable":true,"href":"https:\/\/www.aliadospuebla.com\/index.php?rest_route=\/wp\/v2\/users\/2"}],"replies":[{"embeddable":true,"href":"https:\/\/www.aliadospuebla.com\/index.php?rest_route=%2Fwp%2Fv2%2Fcomments&post=113530"}],"version-history":[{"count":1,"href":"https:\/\/www.aliadospuebla.com\/index.php?rest_route=\/wp\/v2\/posts\/113530\/revisions"}],"predecessor-version":[{"id":113532,"href":"https:\/\/www.aliadospuebla.com\/index.php?rest_route=\/wp\/v2\/posts\/113530\/revisions\/113532"}],"wp:featuredmedia":[{"embeddable":true,"href":"https:\/\/www.aliadospuebla.com\/index.php?rest_route=\/wp\/v2\/media\/113531"}],"wp:attachment":[{"href":"https:\/\/www.aliadospuebla.com\/index.php?rest_route=%2Fwp%2Fv2%2Fmedia&parent=113530"}],"wp:term":[{"taxonomy":"category","embeddable":true,"href":"https:\/\/www.aliadospuebla.com\/index.php?rest_route=%2Fwp%2Fv2%2Fcategories&post=113530"},{"taxonomy":"post_tag","embeddable":true,"href":"https:\/\/www.aliadospuebla.com\/index.php?rest_route=%2Fwp%2Fv2%2Ftags&post=113530"}],"curies":[{"name":"wp","href":"https:\/\/api.w.org\/{rel}","templated":true}]}}