{"id":112928,"date":"2026-04-07T17:44:03","date_gmt":"2026-04-07T23:44:03","guid":{"rendered":"https:\/\/www.aliadospuebla.com\/?p=112928"},"modified":"2026-04-07T17:44:03","modified_gmt":"2026-04-07T23:44:03","slug":"resultados-que-se-escuchan-y-se-sienten-entrega-shamy-spezia-90-apoyos-ortopedicos-y-auditivos-en-alianza-con-fundacion-vinte","status":"publish","type":"post","link":"https:\/\/www.aliadospuebla.com\/?p=112928","title":{"rendered":"RESULTADOS QUE SE ESCUCHAN Y SE SIENTEN: ENTREGA SHAMY SPEZIA 90 APOYOS ORTOP\u00c9DICOS Y AUDITIVOS EN ALIANZA CON FUNDACI\u00d3N \u00abVINTE\u00bb"},"content":{"rendered":"<h4>Con el objetivo claro de transformar la calidad de vida de las familias que m\u00e1s lo necesitan, la Presidenta Honoraria del Sistema Municipal DIF de Huejotzingo, Shamy Spezia, y el Presidente Municipal, Roberto Sol\u00eds Valles, encabezaron la entrega de 90 aparatos ortop\u00e9dicos y auditivos en colaboraci\u00f3n con la Fundaci\u00f3n \u00abVINTE A.C.\u00bb.<\/h4>\n<p>Durante el evento, Shamy Spezia, enfatiz\u00f3 el valor humano detr\u00e1s de cada equipo entregado:<\/p>\n<p>\u00abNuestra prioridad es que nadie se quede atr\u00e1s; en el DIF trabajamos con el coraz\u00f3n para que la inclusi\u00f3n en Huejotzingo sea una realidad que se siente en cada hogar\u00bb.<\/p>\n<p>Por su parte, el edil Roberto Sol\u00eds destac\u00f3 que su administraci\u00f3n no descansar\u00e1 en la gesti\u00f3n de recursos que impacten directamente en el bienestar social, asegurando que la coordinaci\u00f3n con la iniciativa privada es la clave para multiplicar los beneficios y llegar a las zonas con mayor vulnerabilidad del Municipio.<\/p>\n<p>Asimismo, el Gerente de la Fundaci\u00f3n \u00abVINTE A.C.\u00bb, H\u00e9ctor Rodrigo L\u00f3pez Venegas, reconoci\u00f3 la disposici\u00f3n y la transparencia del Gobierno Municipal para aterrizar estos programas, reafirmando el compromiso de la fundaci\u00f3n para seguir colaborando en proyectos que mejoren la salud y la movilidad de los ciudadanos.<\/p>\n<p>La suma de esfuerzos permiti\u00f3 la entrega estrat\u00e9gica de:<br \/>\n&#8211; 20 auxiliares auditivos de \u00faltima generaci\u00f3n.<br \/>\n&#8211; 32 sillas de ruedas (incluyendo modelos TCI, cuadripl\u00e9jicas e infantiles).<br \/>\n&#8211; 20 bastones (de 4 puntos, normales y blancos para apoyo visual).<br \/>\n&#8211; 13 pares de muletas (adulto y pedi\u00e1tricas).<br \/>\n&#8211; 5 andaderas b\u00e1sicas.<\/p>\n<p>El evento cont\u00f3 con el respaldo de la Diputada Local Ana Laura G\u00f3mez Ram\u00edrez, as\u00ed como integrantes del Cabildo Municipal, quienes atestiguaron la transparencia y el impacto directo de estos apoyos en la comunidad.<\/p>\n<p>Con estas acciones, Shamy Spezia y Roberto Sol\u00eds consolidan una pol\u00edtica social de resultados tangibles que dignifican la vida de las personas con discapacidad de Huejotzingo.<\/p>\n","protected":false},"excerpt":{"rendered":"<p>Con el objetivo claro de transformar la calidad de vida de las familias que m\u00e1s lo necesitan, la Presidenta Honoraria del Sistema Municipal DIF de Huejotzingo, Shamy Spezia, y el Presidente Municipal, Roberto Sol\u00eds Valles, encabezaron la entrega de 90 aparatos ortop\u00e9dicos y auditivos en colaboraci\u00f3n con la Fundaci\u00f3n \u00abVINTE A.C.\u00bb. Durante el evento, Shamy Spezia, enfatiz\u00f3 el valor humano detr\u00e1s de cada equipo entregado: \u00abNuestra prioridad es que nadie se quede atr\u00e1s; en el DIF trabajamos con el coraz\u00f3n para que la inclusi\u00f3n en Huejotzingo sea una realidad que se siente en cada hogar\u00bb. Por su parte, el edil Roberto Sol\u00eds destac\u00f3 que su administraci\u00f3n no descansar\u00e1 en la gesti\u00f3n de recursos que impacten directamente en el bienestar social, asegurando que la coordinaci\u00f3n con&hellip;<\/p>\n<p class=\"excerpt-more\"><a class=\"blog-excerpt button\" href=\"https:\/\/www.aliadospuebla.com\/?p=112928\">Leer m\u00e1s&#8230;<\/a><\/p>\n","protected":false},"author":2,"featured_media":112929,"comment_status":"open","ping_status":"open","sticky":false,"template":"","format":"standard","meta":{"_monsterinsights_skip_tracking":false,"footnotes":""},"categories":[4],"tags":[10612,33230,761,3218,16441,31340,4448],"class_list":["post-112928","post","type-post","status-publish","format-standard","has-post-thumbnail","hentry","category-municipios","tag-aparatos-ortopedicos","tag-fundacion-vinte-a-c","tag-huejotzingo","tag-personas-con-discapacidad","tag-roberto-solis","tag-shamy-spezia","tag-sistema-municipal-dif"],"yoast_head":"<!-- This site is optimized with the Yoast SEO plugin v28.4 - https:\/\/yoast.com\/product\/yoast-seo-wordpress\/ -->\n<title>RESULTADOS QUE SE ESCUCHAN Y SE SIENTEN: ENTREGA SHAMY SPEZIA 90 APOYOS ORTOP\u00c9DICOS Y AUDITIVOS EN ALIANZA CON FUNDACI\u00d3N &quot;VINTE&quot; - AliadosPuebla<\/title>\n<meta name=\"robots\" content=\"index, follow, max-snippet:-1, max-image-preview:large, max-video-preview:-1\" \/>\n<link rel=\"canonical\" href=\"https:\/\/www.aliadospuebla.com\/?p=112928\" \/>\n<meta property=\"og:locale\" content=\"es_ES\" \/>\n<meta property=\"og:type\" content=\"article\" \/>\n<meta property=\"og:title\" content=\"RESULTADOS QUE SE ESCUCHAN Y SE SIENTEN: ENTREGA SHAMY SPEZIA 90 APOYOS ORTOP\u00c9DICOS Y AUDITIVOS EN ALIANZA CON FUNDACI\u00d3N &quot;VINTE&quot; - AliadosPuebla\" \/>\n<meta property=\"og:description\" content=\"Con el objetivo claro de transformar la calidad de vida de las familias que m\u00e1s lo necesitan, la Presidenta Honoraria del Sistema Municipal DIF de Huejotzingo, Shamy Spezia, y el Presidente Municipal, Roberto Sol\u00eds Valles, encabezaron la entrega de 90 aparatos ortop\u00e9dicos y auditivos en colaboraci\u00f3n con la Fundaci\u00f3n \u00abVINTE A.C.\u00bb. Durante el evento, Shamy Spezia, enfatiz\u00f3 el valor humano detr\u00e1s de cada equipo entregado: \u00abNuestra prioridad es que nadie se quede atr\u00e1s; en el DIF trabajamos con el coraz\u00f3n para que la inclusi\u00f3n en Huejotzingo sea una realidad que se siente en cada hogar\u00bb. Por su parte, el edil Roberto Sol\u00eds destac\u00f3 que su administraci\u00f3n no descansar\u00e1 en la gesti\u00f3n de recursos que impacten directamente en el bienestar social, asegurando que la coordinaci\u00f3n con&hellip;Leer m\u00e1s...\" \/>\n<meta property=\"og:url\" content=\"https:\/\/www.aliadospuebla.com\/?p=112928\" \/>\n<meta property=\"og:site_name\" content=\"AliadosPuebla\" \/>\n<meta property=\"article:author\" content=\"https:\/\/www.facebook.com\/Aliados17Pue\" \/>\n<meta property=\"article:published_time\" content=\"2026-04-07T23:44:03+00:00\" \/>\n<meta property=\"og:image\" content=\"https:\/\/www.aliadospuebla.com\/web2017\/wp-content\/uploads\/2026\/04\/66.jpg\" \/>\n\t<meta property=\"og:image:width\" content=\"600\" \/>\n\t<meta property=\"og:image:height\" content=\"450\" \/>\n\t<meta property=\"og:image:type\" content=\"image\/jpeg\" \/>\n<meta name=\"author\" content=\"Aliados17\" \/>\n<meta name=\"twitter:card\" content=\"summary_large_image\" \/>\n<meta name=\"twitter:creator\" content=\"@AliadosPuebla\" \/>\n<meta name=\"twitter:label1\" content=\"Escrito por\" \/>\n\t<meta name=\"twitter:data1\" content=\"Aliados17\" \/>\n\t<meta name=\"twitter:label2\" content=\"Tiempo de lectura\" \/>\n\t<meta name=\"twitter:data2\" content=\"2 minutos\" \/>\n<script type=\"application\/ld+json\" class=\"yoast-schema-graph\">{\"@context\":\"https:\\\/\\\/schema.org\",\"@graph\":[{\"@type\":\"Article\",\"@id\":\"https:\\\/\\\/www.aliadospuebla.com\\\/?p=112928#article\",\"isPartOf\":{\"@id\":\"https:\\\/\\\/www.aliadospuebla.com\\\/?p=112928\"},\"author\":{\"name\":\"Aliados17\",\"@id\":\"https:\\\/\\\/www.aliadospuebla.com\\\/#\\\/schema\\\/person\\\/5da7dd09320bd4f392b710017ed5f8ad\"},\"headline\":\"RESULTADOS QUE SE ESCUCHAN Y SE SIENTEN: ENTREGA SHAMY SPEZIA 90 APOYOS ORTOP\u00c9DICOS Y AUDITIVOS EN ALIANZA CON FUNDACI\u00d3N \u00abVINTE\u00bb\",\"datePublished\":\"2026-04-07T23:44:03+00:00\",\"mainEntityOfPage\":{\"@id\":\"https:\\\/\\\/www.aliadospuebla.com\\\/?p=112928\"},\"wordCount\":345,\"commentCount\":0,\"image\":{\"@id\":\"https:\\\/\\\/www.aliadospuebla.com\\\/?p=112928#primaryimage\"},\"thumbnailUrl\":\"https:\\\/\\\/www.aliadospuebla.com\\\/web2017\\\/wp-content\\\/uploads\\\/2026\\\/04\\\/66.jpg\",\"keywords\":[\"APARATOS ORTOPEDICOS\",\"Fundaci\u00f3n \\\"VINTE A.C.\\\"\",\"HUEJOTZINGO\",\"PERSONAS CON DISCAPACIDAD\",\"ROBERTO SOL\u00cdS\",\"Shamy Spezia\",\"SISTEMA MUNICIPAL DIF\"],\"articleSection\":[\"Municipios\"],\"inLanguage\":\"es\",\"potentialAction\":[{\"@type\":\"CommentAction\",\"name\":\"Comment\",\"target\":[\"https:\\\/\\\/www.aliadospuebla.com\\\/?p=112928#respond\"]}]},{\"@type\":\"WebPage\",\"@id\":\"https:\\\/\\\/www.aliadospuebla.com\\\/?p=112928\",\"url\":\"https:\\\/\\\/www.aliadospuebla.com\\\/?p=112928\",\"name\":\"RESULTADOS QUE SE ESCUCHAN Y SE SIENTEN: ENTREGA SHAMY SPEZIA 90 APOYOS ORTOP\u00c9DICOS Y AUDITIVOS EN ALIANZA CON FUNDACI\u00d3N \\\"VINTE\\\" - AliadosPuebla\",\"isPartOf\":{\"@id\":\"https:\\\/\\\/www.aliadospuebla.com\\\/#website\"},\"primaryImageOfPage\":{\"@id\":\"https:\\\/\\\/www.aliadospuebla.com\\\/?p=112928#primaryimage\"},\"image\":{\"@id\":\"https:\\\/\\\/www.aliadospuebla.com\\\/?p=112928#primaryimage\"},\"thumbnailUrl\":\"https:\\\/\\\/www.aliadospuebla.com\\\/web2017\\\/wp-content\\\/uploads\\\/2026\\\/04\\\/66.jpg\",\"datePublished\":\"2026-04-07T23:44:03+00:00\",\"author\":{\"@id\":\"https:\\\/\\\/www.aliadospuebla.com\\\/#\\\/schema\\\/person\\\/5da7dd09320bd4f392b710017ed5f8ad\"},\"breadcrumb\":{\"@id\":\"https:\\\/\\\/www.aliadospuebla.com\\\/?p=112928#breadcrumb\"},\"inLanguage\":\"es\",\"potentialAction\":[{\"@type\":\"ReadAction\",\"target\":[\"https:\\\/\\\/www.aliadospuebla.com\\\/?p=112928\"]}]},{\"@type\":\"ImageObject\",\"inLanguage\":\"es\",\"@id\":\"https:\\\/\\\/www.aliadospuebla.com\\\/?p=112928#primaryimage\",\"url\":\"https:\\\/\\\/www.aliadospuebla.com\\\/web2017\\\/wp-content\\\/uploads\\\/2026\\\/04\\\/66.jpg\",\"contentUrl\":\"https:\\\/\\\/www.aliadospuebla.com\\\/web2017\\\/wp-content\\\/uploads\\\/2026\\\/04\\\/66.jpg\",\"width\":600,\"height\":450},{\"@type\":\"BreadcrumbList\",\"@id\":\"https:\\\/\\\/www.aliadospuebla.com\\\/?p=112928#breadcrumb\",\"itemListElement\":[{\"@type\":\"ListItem\",\"position\":1,\"name\":\"Portada\",\"item\":\"https:\\\/\\\/www.aliadospuebla.com\\\/\"},{\"@type\":\"ListItem\",\"position\":2,\"name\":\"RESULTADOS QUE SE ESCUCHAN Y SE SIENTEN: ENTREGA SHAMY SPEZIA 90 APOYOS ORTOP\u00c9DICOS Y AUDITIVOS EN ALIANZA CON FUNDACI\u00d3N \u00abVINTE\u00bb\"}]},{\"@type\":\"WebSite\",\"@id\":\"https:\\\/\\\/www.aliadospuebla.com\\\/#website\",\"url\":\"https:\\\/\\\/www.aliadospuebla.com\\\/\",\"name\":\"AliadosPuebla\",\"description\":\"La informaci\u00f3n en tus manos\",\"potentialAction\":[{\"@type\":\"SearchAction\",\"target\":{\"@type\":\"EntryPoint\",\"urlTemplate\":\"https:\\\/\\\/www.aliadospuebla.com\\\/?s={search_term_string}\"},\"query-input\":{\"@type\":\"PropertyValueSpecification\",\"valueRequired\":true,\"valueName\":\"search_term_string\"}}],\"inLanguage\":\"es\"},{\"@type\":\"Person\",\"@id\":\"https:\\\/\\\/www.aliadospuebla.com\\\/#\\\/schema\\\/person\\\/5da7dd09320bd4f392b710017ed5f8ad\",\"name\":\"Aliados17\",\"image\":{\"@type\":\"ImageObject\",\"inLanguage\":\"es\",\"@id\":\"https:\\\/\\\/www.aliadospuebla.com\\\/web2017\\\/wp-content\\\/uploads\\\/2025\\\/03\\\/cropped-para-perfil-8-anos-1-96x96.jpg\",\"url\":\"https:\\\/\\\/www.aliadospuebla.com\\\/web2017\\\/wp-content\\\/uploads\\\/2025\\\/03\\\/cropped-para-perfil-8-anos-1-96x96.jpg\",\"contentUrl\":\"https:\\\/\\\/www.aliadospuebla.com\\\/web2017\\\/wp-content\\\/uploads\\\/2025\\\/03\\\/cropped-para-perfil-8-anos-1-96x96.jpg\",\"caption\":\"Aliados17\"},\"sameAs\":[\"https:\\\/\\\/www.aliados17.com\",\"https:\\\/\\\/www.facebook.com\\\/Aliados17Pue\",\"https:\\\/\\\/x.com\\\/AliadosPuebla\"],\"url\":\"https:\\\/\\\/www.aliadospuebla.com\\\/?author=2\"}]}<\/script>\n<!-- \/ Yoast SEO plugin. -->","yoast_head_json":{"title":"RESULTADOS QUE SE ESCUCHAN Y SE SIENTEN: ENTREGA SHAMY SPEZIA 90 APOYOS ORTOP\u00c9DICOS Y AUDITIVOS EN ALIANZA CON FUNDACI\u00d3N \"VINTE\" - AliadosPuebla","robots":{"index":"index","follow":"follow","max-snippet":"max-snippet:-1","max-image-preview":"max-image-preview:large","max-video-preview":"max-video-preview:-1"},"canonical":"https:\/\/www.aliadospuebla.com\/?p=112928","og_locale":"es_ES","og_type":"article","og_title":"RESULTADOS QUE SE ESCUCHAN Y SE SIENTEN: ENTREGA SHAMY SPEZIA 90 APOYOS ORTOP\u00c9DICOS Y AUDITIVOS EN ALIANZA CON FUNDACI\u00d3N \"VINTE\" - AliadosPuebla","og_description":"Con el objetivo claro de transformar la calidad de vida de las familias que m\u00e1s lo necesitan, la Presidenta Honoraria del Sistema Municipal DIF de Huejotzingo, Shamy Spezia, y el Presidente Municipal, Roberto Sol\u00eds Valles, encabezaron la entrega de 90 aparatos ortop\u00e9dicos y auditivos en colaboraci\u00f3n con la Fundaci\u00f3n \u00abVINTE A.C.\u00bb. Durante el evento, Shamy Spezia, enfatiz\u00f3 el valor humano detr\u00e1s de cada equipo entregado: \u00abNuestra prioridad es que nadie se quede atr\u00e1s; en el DIF trabajamos con el coraz\u00f3n para que la inclusi\u00f3n en Huejotzingo sea una realidad que se siente en cada hogar\u00bb. Por su parte, el edil Roberto Sol\u00eds destac\u00f3 que su administraci\u00f3n no descansar\u00e1 en la gesti\u00f3n de recursos que impacten directamente en el bienestar social, asegurando que la coordinaci\u00f3n con&hellip;Leer m\u00e1s...","og_url":"https:\/\/www.aliadospuebla.com\/?p=112928","og_site_name":"AliadosPuebla","article_author":"https:\/\/www.facebook.com\/Aliados17Pue","article_published_time":"2026-04-07T23:44:03+00:00","og_image":[{"width":600,"height":450,"url":"https:\/\/www.aliadospuebla.com\/web2017\/wp-content\/uploads\/2026\/04\/66.jpg","type":"image\/jpeg"}],"author":"Aliados17","twitter_card":"summary_large_image","twitter_creator":"@AliadosPuebla","twitter_misc":{"Escrito por":"Aliados17","Tiempo de lectura":"2 minutos"},"schema":{"@context":"https:\/\/schema.org","@graph":[{"@type":"Article","@id":"https:\/\/www.aliadospuebla.com\/?p=112928#article","isPartOf":{"@id":"https:\/\/www.aliadospuebla.com\/?p=112928"},"author":{"name":"Aliados17","@id":"https:\/\/www.aliadospuebla.com\/#\/schema\/person\/5da7dd09320bd4f392b710017ed5f8ad"},"headline":"RESULTADOS QUE SE ESCUCHAN Y SE SIENTEN: ENTREGA SHAMY SPEZIA 90 APOYOS ORTOP\u00c9DICOS Y AUDITIVOS EN ALIANZA CON FUNDACI\u00d3N \u00abVINTE\u00bb","datePublished":"2026-04-07T23:44:03+00:00","mainEntityOfPage":{"@id":"https:\/\/www.aliadospuebla.com\/?p=112928"},"wordCount":345,"commentCount":0,"image":{"@id":"https:\/\/www.aliadospuebla.com\/?p=112928#primaryimage"},"thumbnailUrl":"https:\/\/www.aliadospuebla.com\/web2017\/wp-content\/uploads\/2026\/04\/66.jpg","keywords":["APARATOS ORTOPEDICOS","Fundaci\u00f3n \"VINTE A.C.\"","HUEJOTZINGO","PERSONAS CON DISCAPACIDAD","ROBERTO SOL\u00cdS","Shamy Spezia","SISTEMA MUNICIPAL DIF"],"articleSection":["Municipios"],"inLanguage":"es","potentialAction":[{"@type":"CommentAction","name":"Comment","target":["https:\/\/www.aliadospuebla.com\/?p=112928#respond"]}]},{"@type":"WebPage","@id":"https:\/\/www.aliadospuebla.com\/?p=112928","url":"https:\/\/www.aliadospuebla.com\/?p=112928","name":"RESULTADOS QUE SE ESCUCHAN Y SE SIENTEN: ENTREGA SHAMY SPEZIA 90 APOYOS ORTOP\u00c9DICOS Y AUDITIVOS EN ALIANZA CON FUNDACI\u00d3N \"VINTE\" - AliadosPuebla","isPartOf":{"@id":"https:\/\/www.aliadospuebla.com\/#website"},"primaryImageOfPage":{"@id":"https:\/\/www.aliadospuebla.com\/?p=112928#primaryimage"},"image":{"@id":"https:\/\/www.aliadospuebla.com\/?p=112928#primaryimage"},"thumbnailUrl":"https:\/\/www.aliadospuebla.com\/web2017\/wp-content\/uploads\/2026\/04\/66.jpg","datePublished":"2026-04-07T23:44:03+00:00","author":{"@id":"https:\/\/www.aliadospuebla.com\/#\/schema\/person\/5da7dd09320bd4f392b710017ed5f8ad"},"breadcrumb":{"@id":"https:\/\/www.aliadospuebla.com\/?p=112928#breadcrumb"},"inLanguage":"es","potentialAction":[{"@type":"ReadAction","target":["https:\/\/www.aliadospuebla.com\/?p=112928"]}]},{"@type":"ImageObject","inLanguage":"es","@id":"https:\/\/www.aliadospuebla.com\/?p=112928#primaryimage","url":"https:\/\/www.aliadospuebla.com\/web2017\/wp-content\/uploads\/2026\/04\/66.jpg","contentUrl":"https:\/\/www.aliadospuebla.com\/web2017\/wp-content\/uploads\/2026\/04\/66.jpg","width":600,"height":450},{"@type":"BreadcrumbList","@id":"https:\/\/www.aliadospuebla.com\/?p=112928#breadcrumb","itemListElement":[{"@type":"ListItem","position":1,"name":"Portada","item":"https:\/\/www.aliadospuebla.com\/"},{"@type":"ListItem","position":2,"name":"RESULTADOS QUE SE ESCUCHAN Y SE SIENTEN: ENTREGA SHAMY SPEZIA 90 APOYOS ORTOP\u00c9DICOS Y AUDITIVOS EN ALIANZA CON FUNDACI\u00d3N \u00abVINTE\u00bb"}]},{"@type":"WebSite","@id":"https:\/\/www.aliadospuebla.com\/#website","url":"https:\/\/www.aliadospuebla.com\/","name":"AliadosPuebla","description":"La informaci\u00f3n en tus manos","potentialAction":[{"@type":"SearchAction","target":{"@type":"EntryPoint","urlTemplate":"https:\/\/www.aliadospuebla.com\/?s={search_term_string}"},"query-input":{"@type":"PropertyValueSpecification","valueRequired":true,"valueName":"search_term_string"}}],"inLanguage":"es"},{"@type":"Person","@id":"https:\/\/www.aliadospuebla.com\/#\/schema\/person\/5da7dd09320bd4f392b710017ed5f8ad","name":"Aliados17","image":{"@type":"ImageObject","inLanguage":"es","@id":"https:\/\/www.aliadospuebla.com\/web2017\/wp-content\/uploads\/2025\/03\/cropped-para-perfil-8-anos-1-96x96.jpg","url":"https:\/\/www.aliadospuebla.com\/web2017\/wp-content\/uploads\/2025\/03\/cropped-para-perfil-8-anos-1-96x96.jpg","contentUrl":"https:\/\/www.aliadospuebla.com\/web2017\/wp-content\/uploads\/2025\/03\/cropped-para-perfil-8-anos-1-96x96.jpg","caption":"Aliados17"},"sameAs":["https:\/\/www.aliados17.com","https:\/\/www.facebook.com\/Aliados17Pue","https:\/\/x.com\/AliadosPuebla"],"url":"https:\/\/www.aliadospuebla.com\/?author=2"}]}},"views":12,"_links":{"self":[{"href":"https:\/\/www.aliadospuebla.com\/index.php?rest_route=\/wp\/v2\/posts\/112928","targetHints":{"allow":["GET"]}}],"collection":[{"href":"https:\/\/www.aliadospuebla.com\/index.php?rest_route=\/wp\/v2\/posts"}],"about":[{"href":"https:\/\/www.aliadospuebla.com\/index.php?rest_route=\/wp\/v2\/types\/post"}],"author":[{"embeddable":true,"href":"https:\/\/www.aliadospuebla.com\/index.php?rest_route=\/wp\/v2\/users\/2"}],"replies":[{"embeddable":true,"href":"https:\/\/www.aliadospuebla.com\/index.php?rest_route=%2Fwp%2Fv2%2Fcomments&post=112928"}],"version-history":[{"count":1,"href":"https:\/\/www.aliadospuebla.com\/index.php?rest_route=\/wp\/v2\/posts\/112928\/revisions"}],"predecessor-version":[{"id":112930,"href":"https:\/\/www.aliadospuebla.com\/index.php?rest_route=\/wp\/v2\/posts\/112928\/revisions\/112930"}],"wp:featuredmedia":[{"embeddable":true,"href":"https:\/\/www.aliadospuebla.com\/index.php?rest_route=\/wp\/v2\/media\/112929"}],"wp:attachment":[{"href":"https:\/\/www.aliadospuebla.com\/index.php?rest_route=%2Fwp%2Fv2%2Fmedia&parent=112928"}],"wp:term":[{"taxonomy":"category","embeddable":true,"href":"https:\/\/www.aliadospuebla.com\/index.php?rest_route=%2Fwp%2Fv2%2Fcategories&post=112928"},{"taxonomy":"post_tag","embeddable":true,"href":"https:\/\/www.aliadospuebla.com\/index.php?rest_route=%2Fwp%2Fv2%2Ftags&post=112928"}],"curies":[{"name":"wp","href":"https:\/\/api.w.org\/{rel}","templated":true}]}}