{"id":112918,"date":"2026-04-07T06:36:54","date_gmt":"2026-04-07T12:36:54","guid":{"rendered":"https:\/\/www.aliadospuebla.com\/?p=112918"},"modified":"2026-04-07T06:36:54","modified_gmt":"2026-04-07T12:36:54","slug":"arranca-pepe-chedraui-trabajos-de-rehabilitacion-vial-en-bulevar-apulco","status":"publish","type":"post","link":"https:\/\/www.aliadospuebla.com\/?p=112918","title":{"rendered":"Arranca Pepe Chedraui trabajos de rehabilitaci\u00f3n vial en Bulevar Apulco"},"content":{"rendered":"<h4>&#8211; \u201cEstamos convencidos que una vialidad rehabilitada le permite al ciudadano transitar de forma m\u00e1s \u00e1gil y segura. Por ello, desde mi gobierno nos hemos dedicado a construir calles y avenidas integrales\u201d: dijo el alcalde<\/h4>\n<p>&#8211; Se intervendr\u00e1n un total de 20 mil 654 metros cuadrados con diferentes acciones de rehabilitaci\u00f3n<\/p>\n<p>Puebla, Pue.- Con el objetivo de brindar a la ciudadan\u00eda vialidades integrales,<\/p>\n<p>seguras y modernas, el presidente municipal, Pepe Chedraui, puso en marcha<\/p>\n<p>los trabajos de rehabilitaci\u00f3n vial del Bulevar Apulco en la colonia Bosques de Amalucan,<\/p>\n<p>los cuales beneficiar\u00e1n a m\u00e1s de 25 mil 600 habitantes.<\/p>\n<p>En este sentido, el edil capitalino mencion\u00f3 que la rehabilitaci\u00f3n de esta vialidad<\/p>\n<p>es de vital importancia, ya que conecta puntos estrat\u00e9gicos, como Bulevar Atempan<\/p>\n<p>y la Carretera Federal Puebla &#8211; Tehuac\u00e1n, as\u00ed como \u00e1reas comerciales, espacios deportivos,<\/p>\n<p>planteles educativos, zonas habitacionales y rutas de transporte p\u00fablico.<\/p>\n<p>\u201cEstamos convencidos que una vialidad rehabilitada le permite al ciudadano transitar<\/p>\n<p>de forma m\u00e1s \u00e1gil y segura. Por ello, desde mi gobierno nos hemos dedicado<\/p>\n<p>a construir calles y avenidas integrales, con carpeta asf\u00e1ltica, banquetas,<\/p>\n<p>guarniciones, luminarias y se\u00f1alamientos viales\u201d, a\u00f1adi\u00f3.<\/p>\n<p>Por su parte, el secretario de Movilidad e Infraestructura, David Aysa inform\u00f3 que<\/p>\n<p>los trabajos contemplan la intervenci\u00f3n de un total de 20 mil 654 metros cuadrados,<\/p>\n<p>con acciones de construcci\u00f3n de base hidr\u00e1ulica, baquetas con gu\u00eda podot\u00e1ctil<\/p>\n<p>para personas con debilidad visual, guarniciones, rampas, colocaci\u00f3n de bolardos,<\/p>\n<p>aplicaci\u00f3n de se\u00f1al\u00e9tica horizontal, instalaci\u00f3n de se\u00f1alamientos verticales y luminarias.<\/p>\n<h4>\u201cPor esta vialidad circulan diversas rutas de transporte p\u00fablico y automovilistas por lo que su rehabilitaci\u00f3n impactar\u00e1 positivamente a miles de usuarios que diariamente transitan por esta zona\u201d, asever\u00f3.<\/h4>\n<p>Cabe destacar que, se estar\u00e1 colocando carpeta asf\u00e1ltica en una longitud total de mil 888 metros divididos en dos cuerpos de aproximadamente 947 metros cada uno. Adicionalmente, se trabajar\u00e1 en un ancho promedio de vialidad de 18.5 metros \u20149.25 metros por cuerpo\u2014, lo que permitir\u00e1 una circulaci\u00f3n m\u00e1s ordenada para automovilistas, motociclistas, conductores de transporte p\u00fablico y peatones.<\/p>\n<p>Con estas acciones, el alcalde Pepe Chedraui refrenda su compromiso con la modernizaci\u00f3n vial y la mejora de la calidad de vida en Puebla Capital.<\/p>\n","protected":false},"excerpt":{"rendered":"<p>&#8211; \u201cEstamos convencidos que una vialidad rehabilitada le permite al ciudadano transitar de forma m\u00e1s \u00e1gil y segura. Por ello, desde mi gobierno nos hemos dedicado a construir calles y avenidas integrales\u201d: dijo el alcalde &#8211; Se intervendr\u00e1n un total de 20 mil 654 metros cuadrados con diferentes acciones de rehabilitaci\u00f3n Puebla, Pue.- Con el objetivo de brindar a la ciudadan\u00eda vialidades integrales, seguras y modernas, el presidente municipal, Pepe Chedraui, puso en marcha los trabajos de rehabilitaci\u00f3n vial del Bulevar Apulco en la colonia Bosques de Amalucan, los cuales beneficiar\u00e1n a m\u00e1s de 25 mil 600 habitantes. En este sentido, el edil capitalino mencion\u00f3 que la rehabilitaci\u00f3n de esta vialidad es de vital importancia, ya que conecta puntos estrat\u00e9gicos, como Bulevar Atempan y la&hellip;<\/p>\n<p class=\"excerpt-more\"><a class=\"blog-excerpt button\" href=\"https:\/\/www.aliadospuebla.com\/?p=112918\">Leer m\u00e1s&#8230;<\/a><\/p>\n","protected":false},"author":2,"featured_media":112919,"comment_status":"open","ping_status":"open","sticky":false,"template":"","format":"standard","meta":{"_monsterinsights_skip_tracking":false,"footnotes":""},"categories":[62],"tags":[33229,33228,337,20612,28423,25081],"class_list":["post-112918","post","type-post","status-publish","format-standard","has-post-thumbnail","hentry","category-capital","tag-bosques-de-amalucan","tag-bulevar-apulco","tag-infraestructura","tag-pepe-chedraui","tag-rehabilitacion-vial","tag-vialidades-integrales"],"yoast_head":"<!-- This site is optimized with the Yoast SEO plugin v28.4 - https:\/\/yoast.com\/product\/yoast-seo-wordpress\/ -->\n<title>Arranca Pepe Chedraui trabajos de rehabilitaci\u00f3n vial en Bulevar Apulco - AliadosPuebla<\/title>\n<meta name=\"robots\" content=\"index, follow, max-snippet:-1, max-image-preview:large, max-video-preview:-1\" \/>\n<link rel=\"canonical\" href=\"https:\/\/www.aliadospuebla.com\/?p=112918\" \/>\n<meta property=\"og:locale\" content=\"es_ES\" \/>\n<meta property=\"og:type\" content=\"article\" \/>\n<meta property=\"og:title\" content=\"Arranca Pepe Chedraui trabajos de rehabilitaci\u00f3n vial en Bulevar Apulco - AliadosPuebla\" \/>\n<meta property=\"og:description\" content=\"&#8211; \u201cEstamos convencidos que una vialidad rehabilitada le permite al ciudadano transitar de forma m\u00e1s \u00e1gil y segura. Por ello, desde mi gobierno nos hemos dedicado a construir calles y avenidas integrales\u201d: dijo el alcalde &#8211; Se intervendr\u00e1n un total de 20 mil 654 metros cuadrados con diferentes acciones de rehabilitaci\u00f3n Puebla, Pue.- Con el objetivo de brindar a la ciudadan\u00eda vialidades integrales, seguras y modernas, el presidente municipal, Pepe Chedraui, puso en marcha los trabajos de rehabilitaci\u00f3n vial del Bulevar Apulco en la colonia Bosques de Amalucan, los cuales beneficiar\u00e1n a m\u00e1s de 25 mil 600 habitantes. En este sentido, el edil capitalino mencion\u00f3 que la rehabilitaci\u00f3n de esta vialidad es de vital importancia, ya que conecta puntos estrat\u00e9gicos, como Bulevar Atempan y la&hellip;Leer m\u00e1s...\" \/>\n<meta property=\"og:url\" content=\"https:\/\/www.aliadospuebla.com\/?p=112918\" \/>\n<meta property=\"og:site_name\" content=\"AliadosPuebla\" \/>\n<meta property=\"article:author\" content=\"https:\/\/www.facebook.com\/Aliados17Pue\" \/>\n<meta property=\"article:published_time\" content=\"2026-04-07T12:36:54+00:00\" \/>\n<meta property=\"og:image\" content=\"https:\/\/www.aliadospuebla.com\/web2017\/wp-content\/uploads\/2026\/04\/63.jpg\" \/>\n\t<meta property=\"og:image:width\" content=\"600\" \/>\n\t<meta property=\"og:image:height\" content=\"450\" \/>\n\t<meta property=\"og:image:type\" content=\"image\/jpeg\" \/>\n<meta name=\"author\" content=\"Aliados17\" \/>\n<meta name=\"twitter:card\" content=\"summary_large_image\" \/>\n<meta name=\"twitter:creator\" content=\"@AliadosPuebla\" \/>\n<meta name=\"twitter:label1\" content=\"Escrito por\" \/>\n\t<meta name=\"twitter:data1\" content=\"Aliados17\" \/>\n\t<meta name=\"twitter:label2\" content=\"Tiempo de lectura\" \/>\n\t<meta name=\"twitter:data2\" content=\"2 minutos\" \/>\n<script type=\"application\/ld+json\" class=\"yoast-schema-graph\">{\"@context\":\"https:\\\/\\\/schema.org\",\"@graph\":[{\"@type\":\"Article\",\"@id\":\"https:\\\/\\\/www.aliadospuebla.com\\\/?p=112918#article\",\"isPartOf\":{\"@id\":\"https:\\\/\\\/www.aliadospuebla.com\\\/?p=112918\"},\"author\":{\"name\":\"Aliados17\",\"@id\":\"https:\\\/\\\/www.aliadospuebla.com\\\/#\\\/schema\\\/person\\\/5da7dd09320bd4f392b710017ed5f8ad\"},\"headline\":\"Arranca Pepe Chedraui trabajos de rehabilitaci\u00f3n vial en Bulevar Apulco\",\"datePublished\":\"2026-04-07T12:36:54+00:00\",\"mainEntityOfPage\":{\"@id\":\"https:\\\/\\\/www.aliadospuebla.com\\\/?p=112918\"},\"wordCount\":391,\"commentCount\":0,\"image\":{\"@id\":\"https:\\\/\\\/www.aliadospuebla.com\\\/?p=112918#primaryimage\"},\"thumbnailUrl\":\"https:\\\/\\\/www.aliadospuebla.com\\\/web2017\\\/wp-content\\\/uploads\\\/2026\\\/04\\\/63.jpg\",\"keywords\":[\"Bosques de Amalucan\",\"Bulevar Apulco\",\"INFRAESTRUCTURA\",\"Pepe Chedraui\",\"rehabilitaci\u00f3n vial\",\"vialidades integrales\"],\"articleSection\":[\"Capital\"],\"inLanguage\":\"es\",\"potentialAction\":[{\"@type\":\"CommentAction\",\"name\":\"Comment\",\"target\":[\"https:\\\/\\\/www.aliadospuebla.com\\\/?p=112918#respond\"]}]},{\"@type\":\"WebPage\",\"@id\":\"https:\\\/\\\/www.aliadospuebla.com\\\/?p=112918\",\"url\":\"https:\\\/\\\/www.aliadospuebla.com\\\/?p=112918\",\"name\":\"Arranca Pepe Chedraui trabajos de rehabilitaci\u00f3n vial en Bulevar Apulco - AliadosPuebla\",\"isPartOf\":{\"@id\":\"https:\\\/\\\/www.aliadospuebla.com\\\/#website\"},\"primaryImageOfPage\":{\"@id\":\"https:\\\/\\\/www.aliadospuebla.com\\\/?p=112918#primaryimage\"},\"image\":{\"@id\":\"https:\\\/\\\/www.aliadospuebla.com\\\/?p=112918#primaryimage\"},\"thumbnailUrl\":\"https:\\\/\\\/www.aliadospuebla.com\\\/web2017\\\/wp-content\\\/uploads\\\/2026\\\/04\\\/63.jpg\",\"datePublished\":\"2026-04-07T12:36:54+00:00\",\"author\":{\"@id\":\"https:\\\/\\\/www.aliadospuebla.com\\\/#\\\/schema\\\/person\\\/5da7dd09320bd4f392b710017ed5f8ad\"},\"breadcrumb\":{\"@id\":\"https:\\\/\\\/www.aliadospuebla.com\\\/?p=112918#breadcrumb\"},\"inLanguage\":\"es\",\"potentialAction\":[{\"@type\":\"ReadAction\",\"target\":[\"https:\\\/\\\/www.aliadospuebla.com\\\/?p=112918\"]}]},{\"@type\":\"ImageObject\",\"inLanguage\":\"es\",\"@id\":\"https:\\\/\\\/www.aliadospuebla.com\\\/?p=112918#primaryimage\",\"url\":\"https:\\\/\\\/www.aliadospuebla.com\\\/web2017\\\/wp-content\\\/uploads\\\/2026\\\/04\\\/63.jpg\",\"contentUrl\":\"https:\\\/\\\/www.aliadospuebla.com\\\/web2017\\\/wp-content\\\/uploads\\\/2026\\\/04\\\/63.jpg\",\"width\":600,\"height\":450},{\"@type\":\"BreadcrumbList\",\"@id\":\"https:\\\/\\\/www.aliadospuebla.com\\\/?p=112918#breadcrumb\",\"itemListElement\":[{\"@type\":\"ListItem\",\"position\":1,\"name\":\"Portada\",\"item\":\"https:\\\/\\\/www.aliadospuebla.com\\\/\"},{\"@type\":\"ListItem\",\"position\":2,\"name\":\"Arranca Pepe Chedraui trabajos de rehabilitaci\u00f3n vial en Bulevar Apulco\"}]},{\"@type\":\"WebSite\",\"@id\":\"https:\\\/\\\/www.aliadospuebla.com\\\/#website\",\"url\":\"https:\\\/\\\/www.aliadospuebla.com\\\/\",\"name\":\"AliadosPuebla\",\"description\":\"La informaci\u00f3n en tus manos\",\"potentialAction\":[{\"@type\":\"SearchAction\",\"target\":{\"@type\":\"EntryPoint\",\"urlTemplate\":\"https:\\\/\\\/www.aliadospuebla.com\\\/?s={search_term_string}\"},\"query-input\":{\"@type\":\"PropertyValueSpecification\",\"valueRequired\":true,\"valueName\":\"search_term_string\"}}],\"inLanguage\":\"es\"},{\"@type\":\"Person\",\"@id\":\"https:\\\/\\\/www.aliadospuebla.com\\\/#\\\/schema\\\/person\\\/5da7dd09320bd4f392b710017ed5f8ad\",\"name\":\"Aliados17\",\"image\":{\"@type\":\"ImageObject\",\"inLanguage\":\"es\",\"@id\":\"https:\\\/\\\/www.aliadospuebla.com\\\/web2017\\\/wp-content\\\/uploads\\\/2025\\\/03\\\/cropped-para-perfil-8-anos-1-96x96.jpg\",\"url\":\"https:\\\/\\\/www.aliadospuebla.com\\\/web2017\\\/wp-content\\\/uploads\\\/2025\\\/03\\\/cropped-para-perfil-8-anos-1-96x96.jpg\",\"contentUrl\":\"https:\\\/\\\/www.aliadospuebla.com\\\/web2017\\\/wp-content\\\/uploads\\\/2025\\\/03\\\/cropped-para-perfil-8-anos-1-96x96.jpg\",\"caption\":\"Aliados17\"},\"sameAs\":[\"https:\\\/\\\/www.aliados17.com\",\"https:\\\/\\\/www.facebook.com\\\/Aliados17Pue\",\"https:\\\/\\\/x.com\\\/AliadosPuebla\"],\"url\":\"https:\\\/\\\/www.aliadospuebla.com\\\/?author=2\"}]}<\/script>\n<!-- \/ Yoast SEO plugin. -->","yoast_head_json":{"title":"Arranca Pepe Chedraui trabajos de rehabilitaci\u00f3n vial en Bulevar Apulco - AliadosPuebla","robots":{"index":"index","follow":"follow","max-snippet":"max-snippet:-1","max-image-preview":"max-image-preview:large","max-video-preview":"max-video-preview:-1"},"canonical":"https:\/\/www.aliadospuebla.com\/?p=112918","og_locale":"es_ES","og_type":"article","og_title":"Arranca Pepe Chedraui trabajos de rehabilitaci\u00f3n vial en Bulevar Apulco - AliadosPuebla","og_description":"&#8211; \u201cEstamos convencidos que una vialidad rehabilitada le permite al ciudadano transitar de forma m\u00e1s \u00e1gil y segura. Por ello, desde mi gobierno nos hemos dedicado a construir calles y avenidas integrales\u201d: dijo el alcalde &#8211; Se intervendr\u00e1n un total de 20 mil 654 metros cuadrados con diferentes acciones de rehabilitaci\u00f3n Puebla, Pue.- Con el objetivo de brindar a la ciudadan\u00eda vialidades integrales, seguras y modernas, el presidente municipal, Pepe Chedraui, puso en marcha los trabajos de rehabilitaci\u00f3n vial del Bulevar Apulco en la colonia Bosques de Amalucan, los cuales beneficiar\u00e1n a m\u00e1s de 25 mil 600 habitantes. En este sentido, el edil capitalino mencion\u00f3 que la rehabilitaci\u00f3n de esta vialidad es de vital importancia, ya que conecta puntos estrat\u00e9gicos, como Bulevar Atempan y la&hellip;Leer m\u00e1s...","og_url":"https:\/\/www.aliadospuebla.com\/?p=112918","og_site_name":"AliadosPuebla","article_author":"https:\/\/www.facebook.com\/Aliados17Pue","article_published_time":"2026-04-07T12:36:54+00:00","og_image":[{"width":600,"height":450,"url":"https:\/\/www.aliadospuebla.com\/web2017\/wp-content\/uploads\/2026\/04\/63.jpg","type":"image\/jpeg"}],"author":"Aliados17","twitter_card":"summary_large_image","twitter_creator":"@AliadosPuebla","twitter_misc":{"Escrito por":"Aliados17","Tiempo de lectura":"2 minutos"},"schema":{"@context":"https:\/\/schema.org","@graph":[{"@type":"Article","@id":"https:\/\/www.aliadospuebla.com\/?p=112918#article","isPartOf":{"@id":"https:\/\/www.aliadospuebla.com\/?p=112918"},"author":{"name":"Aliados17","@id":"https:\/\/www.aliadospuebla.com\/#\/schema\/person\/5da7dd09320bd4f392b710017ed5f8ad"},"headline":"Arranca Pepe Chedraui trabajos de rehabilitaci\u00f3n vial en Bulevar Apulco","datePublished":"2026-04-07T12:36:54+00:00","mainEntityOfPage":{"@id":"https:\/\/www.aliadospuebla.com\/?p=112918"},"wordCount":391,"commentCount":0,"image":{"@id":"https:\/\/www.aliadospuebla.com\/?p=112918#primaryimage"},"thumbnailUrl":"https:\/\/www.aliadospuebla.com\/web2017\/wp-content\/uploads\/2026\/04\/63.jpg","keywords":["Bosques de Amalucan","Bulevar Apulco","INFRAESTRUCTURA","Pepe Chedraui","rehabilitaci\u00f3n vial","vialidades integrales"],"articleSection":["Capital"],"inLanguage":"es","potentialAction":[{"@type":"CommentAction","name":"Comment","target":["https:\/\/www.aliadospuebla.com\/?p=112918#respond"]}]},{"@type":"WebPage","@id":"https:\/\/www.aliadospuebla.com\/?p=112918","url":"https:\/\/www.aliadospuebla.com\/?p=112918","name":"Arranca Pepe Chedraui trabajos de rehabilitaci\u00f3n vial en Bulevar Apulco - AliadosPuebla","isPartOf":{"@id":"https:\/\/www.aliadospuebla.com\/#website"},"primaryImageOfPage":{"@id":"https:\/\/www.aliadospuebla.com\/?p=112918#primaryimage"},"image":{"@id":"https:\/\/www.aliadospuebla.com\/?p=112918#primaryimage"},"thumbnailUrl":"https:\/\/www.aliadospuebla.com\/web2017\/wp-content\/uploads\/2026\/04\/63.jpg","datePublished":"2026-04-07T12:36:54+00:00","author":{"@id":"https:\/\/www.aliadospuebla.com\/#\/schema\/person\/5da7dd09320bd4f392b710017ed5f8ad"},"breadcrumb":{"@id":"https:\/\/www.aliadospuebla.com\/?p=112918#breadcrumb"},"inLanguage":"es","potentialAction":[{"@type":"ReadAction","target":["https:\/\/www.aliadospuebla.com\/?p=112918"]}]},{"@type":"ImageObject","inLanguage":"es","@id":"https:\/\/www.aliadospuebla.com\/?p=112918#primaryimage","url":"https:\/\/www.aliadospuebla.com\/web2017\/wp-content\/uploads\/2026\/04\/63.jpg","contentUrl":"https:\/\/www.aliadospuebla.com\/web2017\/wp-content\/uploads\/2026\/04\/63.jpg","width":600,"height":450},{"@type":"BreadcrumbList","@id":"https:\/\/www.aliadospuebla.com\/?p=112918#breadcrumb","itemListElement":[{"@type":"ListItem","position":1,"name":"Portada","item":"https:\/\/www.aliadospuebla.com\/"},{"@type":"ListItem","position":2,"name":"Arranca Pepe Chedraui trabajos de rehabilitaci\u00f3n vial en Bulevar Apulco"}]},{"@type":"WebSite","@id":"https:\/\/www.aliadospuebla.com\/#website","url":"https:\/\/www.aliadospuebla.com\/","name":"AliadosPuebla","description":"La informaci\u00f3n en tus manos","potentialAction":[{"@type":"SearchAction","target":{"@type":"EntryPoint","urlTemplate":"https:\/\/www.aliadospuebla.com\/?s={search_term_string}"},"query-input":{"@type":"PropertyValueSpecification","valueRequired":true,"valueName":"search_term_string"}}],"inLanguage":"es"},{"@type":"Person","@id":"https:\/\/www.aliadospuebla.com\/#\/schema\/person\/5da7dd09320bd4f392b710017ed5f8ad","name":"Aliados17","image":{"@type":"ImageObject","inLanguage":"es","@id":"https:\/\/www.aliadospuebla.com\/web2017\/wp-content\/uploads\/2025\/03\/cropped-para-perfil-8-anos-1-96x96.jpg","url":"https:\/\/www.aliadospuebla.com\/web2017\/wp-content\/uploads\/2025\/03\/cropped-para-perfil-8-anos-1-96x96.jpg","contentUrl":"https:\/\/www.aliadospuebla.com\/web2017\/wp-content\/uploads\/2025\/03\/cropped-para-perfil-8-anos-1-96x96.jpg","caption":"Aliados17"},"sameAs":["https:\/\/www.aliados17.com","https:\/\/www.facebook.com\/Aliados17Pue","https:\/\/x.com\/AliadosPuebla"],"url":"https:\/\/www.aliadospuebla.com\/?author=2"}]}},"views":12,"_links":{"self":[{"href":"https:\/\/www.aliadospuebla.com\/index.php?rest_route=\/wp\/v2\/posts\/112918","targetHints":{"allow":["GET"]}}],"collection":[{"href":"https:\/\/www.aliadospuebla.com\/index.php?rest_route=\/wp\/v2\/posts"}],"about":[{"href":"https:\/\/www.aliadospuebla.com\/index.php?rest_route=\/wp\/v2\/types\/post"}],"author":[{"embeddable":true,"href":"https:\/\/www.aliadospuebla.com\/index.php?rest_route=\/wp\/v2\/users\/2"}],"replies":[{"embeddable":true,"href":"https:\/\/www.aliadospuebla.com\/index.php?rest_route=%2Fwp%2Fv2%2Fcomments&post=112918"}],"version-history":[{"count":1,"href":"https:\/\/www.aliadospuebla.com\/index.php?rest_route=\/wp\/v2\/posts\/112918\/revisions"}],"predecessor-version":[{"id":112920,"href":"https:\/\/www.aliadospuebla.com\/index.php?rest_route=\/wp\/v2\/posts\/112918\/revisions\/112920"}],"wp:featuredmedia":[{"embeddable":true,"href":"https:\/\/www.aliadospuebla.com\/index.php?rest_route=\/wp\/v2\/media\/112919"}],"wp:attachment":[{"href":"https:\/\/www.aliadospuebla.com\/index.php?rest_route=%2Fwp%2Fv2%2Fmedia&parent=112918"}],"wp:term":[{"taxonomy":"category","embeddable":true,"href":"https:\/\/www.aliadospuebla.com\/index.php?rest_route=%2Fwp%2Fv2%2Fcategories&post=112918"},{"taxonomy":"post_tag","embeddable":true,"href":"https:\/\/www.aliadospuebla.com\/index.php?rest_route=%2Fwp%2Fv2%2Ftags&post=112918"}],"curies":[{"name":"wp","href":"https:\/\/api.w.org\/{rel}","templated":true}]}}