{"id":112860,"date":"2026-03-31T08:57:03","date_gmt":"2026-03-31T14:57:03","guid":{"rendered":"https:\/\/www.aliadospuebla.com\/?p=112860"},"modified":"2026-04-06T09:02:22","modified_gmt":"2026-04-06T15:02:22","slug":"operativo-interinstitucional-en-tecamachalco-permite-la-detencion-de-seis-hombres","status":"publish","type":"post","link":"https:\/\/www.aliadospuebla.com\/?p=112860","title":{"rendered":"Operativo interinstitucional en Tecamachalco permite la detenci\u00f3n de seis hombres"},"content":{"rendered":"<h4>Tecamachalco, Puebla. \u2013 Como resultado del trabajo coordinado en materia de seguridad y en seguimiento a la estrategia impulsada por el gobernador Alejandro Armenta, el Gobierno Municipal de Tecamachalco, encabezado por el presidente Mateo Hern\u00e1ndez L\u00f3pez, informa que, mediante un operativo interinstitucional, se logr\u00f3 la detenci\u00f3n de seis personas en distintos puntos del municipio.<\/h4>\n<p>En una primera intervenci\u00f3n, fueron asegurados dos masculinos en posesi\u00f3n de un arma de fuego,<\/p>\n<p>cartuchos \u00fatiles, equipos de radiocomunicaci\u00f3n, dinero en efectivo y un veh\u00edculo.<\/p>\n<p>En una segunda acci\u00f3n, se logr\u00f3 la detenci\u00f3n de cuatro personas m\u00e1s,<\/p>\n<p>quienes portaban un arma de fuego sin los permisos correspondientes.<\/p>\n<p>Estas acciones fueron resultado del trabajo conjunto entre Secretar\u00eda de Marina,<\/p>\n<p>Secretar\u00eda de la Defensa Nacional, Guardia Nacional, Polic\u00eda Estatal y Polic\u00eda Municipal,<\/p>\n<p>quienes desplegaron labores operativas de manera coordinada en el municipio.<\/p>\n<p>El Gobierno Municipal de Tecamachalco reconoce el respaldo del Gobierno del Estado de Puebla y reitera su compromiso de continuar fortaleciendo la seguridad a trav\u00e9s del trabajo conjunto con los tres \u00f3rdenes de gobierno, priorizando la tranquilidad y el bienestar de las familias tecamachalquenses.<\/p>\n","protected":false},"excerpt":{"rendered":"<p>Tecamachalco, Puebla. \u2013 Como resultado del trabajo coordinado en materia de seguridad y en seguimiento a la estrategia impulsada por el gobernador Alejandro Armenta, el Gobierno Municipal de Tecamachalco, encabezado por el presidente Mateo Hern\u00e1ndez L\u00f3pez, informa que, mediante un operativo interinstitucional, se logr\u00f3 la detenci\u00f3n de seis personas en distintos puntos del municipio. En una primera intervenci\u00f3n, fueron asegurados dos masculinos en posesi\u00f3n de un arma de fuego, cartuchos \u00fatiles, equipos de radiocomunicaci\u00f3n, dinero en efectivo y un veh\u00edculo. En una segunda acci\u00f3n, se logr\u00f3 la detenci\u00f3n de cuatro personas m\u00e1s, quienes portaban un arma de fuego sin los permisos correspondientes. Estas acciones fueron resultado del trabajo conjunto entre Secretar\u00eda de Marina, Secretar\u00eda de la Defensa Nacional, Guardia Nacional, Polic\u00eda Estatal y Polic\u00eda Municipal,&hellip;<\/p>\n<p class=\"excerpt-more\"><a class=\"blog-excerpt button\" href=\"https:\/\/www.aliadospuebla.com\/?p=112860\">Leer m\u00e1s&#8230;<\/a><\/p>\n","protected":false},"author":2,"featured_media":112861,"comment_status":"open","ping_status":"open","sticky":false,"template":"","format":"standard","meta":{"_monsterinsights_skip_tracking":false,"footnotes":""},"categories":[4],"tags":[4780,11143,1330,28053,26650,129],"class_list":["post-112860","post","type-post","status-publish","format-standard","has-post-thumbnail","hentry","category-municipios","tag-alejandro-armenta","tag-arma-de-fuego","tag-detencion","tag-mateo-hernandez-lopez","tag-operativo-interinstitucional","tag-tecamachalco"],"yoast_head":"<!-- This site is optimized with the Yoast SEO plugin v28.4 - https:\/\/yoast.com\/product\/yoast-seo-wordpress\/ -->\n<title>Operativo interinstitucional en Tecamachalco permite la detenci\u00f3n de seis hombres - AliadosPuebla<\/title>\n<meta name=\"robots\" content=\"index, follow, max-snippet:-1, max-image-preview:large, max-video-preview:-1\" \/>\n<link rel=\"canonical\" href=\"https:\/\/www.aliadospuebla.com\/?p=112860\" \/>\n<meta property=\"og:locale\" content=\"es_ES\" \/>\n<meta property=\"og:type\" content=\"article\" \/>\n<meta property=\"og:title\" content=\"Operativo interinstitucional en Tecamachalco permite la detenci\u00f3n de seis hombres - AliadosPuebla\" \/>\n<meta property=\"og:description\" content=\"Tecamachalco, Puebla. \u2013 Como resultado del trabajo coordinado en materia de seguridad y en seguimiento a la estrategia impulsada por el gobernador Alejandro Armenta, el Gobierno Municipal de Tecamachalco, encabezado por el presidente Mateo Hern\u00e1ndez L\u00f3pez, informa que, mediante un operativo interinstitucional, se logr\u00f3 la detenci\u00f3n de seis personas en distintos puntos del municipio. En una primera intervenci\u00f3n, fueron asegurados dos masculinos en posesi\u00f3n de un arma de fuego, cartuchos \u00fatiles, equipos de radiocomunicaci\u00f3n, dinero en efectivo y un veh\u00edculo. En una segunda acci\u00f3n, se logr\u00f3 la detenci\u00f3n de cuatro personas m\u00e1s, quienes portaban un arma de fuego sin los permisos correspondientes. Estas acciones fueron resultado del trabajo conjunto entre Secretar\u00eda de Marina, Secretar\u00eda de la Defensa Nacional, Guardia Nacional, Polic\u00eda Estatal y Polic\u00eda Municipal,&hellip;Leer m\u00e1s...\" \/>\n<meta property=\"og:url\" content=\"https:\/\/www.aliadospuebla.com\/?p=112860\" \/>\n<meta property=\"og:site_name\" content=\"AliadosPuebla\" \/>\n<meta property=\"article:author\" content=\"https:\/\/www.facebook.com\/Aliados17Pue\" \/>\n<meta property=\"article:published_time\" content=\"2026-03-31T14:57:03+00:00\" \/>\n<meta property=\"article:modified_time\" content=\"2026-04-06T15:02:22+00:00\" \/>\n<meta property=\"og:image\" content=\"https:\/\/www.aliadospuebla.com\/web2017\/wp-content\/uploads\/2026\/04\/46.jpg\" \/>\n\t<meta property=\"og:image:width\" content=\"600\" \/>\n\t<meta property=\"og:image:height\" content=\"450\" \/>\n\t<meta property=\"og:image:type\" content=\"image\/jpeg\" \/>\n<meta name=\"author\" content=\"Aliados17\" \/>\n<meta name=\"twitter:card\" content=\"summary_large_image\" \/>\n<meta name=\"twitter:creator\" content=\"@AliadosPuebla\" \/>\n<meta name=\"twitter:label1\" content=\"Escrito por\" \/>\n\t<meta name=\"twitter:data1\" content=\"Aliados17\" \/>\n\t<meta name=\"twitter:label2\" content=\"Tiempo de lectura\" \/>\n\t<meta name=\"twitter:data2\" content=\"2 minutos\" \/>\n<script type=\"application\/ld+json\" class=\"yoast-schema-graph\">{\"@context\":\"https:\\\/\\\/schema.org\",\"@graph\":[{\"@type\":\"Article\",\"@id\":\"https:\\\/\\\/www.aliadospuebla.com\\\/?p=112860#article\",\"isPartOf\":{\"@id\":\"https:\\\/\\\/www.aliadospuebla.com\\\/?p=112860\"},\"author\":{\"name\":\"Aliados17\",\"@id\":\"https:\\\/\\\/www.aliadospuebla.com\\\/#\\\/schema\\\/person\\\/5da7dd09320bd4f392b710017ed5f8ad\"},\"headline\":\"Operativo interinstitucional en Tecamachalco permite la detenci\u00f3n de seis hombres\",\"datePublished\":\"2026-03-31T14:57:03+00:00\",\"dateModified\":\"2026-04-06T15:02:22+00:00\",\"mainEntityOfPage\":{\"@id\":\"https:\\\/\\\/www.aliadospuebla.com\\\/?p=112860\"},\"wordCount\":204,\"commentCount\":0,\"image\":{\"@id\":\"https:\\\/\\\/www.aliadospuebla.com\\\/?p=112860#primaryimage\"},\"thumbnailUrl\":\"https:\\\/\\\/www.aliadospuebla.com\\\/web2017\\\/wp-content\\\/uploads\\\/2026\\\/04\\\/46.jpg\",\"keywords\":[\"ALEJANDRO ARMENTA\",\"arma de fuego\",\"DETENCI\u00d3N\",\"Mateo Hern\u00e1ndez L\u00f3pez\",\"operativo interinstitucional\",\"Tecamachalco\"],\"articleSection\":[\"Municipios\"],\"inLanguage\":\"es\",\"potentialAction\":[{\"@type\":\"CommentAction\",\"name\":\"Comment\",\"target\":[\"https:\\\/\\\/www.aliadospuebla.com\\\/?p=112860#respond\"]}]},{\"@type\":\"WebPage\",\"@id\":\"https:\\\/\\\/www.aliadospuebla.com\\\/?p=112860\",\"url\":\"https:\\\/\\\/www.aliadospuebla.com\\\/?p=112860\",\"name\":\"Operativo interinstitucional en Tecamachalco permite la detenci\u00f3n de seis hombres - AliadosPuebla\",\"isPartOf\":{\"@id\":\"https:\\\/\\\/www.aliadospuebla.com\\\/#website\"},\"primaryImageOfPage\":{\"@id\":\"https:\\\/\\\/www.aliadospuebla.com\\\/?p=112860#primaryimage\"},\"image\":{\"@id\":\"https:\\\/\\\/www.aliadospuebla.com\\\/?p=112860#primaryimage\"},\"thumbnailUrl\":\"https:\\\/\\\/www.aliadospuebla.com\\\/web2017\\\/wp-content\\\/uploads\\\/2026\\\/04\\\/46.jpg\",\"datePublished\":\"2026-03-31T14:57:03+00:00\",\"dateModified\":\"2026-04-06T15:02:22+00:00\",\"author\":{\"@id\":\"https:\\\/\\\/www.aliadospuebla.com\\\/#\\\/schema\\\/person\\\/5da7dd09320bd4f392b710017ed5f8ad\"},\"breadcrumb\":{\"@id\":\"https:\\\/\\\/www.aliadospuebla.com\\\/?p=112860#breadcrumb\"},\"inLanguage\":\"es\",\"potentialAction\":[{\"@type\":\"ReadAction\",\"target\":[\"https:\\\/\\\/www.aliadospuebla.com\\\/?p=112860\"]}]},{\"@type\":\"ImageObject\",\"inLanguage\":\"es\",\"@id\":\"https:\\\/\\\/www.aliadospuebla.com\\\/?p=112860#primaryimage\",\"url\":\"https:\\\/\\\/www.aliadospuebla.com\\\/web2017\\\/wp-content\\\/uploads\\\/2026\\\/04\\\/46.jpg\",\"contentUrl\":\"https:\\\/\\\/www.aliadospuebla.com\\\/web2017\\\/wp-content\\\/uploads\\\/2026\\\/04\\\/46.jpg\",\"width\":600,\"height\":450},{\"@type\":\"BreadcrumbList\",\"@id\":\"https:\\\/\\\/www.aliadospuebla.com\\\/?p=112860#breadcrumb\",\"itemListElement\":[{\"@type\":\"ListItem\",\"position\":1,\"name\":\"Portada\",\"item\":\"https:\\\/\\\/www.aliadospuebla.com\\\/\"},{\"@type\":\"ListItem\",\"position\":2,\"name\":\"Operativo interinstitucional en Tecamachalco permite la detenci\u00f3n de seis hombres\"}]},{\"@type\":\"WebSite\",\"@id\":\"https:\\\/\\\/www.aliadospuebla.com\\\/#website\",\"url\":\"https:\\\/\\\/www.aliadospuebla.com\\\/\",\"name\":\"AliadosPuebla\",\"description\":\"La informaci\u00f3n en tus manos\",\"potentialAction\":[{\"@type\":\"SearchAction\",\"target\":{\"@type\":\"EntryPoint\",\"urlTemplate\":\"https:\\\/\\\/www.aliadospuebla.com\\\/?s={search_term_string}\"},\"query-input\":{\"@type\":\"PropertyValueSpecification\",\"valueRequired\":true,\"valueName\":\"search_term_string\"}}],\"inLanguage\":\"es\"},{\"@type\":\"Person\",\"@id\":\"https:\\\/\\\/www.aliadospuebla.com\\\/#\\\/schema\\\/person\\\/5da7dd09320bd4f392b710017ed5f8ad\",\"name\":\"Aliados17\",\"image\":{\"@type\":\"ImageObject\",\"inLanguage\":\"es\",\"@id\":\"https:\\\/\\\/www.aliadospuebla.com\\\/web2017\\\/wp-content\\\/uploads\\\/2025\\\/03\\\/cropped-para-perfil-8-anos-1-96x96.jpg\",\"url\":\"https:\\\/\\\/www.aliadospuebla.com\\\/web2017\\\/wp-content\\\/uploads\\\/2025\\\/03\\\/cropped-para-perfil-8-anos-1-96x96.jpg\",\"contentUrl\":\"https:\\\/\\\/www.aliadospuebla.com\\\/web2017\\\/wp-content\\\/uploads\\\/2025\\\/03\\\/cropped-para-perfil-8-anos-1-96x96.jpg\",\"caption\":\"Aliados17\"},\"sameAs\":[\"https:\\\/\\\/www.aliados17.com\",\"https:\\\/\\\/www.facebook.com\\\/Aliados17Pue\",\"https:\\\/\\\/x.com\\\/AliadosPuebla\"],\"url\":\"https:\\\/\\\/www.aliadospuebla.com\\\/?author=2\"}]}<\/script>\n<!-- \/ Yoast SEO plugin. -->","yoast_head_json":{"title":"Operativo interinstitucional en Tecamachalco permite la detenci\u00f3n de seis hombres - AliadosPuebla","robots":{"index":"index","follow":"follow","max-snippet":"max-snippet:-1","max-image-preview":"max-image-preview:large","max-video-preview":"max-video-preview:-1"},"canonical":"https:\/\/www.aliadospuebla.com\/?p=112860","og_locale":"es_ES","og_type":"article","og_title":"Operativo interinstitucional en Tecamachalco permite la detenci\u00f3n de seis hombres - AliadosPuebla","og_description":"Tecamachalco, Puebla. \u2013 Como resultado del trabajo coordinado en materia de seguridad y en seguimiento a la estrategia impulsada por el gobernador Alejandro Armenta, el Gobierno Municipal de Tecamachalco, encabezado por el presidente Mateo Hern\u00e1ndez L\u00f3pez, informa que, mediante un operativo interinstitucional, se logr\u00f3 la detenci\u00f3n de seis personas en distintos puntos del municipio. En una primera intervenci\u00f3n, fueron asegurados dos masculinos en posesi\u00f3n de un arma de fuego, cartuchos \u00fatiles, equipos de radiocomunicaci\u00f3n, dinero en efectivo y un veh\u00edculo. En una segunda acci\u00f3n, se logr\u00f3 la detenci\u00f3n de cuatro personas m\u00e1s, quienes portaban un arma de fuego sin los permisos correspondientes. Estas acciones fueron resultado del trabajo conjunto entre Secretar\u00eda de Marina, Secretar\u00eda de la Defensa Nacional, Guardia Nacional, Polic\u00eda Estatal y Polic\u00eda Municipal,&hellip;Leer m\u00e1s...","og_url":"https:\/\/www.aliadospuebla.com\/?p=112860","og_site_name":"AliadosPuebla","article_author":"https:\/\/www.facebook.com\/Aliados17Pue","article_published_time":"2026-03-31T14:57:03+00:00","article_modified_time":"2026-04-06T15:02:22+00:00","og_image":[{"width":600,"height":450,"url":"https:\/\/www.aliadospuebla.com\/web2017\/wp-content\/uploads\/2026\/04\/46.jpg","type":"image\/jpeg"}],"author":"Aliados17","twitter_card":"summary_large_image","twitter_creator":"@AliadosPuebla","twitter_misc":{"Escrito por":"Aliados17","Tiempo de lectura":"2 minutos"},"schema":{"@context":"https:\/\/schema.org","@graph":[{"@type":"Article","@id":"https:\/\/www.aliadospuebla.com\/?p=112860#article","isPartOf":{"@id":"https:\/\/www.aliadospuebla.com\/?p=112860"},"author":{"name":"Aliados17","@id":"https:\/\/www.aliadospuebla.com\/#\/schema\/person\/5da7dd09320bd4f392b710017ed5f8ad"},"headline":"Operativo interinstitucional en Tecamachalco permite la detenci\u00f3n de seis hombres","datePublished":"2026-03-31T14:57:03+00:00","dateModified":"2026-04-06T15:02:22+00:00","mainEntityOfPage":{"@id":"https:\/\/www.aliadospuebla.com\/?p=112860"},"wordCount":204,"commentCount":0,"image":{"@id":"https:\/\/www.aliadospuebla.com\/?p=112860#primaryimage"},"thumbnailUrl":"https:\/\/www.aliadospuebla.com\/web2017\/wp-content\/uploads\/2026\/04\/46.jpg","keywords":["ALEJANDRO ARMENTA","arma de fuego","DETENCI\u00d3N","Mateo Hern\u00e1ndez L\u00f3pez","operativo interinstitucional","Tecamachalco"],"articleSection":["Municipios"],"inLanguage":"es","potentialAction":[{"@type":"CommentAction","name":"Comment","target":["https:\/\/www.aliadospuebla.com\/?p=112860#respond"]}]},{"@type":"WebPage","@id":"https:\/\/www.aliadospuebla.com\/?p=112860","url":"https:\/\/www.aliadospuebla.com\/?p=112860","name":"Operativo interinstitucional en Tecamachalco permite la detenci\u00f3n de seis hombres - AliadosPuebla","isPartOf":{"@id":"https:\/\/www.aliadospuebla.com\/#website"},"primaryImageOfPage":{"@id":"https:\/\/www.aliadospuebla.com\/?p=112860#primaryimage"},"image":{"@id":"https:\/\/www.aliadospuebla.com\/?p=112860#primaryimage"},"thumbnailUrl":"https:\/\/www.aliadospuebla.com\/web2017\/wp-content\/uploads\/2026\/04\/46.jpg","datePublished":"2026-03-31T14:57:03+00:00","dateModified":"2026-04-06T15:02:22+00:00","author":{"@id":"https:\/\/www.aliadospuebla.com\/#\/schema\/person\/5da7dd09320bd4f392b710017ed5f8ad"},"breadcrumb":{"@id":"https:\/\/www.aliadospuebla.com\/?p=112860#breadcrumb"},"inLanguage":"es","potentialAction":[{"@type":"ReadAction","target":["https:\/\/www.aliadospuebla.com\/?p=112860"]}]},{"@type":"ImageObject","inLanguage":"es","@id":"https:\/\/www.aliadospuebla.com\/?p=112860#primaryimage","url":"https:\/\/www.aliadospuebla.com\/web2017\/wp-content\/uploads\/2026\/04\/46.jpg","contentUrl":"https:\/\/www.aliadospuebla.com\/web2017\/wp-content\/uploads\/2026\/04\/46.jpg","width":600,"height":450},{"@type":"BreadcrumbList","@id":"https:\/\/www.aliadospuebla.com\/?p=112860#breadcrumb","itemListElement":[{"@type":"ListItem","position":1,"name":"Portada","item":"https:\/\/www.aliadospuebla.com\/"},{"@type":"ListItem","position":2,"name":"Operativo interinstitucional en Tecamachalco permite la detenci\u00f3n de seis hombres"}]},{"@type":"WebSite","@id":"https:\/\/www.aliadospuebla.com\/#website","url":"https:\/\/www.aliadospuebla.com\/","name":"AliadosPuebla","description":"La informaci\u00f3n en tus manos","potentialAction":[{"@type":"SearchAction","target":{"@type":"EntryPoint","urlTemplate":"https:\/\/www.aliadospuebla.com\/?s={search_term_string}"},"query-input":{"@type":"PropertyValueSpecification","valueRequired":true,"valueName":"search_term_string"}}],"inLanguage":"es"},{"@type":"Person","@id":"https:\/\/www.aliadospuebla.com\/#\/schema\/person\/5da7dd09320bd4f392b710017ed5f8ad","name":"Aliados17","image":{"@type":"ImageObject","inLanguage":"es","@id":"https:\/\/www.aliadospuebla.com\/web2017\/wp-content\/uploads\/2025\/03\/cropped-para-perfil-8-anos-1-96x96.jpg","url":"https:\/\/www.aliadospuebla.com\/web2017\/wp-content\/uploads\/2025\/03\/cropped-para-perfil-8-anos-1-96x96.jpg","contentUrl":"https:\/\/www.aliadospuebla.com\/web2017\/wp-content\/uploads\/2025\/03\/cropped-para-perfil-8-anos-1-96x96.jpg","caption":"Aliados17"},"sameAs":["https:\/\/www.aliados17.com","https:\/\/www.facebook.com\/Aliados17Pue","https:\/\/x.com\/AliadosPuebla"],"url":"https:\/\/www.aliadospuebla.com\/?author=2"}]}},"views":12,"_links":{"self":[{"href":"https:\/\/www.aliadospuebla.com\/index.php?rest_route=\/wp\/v2\/posts\/112860","targetHints":{"allow":["GET"]}}],"collection":[{"href":"https:\/\/www.aliadospuebla.com\/index.php?rest_route=\/wp\/v2\/posts"}],"about":[{"href":"https:\/\/www.aliadospuebla.com\/index.php?rest_route=\/wp\/v2\/types\/post"}],"author":[{"embeddable":true,"href":"https:\/\/www.aliadospuebla.com\/index.php?rest_route=\/wp\/v2\/users\/2"}],"replies":[{"embeddable":true,"href":"https:\/\/www.aliadospuebla.com\/index.php?rest_route=%2Fwp%2Fv2%2Fcomments&post=112860"}],"version-history":[{"count":1,"href":"https:\/\/www.aliadospuebla.com\/index.php?rest_route=\/wp\/v2\/posts\/112860\/revisions"}],"predecessor-version":[{"id":112862,"href":"https:\/\/www.aliadospuebla.com\/index.php?rest_route=\/wp\/v2\/posts\/112860\/revisions\/112862"}],"wp:featuredmedia":[{"embeddable":true,"href":"https:\/\/www.aliadospuebla.com\/index.php?rest_route=\/wp\/v2\/media\/112861"}],"wp:attachment":[{"href":"https:\/\/www.aliadospuebla.com\/index.php?rest_route=%2Fwp%2Fv2%2Fmedia&parent=112860"}],"wp:term":[{"taxonomy":"category","embeddable":true,"href":"https:\/\/www.aliadospuebla.com\/index.php?rest_route=%2Fwp%2Fv2%2Fcategories&post=112860"},{"taxonomy":"post_tag","embeddable":true,"href":"https:\/\/www.aliadospuebla.com\/index.php?rest_route=%2Fwp%2Fv2%2Ftags&post=112860"}],"curies":[{"name":"wp","href":"https:\/\/api.w.org\/{rel}","templated":true}]}}