{"id":112725,"date":"2026-04-01T11:59:18","date_gmt":"2026-04-01T17:59:18","guid":{"rendered":"https:\/\/www.aliadospuebla.com\/?p=112725"},"modified":"2026-04-01T11:59:18","modified_gmt":"2026-04-01T17:59:18","slug":"tepeaca-destaca-su-riqueza-artistica-y-patrimonial-con-conferencia-sobre-el-exconvento-franciscano","status":"publish","type":"post","link":"https:\/\/www.aliadospuebla.com\/?p=112725","title":{"rendered":"TEPEACA DESTACA SU RIQUEZA ART\u00cdSTICA Y PATRIMONIAL CON CONFERENCIA SOBRE EL EXCONVENTO FRANCISCANO"},"content":{"rendered":"<h4>Con el objetivo de fortalecer la identidad cultural y el sentido de pertenencia en el municipio, el H. El Ayuntamiento de Tepeaca llev\u00f3 a cabo la conferencia \u201cArte Org\u00e1nico de la Pintura Exterior del Exconvento Franciscano\u201d, impartida por el reconocido escultor, pintor y conferencista, Mtro. Ernesto Vega \u00c1lvarez.<\/h4>\n<p>Durante el protocolo, el edil Alfredo Vel\u00e1zquez destac\u00f3 que \u00abnuestro municipio<\/p>\n<p>destaca por su riqueza art\u00edstica\u00bb, subrayando que eventos como este permiten<\/p>\n<p>a la ciudadan\u00eda redescubrir su entorno con orgullo.<\/p>\n<p>Adem\u00e1s, hizo \u00e9nfasis en el v\u00ednculo especial que une al Maestro Vega con Tepeaca,<\/p>\n<p>recordando que, aunque naci\u00f3 en Saucillo, San Luis Potos\u00ed, vivi\u00f3 gran parte de su ni\u00f1ez<\/p>\n<p>en Tepeaca como alumno del Colegio Esparza, etapa donde naci\u00f3 su amor por el arte<\/p>\n<p>y su conexi\u00f3n con el patrimonio tepeaquense.<\/p>\n<p>El Mtro. Ernesto Vega, cuya obra est\u00e1 profundamente influenciada por grandes maestros como Diego Rivera y Francisco Z\u00fa\u00f1iga, ha proyectado su talento desde Puebla para el mundo. Entre sus obras m\u00e1s emblem\u00e1ticas destaca \u201d El Cristo Resucitado\u201d de cinco metros tallado en unicel para el templo San Jos\u00e9 en Vista Hermosa en Puebla, adem\u00e1s de contar con piezas en colecciones p\u00fablicas y privadas en diversos estados del pa\u00eds y el extranjero.<\/p>\n<p>Durante su magistral exposici\u00f3n, el Mtro. Vega \u00c1lvarez comparti\u00f3 una visi\u00f3n profunda sobre la joya arquitect\u00f3nica de Tepeaca, mencionando que las representaciones pict\u00f3ricas en el Exconvento Franciscano \u201cson un canto a la vida y una relaci\u00f3n directa de la vida con el universo\u201d. Explic\u00f3 que el \u00abArte Org\u00e1nico\u00bb presente en los muros exteriores es un testimonio de la cosmovisi\u00f3n de quienes, con maestr\u00eda, plasmaron la naturaleza y la espiritualidad en el siglo XVI. Al respecto, destac\u00f3 que nuestro municipio fue un punto estrat\u00e9gico y clave entre el sur y el altiplano, convirti\u00e9ndose en el escenario donde se fusion\u00f3 la cultura europea con la herencia Tolteca-Chichimeca de Tepeaca; un encuentro que dio vida a una decoraci\u00f3n exterior con un simbolismo y riqueza cultural \u00fanica, donde conviven las ra\u00edces espa\u00f1olas con la fuerza de nuestros pueblos originarios.<\/p>\n<p>El evento, impulsado por el Departamento de Cultura, culmin\u00f3 con un emotivo mensaje de gratitud, reafirmando que el talento forjado en Tepeaca no conoce fronteras. El regreso del Mtro. Ernesto Vega \u00c1lvarez no solo honra nuestro pasado, sino que inspira a las nuevas generaciones a ver en nuestro patrimonio la semilla de su propia grandeza.<\/p>\n","protected":false},"excerpt":{"rendered":"<p>Con el objetivo de fortalecer la identidad cultural y el sentido de pertenencia en el municipio, el H. El Ayuntamiento de Tepeaca llev\u00f3 a cabo la conferencia \u201cArte Org\u00e1nico de la Pintura Exterior del Exconvento Franciscano\u201d, impartida por el reconocido escultor, pintor y conferencista, Mtro. Ernesto Vega \u00c1lvarez. Durante el protocolo, el edil Alfredo Vel\u00e1zquez destac\u00f3 que \u00abnuestro municipio destaca por su riqueza art\u00edstica\u00bb, subrayando que eventos como este permiten a la ciudadan\u00eda redescubrir su entorno con orgullo. Adem\u00e1s, hizo \u00e9nfasis en el v\u00ednculo especial que une al Maestro Vega con Tepeaca, recordando que, aunque naci\u00f3 en Saucillo, San Luis Potos\u00ed, vivi\u00f3 gran parte de su ni\u00f1ez en Tepeaca como alumno del Colegio Esparza, etapa donde naci\u00f3 su amor por el arte y su conexi\u00f3n&hellip;<\/p>\n<p class=\"excerpt-more\"><a class=\"blog-excerpt button\" href=\"https:\/\/www.aliadospuebla.com\/?p=112725\">Leer m\u00e1s&#8230;<\/a><\/p>\n","protected":false},"author":2,"featured_media":112726,"comment_status":"open","ping_status":"open","sticky":false,"template":"","format":"standard","meta":{"_monsterinsights_skip_tracking":false,"footnotes":""},"categories":[4],"tags":[29187,33104,33107,25169,33105,33106],"class_list":["post-112725","post","type-post","status-publish","format-standard","has-post-thumbnail","hentry","category-municipios","tag-alfredo-velazquez","tag-ayuntamiento-de-tepeaca","tag-departamento-de-cultura","tag-identidad-cultural","tag-maestro-vega","tag-patrimonio-tepeaquense"],"yoast_head":"<!-- This site is optimized with the Yoast SEO plugin v28.4 - https:\/\/yoast.com\/product\/yoast-seo-wordpress\/ -->\n<title>TEPEACA DESTACA SU RIQUEZA ART\u00cdSTICA Y PATRIMONIAL CON CONFERENCIA SOBRE EL EXCONVENTO FRANCISCANO - AliadosPuebla<\/title>\n<meta name=\"robots\" content=\"index, follow, max-snippet:-1, max-image-preview:large, max-video-preview:-1\" \/>\n<link rel=\"canonical\" href=\"https:\/\/www.aliadospuebla.com\/?p=112725\" \/>\n<meta property=\"og:locale\" content=\"es_ES\" \/>\n<meta property=\"og:type\" content=\"article\" \/>\n<meta property=\"og:title\" content=\"TEPEACA DESTACA SU RIQUEZA ART\u00cdSTICA Y PATRIMONIAL CON CONFERENCIA SOBRE EL EXCONVENTO FRANCISCANO - AliadosPuebla\" \/>\n<meta property=\"og:description\" content=\"Con el objetivo de fortalecer la identidad cultural y el sentido de pertenencia en el municipio, el H. El Ayuntamiento de Tepeaca llev\u00f3 a cabo la conferencia \u201cArte Org\u00e1nico de la Pintura Exterior del Exconvento Franciscano\u201d, impartida por el reconocido escultor, pintor y conferencista, Mtro. Ernesto Vega \u00c1lvarez. Durante el protocolo, el edil Alfredo Vel\u00e1zquez destac\u00f3 que \u00abnuestro municipio destaca por su riqueza art\u00edstica\u00bb, subrayando que eventos como este permiten a la ciudadan\u00eda redescubrir su entorno con orgullo. Adem\u00e1s, hizo \u00e9nfasis en el v\u00ednculo especial que une al Maestro Vega con Tepeaca, recordando que, aunque naci\u00f3 en Saucillo, San Luis Potos\u00ed, vivi\u00f3 gran parte de su ni\u00f1ez en Tepeaca como alumno del Colegio Esparza, etapa donde naci\u00f3 su amor por el arte y su conexi\u00f3n&hellip;Leer m\u00e1s...\" \/>\n<meta property=\"og:url\" content=\"https:\/\/www.aliadospuebla.com\/?p=112725\" \/>\n<meta property=\"og:site_name\" content=\"AliadosPuebla\" \/>\n<meta property=\"article:author\" content=\"https:\/\/www.facebook.com\/Aliados17Pue\" \/>\n<meta property=\"article:published_time\" content=\"2026-04-01T17:59:18+00:00\" \/>\n<meta property=\"og:image\" content=\"https:\/\/www.aliadospuebla.com\/web2017\/wp-content\/uploads\/2026\/04\/03.jpg\" \/>\n\t<meta property=\"og:image:width\" content=\"600\" \/>\n\t<meta property=\"og:image:height\" content=\"450\" \/>\n\t<meta property=\"og:image:type\" content=\"image\/jpeg\" \/>\n<meta name=\"author\" content=\"Aliados17\" \/>\n<meta name=\"twitter:card\" content=\"summary_large_image\" \/>\n<meta name=\"twitter:creator\" content=\"@AliadosPuebla\" \/>\n<meta name=\"twitter:label1\" content=\"Escrito por\" \/>\n\t<meta name=\"twitter:data1\" content=\"Aliados17\" \/>\n\t<meta name=\"twitter:label2\" content=\"Tiempo de lectura\" \/>\n\t<meta name=\"twitter:data2\" content=\"2 minutos\" \/>\n<script type=\"application\/ld+json\" class=\"yoast-schema-graph\">{\"@context\":\"https:\\\/\\\/schema.org\",\"@graph\":[{\"@type\":\"Article\",\"@id\":\"https:\\\/\\\/www.aliadospuebla.com\\\/?p=112725#article\",\"isPartOf\":{\"@id\":\"https:\\\/\\\/www.aliadospuebla.com\\\/?p=112725\"},\"author\":{\"name\":\"Aliados17\",\"@id\":\"https:\\\/\\\/www.aliadospuebla.com\\\/#\\\/schema\\\/person\\\/5da7dd09320bd4f392b710017ed5f8ad\"},\"headline\":\"TEPEACA DESTACA SU RIQUEZA ART\u00cdSTICA Y PATRIMONIAL CON CONFERENCIA SOBRE EL EXCONVENTO FRANCISCANO\",\"datePublished\":\"2026-04-01T17:59:18+00:00\",\"mainEntityOfPage\":{\"@id\":\"https:\\\/\\\/www.aliadospuebla.com\\\/?p=112725\"},\"wordCount\":430,\"commentCount\":0,\"image\":{\"@id\":\"https:\\\/\\\/www.aliadospuebla.com\\\/?p=112725#primaryimage\"},\"thumbnailUrl\":\"https:\\\/\\\/www.aliadospuebla.com\\\/web2017\\\/wp-content\\\/uploads\\\/2026\\\/04\\\/03.jpg\",\"keywords\":[\"Alfredo Vel\u00e1zquez\",\"Ayuntamiento de Tepeaca\",\"Departamento de Cultura\",\"identidad cultural\",\"Maestro Vega\",\"patrimonio tepeaquense\"],\"articleSection\":[\"Municipios\"],\"inLanguage\":\"es\",\"potentialAction\":[{\"@type\":\"CommentAction\",\"name\":\"Comment\",\"target\":[\"https:\\\/\\\/www.aliadospuebla.com\\\/?p=112725#respond\"]}]},{\"@type\":\"WebPage\",\"@id\":\"https:\\\/\\\/www.aliadospuebla.com\\\/?p=112725\",\"url\":\"https:\\\/\\\/www.aliadospuebla.com\\\/?p=112725\",\"name\":\"TEPEACA DESTACA SU RIQUEZA ART\u00cdSTICA Y PATRIMONIAL CON CONFERENCIA SOBRE EL EXCONVENTO FRANCISCANO - AliadosPuebla\",\"isPartOf\":{\"@id\":\"https:\\\/\\\/www.aliadospuebla.com\\\/#website\"},\"primaryImageOfPage\":{\"@id\":\"https:\\\/\\\/www.aliadospuebla.com\\\/?p=112725#primaryimage\"},\"image\":{\"@id\":\"https:\\\/\\\/www.aliadospuebla.com\\\/?p=112725#primaryimage\"},\"thumbnailUrl\":\"https:\\\/\\\/www.aliadospuebla.com\\\/web2017\\\/wp-content\\\/uploads\\\/2026\\\/04\\\/03.jpg\",\"datePublished\":\"2026-04-01T17:59:18+00:00\",\"author\":{\"@id\":\"https:\\\/\\\/www.aliadospuebla.com\\\/#\\\/schema\\\/person\\\/5da7dd09320bd4f392b710017ed5f8ad\"},\"breadcrumb\":{\"@id\":\"https:\\\/\\\/www.aliadospuebla.com\\\/?p=112725#breadcrumb\"},\"inLanguage\":\"es\",\"potentialAction\":[{\"@type\":\"ReadAction\",\"target\":[\"https:\\\/\\\/www.aliadospuebla.com\\\/?p=112725\"]}]},{\"@type\":\"ImageObject\",\"inLanguage\":\"es\",\"@id\":\"https:\\\/\\\/www.aliadospuebla.com\\\/?p=112725#primaryimage\",\"url\":\"https:\\\/\\\/www.aliadospuebla.com\\\/web2017\\\/wp-content\\\/uploads\\\/2026\\\/04\\\/03.jpg\",\"contentUrl\":\"https:\\\/\\\/www.aliadospuebla.com\\\/web2017\\\/wp-content\\\/uploads\\\/2026\\\/04\\\/03.jpg\",\"width\":600,\"height\":450},{\"@type\":\"BreadcrumbList\",\"@id\":\"https:\\\/\\\/www.aliadospuebla.com\\\/?p=112725#breadcrumb\",\"itemListElement\":[{\"@type\":\"ListItem\",\"position\":1,\"name\":\"Portada\",\"item\":\"https:\\\/\\\/www.aliadospuebla.com\\\/\"},{\"@type\":\"ListItem\",\"position\":2,\"name\":\"TEPEACA DESTACA SU RIQUEZA ART\u00cdSTICA Y PATRIMONIAL CON CONFERENCIA SOBRE EL EXCONVENTO FRANCISCANO\"}]},{\"@type\":\"WebSite\",\"@id\":\"https:\\\/\\\/www.aliadospuebla.com\\\/#website\",\"url\":\"https:\\\/\\\/www.aliadospuebla.com\\\/\",\"name\":\"AliadosPuebla\",\"description\":\"La informaci\u00f3n en tus manos\",\"potentialAction\":[{\"@type\":\"SearchAction\",\"target\":{\"@type\":\"EntryPoint\",\"urlTemplate\":\"https:\\\/\\\/www.aliadospuebla.com\\\/?s={search_term_string}\"},\"query-input\":{\"@type\":\"PropertyValueSpecification\",\"valueRequired\":true,\"valueName\":\"search_term_string\"}}],\"inLanguage\":\"es\"},{\"@type\":\"Person\",\"@id\":\"https:\\\/\\\/www.aliadospuebla.com\\\/#\\\/schema\\\/person\\\/5da7dd09320bd4f392b710017ed5f8ad\",\"name\":\"Aliados17\",\"image\":{\"@type\":\"ImageObject\",\"inLanguage\":\"es\",\"@id\":\"https:\\\/\\\/www.aliadospuebla.com\\\/web2017\\\/wp-content\\\/uploads\\\/2025\\\/03\\\/cropped-para-perfil-8-anos-1-96x96.jpg\",\"url\":\"https:\\\/\\\/www.aliadospuebla.com\\\/web2017\\\/wp-content\\\/uploads\\\/2025\\\/03\\\/cropped-para-perfil-8-anos-1-96x96.jpg\",\"contentUrl\":\"https:\\\/\\\/www.aliadospuebla.com\\\/web2017\\\/wp-content\\\/uploads\\\/2025\\\/03\\\/cropped-para-perfil-8-anos-1-96x96.jpg\",\"caption\":\"Aliados17\"},\"sameAs\":[\"https:\\\/\\\/www.aliados17.com\",\"https:\\\/\\\/www.facebook.com\\\/Aliados17Pue\",\"https:\\\/\\\/x.com\\\/AliadosPuebla\"],\"url\":\"https:\\\/\\\/www.aliadospuebla.com\\\/?author=2\"}]}<\/script>\n<!-- \/ Yoast SEO plugin. -->","yoast_head_json":{"title":"TEPEACA DESTACA SU RIQUEZA ART\u00cdSTICA Y PATRIMONIAL CON CONFERENCIA SOBRE EL EXCONVENTO FRANCISCANO - AliadosPuebla","robots":{"index":"index","follow":"follow","max-snippet":"max-snippet:-1","max-image-preview":"max-image-preview:large","max-video-preview":"max-video-preview:-1"},"canonical":"https:\/\/www.aliadospuebla.com\/?p=112725","og_locale":"es_ES","og_type":"article","og_title":"TEPEACA DESTACA SU RIQUEZA ART\u00cdSTICA Y PATRIMONIAL CON CONFERENCIA SOBRE EL EXCONVENTO FRANCISCANO - AliadosPuebla","og_description":"Con el objetivo de fortalecer la identidad cultural y el sentido de pertenencia en el municipio, el H. El Ayuntamiento de Tepeaca llev\u00f3 a cabo la conferencia \u201cArte Org\u00e1nico de la Pintura Exterior del Exconvento Franciscano\u201d, impartida por el reconocido escultor, pintor y conferencista, Mtro. Ernesto Vega \u00c1lvarez. Durante el protocolo, el edil Alfredo Vel\u00e1zquez destac\u00f3 que \u00abnuestro municipio destaca por su riqueza art\u00edstica\u00bb, subrayando que eventos como este permiten a la ciudadan\u00eda redescubrir su entorno con orgullo. Adem\u00e1s, hizo \u00e9nfasis en el v\u00ednculo especial que une al Maestro Vega con Tepeaca, recordando que, aunque naci\u00f3 en Saucillo, San Luis Potos\u00ed, vivi\u00f3 gran parte de su ni\u00f1ez en Tepeaca como alumno del Colegio Esparza, etapa donde naci\u00f3 su amor por el arte y su conexi\u00f3n&hellip;Leer m\u00e1s...","og_url":"https:\/\/www.aliadospuebla.com\/?p=112725","og_site_name":"AliadosPuebla","article_author":"https:\/\/www.facebook.com\/Aliados17Pue","article_published_time":"2026-04-01T17:59:18+00:00","og_image":[{"width":600,"height":450,"url":"https:\/\/www.aliadospuebla.com\/web2017\/wp-content\/uploads\/2026\/04\/03.jpg","type":"image\/jpeg"}],"author":"Aliados17","twitter_card":"summary_large_image","twitter_creator":"@AliadosPuebla","twitter_misc":{"Escrito por":"Aliados17","Tiempo de lectura":"2 minutos"},"schema":{"@context":"https:\/\/schema.org","@graph":[{"@type":"Article","@id":"https:\/\/www.aliadospuebla.com\/?p=112725#article","isPartOf":{"@id":"https:\/\/www.aliadospuebla.com\/?p=112725"},"author":{"name":"Aliados17","@id":"https:\/\/www.aliadospuebla.com\/#\/schema\/person\/5da7dd09320bd4f392b710017ed5f8ad"},"headline":"TEPEACA DESTACA SU RIQUEZA ART\u00cdSTICA Y PATRIMONIAL CON CONFERENCIA SOBRE EL EXCONVENTO FRANCISCANO","datePublished":"2026-04-01T17:59:18+00:00","mainEntityOfPage":{"@id":"https:\/\/www.aliadospuebla.com\/?p=112725"},"wordCount":430,"commentCount":0,"image":{"@id":"https:\/\/www.aliadospuebla.com\/?p=112725#primaryimage"},"thumbnailUrl":"https:\/\/www.aliadospuebla.com\/web2017\/wp-content\/uploads\/2026\/04\/03.jpg","keywords":["Alfredo Vel\u00e1zquez","Ayuntamiento de Tepeaca","Departamento de Cultura","identidad cultural","Maestro Vega","patrimonio tepeaquense"],"articleSection":["Municipios"],"inLanguage":"es","potentialAction":[{"@type":"CommentAction","name":"Comment","target":["https:\/\/www.aliadospuebla.com\/?p=112725#respond"]}]},{"@type":"WebPage","@id":"https:\/\/www.aliadospuebla.com\/?p=112725","url":"https:\/\/www.aliadospuebla.com\/?p=112725","name":"TEPEACA DESTACA SU RIQUEZA ART\u00cdSTICA Y PATRIMONIAL CON CONFERENCIA SOBRE EL EXCONVENTO FRANCISCANO - AliadosPuebla","isPartOf":{"@id":"https:\/\/www.aliadospuebla.com\/#website"},"primaryImageOfPage":{"@id":"https:\/\/www.aliadospuebla.com\/?p=112725#primaryimage"},"image":{"@id":"https:\/\/www.aliadospuebla.com\/?p=112725#primaryimage"},"thumbnailUrl":"https:\/\/www.aliadospuebla.com\/web2017\/wp-content\/uploads\/2026\/04\/03.jpg","datePublished":"2026-04-01T17:59:18+00:00","author":{"@id":"https:\/\/www.aliadospuebla.com\/#\/schema\/person\/5da7dd09320bd4f392b710017ed5f8ad"},"breadcrumb":{"@id":"https:\/\/www.aliadospuebla.com\/?p=112725#breadcrumb"},"inLanguage":"es","potentialAction":[{"@type":"ReadAction","target":["https:\/\/www.aliadospuebla.com\/?p=112725"]}]},{"@type":"ImageObject","inLanguage":"es","@id":"https:\/\/www.aliadospuebla.com\/?p=112725#primaryimage","url":"https:\/\/www.aliadospuebla.com\/web2017\/wp-content\/uploads\/2026\/04\/03.jpg","contentUrl":"https:\/\/www.aliadospuebla.com\/web2017\/wp-content\/uploads\/2026\/04\/03.jpg","width":600,"height":450},{"@type":"BreadcrumbList","@id":"https:\/\/www.aliadospuebla.com\/?p=112725#breadcrumb","itemListElement":[{"@type":"ListItem","position":1,"name":"Portada","item":"https:\/\/www.aliadospuebla.com\/"},{"@type":"ListItem","position":2,"name":"TEPEACA DESTACA SU RIQUEZA ART\u00cdSTICA Y PATRIMONIAL CON CONFERENCIA SOBRE EL EXCONVENTO FRANCISCANO"}]},{"@type":"WebSite","@id":"https:\/\/www.aliadospuebla.com\/#website","url":"https:\/\/www.aliadospuebla.com\/","name":"AliadosPuebla","description":"La informaci\u00f3n en tus manos","potentialAction":[{"@type":"SearchAction","target":{"@type":"EntryPoint","urlTemplate":"https:\/\/www.aliadospuebla.com\/?s={search_term_string}"},"query-input":{"@type":"PropertyValueSpecification","valueRequired":true,"valueName":"search_term_string"}}],"inLanguage":"es"},{"@type":"Person","@id":"https:\/\/www.aliadospuebla.com\/#\/schema\/person\/5da7dd09320bd4f392b710017ed5f8ad","name":"Aliados17","image":{"@type":"ImageObject","inLanguage":"es","@id":"https:\/\/www.aliadospuebla.com\/web2017\/wp-content\/uploads\/2025\/03\/cropped-para-perfil-8-anos-1-96x96.jpg","url":"https:\/\/www.aliadospuebla.com\/web2017\/wp-content\/uploads\/2025\/03\/cropped-para-perfil-8-anos-1-96x96.jpg","contentUrl":"https:\/\/www.aliadospuebla.com\/web2017\/wp-content\/uploads\/2025\/03\/cropped-para-perfil-8-anos-1-96x96.jpg","caption":"Aliados17"},"sameAs":["https:\/\/www.aliados17.com","https:\/\/www.facebook.com\/Aliados17Pue","https:\/\/x.com\/AliadosPuebla"],"url":"https:\/\/www.aliadospuebla.com\/?author=2"}]}},"views":14,"_links":{"self":[{"href":"https:\/\/www.aliadospuebla.com\/index.php?rest_route=\/wp\/v2\/posts\/112725","targetHints":{"allow":["GET"]}}],"collection":[{"href":"https:\/\/www.aliadospuebla.com\/index.php?rest_route=\/wp\/v2\/posts"}],"about":[{"href":"https:\/\/www.aliadospuebla.com\/index.php?rest_route=\/wp\/v2\/types\/post"}],"author":[{"embeddable":true,"href":"https:\/\/www.aliadospuebla.com\/index.php?rest_route=\/wp\/v2\/users\/2"}],"replies":[{"embeddable":true,"href":"https:\/\/www.aliadospuebla.com\/index.php?rest_route=%2Fwp%2Fv2%2Fcomments&post=112725"}],"version-history":[{"count":1,"href":"https:\/\/www.aliadospuebla.com\/index.php?rest_route=\/wp\/v2\/posts\/112725\/revisions"}],"predecessor-version":[{"id":112727,"href":"https:\/\/www.aliadospuebla.com\/index.php?rest_route=\/wp\/v2\/posts\/112725\/revisions\/112727"}],"wp:featuredmedia":[{"embeddable":true,"href":"https:\/\/www.aliadospuebla.com\/index.php?rest_route=\/wp\/v2\/media\/112726"}],"wp:attachment":[{"href":"https:\/\/www.aliadospuebla.com\/index.php?rest_route=%2Fwp%2Fv2%2Fmedia&parent=112725"}],"wp:term":[{"taxonomy":"category","embeddable":true,"href":"https:\/\/www.aliadospuebla.com\/index.php?rest_route=%2Fwp%2Fv2%2Fcategories&post=112725"},{"taxonomy":"post_tag","embeddable":true,"href":"https:\/\/www.aliadospuebla.com\/index.php?rest_route=%2Fwp%2Fv2%2Ftags&post=112725"}],"curies":[{"name":"wp","href":"https:\/\/api.w.org\/{rel}","templated":true}]}}