{"id":112568,"date":"2026-03-26T22:31:58","date_gmt":"2026-03-27T04:31:58","guid":{"rendered":"https:\/\/www.aliadospuebla.com\/?p=112568"},"modified":"2026-03-26T22:31:58","modified_gmt":"2026-03-27T04:31:58","slug":"supervisa-pepe-chedraui-trabajos-de-rehabilitacion-vial-en-camino-viejo-a-balcones","status":"publish","type":"post","link":"https:\/\/www.aliadospuebla.com\/?p=112568","title":{"rendered":"Supervisa Pepe Chedraui trabajos de rehabilitaci\u00f3n vial en Camino Viejo a Balcones"},"content":{"rendered":"<h4>&#8211; \u201cMi gobierno es el gobierno de la gente, estamos trabajando con intensidad para responder a la confianza ciudadana\u201d: dijo el alcalde<\/h4>\n<p>&#8211; Con la intervenci\u00f3n en Camino Viejo a Balcones \u2013 Avenida Miguel de la Madrid se beneficiar\u00e1n a m\u00e1s de 40 mil 400 habitantes<\/p>\n<p>Puebla, Pue.- Como parte de las acciones que impulsa<\/p>\n<p>el Gobierno de la Ciudad para la mejora de la infraestructura vial, el presidente municipal,<\/p>\n<p>Pepe Chedraui, supervis\u00f3 los avances de los trabajos<\/p>\n<p>de rehabilitaci\u00f3n que se llevan a cabo en Camino Viejo a Balcones &#8211; Avenida Miguel de la Madrid,<\/p>\n<p>los cuales beneficiar\u00e1n a m\u00e1s de 40 mil 400 habitantes.<\/p>\n<p>Al respecto, el edil se\u00f1al\u00f3 que cada obra p\u00fablica que se ejecuta en la capital,<\/p>\n<p>es resultado de la estrecha coordinaci\u00f3n que existe con la ciudadan\u00eda.<\/p>\n<p>Por ello, se continuar\u00e1 con el trabajo en territorio, en cada colonia para<\/p>\n<p>dar respuesta directa a las y los poblanos.<\/p>\n<h4>\u201cMi gobierno es el gobierno de la gente, estamos trabajando con intensidad para responder a la confianza ciudadana\u201d, precis\u00f3.<\/h4>\n<p>Por su parte, el presidente de la Comisi\u00f3n de Infraestructura, Movilidad y Servicios P\u00fablicos,<\/p>\n<p>Leobardo Rodr\u00edguez Ju\u00e1rez mencion\u00f3 que el gobierno municipal impulsa acciones concretas<\/p>\n<p>que benefician y mejoran la calidad de vida de las familias poblanas.<\/p>\n<p>\u201cEste gobierno est\u00e1 acercando la obra p\u00fablica a colonias que por a\u00f1os<\/p>\n<p>estuvieron abandonadas, tuvieron que pasar m\u00e1s de 35 a\u00f1os para la rehabilitaci\u00f3n<\/p>\n<p>de esta vialidad\u201d, asever\u00f3.<\/p>\n<p>En su momento, el secretario de Movilidad e Infraestructura, David Aysa, coment\u00f3 que en cumplimiento a la instrucci\u00f3n del alcalde Pepe Chedraui, se avanza en tiempo y forma con los trabajos programados, lo que permitir\u00e1 entregar a la ciudadan\u00eda una vialidad con los est\u00e1ndares de calidad establecidos.<\/p>\n<p>\u201cCamino Viejo a Balcones es una de las arterias de conexi\u00f3n m\u00e1s importantes para nuestra ciudad, de ah\u00ed la importancia de intervenirla. Por ello, estaremos colocando carpeta asf\u00e1ltica en una longitud de 2 mil 400 metros, en un ancho de vialidad de 9 metros, beneficiando directamente a las colonias, Constituci\u00f3n Mexicana, Santa Luc\u00eda, La Concepci\u00f3n Sur, SNTE, San Alfonso y Guadalupe Hidalgo 2da. Secci\u00f3n\u201d, puntualiz\u00f3.<\/p>\n<p>A su vez, el director general de Agua de Puebla para Todos, Jordi Bosch Bragado puntualiz\u00f3 que, como parte de los trabajos se realiza la sustituci\u00f3n de 450 metros de red de drenaje sanitario de 12 pulgadas de di\u00e1metro, la sustituci\u00f3n de 30 descargas con registro sanitario y la construcci\u00f3n de 10 pozos de visita, acciones estrat\u00e9gicas que permitir\u00e1n garantizar un servicio m\u00e1s eficiente, continuo y de mayor calidad para las familias de esta zona de la ciudad.<\/p>\n<p>\u201cEstos trabajos no solo atienden el desgaste natural de la infraestructura existente, sino que tambi\u00e9n responden a la necesidad de modernizar los sistemas hidr\u00e1ulicos, reduciendo fugas, evitando colapsos en el drenaje y mejorando la capacidad de conducci\u00f3n, especialmente durante la temporada de lluvias\u201d, asever\u00f3.<\/p>\n<p>Cabe destacar que, durante los trabajos se intervienen un total de 31 mil 386 metros cuadrados, con acciones de construcci\u00f3n de base hidr\u00e1ulica, un colector pluvial, banquetas con gu\u00eda podot\u00e1ctil para personas con debilidad visual, guarniciones, rampas, colocaci\u00f3n de carpeta asf\u00e1ltica, bolardos, aplicaci\u00f3n de se\u00f1al\u00e9tica horizontal, instalaci\u00f3n de se\u00f1alamientos viales verticales y luminarias.<\/p>\n<p>El Gobierno de la Ciudad encabezado por el alcalde Pepe Chedraui refrenda su compromiso con la mejora de la infraestructura vial, a trav\u00e9s de alianzas estrat\u00e9gicas que permitan brindar vialidades integrales a las y los poblanos.<\/p>\n","protected":false},"excerpt":{"rendered":"<p>&#8211; \u201cMi gobierno es el gobierno de la gente, estamos trabajando con intensidad para responder a la confianza ciudadana\u201d: dijo el alcalde &#8211; Con la intervenci\u00f3n en Camino Viejo a Balcones \u2013 Avenida Miguel de la Madrid se beneficiar\u00e1n a m\u00e1s de 40 mil 400 habitantes Puebla, Pue.- Como parte de las acciones que impulsa el Gobierno de la Ciudad para la mejora de la infraestructura vial, el presidente municipal, Pepe Chedraui, supervis\u00f3 los avances de los trabajos de rehabilitaci\u00f3n que se llevan a cabo en Camino Viejo a Balcones &#8211; Avenida Miguel de la Madrid, los cuales beneficiar\u00e1n a m\u00e1s de 40 mil 400 habitantes. Al respecto, el edil se\u00f1al\u00f3 que cada obra p\u00fablica que se ejecuta en la capital, es resultado de la&hellip;<\/p>\n<p class=\"excerpt-more\"><a class=\"blog-excerpt button\" href=\"https:\/\/www.aliadospuebla.com\/?p=112568\">Leer m\u00e1s&#8230;<\/a><\/p>\n","protected":false},"author":2,"featured_media":112569,"comment_status":"open","ping_status":"open","sticky":false,"template":"","format":"standard","meta":{"_monsterinsights_skip_tracking":false,"footnotes":""},"categories":[62],"tags":[31596,10582,12364,20612,28423],"class_list":["post-112568","post","type-post","status-publish","format-standard","has-post-thumbnail","hentry","category-capital","tag-camino-viejo-a-balcones","tag-gobierno-de-la-ciudad","tag-leobardo-rodriguez-juarez","tag-pepe-chedraui","tag-rehabilitacion-vial"],"yoast_head":"<!-- This site is optimized with the Yoast SEO plugin v28.3 - https:\/\/yoast.com\/product\/yoast-seo-wordpress\/ -->\n<title>Supervisa Pepe Chedraui trabajos de rehabilitaci\u00f3n vial en Camino Viejo a Balcones - AliadosPuebla<\/title>\n<meta name=\"robots\" content=\"index, follow, max-snippet:-1, max-image-preview:large, max-video-preview:-1\" \/>\n<link rel=\"canonical\" href=\"https:\/\/www.aliadospuebla.com\/?p=112568\" \/>\n<meta property=\"og:locale\" content=\"es_ES\" \/>\n<meta property=\"og:type\" content=\"article\" \/>\n<meta property=\"og:title\" content=\"Supervisa Pepe Chedraui trabajos de rehabilitaci\u00f3n vial en Camino Viejo a Balcones - AliadosPuebla\" \/>\n<meta property=\"og:description\" content=\"&#8211; \u201cMi gobierno es el gobierno de la gente, estamos trabajando con intensidad para responder a la confianza ciudadana\u201d: dijo el alcalde &#8211; Con la intervenci\u00f3n en Camino Viejo a Balcones \u2013 Avenida Miguel de la Madrid se beneficiar\u00e1n a m\u00e1s de 40 mil 400 habitantes Puebla, Pue.- Como parte de las acciones que impulsa el Gobierno de la Ciudad para la mejora de la infraestructura vial, el presidente municipal, Pepe Chedraui, supervis\u00f3 los avances de los trabajos de rehabilitaci\u00f3n que se llevan a cabo en Camino Viejo a Balcones &#8211; Avenida Miguel de la Madrid, los cuales beneficiar\u00e1n a m\u00e1s de 40 mil 400 habitantes. Al respecto, el edil se\u00f1al\u00f3 que cada obra p\u00fablica que se ejecuta en la capital, es resultado de la&hellip;Leer m\u00e1s...\" \/>\n<meta property=\"og:url\" content=\"https:\/\/www.aliadospuebla.com\/?p=112568\" \/>\n<meta property=\"og:site_name\" content=\"AliadosPuebla\" \/>\n<meta property=\"article:author\" content=\"https:\/\/www.facebook.com\/Aliados17Pue\" \/>\n<meta property=\"article:published_time\" content=\"2026-03-27T04:31:58+00:00\" \/>\n<meta property=\"og:image\" content=\"https:\/\/www.aliadospuebla.com\/web2017\/wp-content\/uploads\/2026\/03\/235.jpg\" \/>\n\t<meta property=\"og:image:width\" content=\"600\" \/>\n\t<meta property=\"og:image:height\" content=\"450\" \/>\n\t<meta property=\"og:image:type\" content=\"image\/jpeg\" \/>\n<meta name=\"author\" content=\"Aliados17\" \/>\n<meta name=\"twitter:card\" content=\"summary_large_image\" \/>\n<meta name=\"twitter:creator\" content=\"@AliadosPuebla\" \/>\n<meta name=\"twitter:label1\" content=\"Escrito por\" \/>\n\t<meta name=\"twitter:data1\" content=\"Aliados17\" \/>\n\t<meta name=\"twitter:label2\" content=\"Tiempo de lectura\" \/>\n\t<meta name=\"twitter:data2\" content=\"3 minutos\" \/>\n<script type=\"application\/ld+json\" class=\"yoast-schema-graph\">{\"@context\":\"https:\\\/\\\/schema.org\",\"@graph\":[{\"@type\":\"Article\",\"@id\":\"https:\\\/\\\/www.aliadospuebla.com\\\/?p=112568#article\",\"isPartOf\":{\"@id\":\"https:\\\/\\\/www.aliadospuebla.com\\\/?p=112568\"},\"author\":{\"name\":\"Aliados17\",\"@id\":\"https:\\\/\\\/www.aliadospuebla.com\\\/#\\\/schema\\\/person\\\/5da7dd09320bd4f392b710017ed5f8ad\"},\"headline\":\"Supervisa Pepe Chedraui trabajos de rehabilitaci\u00f3n vial en Camino Viejo a Balcones\",\"datePublished\":\"2026-03-27T04:31:58+00:00\",\"mainEntityOfPage\":{\"@id\":\"https:\\\/\\\/www.aliadospuebla.com\\\/?p=112568\"},\"wordCount\":611,\"commentCount\":0,\"image\":{\"@id\":\"https:\\\/\\\/www.aliadospuebla.com\\\/?p=112568#primaryimage\"},\"thumbnailUrl\":\"https:\\\/\\\/www.aliadospuebla.com\\\/web2017\\\/wp-content\\\/uploads\\\/2026\\\/03\\\/235.jpg\",\"keywords\":[\"Camino Viejo a Balcones\",\"GOBIERNO DE LA CIUDAD\",\"Leobardo Rodr\u00edguez Ju\u00e1rez\",\"Pepe Chedraui\",\"rehabilitaci\u00f3n vial\"],\"articleSection\":[\"Capital\"],\"inLanguage\":\"es\",\"potentialAction\":[{\"@type\":\"CommentAction\",\"name\":\"Comment\",\"target\":[\"https:\\\/\\\/www.aliadospuebla.com\\\/?p=112568#respond\"]}]},{\"@type\":\"WebPage\",\"@id\":\"https:\\\/\\\/www.aliadospuebla.com\\\/?p=112568\",\"url\":\"https:\\\/\\\/www.aliadospuebla.com\\\/?p=112568\",\"name\":\"Supervisa Pepe Chedraui trabajos de rehabilitaci\u00f3n vial en Camino Viejo a Balcones - AliadosPuebla\",\"isPartOf\":{\"@id\":\"https:\\\/\\\/www.aliadospuebla.com\\\/#website\"},\"primaryImageOfPage\":{\"@id\":\"https:\\\/\\\/www.aliadospuebla.com\\\/?p=112568#primaryimage\"},\"image\":{\"@id\":\"https:\\\/\\\/www.aliadospuebla.com\\\/?p=112568#primaryimage\"},\"thumbnailUrl\":\"https:\\\/\\\/www.aliadospuebla.com\\\/web2017\\\/wp-content\\\/uploads\\\/2026\\\/03\\\/235.jpg\",\"datePublished\":\"2026-03-27T04:31:58+00:00\",\"author\":{\"@id\":\"https:\\\/\\\/www.aliadospuebla.com\\\/#\\\/schema\\\/person\\\/5da7dd09320bd4f392b710017ed5f8ad\"},\"breadcrumb\":{\"@id\":\"https:\\\/\\\/www.aliadospuebla.com\\\/?p=112568#breadcrumb\"},\"inLanguage\":\"es\",\"potentialAction\":[{\"@type\":\"ReadAction\",\"target\":[\"https:\\\/\\\/www.aliadospuebla.com\\\/?p=112568\"]}]},{\"@type\":\"ImageObject\",\"inLanguage\":\"es\",\"@id\":\"https:\\\/\\\/www.aliadospuebla.com\\\/?p=112568#primaryimage\",\"url\":\"https:\\\/\\\/www.aliadospuebla.com\\\/web2017\\\/wp-content\\\/uploads\\\/2026\\\/03\\\/235.jpg\",\"contentUrl\":\"https:\\\/\\\/www.aliadospuebla.com\\\/web2017\\\/wp-content\\\/uploads\\\/2026\\\/03\\\/235.jpg\",\"width\":600,\"height\":450},{\"@type\":\"BreadcrumbList\",\"@id\":\"https:\\\/\\\/www.aliadospuebla.com\\\/?p=112568#breadcrumb\",\"itemListElement\":[{\"@type\":\"ListItem\",\"position\":1,\"name\":\"Portada\",\"item\":\"https:\\\/\\\/www.aliadospuebla.com\\\/\"},{\"@type\":\"ListItem\",\"position\":2,\"name\":\"Supervisa Pepe Chedraui trabajos de rehabilitaci\u00f3n vial en Camino Viejo a Balcones\"}]},{\"@type\":\"WebSite\",\"@id\":\"https:\\\/\\\/www.aliadospuebla.com\\\/#website\",\"url\":\"https:\\\/\\\/www.aliadospuebla.com\\\/\",\"name\":\"AliadosPuebla\",\"description\":\"La informaci\u00f3n en tus manos\",\"potentialAction\":[{\"@type\":\"SearchAction\",\"target\":{\"@type\":\"EntryPoint\",\"urlTemplate\":\"https:\\\/\\\/www.aliadospuebla.com\\\/?s={search_term_string}\"},\"query-input\":{\"@type\":\"PropertyValueSpecification\",\"valueRequired\":true,\"valueName\":\"search_term_string\"}}],\"inLanguage\":\"es\"},{\"@type\":\"Person\",\"@id\":\"https:\\\/\\\/www.aliadospuebla.com\\\/#\\\/schema\\\/person\\\/5da7dd09320bd4f392b710017ed5f8ad\",\"name\":\"Aliados17\",\"image\":{\"@type\":\"ImageObject\",\"inLanguage\":\"es\",\"@id\":\"https:\\\/\\\/www.aliadospuebla.com\\\/web2017\\\/wp-content\\\/uploads\\\/2025\\\/03\\\/cropped-para-perfil-8-anos-1-96x96.jpg\",\"url\":\"https:\\\/\\\/www.aliadospuebla.com\\\/web2017\\\/wp-content\\\/uploads\\\/2025\\\/03\\\/cropped-para-perfil-8-anos-1-96x96.jpg\",\"contentUrl\":\"https:\\\/\\\/www.aliadospuebla.com\\\/web2017\\\/wp-content\\\/uploads\\\/2025\\\/03\\\/cropped-para-perfil-8-anos-1-96x96.jpg\",\"caption\":\"Aliados17\"},\"sameAs\":[\"https:\\\/\\\/www.aliados17.com\",\"https:\\\/\\\/www.facebook.com\\\/Aliados17Pue\",\"https:\\\/\\\/x.com\\\/AliadosPuebla\"],\"url\":\"https:\\\/\\\/www.aliadospuebla.com\\\/?author=2\"}]}<\/script>\n<!-- \/ Yoast SEO plugin. -->","yoast_head_json":{"title":"Supervisa Pepe Chedraui trabajos de rehabilitaci\u00f3n vial en Camino Viejo a Balcones - AliadosPuebla","robots":{"index":"index","follow":"follow","max-snippet":"max-snippet:-1","max-image-preview":"max-image-preview:large","max-video-preview":"max-video-preview:-1"},"canonical":"https:\/\/www.aliadospuebla.com\/?p=112568","og_locale":"es_ES","og_type":"article","og_title":"Supervisa Pepe Chedraui trabajos de rehabilitaci\u00f3n vial en Camino Viejo a Balcones - AliadosPuebla","og_description":"&#8211; \u201cMi gobierno es el gobierno de la gente, estamos trabajando con intensidad para responder a la confianza ciudadana\u201d: dijo el alcalde &#8211; Con la intervenci\u00f3n en Camino Viejo a Balcones \u2013 Avenida Miguel de la Madrid se beneficiar\u00e1n a m\u00e1s de 40 mil 400 habitantes Puebla, Pue.- Como parte de las acciones que impulsa el Gobierno de la Ciudad para la mejora de la infraestructura vial, el presidente municipal, Pepe Chedraui, supervis\u00f3 los avances de los trabajos de rehabilitaci\u00f3n que se llevan a cabo en Camino Viejo a Balcones &#8211; Avenida Miguel de la Madrid, los cuales beneficiar\u00e1n a m\u00e1s de 40 mil 400 habitantes. Al respecto, el edil se\u00f1al\u00f3 que cada obra p\u00fablica que se ejecuta en la capital, es resultado de la&hellip;Leer m\u00e1s...","og_url":"https:\/\/www.aliadospuebla.com\/?p=112568","og_site_name":"AliadosPuebla","article_author":"https:\/\/www.facebook.com\/Aliados17Pue","article_published_time":"2026-03-27T04:31:58+00:00","og_image":[{"width":600,"height":450,"url":"https:\/\/www.aliadospuebla.com\/web2017\/wp-content\/uploads\/2026\/03\/235.jpg","type":"image\/jpeg"}],"author":"Aliados17","twitter_card":"summary_large_image","twitter_creator":"@AliadosPuebla","twitter_misc":{"Escrito por":"Aliados17","Tiempo de lectura":"3 minutos"},"schema":{"@context":"https:\/\/schema.org","@graph":[{"@type":"Article","@id":"https:\/\/www.aliadospuebla.com\/?p=112568#article","isPartOf":{"@id":"https:\/\/www.aliadospuebla.com\/?p=112568"},"author":{"name":"Aliados17","@id":"https:\/\/www.aliadospuebla.com\/#\/schema\/person\/5da7dd09320bd4f392b710017ed5f8ad"},"headline":"Supervisa Pepe Chedraui trabajos de rehabilitaci\u00f3n vial en Camino Viejo a Balcones","datePublished":"2026-03-27T04:31:58+00:00","mainEntityOfPage":{"@id":"https:\/\/www.aliadospuebla.com\/?p=112568"},"wordCount":611,"commentCount":0,"image":{"@id":"https:\/\/www.aliadospuebla.com\/?p=112568#primaryimage"},"thumbnailUrl":"https:\/\/www.aliadospuebla.com\/web2017\/wp-content\/uploads\/2026\/03\/235.jpg","keywords":["Camino Viejo a Balcones","GOBIERNO DE LA CIUDAD","Leobardo Rodr\u00edguez Ju\u00e1rez","Pepe Chedraui","rehabilitaci\u00f3n vial"],"articleSection":["Capital"],"inLanguage":"es","potentialAction":[{"@type":"CommentAction","name":"Comment","target":["https:\/\/www.aliadospuebla.com\/?p=112568#respond"]}]},{"@type":"WebPage","@id":"https:\/\/www.aliadospuebla.com\/?p=112568","url":"https:\/\/www.aliadospuebla.com\/?p=112568","name":"Supervisa Pepe Chedraui trabajos de rehabilitaci\u00f3n vial en Camino Viejo a Balcones - AliadosPuebla","isPartOf":{"@id":"https:\/\/www.aliadospuebla.com\/#website"},"primaryImageOfPage":{"@id":"https:\/\/www.aliadospuebla.com\/?p=112568#primaryimage"},"image":{"@id":"https:\/\/www.aliadospuebla.com\/?p=112568#primaryimage"},"thumbnailUrl":"https:\/\/www.aliadospuebla.com\/web2017\/wp-content\/uploads\/2026\/03\/235.jpg","datePublished":"2026-03-27T04:31:58+00:00","author":{"@id":"https:\/\/www.aliadospuebla.com\/#\/schema\/person\/5da7dd09320bd4f392b710017ed5f8ad"},"breadcrumb":{"@id":"https:\/\/www.aliadospuebla.com\/?p=112568#breadcrumb"},"inLanguage":"es","potentialAction":[{"@type":"ReadAction","target":["https:\/\/www.aliadospuebla.com\/?p=112568"]}]},{"@type":"ImageObject","inLanguage":"es","@id":"https:\/\/www.aliadospuebla.com\/?p=112568#primaryimage","url":"https:\/\/www.aliadospuebla.com\/web2017\/wp-content\/uploads\/2026\/03\/235.jpg","contentUrl":"https:\/\/www.aliadospuebla.com\/web2017\/wp-content\/uploads\/2026\/03\/235.jpg","width":600,"height":450},{"@type":"BreadcrumbList","@id":"https:\/\/www.aliadospuebla.com\/?p=112568#breadcrumb","itemListElement":[{"@type":"ListItem","position":1,"name":"Portada","item":"https:\/\/www.aliadospuebla.com\/"},{"@type":"ListItem","position":2,"name":"Supervisa Pepe Chedraui trabajos de rehabilitaci\u00f3n vial en Camino Viejo a Balcones"}]},{"@type":"WebSite","@id":"https:\/\/www.aliadospuebla.com\/#website","url":"https:\/\/www.aliadospuebla.com\/","name":"AliadosPuebla","description":"La informaci\u00f3n en tus manos","potentialAction":[{"@type":"SearchAction","target":{"@type":"EntryPoint","urlTemplate":"https:\/\/www.aliadospuebla.com\/?s={search_term_string}"},"query-input":{"@type":"PropertyValueSpecification","valueRequired":true,"valueName":"search_term_string"}}],"inLanguage":"es"},{"@type":"Person","@id":"https:\/\/www.aliadospuebla.com\/#\/schema\/person\/5da7dd09320bd4f392b710017ed5f8ad","name":"Aliados17","image":{"@type":"ImageObject","inLanguage":"es","@id":"https:\/\/www.aliadospuebla.com\/web2017\/wp-content\/uploads\/2025\/03\/cropped-para-perfil-8-anos-1-96x96.jpg","url":"https:\/\/www.aliadospuebla.com\/web2017\/wp-content\/uploads\/2025\/03\/cropped-para-perfil-8-anos-1-96x96.jpg","contentUrl":"https:\/\/www.aliadospuebla.com\/web2017\/wp-content\/uploads\/2025\/03\/cropped-para-perfil-8-anos-1-96x96.jpg","caption":"Aliados17"},"sameAs":["https:\/\/www.aliados17.com","https:\/\/www.facebook.com\/Aliados17Pue","https:\/\/x.com\/AliadosPuebla"],"url":"https:\/\/www.aliadospuebla.com\/?author=2"}]}},"views":12,"_links":{"self":[{"href":"https:\/\/www.aliadospuebla.com\/index.php?rest_route=\/wp\/v2\/posts\/112568","targetHints":{"allow":["GET"]}}],"collection":[{"href":"https:\/\/www.aliadospuebla.com\/index.php?rest_route=\/wp\/v2\/posts"}],"about":[{"href":"https:\/\/www.aliadospuebla.com\/index.php?rest_route=\/wp\/v2\/types\/post"}],"author":[{"embeddable":true,"href":"https:\/\/www.aliadospuebla.com\/index.php?rest_route=\/wp\/v2\/users\/2"}],"replies":[{"embeddable":true,"href":"https:\/\/www.aliadospuebla.com\/index.php?rest_route=%2Fwp%2Fv2%2Fcomments&post=112568"}],"version-history":[{"count":1,"href":"https:\/\/www.aliadospuebla.com\/index.php?rest_route=\/wp\/v2\/posts\/112568\/revisions"}],"predecessor-version":[{"id":112570,"href":"https:\/\/www.aliadospuebla.com\/index.php?rest_route=\/wp\/v2\/posts\/112568\/revisions\/112570"}],"wp:featuredmedia":[{"embeddable":true,"href":"https:\/\/www.aliadospuebla.com\/index.php?rest_route=\/wp\/v2\/media\/112569"}],"wp:attachment":[{"href":"https:\/\/www.aliadospuebla.com\/index.php?rest_route=%2Fwp%2Fv2%2Fmedia&parent=112568"}],"wp:term":[{"taxonomy":"category","embeddable":true,"href":"https:\/\/www.aliadospuebla.com\/index.php?rest_route=%2Fwp%2Fv2%2Fcategories&post=112568"},{"taxonomy":"post_tag","embeddable":true,"href":"https:\/\/www.aliadospuebla.com\/index.php?rest_route=%2Fwp%2Fv2%2Ftags&post=112568"}],"curies":[{"name":"wp","href":"https:\/\/api.w.org\/{rel}","templated":true}]}}