{"id":112500,"date":"2026-03-24T21:45:45","date_gmt":"2026-03-25T03:45:45","guid":{"rendered":"https:\/\/www.aliadospuebla.com\/?p=112500"},"modified":"2026-03-24T21:45:45","modified_gmt":"2026-03-25T03:45:45","slug":"impulsa-dif-san-pedro-cholula-capacitacion-para-el-autoempleo-y-fortalecimiento-de-redes-de-apoyo","status":"publish","type":"post","link":"https:\/\/www.aliadospuebla.com\/?p=112500","title":{"rendered":"Impulsa DIF San Pedro Cholula capacitaci\u00f3n para el autoempleo y fortalecimiento de redes de apoyo"},"content":{"rendered":"<h4>A trav\u00e9s de talleres gratuitos, se brindan herramientas para el desarrollo econ\u00f3mico y personal de las mujeres<\/h4>\n<p>San Pedro Cholula, Pue. \u2013 Con el objetivo de fomentar el autoempleo y fortalecer las redes de apoyo entre mujeres del municipio, el Sistema Municipal DIF, a trav\u00e9s de la Direcci\u00f3n de Atenci\u00f3n a la Mujer (DAM) y en coordinaci\u00f3n con la Procuradur\u00eda Federal del Consumidor (PROFECO), llev\u00f3 a cabo el taller de Tecnolog\u00edas Dom\u00e9sticas: Elaboraci\u00f3n de Velas Arom\u00e1ticas.<\/p>\n<p>La actividad se realiz\u00f3 en la Casa Carmen Serd\u00e1n, con la participaci\u00f3n de poco m\u00e1s de 10 usuarias, quienes adquirieron conocimientos pr\u00e1cticos para la elaboraci\u00f3n y uso de velas arom\u00e1ticas, habilidades que pueden convertirse en herramientas para el emprendimiento y la generaci\u00f3n de ingresos.<\/p>\n<p>Estos cursos se imparten de manera gratuita y peri\u00f3dica, abordando diversas tem\u00e1ticas que contribuyen al fortalecimiento del desarrollo econ\u00f3mico y personal de las mujeres. Asimismo, estos espacios representan redes de apoyo para quienes han vivido o enfrentan alg\u00fan tipo de violencia, brind\u00e1ndoles acompa\u00f1amiento y orientaci\u00f3n.<\/p>\n<p>A trav\u00e9s de estas acciones, el DIF San Pedro Cholula, encabezado por la presidenta honoraria Lupita Fern\u00e1ndez, refrenda su compromiso de generar oportunidades de capacitaci\u00f3n que impulsen la autonom\u00eda de las mujeres, contribuyendo al bienestar social y a la construcci\u00f3n de una sociedad libre de violencia.<\/p>\n","protected":false},"excerpt":{"rendered":"<p>A trav\u00e9s de talleres gratuitos, se brindan herramientas para el desarrollo econ\u00f3mico y personal de las mujeres San Pedro Cholula, Pue. \u2013 Con el objetivo de fomentar el autoempleo y fortalecer las redes de apoyo entre mujeres del municipio, el Sistema Municipal DIF, a trav\u00e9s de la Direcci\u00f3n de Atenci\u00f3n a la Mujer (DAM) y en coordinaci\u00f3n con la Procuradur\u00eda Federal del Consumidor (PROFECO), llev\u00f3 a cabo el taller de Tecnolog\u00edas Dom\u00e9sticas: Elaboraci\u00f3n de Velas Arom\u00e1ticas. La actividad se realiz\u00f3 en la Casa Carmen Serd\u00e1n, con la participaci\u00f3n de poco m\u00e1s de 10 usuarias, quienes adquirieron conocimientos pr\u00e1cticos para la elaboraci\u00f3n y uso de velas arom\u00e1ticas, habilidades que pueden convertirse en herramientas para el emprendimiento y la generaci\u00f3n de ingresos. Estos cursos se imparten de&hellip;<\/p>\n<p class=\"excerpt-more\"><a class=\"blog-excerpt button\" href=\"https:\/\/www.aliadospuebla.com\/?p=112500\">Leer m\u00e1s&#8230;<\/a><\/p>\n","protected":false},"author":2,"featured_media":112501,"comment_status":"open","ping_status":"open","sticky":false,"template":"","format":"standard","meta":{"_monsterinsights_skip_tracking":false,"footnotes":""},"categories":[4],"tags":[1385,7724,32944,25905,4448,32945],"class_list":["post-112500","post","type-post","status-publish","format-standard","has-post-thumbnail","hentry","category-municipios","tag-autoempleo","tag-dif-san-pedro-cholula","tag-direccion-de-atencion-a-la-mujer","tag-lupita-fernandez","tag-sistema-municipal-dif","tag-tecnologias-domesticas"],"yoast_head":"<!-- This site is optimized with the Yoast SEO plugin v28.4 - https:\/\/yoast.com\/product\/yoast-seo-wordpress\/ -->\n<title>Impulsa DIF San Pedro Cholula capacitaci\u00f3n para el autoempleo y fortalecimiento de redes de apoyo - AliadosPuebla<\/title>\n<meta name=\"robots\" content=\"index, follow, max-snippet:-1, max-image-preview:large, max-video-preview:-1\" \/>\n<link rel=\"canonical\" href=\"https:\/\/www.aliadospuebla.com\/?p=112500\" \/>\n<meta property=\"og:locale\" content=\"es_ES\" \/>\n<meta property=\"og:type\" content=\"article\" \/>\n<meta property=\"og:title\" content=\"Impulsa DIF San Pedro Cholula capacitaci\u00f3n para el autoempleo y fortalecimiento de redes de apoyo - AliadosPuebla\" \/>\n<meta property=\"og:description\" content=\"A trav\u00e9s de talleres gratuitos, se brindan herramientas para el desarrollo econ\u00f3mico y personal de las mujeres San Pedro Cholula, Pue. \u2013 Con el objetivo de fomentar el autoempleo y fortalecer las redes de apoyo entre mujeres del municipio, el Sistema Municipal DIF, a trav\u00e9s de la Direcci\u00f3n de Atenci\u00f3n a la Mujer (DAM) y en coordinaci\u00f3n con la Procuradur\u00eda Federal del Consumidor (PROFECO), llev\u00f3 a cabo el taller de Tecnolog\u00edas Dom\u00e9sticas: Elaboraci\u00f3n de Velas Arom\u00e1ticas. La actividad se realiz\u00f3 en la Casa Carmen Serd\u00e1n, con la participaci\u00f3n de poco m\u00e1s de 10 usuarias, quienes adquirieron conocimientos pr\u00e1cticos para la elaboraci\u00f3n y uso de velas arom\u00e1ticas, habilidades que pueden convertirse en herramientas para el emprendimiento y la generaci\u00f3n de ingresos. Estos cursos se imparten de&hellip;Leer m\u00e1s...\" \/>\n<meta property=\"og:url\" content=\"https:\/\/www.aliadospuebla.com\/?p=112500\" \/>\n<meta property=\"og:site_name\" content=\"AliadosPuebla\" \/>\n<meta property=\"article:author\" content=\"https:\/\/www.facebook.com\/Aliados17Pue\" \/>\n<meta property=\"article:published_time\" content=\"2026-03-25T03:45:45+00:00\" \/>\n<meta property=\"og:image\" content=\"https:\/\/www.aliadospuebla.com\/web2017\/wp-content\/uploads\/2026\/03\/214.jpg\" \/>\n\t<meta property=\"og:image:width\" content=\"600\" \/>\n\t<meta property=\"og:image:height\" content=\"450\" \/>\n\t<meta property=\"og:image:type\" content=\"image\/jpeg\" \/>\n<meta name=\"author\" content=\"Aliados17\" \/>\n<meta name=\"twitter:card\" content=\"summary_large_image\" \/>\n<meta name=\"twitter:creator\" content=\"@AliadosPuebla\" \/>\n<meta name=\"twitter:label1\" content=\"Escrito por\" \/>\n\t<meta name=\"twitter:data1\" content=\"Aliados17\" \/>\n\t<meta name=\"twitter:label2\" content=\"Tiempo de lectura\" \/>\n\t<meta name=\"twitter:data2\" content=\"2 minutos\" \/>\n<script type=\"application\/ld+json\" class=\"yoast-schema-graph\">{\"@context\":\"https:\\\/\\\/schema.org\",\"@graph\":[{\"@type\":\"Article\",\"@id\":\"https:\\\/\\\/www.aliadospuebla.com\\\/?p=112500#article\",\"isPartOf\":{\"@id\":\"https:\\\/\\\/www.aliadospuebla.com\\\/?p=112500\"},\"author\":{\"name\":\"Aliados17\",\"@id\":\"https:\\\/\\\/www.aliadospuebla.com\\\/#\\\/schema\\\/person\\\/5da7dd09320bd4f392b710017ed5f8ad\"},\"headline\":\"Impulsa DIF San Pedro Cholula capacitaci\u00f3n para el autoempleo y fortalecimiento de redes de apoyo\",\"datePublished\":\"2026-03-25T03:45:45+00:00\",\"mainEntityOfPage\":{\"@id\":\"https:\\\/\\\/www.aliadospuebla.com\\\/?p=112500\"},\"wordCount\":255,\"commentCount\":0,\"image\":{\"@id\":\"https:\\\/\\\/www.aliadospuebla.com\\\/?p=112500#primaryimage\"},\"thumbnailUrl\":\"https:\\\/\\\/www.aliadospuebla.com\\\/web2017\\\/wp-content\\\/uploads\\\/2026\\\/03\\\/214.jpg\",\"keywords\":[\"AUTOEMPLEO\",\"DIF SAN PEDRO CHOLULA\",\"Direcci\u00f3n de Atenci\u00f3n a la Mujer\",\"Lupita Fern\u00e1ndez\",\"SISTEMA MUNICIPAL DIF\",\"Tecnolog\u00edas Dom\u00e9sticas\"],\"articleSection\":[\"Municipios\"],\"inLanguage\":\"es\",\"potentialAction\":[{\"@type\":\"CommentAction\",\"name\":\"Comment\",\"target\":[\"https:\\\/\\\/www.aliadospuebla.com\\\/?p=112500#respond\"]}]},{\"@type\":\"WebPage\",\"@id\":\"https:\\\/\\\/www.aliadospuebla.com\\\/?p=112500\",\"url\":\"https:\\\/\\\/www.aliadospuebla.com\\\/?p=112500\",\"name\":\"Impulsa DIF San Pedro Cholula capacitaci\u00f3n para el autoempleo y fortalecimiento de redes de apoyo - AliadosPuebla\",\"isPartOf\":{\"@id\":\"https:\\\/\\\/www.aliadospuebla.com\\\/#website\"},\"primaryImageOfPage\":{\"@id\":\"https:\\\/\\\/www.aliadospuebla.com\\\/?p=112500#primaryimage\"},\"image\":{\"@id\":\"https:\\\/\\\/www.aliadospuebla.com\\\/?p=112500#primaryimage\"},\"thumbnailUrl\":\"https:\\\/\\\/www.aliadospuebla.com\\\/web2017\\\/wp-content\\\/uploads\\\/2026\\\/03\\\/214.jpg\",\"datePublished\":\"2026-03-25T03:45:45+00:00\",\"author\":{\"@id\":\"https:\\\/\\\/www.aliadospuebla.com\\\/#\\\/schema\\\/person\\\/5da7dd09320bd4f392b710017ed5f8ad\"},\"breadcrumb\":{\"@id\":\"https:\\\/\\\/www.aliadospuebla.com\\\/?p=112500#breadcrumb\"},\"inLanguage\":\"es\",\"potentialAction\":[{\"@type\":\"ReadAction\",\"target\":[\"https:\\\/\\\/www.aliadospuebla.com\\\/?p=112500\"]}]},{\"@type\":\"ImageObject\",\"inLanguage\":\"es\",\"@id\":\"https:\\\/\\\/www.aliadospuebla.com\\\/?p=112500#primaryimage\",\"url\":\"https:\\\/\\\/www.aliadospuebla.com\\\/web2017\\\/wp-content\\\/uploads\\\/2026\\\/03\\\/214.jpg\",\"contentUrl\":\"https:\\\/\\\/www.aliadospuebla.com\\\/web2017\\\/wp-content\\\/uploads\\\/2026\\\/03\\\/214.jpg\",\"width\":600,\"height\":450},{\"@type\":\"BreadcrumbList\",\"@id\":\"https:\\\/\\\/www.aliadospuebla.com\\\/?p=112500#breadcrumb\",\"itemListElement\":[{\"@type\":\"ListItem\",\"position\":1,\"name\":\"Portada\",\"item\":\"https:\\\/\\\/www.aliadospuebla.com\\\/\"},{\"@type\":\"ListItem\",\"position\":2,\"name\":\"Impulsa DIF San Pedro Cholula capacitaci\u00f3n para el autoempleo y fortalecimiento de redes de apoyo\"}]},{\"@type\":\"WebSite\",\"@id\":\"https:\\\/\\\/www.aliadospuebla.com\\\/#website\",\"url\":\"https:\\\/\\\/www.aliadospuebla.com\\\/\",\"name\":\"AliadosPuebla\",\"description\":\"La informaci\u00f3n en tus manos\",\"potentialAction\":[{\"@type\":\"SearchAction\",\"target\":{\"@type\":\"EntryPoint\",\"urlTemplate\":\"https:\\\/\\\/www.aliadospuebla.com\\\/?s={search_term_string}\"},\"query-input\":{\"@type\":\"PropertyValueSpecification\",\"valueRequired\":true,\"valueName\":\"search_term_string\"}}],\"inLanguage\":\"es\"},{\"@type\":\"Person\",\"@id\":\"https:\\\/\\\/www.aliadospuebla.com\\\/#\\\/schema\\\/person\\\/5da7dd09320bd4f392b710017ed5f8ad\",\"name\":\"Aliados17\",\"image\":{\"@type\":\"ImageObject\",\"inLanguage\":\"es\",\"@id\":\"https:\\\/\\\/www.aliadospuebla.com\\\/web2017\\\/wp-content\\\/uploads\\\/2025\\\/03\\\/cropped-para-perfil-8-anos-1-96x96.jpg\",\"url\":\"https:\\\/\\\/www.aliadospuebla.com\\\/web2017\\\/wp-content\\\/uploads\\\/2025\\\/03\\\/cropped-para-perfil-8-anos-1-96x96.jpg\",\"contentUrl\":\"https:\\\/\\\/www.aliadospuebla.com\\\/web2017\\\/wp-content\\\/uploads\\\/2025\\\/03\\\/cropped-para-perfil-8-anos-1-96x96.jpg\",\"caption\":\"Aliados17\"},\"sameAs\":[\"https:\\\/\\\/www.aliados17.com\",\"https:\\\/\\\/www.facebook.com\\\/Aliados17Pue\",\"https:\\\/\\\/x.com\\\/AliadosPuebla\"],\"url\":\"https:\\\/\\\/www.aliadospuebla.com\\\/?author=2\"}]}<\/script>\n<!-- \/ Yoast SEO plugin. -->","yoast_head_json":{"title":"Impulsa DIF San Pedro Cholula capacitaci\u00f3n para el autoempleo y fortalecimiento de redes de apoyo - AliadosPuebla","robots":{"index":"index","follow":"follow","max-snippet":"max-snippet:-1","max-image-preview":"max-image-preview:large","max-video-preview":"max-video-preview:-1"},"canonical":"https:\/\/www.aliadospuebla.com\/?p=112500","og_locale":"es_ES","og_type":"article","og_title":"Impulsa DIF San Pedro Cholula capacitaci\u00f3n para el autoempleo y fortalecimiento de redes de apoyo - AliadosPuebla","og_description":"A trav\u00e9s de talleres gratuitos, se brindan herramientas para el desarrollo econ\u00f3mico y personal de las mujeres San Pedro Cholula, Pue. \u2013 Con el objetivo de fomentar el autoempleo y fortalecer las redes de apoyo entre mujeres del municipio, el Sistema Municipal DIF, a trav\u00e9s de la Direcci\u00f3n de Atenci\u00f3n a la Mujer (DAM) y en coordinaci\u00f3n con la Procuradur\u00eda Federal del Consumidor (PROFECO), llev\u00f3 a cabo el taller de Tecnolog\u00edas Dom\u00e9sticas: Elaboraci\u00f3n de Velas Arom\u00e1ticas. La actividad se realiz\u00f3 en la Casa Carmen Serd\u00e1n, con la participaci\u00f3n de poco m\u00e1s de 10 usuarias, quienes adquirieron conocimientos pr\u00e1cticos para la elaboraci\u00f3n y uso de velas arom\u00e1ticas, habilidades que pueden convertirse en herramientas para el emprendimiento y la generaci\u00f3n de ingresos. Estos cursos se imparten de&hellip;Leer m\u00e1s...","og_url":"https:\/\/www.aliadospuebla.com\/?p=112500","og_site_name":"AliadosPuebla","article_author":"https:\/\/www.facebook.com\/Aliados17Pue","article_published_time":"2026-03-25T03:45:45+00:00","og_image":[{"width":600,"height":450,"url":"https:\/\/www.aliadospuebla.com\/web2017\/wp-content\/uploads\/2026\/03\/214.jpg","type":"image\/jpeg"}],"author":"Aliados17","twitter_card":"summary_large_image","twitter_creator":"@AliadosPuebla","twitter_misc":{"Escrito por":"Aliados17","Tiempo de lectura":"2 minutos"},"schema":{"@context":"https:\/\/schema.org","@graph":[{"@type":"Article","@id":"https:\/\/www.aliadospuebla.com\/?p=112500#article","isPartOf":{"@id":"https:\/\/www.aliadospuebla.com\/?p=112500"},"author":{"name":"Aliados17","@id":"https:\/\/www.aliadospuebla.com\/#\/schema\/person\/5da7dd09320bd4f392b710017ed5f8ad"},"headline":"Impulsa DIF San Pedro Cholula capacitaci\u00f3n para el autoempleo y fortalecimiento de redes de apoyo","datePublished":"2026-03-25T03:45:45+00:00","mainEntityOfPage":{"@id":"https:\/\/www.aliadospuebla.com\/?p=112500"},"wordCount":255,"commentCount":0,"image":{"@id":"https:\/\/www.aliadospuebla.com\/?p=112500#primaryimage"},"thumbnailUrl":"https:\/\/www.aliadospuebla.com\/web2017\/wp-content\/uploads\/2026\/03\/214.jpg","keywords":["AUTOEMPLEO","DIF SAN PEDRO CHOLULA","Direcci\u00f3n de Atenci\u00f3n a la Mujer","Lupita Fern\u00e1ndez","SISTEMA MUNICIPAL DIF","Tecnolog\u00edas Dom\u00e9sticas"],"articleSection":["Municipios"],"inLanguage":"es","potentialAction":[{"@type":"CommentAction","name":"Comment","target":["https:\/\/www.aliadospuebla.com\/?p=112500#respond"]}]},{"@type":"WebPage","@id":"https:\/\/www.aliadospuebla.com\/?p=112500","url":"https:\/\/www.aliadospuebla.com\/?p=112500","name":"Impulsa DIF San Pedro Cholula capacitaci\u00f3n para el autoempleo y fortalecimiento de redes de apoyo - AliadosPuebla","isPartOf":{"@id":"https:\/\/www.aliadospuebla.com\/#website"},"primaryImageOfPage":{"@id":"https:\/\/www.aliadospuebla.com\/?p=112500#primaryimage"},"image":{"@id":"https:\/\/www.aliadospuebla.com\/?p=112500#primaryimage"},"thumbnailUrl":"https:\/\/www.aliadospuebla.com\/web2017\/wp-content\/uploads\/2026\/03\/214.jpg","datePublished":"2026-03-25T03:45:45+00:00","author":{"@id":"https:\/\/www.aliadospuebla.com\/#\/schema\/person\/5da7dd09320bd4f392b710017ed5f8ad"},"breadcrumb":{"@id":"https:\/\/www.aliadospuebla.com\/?p=112500#breadcrumb"},"inLanguage":"es","potentialAction":[{"@type":"ReadAction","target":["https:\/\/www.aliadospuebla.com\/?p=112500"]}]},{"@type":"ImageObject","inLanguage":"es","@id":"https:\/\/www.aliadospuebla.com\/?p=112500#primaryimage","url":"https:\/\/www.aliadospuebla.com\/web2017\/wp-content\/uploads\/2026\/03\/214.jpg","contentUrl":"https:\/\/www.aliadospuebla.com\/web2017\/wp-content\/uploads\/2026\/03\/214.jpg","width":600,"height":450},{"@type":"BreadcrumbList","@id":"https:\/\/www.aliadospuebla.com\/?p=112500#breadcrumb","itemListElement":[{"@type":"ListItem","position":1,"name":"Portada","item":"https:\/\/www.aliadospuebla.com\/"},{"@type":"ListItem","position":2,"name":"Impulsa DIF San Pedro Cholula capacitaci\u00f3n para el autoempleo y fortalecimiento de redes de apoyo"}]},{"@type":"WebSite","@id":"https:\/\/www.aliadospuebla.com\/#website","url":"https:\/\/www.aliadospuebla.com\/","name":"AliadosPuebla","description":"La informaci\u00f3n en tus manos","potentialAction":[{"@type":"SearchAction","target":{"@type":"EntryPoint","urlTemplate":"https:\/\/www.aliadospuebla.com\/?s={search_term_string}"},"query-input":{"@type":"PropertyValueSpecification","valueRequired":true,"valueName":"search_term_string"}}],"inLanguage":"es"},{"@type":"Person","@id":"https:\/\/www.aliadospuebla.com\/#\/schema\/person\/5da7dd09320bd4f392b710017ed5f8ad","name":"Aliados17","image":{"@type":"ImageObject","inLanguage":"es","@id":"https:\/\/www.aliadospuebla.com\/web2017\/wp-content\/uploads\/2025\/03\/cropped-para-perfil-8-anos-1-96x96.jpg","url":"https:\/\/www.aliadospuebla.com\/web2017\/wp-content\/uploads\/2025\/03\/cropped-para-perfil-8-anos-1-96x96.jpg","contentUrl":"https:\/\/www.aliadospuebla.com\/web2017\/wp-content\/uploads\/2025\/03\/cropped-para-perfil-8-anos-1-96x96.jpg","caption":"Aliados17"},"sameAs":["https:\/\/www.aliados17.com","https:\/\/www.facebook.com\/Aliados17Pue","https:\/\/x.com\/AliadosPuebla"],"url":"https:\/\/www.aliadospuebla.com\/?author=2"}]}},"views":17,"_links":{"self":[{"href":"https:\/\/www.aliadospuebla.com\/index.php?rest_route=\/wp\/v2\/posts\/112500","targetHints":{"allow":["GET"]}}],"collection":[{"href":"https:\/\/www.aliadospuebla.com\/index.php?rest_route=\/wp\/v2\/posts"}],"about":[{"href":"https:\/\/www.aliadospuebla.com\/index.php?rest_route=\/wp\/v2\/types\/post"}],"author":[{"embeddable":true,"href":"https:\/\/www.aliadospuebla.com\/index.php?rest_route=\/wp\/v2\/users\/2"}],"replies":[{"embeddable":true,"href":"https:\/\/www.aliadospuebla.com\/index.php?rest_route=%2Fwp%2Fv2%2Fcomments&post=112500"}],"version-history":[{"count":1,"href":"https:\/\/www.aliadospuebla.com\/index.php?rest_route=\/wp\/v2\/posts\/112500\/revisions"}],"predecessor-version":[{"id":112502,"href":"https:\/\/www.aliadospuebla.com\/index.php?rest_route=\/wp\/v2\/posts\/112500\/revisions\/112502"}],"wp:featuredmedia":[{"embeddable":true,"href":"https:\/\/www.aliadospuebla.com\/index.php?rest_route=\/wp\/v2\/media\/112501"}],"wp:attachment":[{"href":"https:\/\/www.aliadospuebla.com\/index.php?rest_route=%2Fwp%2Fv2%2Fmedia&parent=112500"}],"wp:term":[{"taxonomy":"category","embeddable":true,"href":"https:\/\/www.aliadospuebla.com\/index.php?rest_route=%2Fwp%2Fv2%2Fcategories&post=112500"},{"taxonomy":"post_tag","embeddable":true,"href":"https:\/\/www.aliadospuebla.com\/index.php?rest_route=%2Fwp%2Fv2%2Ftags&post=112500"}],"curies":[{"name":"wp","href":"https:\/\/api.w.org\/{rel}","templated":true}]}}