{"id":112494,"date":"2026-03-24T21:02:22","date_gmt":"2026-03-25T03:02:22","guid":{"rendered":"https:\/\/www.aliadospuebla.com\/?p=112494"},"modified":"2026-03-24T21:02:22","modified_gmt":"2026-03-25T03:02:22","slug":"tonantzin-fernandez-lidera-la-planeacion-del-desarrollo-municipal-en-sesion-del-coplademun-2026","status":"publish","type":"post","link":"https:\/\/www.aliadospuebla.com\/?p=112494","title":{"rendered":"Tonantzin Fern\u00e1ndez lidera la planeaci\u00f3n del desarrollo municipal en sesi\u00f3n del COPLADEMUN 2026"},"content":{"rendered":"<h4>Gobierno de San Pedro Cholula define acciones y prioridades para fortalecer la seguridad, obra p\u00fablica y bienestar social<\/h4>\n<p>San Pedro Cholula, Pue. \u2013 Con el objetivo de brindar certeza a las acciones realizadas<\/p>\n<p>durante 2025 en materia de seguridad, infraestructura y bienestar social,<\/p>\n<p>as\u00ed como a los techos financieros y proyectos contemplados para 2026,<\/p>\n<p>el Gobierno Municipal llev\u00f3 a cabo la Primera Sesi\u00f3n del Comit\u00e9 de Planeaci\u00f3n<\/p>\n<p>para el Desarrollo Municipal (COPLADEMUN) 2026, en el Teatro Ciudad Sagrada.<\/p>\n<p>La sesi\u00f3n fue encabezada por la presidenta municipal, Tonantzin Fern\u00e1ndez,<\/p>\n<p>con la presencia de Juan Manuel Mendiola Garc\u00eda, subsecretario de Planeaci\u00f3n<\/p>\n<p>del Gobierno del Estado de Puebla, as\u00ed como de regidoras y regidores,<\/p>\n<p>el s\u00edndico municipal, el secretario general y las y los integrantes del COPLADEMUN.<\/p>\n<p>Durante la reuni\u00f3n, se expusieron las acciones realizadas en 2025<\/p>\n<p>en los rubros de seguridad, infraestructura y bienestar social,<\/p>\n<p>destacando los avances y resultados alcanzados en beneficio de la ciudadan\u00eda.<\/p>\n<p>En materia de seguridad, se inform\u00f3 que durante 2025 se adquiri\u00f3 equipo t\u00e1ctico,<\/p>\n<p>material administrativo, se fortaleci\u00f3 la capacitaci\u00f3n de las y los elementos<\/p>\n<p>de la corporaci\u00f3n y se realiz\u00f3 la compra de 29 unidades vehiculares.<\/p>\n<h4>En infraestructura, se ejecutaron 25 obras p\u00fablicas tanto en la cabecera municipal como en juntas auxiliares, contribuyendo al desarrollo urbano y a la mejora de la movilidad.<\/h4>\n<p>Por su parte, en el rubro de bienestar, se report\u00f3 que el 100 por ciento<\/p>\n<p>de los programas y las 3,600 acciones implementadas por la Secretar\u00eda<\/p>\n<p>fueron concluidas de manera satisfactoria.<\/p>\n<p>En su mensaje, la presidenta municipal, Tonantzin Fern\u00e1ndez, reafirm\u00f3 el compromiso<\/p>\n<p>de su administraci\u00f3n con los planes de trabajo coordinados con el Gobierno Federal,<\/p>\n<p>encabezado por la presidenta Claudia Sheinbaum, y con el Gobierno del Estado,<\/p>\n<p>a cargo del gobernador Alejandro Armenta, con el objetivo de garantizar bienestar<\/p>\n<p>y un mejor futuro para las y los habitantes de San Pedro Cholula.<\/p>\n<p>Asimismo, destac\u00f3 que los proyectos presentados para 2026 forman parte<\/p>\n<p>de un primer paquete, ya que se continuar\u00e1n realizando estudios y evaluaciones<\/p>\n<p>para una adecuada distribuci\u00f3n de los recursos, siempre con base en el acercamiento<\/p>\n<p>con las y los presidentes de las juntas auxiliares, as\u00ed como<\/p>\n<p>en las propuestas ciudadanas recabadas a trav\u00e9s del programa \u201cMi\u00e9rcoles del Pueblo\u201d.<\/p>\n<h4>En su intervenci\u00f3n, el subsecretario de Planeaci\u00f3n del Gobierno del Estado, Juan Manuel Mendiola Garc\u00eda, reconoci\u00f3 el trabajo realizado por la administraci\u00f3n municipal y el COPLADEMUN, subrayando que tanto el estado como la federaci\u00f3n tienen conocimiento de los resultados alcanzados en favor de la poblaci\u00f3n.<\/h4>\n<p>En cuanto a la planeaci\u00f3n para 2026, se inform\u00f3 que, a trav\u00e9s de los recursos del Ramo General 33, correspondientes al Fondo de Aportaciones para la Infraestructura Social Municipal (FAISMUN) y al Fondo de Aportaciones para el Fortalecimiento de los Municipios (FORTAMUN), se contemplan diversas acciones prioritarias.<\/p>\n<p>En materia de seguridad, se proyectan nueve acciones, entre las que destacan la adquisici\u00f3n de m\u00e1s unidades, el fortalecimiento del sistema de videovigilancia y un incremento del 10 por ciento en los salarios de las y los elementos policiales.<\/p>\n<p>En infraestructura, se prev\u00e9 la ejecuci\u00f3n de 10 obras p\u00fablicas prioritarias enfocadas en la movilidad, que beneficiar\u00e1n a barrios, juntas auxiliares y espacios educativos. Estos proyectos forman parte de un primer paquete que continuar\u00e1 ampli\u00e1ndose conforme a las necesidades detectadas.<\/p>\n<p>En el rubro de bienestar social, se contemplan acciones orientadas al fortalecimiento de la cobertura de servicios b\u00e1sicos y al mejoramiento de vivienda para la poblaci\u00f3n en situaci\u00f3n vulnerable que habita en zonas prioritarias.<\/p>\n<p>Con estas acciones, el Gobierno Municipal de San Pedro Cholula, encabezado por Tonantzin Fern\u00e1ndez, fortalece una visi\u00f3n de trabajo basada en la planeaci\u00f3n responsable, la cercan\u00eda con la ciudadan\u00eda y la construcci\u00f3n de pol\u00edticas p\u00fablicas que impulsen el desarrollo integral, el bienestar social y una mejor calidad de vida para las y los cholultecas.<\/p>\n","protected":false},"excerpt":{"rendered":"<p>Gobierno de San Pedro Cholula define acciones y prioridades para fortalecer la seguridad, obra p\u00fablica y bienestar social San Pedro Cholula, Pue. \u2013 Con el objetivo de brindar certeza a las acciones realizadas durante 2025 en materia de seguridad, infraestructura y bienestar social, as\u00ed como a los techos financieros y proyectos contemplados para 2026, el Gobierno Municipal llev\u00f3 a cabo la Primera Sesi\u00f3n del Comit\u00e9 de Planeaci\u00f3n para el Desarrollo Municipal (COPLADEMUN) 2026, en el Teatro Ciudad Sagrada. La sesi\u00f3n fue encabezada por la presidenta municipal, Tonantzin Fern\u00e1ndez, con la presencia de Juan Manuel Mendiola Garc\u00eda, subsecretario de Planeaci\u00f3n del Gobierno del Estado de Puebla, as\u00ed como de regidoras y regidores, el s\u00edndico municipal, el secretario general y las y los integrantes del COPLADEMUN. Durante&hellip;<\/p>\n<p class=\"excerpt-more\"><a class=\"blog-excerpt button\" href=\"https:\/\/www.aliadospuebla.com\/?p=112494\">Leer m\u00e1s&#8230;<\/a><\/p>\n","protected":false},"author":2,"featured_media":112495,"comment_status":"open","ping_status":"open","sticky":false,"template":"","format":"standard","meta":{"_monsterinsights_skip_tracking":false,"footnotes":""},"categories":[4],"tags":[5807,1460,9415,337,2301,387,20,7394],"class_list":["post-112494","post","type-post","status-publish","format-standard","has-post-thumbnail","hentry","category-municipios","tag-bienestar-social","tag-coplademun","tag-desarrollo-municipal","tag-infraestructura","tag-planeacion","tag-san-pedro-cholula","tag-seguridad","tag-tonantzin-fernandez"],"yoast_head":"<!-- This site is optimized with the Yoast SEO plugin v28.4 - https:\/\/yoast.com\/product\/yoast-seo-wordpress\/ -->\n<title>Tonantzin Fern\u00e1ndez lidera la planeaci\u00f3n del desarrollo municipal en sesi\u00f3n del COPLADEMUN 2026 - AliadosPuebla<\/title>\n<meta name=\"robots\" content=\"index, follow, max-snippet:-1, max-image-preview:large, max-video-preview:-1\" \/>\n<link rel=\"canonical\" href=\"https:\/\/www.aliadospuebla.com\/?p=112494\" \/>\n<meta property=\"og:locale\" content=\"es_ES\" \/>\n<meta property=\"og:type\" content=\"article\" \/>\n<meta property=\"og:title\" content=\"Tonantzin Fern\u00e1ndez lidera la planeaci\u00f3n del desarrollo municipal en sesi\u00f3n del COPLADEMUN 2026 - AliadosPuebla\" \/>\n<meta property=\"og:description\" content=\"Gobierno de San Pedro Cholula define acciones y prioridades para fortalecer la seguridad, obra p\u00fablica y bienestar social San Pedro Cholula, Pue. \u2013 Con el objetivo de brindar certeza a las acciones realizadas durante 2025 en materia de seguridad, infraestructura y bienestar social, as\u00ed como a los techos financieros y proyectos contemplados para 2026, el Gobierno Municipal llev\u00f3 a cabo la Primera Sesi\u00f3n del Comit\u00e9 de Planeaci\u00f3n para el Desarrollo Municipal (COPLADEMUN) 2026, en el Teatro Ciudad Sagrada. La sesi\u00f3n fue encabezada por la presidenta municipal, Tonantzin Fern\u00e1ndez, con la presencia de Juan Manuel Mendiola Garc\u00eda, subsecretario de Planeaci\u00f3n del Gobierno del Estado de Puebla, as\u00ed como de regidoras y regidores, el s\u00edndico municipal, el secretario general y las y los integrantes del COPLADEMUN. Durante&hellip;Leer m\u00e1s...\" \/>\n<meta property=\"og:url\" content=\"https:\/\/www.aliadospuebla.com\/?p=112494\" \/>\n<meta property=\"og:site_name\" content=\"AliadosPuebla\" \/>\n<meta property=\"article:author\" content=\"https:\/\/www.facebook.com\/Aliados17Pue\" \/>\n<meta property=\"article:published_time\" content=\"2026-03-25T03:02:22+00:00\" \/>\n<meta property=\"og:image\" content=\"https:\/\/www.aliadospuebla.com\/web2017\/wp-content\/uploads\/2026\/03\/212.jpg\" \/>\n\t<meta property=\"og:image:width\" content=\"600\" \/>\n\t<meta property=\"og:image:height\" content=\"450\" \/>\n\t<meta property=\"og:image:type\" content=\"image\/jpeg\" \/>\n<meta name=\"author\" content=\"Aliados17\" \/>\n<meta name=\"twitter:card\" content=\"summary_large_image\" \/>\n<meta name=\"twitter:creator\" content=\"@AliadosPuebla\" \/>\n<meta name=\"twitter:label1\" content=\"Escrito por\" \/>\n\t<meta name=\"twitter:data1\" content=\"Aliados17\" \/>\n\t<meta name=\"twitter:label2\" content=\"Tiempo de lectura\" \/>\n\t<meta name=\"twitter:data2\" content=\"4 minutos\" \/>\n<script type=\"application\/ld+json\" class=\"yoast-schema-graph\">{\"@context\":\"https:\\\/\\\/schema.org\",\"@graph\":[{\"@type\":\"Article\",\"@id\":\"https:\\\/\\\/www.aliadospuebla.com\\\/?p=112494#article\",\"isPartOf\":{\"@id\":\"https:\\\/\\\/www.aliadospuebla.com\\\/?p=112494\"},\"author\":{\"name\":\"Aliados17\",\"@id\":\"https:\\\/\\\/www.aliadospuebla.com\\\/#\\\/schema\\\/person\\\/5da7dd09320bd4f392b710017ed5f8ad\"},\"headline\":\"Tonantzin Fern\u00e1ndez lidera la planeaci\u00f3n del desarrollo municipal en sesi\u00f3n del COPLADEMUN 2026\",\"datePublished\":\"2026-03-25T03:02:22+00:00\",\"mainEntityOfPage\":{\"@id\":\"https:\\\/\\\/www.aliadospuebla.com\\\/?p=112494\"},\"wordCount\":672,\"commentCount\":0,\"image\":{\"@id\":\"https:\\\/\\\/www.aliadospuebla.com\\\/?p=112494#primaryimage\"},\"thumbnailUrl\":\"https:\\\/\\\/www.aliadospuebla.com\\\/web2017\\\/wp-content\\\/uploads\\\/2026\\\/03\\\/212.jpg\",\"keywords\":[\"BIENESTAR SOCIAL\",\"COPLADEMUN\",\"desarrollo municipal\",\"INFRAESTRUCTURA\",\"PLANEACI\u00d3N\",\"SAN PEDRO CHOLULA\",\"Seguridad\",\"TONANTZIN FERN\u00c1NDEZ\"],\"articleSection\":[\"Municipios\"],\"inLanguage\":\"es\",\"potentialAction\":[{\"@type\":\"CommentAction\",\"name\":\"Comment\",\"target\":[\"https:\\\/\\\/www.aliadospuebla.com\\\/?p=112494#respond\"]}]},{\"@type\":\"WebPage\",\"@id\":\"https:\\\/\\\/www.aliadospuebla.com\\\/?p=112494\",\"url\":\"https:\\\/\\\/www.aliadospuebla.com\\\/?p=112494\",\"name\":\"Tonantzin Fern\u00e1ndez lidera la planeaci\u00f3n del desarrollo municipal en sesi\u00f3n del COPLADEMUN 2026 - AliadosPuebla\",\"isPartOf\":{\"@id\":\"https:\\\/\\\/www.aliadospuebla.com\\\/#website\"},\"primaryImageOfPage\":{\"@id\":\"https:\\\/\\\/www.aliadospuebla.com\\\/?p=112494#primaryimage\"},\"image\":{\"@id\":\"https:\\\/\\\/www.aliadospuebla.com\\\/?p=112494#primaryimage\"},\"thumbnailUrl\":\"https:\\\/\\\/www.aliadospuebla.com\\\/web2017\\\/wp-content\\\/uploads\\\/2026\\\/03\\\/212.jpg\",\"datePublished\":\"2026-03-25T03:02:22+00:00\",\"author\":{\"@id\":\"https:\\\/\\\/www.aliadospuebla.com\\\/#\\\/schema\\\/person\\\/5da7dd09320bd4f392b710017ed5f8ad\"},\"breadcrumb\":{\"@id\":\"https:\\\/\\\/www.aliadospuebla.com\\\/?p=112494#breadcrumb\"},\"inLanguage\":\"es\",\"potentialAction\":[{\"@type\":\"ReadAction\",\"target\":[\"https:\\\/\\\/www.aliadospuebla.com\\\/?p=112494\"]}]},{\"@type\":\"ImageObject\",\"inLanguage\":\"es\",\"@id\":\"https:\\\/\\\/www.aliadospuebla.com\\\/?p=112494#primaryimage\",\"url\":\"https:\\\/\\\/www.aliadospuebla.com\\\/web2017\\\/wp-content\\\/uploads\\\/2026\\\/03\\\/212.jpg\",\"contentUrl\":\"https:\\\/\\\/www.aliadospuebla.com\\\/web2017\\\/wp-content\\\/uploads\\\/2026\\\/03\\\/212.jpg\",\"width\":600,\"height\":450},{\"@type\":\"BreadcrumbList\",\"@id\":\"https:\\\/\\\/www.aliadospuebla.com\\\/?p=112494#breadcrumb\",\"itemListElement\":[{\"@type\":\"ListItem\",\"position\":1,\"name\":\"Portada\",\"item\":\"https:\\\/\\\/www.aliadospuebla.com\\\/\"},{\"@type\":\"ListItem\",\"position\":2,\"name\":\"Tonantzin Fern\u00e1ndez lidera la planeaci\u00f3n del desarrollo municipal en sesi\u00f3n del COPLADEMUN 2026\"}]},{\"@type\":\"WebSite\",\"@id\":\"https:\\\/\\\/www.aliadospuebla.com\\\/#website\",\"url\":\"https:\\\/\\\/www.aliadospuebla.com\\\/\",\"name\":\"AliadosPuebla\",\"description\":\"La informaci\u00f3n en tus manos\",\"potentialAction\":[{\"@type\":\"SearchAction\",\"target\":{\"@type\":\"EntryPoint\",\"urlTemplate\":\"https:\\\/\\\/www.aliadospuebla.com\\\/?s={search_term_string}\"},\"query-input\":{\"@type\":\"PropertyValueSpecification\",\"valueRequired\":true,\"valueName\":\"search_term_string\"}}],\"inLanguage\":\"es\"},{\"@type\":\"Person\",\"@id\":\"https:\\\/\\\/www.aliadospuebla.com\\\/#\\\/schema\\\/person\\\/5da7dd09320bd4f392b710017ed5f8ad\",\"name\":\"Aliados17\",\"image\":{\"@type\":\"ImageObject\",\"inLanguage\":\"es\",\"@id\":\"https:\\\/\\\/www.aliadospuebla.com\\\/web2017\\\/wp-content\\\/uploads\\\/2025\\\/03\\\/cropped-para-perfil-8-anos-1-96x96.jpg\",\"url\":\"https:\\\/\\\/www.aliadospuebla.com\\\/web2017\\\/wp-content\\\/uploads\\\/2025\\\/03\\\/cropped-para-perfil-8-anos-1-96x96.jpg\",\"contentUrl\":\"https:\\\/\\\/www.aliadospuebla.com\\\/web2017\\\/wp-content\\\/uploads\\\/2025\\\/03\\\/cropped-para-perfil-8-anos-1-96x96.jpg\",\"caption\":\"Aliados17\"},\"sameAs\":[\"https:\\\/\\\/www.aliados17.com\",\"https:\\\/\\\/www.facebook.com\\\/Aliados17Pue\",\"https:\\\/\\\/x.com\\\/AliadosPuebla\"],\"url\":\"https:\\\/\\\/www.aliadospuebla.com\\\/?author=2\"}]}<\/script>\n<!-- \/ Yoast SEO plugin. -->","yoast_head_json":{"title":"Tonantzin Fern\u00e1ndez lidera la planeaci\u00f3n del desarrollo municipal en sesi\u00f3n del COPLADEMUN 2026 - AliadosPuebla","robots":{"index":"index","follow":"follow","max-snippet":"max-snippet:-1","max-image-preview":"max-image-preview:large","max-video-preview":"max-video-preview:-1"},"canonical":"https:\/\/www.aliadospuebla.com\/?p=112494","og_locale":"es_ES","og_type":"article","og_title":"Tonantzin Fern\u00e1ndez lidera la planeaci\u00f3n del desarrollo municipal en sesi\u00f3n del COPLADEMUN 2026 - AliadosPuebla","og_description":"Gobierno de San Pedro Cholula define acciones y prioridades para fortalecer la seguridad, obra p\u00fablica y bienestar social San Pedro Cholula, Pue. \u2013 Con el objetivo de brindar certeza a las acciones realizadas durante 2025 en materia de seguridad, infraestructura y bienestar social, as\u00ed como a los techos financieros y proyectos contemplados para 2026, el Gobierno Municipal llev\u00f3 a cabo la Primera Sesi\u00f3n del Comit\u00e9 de Planeaci\u00f3n para el Desarrollo Municipal (COPLADEMUN) 2026, en el Teatro Ciudad Sagrada. La sesi\u00f3n fue encabezada por la presidenta municipal, Tonantzin Fern\u00e1ndez, con la presencia de Juan Manuel Mendiola Garc\u00eda, subsecretario de Planeaci\u00f3n del Gobierno del Estado de Puebla, as\u00ed como de regidoras y regidores, el s\u00edndico municipal, el secretario general y las y los integrantes del COPLADEMUN. Durante&hellip;Leer m\u00e1s...","og_url":"https:\/\/www.aliadospuebla.com\/?p=112494","og_site_name":"AliadosPuebla","article_author":"https:\/\/www.facebook.com\/Aliados17Pue","article_published_time":"2026-03-25T03:02:22+00:00","og_image":[{"width":600,"height":450,"url":"https:\/\/www.aliadospuebla.com\/web2017\/wp-content\/uploads\/2026\/03\/212.jpg","type":"image\/jpeg"}],"author":"Aliados17","twitter_card":"summary_large_image","twitter_creator":"@AliadosPuebla","twitter_misc":{"Escrito por":"Aliados17","Tiempo de lectura":"4 minutos"},"schema":{"@context":"https:\/\/schema.org","@graph":[{"@type":"Article","@id":"https:\/\/www.aliadospuebla.com\/?p=112494#article","isPartOf":{"@id":"https:\/\/www.aliadospuebla.com\/?p=112494"},"author":{"name":"Aliados17","@id":"https:\/\/www.aliadospuebla.com\/#\/schema\/person\/5da7dd09320bd4f392b710017ed5f8ad"},"headline":"Tonantzin Fern\u00e1ndez lidera la planeaci\u00f3n del desarrollo municipal en sesi\u00f3n del COPLADEMUN 2026","datePublished":"2026-03-25T03:02:22+00:00","mainEntityOfPage":{"@id":"https:\/\/www.aliadospuebla.com\/?p=112494"},"wordCount":672,"commentCount":0,"image":{"@id":"https:\/\/www.aliadospuebla.com\/?p=112494#primaryimage"},"thumbnailUrl":"https:\/\/www.aliadospuebla.com\/web2017\/wp-content\/uploads\/2026\/03\/212.jpg","keywords":["BIENESTAR SOCIAL","COPLADEMUN","desarrollo municipal","INFRAESTRUCTURA","PLANEACI\u00d3N","SAN PEDRO CHOLULA","Seguridad","TONANTZIN FERN\u00c1NDEZ"],"articleSection":["Municipios"],"inLanguage":"es","potentialAction":[{"@type":"CommentAction","name":"Comment","target":["https:\/\/www.aliadospuebla.com\/?p=112494#respond"]}]},{"@type":"WebPage","@id":"https:\/\/www.aliadospuebla.com\/?p=112494","url":"https:\/\/www.aliadospuebla.com\/?p=112494","name":"Tonantzin Fern\u00e1ndez lidera la planeaci\u00f3n del desarrollo municipal en sesi\u00f3n del COPLADEMUN 2026 - AliadosPuebla","isPartOf":{"@id":"https:\/\/www.aliadospuebla.com\/#website"},"primaryImageOfPage":{"@id":"https:\/\/www.aliadospuebla.com\/?p=112494#primaryimage"},"image":{"@id":"https:\/\/www.aliadospuebla.com\/?p=112494#primaryimage"},"thumbnailUrl":"https:\/\/www.aliadospuebla.com\/web2017\/wp-content\/uploads\/2026\/03\/212.jpg","datePublished":"2026-03-25T03:02:22+00:00","author":{"@id":"https:\/\/www.aliadospuebla.com\/#\/schema\/person\/5da7dd09320bd4f392b710017ed5f8ad"},"breadcrumb":{"@id":"https:\/\/www.aliadospuebla.com\/?p=112494#breadcrumb"},"inLanguage":"es","potentialAction":[{"@type":"ReadAction","target":["https:\/\/www.aliadospuebla.com\/?p=112494"]}]},{"@type":"ImageObject","inLanguage":"es","@id":"https:\/\/www.aliadospuebla.com\/?p=112494#primaryimage","url":"https:\/\/www.aliadospuebla.com\/web2017\/wp-content\/uploads\/2026\/03\/212.jpg","contentUrl":"https:\/\/www.aliadospuebla.com\/web2017\/wp-content\/uploads\/2026\/03\/212.jpg","width":600,"height":450},{"@type":"BreadcrumbList","@id":"https:\/\/www.aliadospuebla.com\/?p=112494#breadcrumb","itemListElement":[{"@type":"ListItem","position":1,"name":"Portada","item":"https:\/\/www.aliadospuebla.com\/"},{"@type":"ListItem","position":2,"name":"Tonantzin Fern\u00e1ndez lidera la planeaci\u00f3n del desarrollo municipal en sesi\u00f3n del COPLADEMUN 2026"}]},{"@type":"WebSite","@id":"https:\/\/www.aliadospuebla.com\/#website","url":"https:\/\/www.aliadospuebla.com\/","name":"AliadosPuebla","description":"La informaci\u00f3n en tus manos","potentialAction":[{"@type":"SearchAction","target":{"@type":"EntryPoint","urlTemplate":"https:\/\/www.aliadospuebla.com\/?s={search_term_string}"},"query-input":{"@type":"PropertyValueSpecification","valueRequired":true,"valueName":"search_term_string"}}],"inLanguage":"es"},{"@type":"Person","@id":"https:\/\/www.aliadospuebla.com\/#\/schema\/person\/5da7dd09320bd4f392b710017ed5f8ad","name":"Aliados17","image":{"@type":"ImageObject","inLanguage":"es","@id":"https:\/\/www.aliadospuebla.com\/web2017\/wp-content\/uploads\/2025\/03\/cropped-para-perfil-8-anos-1-96x96.jpg","url":"https:\/\/www.aliadospuebla.com\/web2017\/wp-content\/uploads\/2025\/03\/cropped-para-perfil-8-anos-1-96x96.jpg","contentUrl":"https:\/\/www.aliadospuebla.com\/web2017\/wp-content\/uploads\/2025\/03\/cropped-para-perfil-8-anos-1-96x96.jpg","caption":"Aliados17"},"sameAs":["https:\/\/www.aliados17.com","https:\/\/www.facebook.com\/Aliados17Pue","https:\/\/x.com\/AliadosPuebla"],"url":"https:\/\/www.aliadospuebla.com\/?author=2"}]}},"views":17,"_links":{"self":[{"href":"https:\/\/www.aliadospuebla.com\/index.php?rest_route=\/wp\/v2\/posts\/112494","targetHints":{"allow":["GET"]}}],"collection":[{"href":"https:\/\/www.aliadospuebla.com\/index.php?rest_route=\/wp\/v2\/posts"}],"about":[{"href":"https:\/\/www.aliadospuebla.com\/index.php?rest_route=\/wp\/v2\/types\/post"}],"author":[{"embeddable":true,"href":"https:\/\/www.aliadospuebla.com\/index.php?rest_route=\/wp\/v2\/users\/2"}],"replies":[{"embeddable":true,"href":"https:\/\/www.aliadospuebla.com\/index.php?rest_route=%2Fwp%2Fv2%2Fcomments&post=112494"}],"version-history":[{"count":1,"href":"https:\/\/www.aliadospuebla.com\/index.php?rest_route=\/wp\/v2\/posts\/112494\/revisions"}],"predecessor-version":[{"id":112496,"href":"https:\/\/www.aliadospuebla.com\/index.php?rest_route=\/wp\/v2\/posts\/112494\/revisions\/112496"}],"wp:featuredmedia":[{"embeddable":true,"href":"https:\/\/www.aliadospuebla.com\/index.php?rest_route=\/wp\/v2\/media\/112495"}],"wp:attachment":[{"href":"https:\/\/www.aliadospuebla.com\/index.php?rest_route=%2Fwp%2Fv2%2Fmedia&parent=112494"}],"wp:term":[{"taxonomy":"category","embeddable":true,"href":"https:\/\/www.aliadospuebla.com\/index.php?rest_route=%2Fwp%2Fv2%2Fcategories&post=112494"},{"taxonomy":"post_tag","embeddable":true,"href":"https:\/\/www.aliadospuebla.com\/index.php?rest_route=%2Fwp%2Fv2%2Ftags&post=112494"}],"curies":[{"name":"wp","href":"https:\/\/api.w.org\/{rel}","templated":true}]}}