{"id":112423,"date":"2026-03-22T20:18:27","date_gmt":"2026-03-23T02:18:27","guid":{"rendered":"https:\/\/www.aliadospuebla.com\/?p=112423"},"modified":"2026-03-22T20:18:27","modified_gmt":"2026-03-23T02:18:27","slug":"presentan-en-el-congreso-del-estado-el-festival-cultural-de-la-sierra-pahuatlan-2026","status":"publish","type":"post","link":"https:\/\/www.aliadospuebla.com\/?p=112423","title":{"rendered":"Presentan en el Congreso del Estado el Festival Cultural de la Sierra Pahuatl\u00e1n 2026"},"content":{"rendered":"<h4>Del 29 de marzo al 5 de abril se llevar\u00e1 a cabo el Festival Cultural de la Sierra Pahuatl\u00e1n 2026, mediante el cual se pretende destacar la riqueza cultural y art\u00edstica de la regi\u00f3n, se\u00f1alaron las diputadas Ang\u00e9lica Patricia Alvarado Ju\u00e1rez y Laura Guadalupe Vargas Vargas.<\/h4>\n<p>En su participaci\u00f3n, la diputada Ang\u00e9lica Patricia Alvarado Ju\u00e1rez destac\u00f3 la importancia de difundir la grandeza del municipio de Pahuatl\u00e1n y de la Sierra Norte de Puebla, pues mediante estas actividades se realza la cultura y las expresiones que se viven d\u00eda a d\u00eda en los pueblos originarios.<\/p>\n<p>\u201cLos invito a que cada uno, como poblanos, seamos embajadores de la gran riqueza cultural, hist\u00f3rica y gastron\u00f3mica que tiene Puebla, la cual tenemos que vivir en nuestro d\u00eda a d\u00eda\u201d, se\u00f1al\u00f3.<\/p>\n<p>Por su parte, la diputada Laura Guadalupe Vargas Vargas reconoci\u00f3 el esfuerzo del presidente municipal de Pahuatl\u00e1n, Eduardo Romero y de todo el Ayuntamiento en su conjunto, por promover e impulsar las ra\u00edces y tradiciones.<\/p>\n<p>\u201cQuiero aprovechar para invitarlas a todas y a todos ustedes a que nos acompa\u00f1en del 29 de marzo al 5 de abril en Pahuatl\u00e1n a vivir este gran festival, a disfrutar de sus tradiciones, de su gastronom\u00eda y, por supuesto, de la calidez de su gente\u201d, indic\u00f3.<\/p>\n<p>Finalmente, el presidente municipal de Pahuatl\u00e1n, Eduardo Romero precis\u00f3 que esta festividad se realiza en el marco de la Semana Santa, adem\u00e1s, expuso que Pahuatl\u00e1n se mantiene abierto para todas y todos los visitantes.<\/p>\n","protected":false},"excerpt":{"rendered":"<p>Del 29 de marzo al 5 de abril se llevar\u00e1 a cabo el Festival Cultural de la Sierra Pahuatl\u00e1n 2026, mediante el cual se pretende destacar la riqueza cultural y art\u00edstica de la regi\u00f3n, se\u00f1alaron las diputadas Ang\u00e9lica Patricia Alvarado Ju\u00e1rez y Laura Guadalupe Vargas Vargas. En su participaci\u00f3n, la diputada Ang\u00e9lica Patricia Alvarado Ju\u00e1rez destac\u00f3 la importancia de difundir la grandeza del municipio de Pahuatl\u00e1n y de la Sierra Norte de Puebla, pues mediante estas actividades se realza la cultura y las expresiones que se viven d\u00eda a d\u00eda en los pueblos originarios. \u201cLos invito a que cada uno, como poblanos, seamos embajadores de la gran riqueza cultural, hist\u00f3rica y gastron\u00f3mica que tiene Puebla, la cual tenemos que vivir en nuestro d\u00eda a d\u00eda\u201d,&hellip;<\/p>\n<p class=\"excerpt-more\"><a class=\"blog-excerpt button\" href=\"https:\/\/www.aliadospuebla.com\/?p=112423\">Leer m\u00e1s&#8230;<\/a><\/p>\n","protected":false},"author":2,"featured_media":112424,"comment_status":"open","ping_status":"open","sticky":false,"template":"","format":"standard","meta":{"_monsterinsights_skip_tracking":false,"footnotes":""},"categories":[6],"tags":[25026,32893,9768,2494],"class_list":["post-112423","post","type-post","status-publish","format-standard","has-post-thumbnail","hentry","category-politica","tag-angelica-patricia-alvarado-juarez","tag-festival-cultural-de-la-sierra-pahuatlan-2026","tag-riqueza-cultural","tag-sierra-norte-de-puebla"],"yoast_head":"<!-- This site is optimized with the Yoast SEO plugin v28.4 - https:\/\/yoast.com\/product\/yoast-seo-wordpress\/ -->\n<title>Presentan en el Congreso del Estado el Festival Cultural de la Sierra Pahuatl\u00e1n 2026 - AliadosPuebla<\/title>\n<meta name=\"robots\" content=\"index, follow, max-snippet:-1, max-image-preview:large, max-video-preview:-1\" \/>\n<link rel=\"canonical\" href=\"https:\/\/www.aliadospuebla.com\/?p=112423\" \/>\n<meta property=\"og:locale\" content=\"es_ES\" \/>\n<meta property=\"og:type\" content=\"article\" \/>\n<meta property=\"og:title\" content=\"Presentan en el Congreso del Estado el Festival Cultural de la Sierra Pahuatl\u00e1n 2026 - AliadosPuebla\" \/>\n<meta property=\"og:description\" content=\"Del 29 de marzo al 5 de abril se llevar\u00e1 a cabo el Festival Cultural de la Sierra Pahuatl\u00e1n 2026, mediante el cual se pretende destacar la riqueza cultural y art\u00edstica de la regi\u00f3n, se\u00f1alaron las diputadas Ang\u00e9lica Patricia Alvarado Ju\u00e1rez y Laura Guadalupe Vargas Vargas. En su participaci\u00f3n, la diputada Ang\u00e9lica Patricia Alvarado Ju\u00e1rez destac\u00f3 la importancia de difundir la grandeza del municipio de Pahuatl\u00e1n y de la Sierra Norte de Puebla, pues mediante estas actividades se realza la cultura y las expresiones que se viven d\u00eda a d\u00eda en los pueblos originarios. \u201cLos invito a que cada uno, como poblanos, seamos embajadores de la gran riqueza cultural, hist\u00f3rica y gastron\u00f3mica que tiene Puebla, la cual tenemos que vivir en nuestro d\u00eda a d\u00eda\u201d,&hellip;Leer m\u00e1s...\" \/>\n<meta property=\"og:url\" content=\"https:\/\/www.aliadospuebla.com\/?p=112423\" \/>\n<meta property=\"og:site_name\" content=\"AliadosPuebla\" \/>\n<meta property=\"article:author\" content=\"https:\/\/www.facebook.com\/Aliados17Pue\" \/>\n<meta property=\"article:published_time\" content=\"2026-03-23T02:18:27+00:00\" \/>\n<meta property=\"og:image\" content=\"https:\/\/www.aliadospuebla.com\/web2017\/wp-content\/uploads\/2026\/03\/191.jpg\" \/>\n\t<meta property=\"og:image:width\" content=\"600\" \/>\n\t<meta property=\"og:image:height\" content=\"450\" \/>\n\t<meta property=\"og:image:type\" content=\"image\/jpeg\" \/>\n<meta name=\"author\" content=\"Aliados17\" \/>\n<meta name=\"twitter:card\" content=\"summary_large_image\" \/>\n<meta name=\"twitter:creator\" content=\"@AliadosPuebla\" \/>\n<meta name=\"twitter:label1\" content=\"Escrito por\" \/>\n\t<meta name=\"twitter:data1\" content=\"Aliados17\" \/>\n\t<meta name=\"twitter:label2\" content=\"Tiempo de lectura\" \/>\n\t<meta name=\"twitter:data2\" content=\"2 minutos\" \/>\n<script type=\"application\/ld+json\" class=\"yoast-schema-graph\">{\"@context\":\"https:\\\/\\\/schema.org\",\"@graph\":[{\"@type\":\"Article\",\"@id\":\"https:\\\/\\\/www.aliadospuebla.com\\\/?p=112423#article\",\"isPartOf\":{\"@id\":\"https:\\\/\\\/www.aliadospuebla.com\\\/?p=112423\"},\"author\":{\"name\":\"Aliados17\",\"@id\":\"https:\\\/\\\/www.aliadospuebla.com\\\/#\\\/schema\\\/person\\\/5da7dd09320bd4f392b710017ed5f8ad\"},\"headline\":\"Presentan en el Congreso del Estado el Festival Cultural de la Sierra Pahuatl\u00e1n 2026\",\"datePublished\":\"2026-03-23T02:18:27+00:00\",\"mainEntityOfPage\":{\"@id\":\"https:\\\/\\\/www.aliadospuebla.com\\\/?p=112423\"},\"wordCount\":276,\"commentCount\":0,\"image\":{\"@id\":\"https:\\\/\\\/www.aliadospuebla.com\\\/?p=112423#primaryimage\"},\"thumbnailUrl\":\"https:\\\/\\\/www.aliadospuebla.com\\\/web2017\\\/wp-content\\\/uploads\\\/2026\\\/03\\\/191.jpg\",\"keywords\":[\"Ang\u00e9lica Patricia Alvarado Ju\u00e1rez\",\"Festival Cultural de la Sierra Pahuatl\u00e1n 2026\",\"riqueza cultural\",\"SIERRA NORTE DE PUEBLA\"],\"articleSection\":[\"Pol\u00edtica\"],\"inLanguage\":\"es\",\"potentialAction\":[{\"@type\":\"CommentAction\",\"name\":\"Comment\",\"target\":[\"https:\\\/\\\/www.aliadospuebla.com\\\/?p=112423#respond\"]}]},{\"@type\":\"WebPage\",\"@id\":\"https:\\\/\\\/www.aliadospuebla.com\\\/?p=112423\",\"url\":\"https:\\\/\\\/www.aliadospuebla.com\\\/?p=112423\",\"name\":\"Presentan en el Congreso del Estado el Festival Cultural de la Sierra Pahuatl\u00e1n 2026 - AliadosPuebla\",\"isPartOf\":{\"@id\":\"https:\\\/\\\/www.aliadospuebla.com\\\/#website\"},\"primaryImageOfPage\":{\"@id\":\"https:\\\/\\\/www.aliadospuebla.com\\\/?p=112423#primaryimage\"},\"image\":{\"@id\":\"https:\\\/\\\/www.aliadospuebla.com\\\/?p=112423#primaryimage\"},\"thumbnailUrl\":\"https:\\\/\\\/www.aliadospuebla.com\\\/web2017\\\/wp-content\\\/uploads\\\/2026\\\/03\\\/191.jpg\",\"datePublished\":\"2026-03-23T02:18:27+00:00\",\"author\":{\"@id\":\"https:\\\/\\\/www.aliadospuebla.com\\\/#\\\/schema\\\/person\\\/5da7dd09320bd4f392b710017ed5f8ad\"},\"breadcrumb\":{\"@id\":\"https:\\\/\\\/www.aliadospuebla.com\\\/?p=112423#breadcrumb\"},\"inLanguage\":\"es\",\"potentialAction\":[{\"@type\":\"ReadAction\",\"target\":[\"https:\\\/\\\/www.aliadospuebla.com\\\/?p=112423\"]}]},{\"@type\":\"ImageObject\",\"inLanguage\":\"es\",\"@id\":\"https:\\\/\\\/www.aliadospuebla.com\\\/?p=112423#primaryimage\",\"url\":\"https:\\\/\\\/www.aliadospuebla.com\\\/web2017\\\/wp-content\\\/uploads\\\/2026\\\/03\\\/191.jpg\",\"contentUrl\":\"https:\\\/\\\/www.aliadospuebla.com\\\/web2017\\\/wp-content\\\/uploads\\\/2026\\\/03\\\/191.jpg\",\"width\":600,\"height\":450},{\"@type\":\"BreadcrumbList\",\"@id\":\"https:\\\/\\\/www.aliadospuebla.com\\\/?p=112423#breadcrumb\",\"itemListElement\":[{\"@type\":\"ListItem\",\"position\":1,\"name\":\"Portada\",\"item\":\"https:\\\/\\\/www.aliadospuebla.com\\\/\"},{\"@type\":\"ListItem\",\"position\":2,\"name\":\"Presentan en el Congreso del Estado el Festival Cultural de la Sierra Pahuatl\u00e1n 2026\"}]},{\"@type\":\"WebSite\",\"@id\":\"https:\\\/\\\/www.aliadospuebla.com\\\/#website\",\"url\":\"https:\\\/\\\/www.aliadospuebla.com\\\/\",\"name\":\"AliadosPuebla\",\"description\":\"La informaci\u00f3n en tus manos\",\"potentialAction\":[{\"@type\":\"SearchAction\",\"target\":{\"@type\":\"EntryPoint\",\"urlTemplate\":\"https:\\\/\\\/www.aliadospuebla.com\\\/?s={search_term_string}\"},\"query-input\":{\"@type\":\"PropertyValueSpecification\",\"valueRequired\":true,\"valueName\":\"search_term_string\"}}],\"inLanguage\":\"es\"},{\"@type\":\"Person\",\"@id\":\"https:\\\/\\\/www.aliadospuebla.com\\\/#\\\/schema\\\/person\\\/5da7dd09320bd4f392b710017ed5f8ad\",\"name\":\"Aliados17\",\"image\":{\"@type\":\"ImageObject\",\"inLanguage\":\"es\",\"@id\":\"https:\\\/\\\/www.aliadospuebla.com\\\/web2017\\\/wp-content\\\/uploads\\\/2025\\\/03\\\/cropped-para-perfil-8-anos-1-96x96.jpg\",\"url\":\"https:\\\/\\\/www.aliadospuebla.com\\\/web2017\\\/wp-content\\\/uploads\\\/2025\\\/03\\\/cropped-para-perfil-8-anos-1-96x96.jpg\",\"contentUrl\":\"https:\\\/\\\/www.aliadospuebla.com\\\/web2017\\\/wp-content\\\/uploads\\\/2025\\\/03\\\/cropped-para-perfil-8-anos-1-96x96.jpg\",\"caption\":\"Aliados17\"},\"sameAs\":[\"https:\\\/\\\/www.aliados17.com\",\"https:\\\/\\\/www.facebook.com\\\/Aliados17Pue\",\"https:\\\/\\\/x.com\\\/AliadosPuebla\"],\"url\":\"https:\\\/\\\/www.aliadospuebla.com\\\/?author=2\"}]}<\/script>\n<!-- \/ Yoast SEO plugin. -->","yoast_head_json":{"title":"Presentan en el Congreso del Estado el Festival Cultural de la Sierra Pahuatl\u00e1n 2026 - AliadosPuebla","robots":{"index":"index","follow":"follow","max-snippet":"max-snippet:-1","max-image-preview":"max-image-preview:large","max-video-preview":"max-video-preview:-1"},"canonical":"https:\/\/www.aliadospuebla.com\/?p=112423","og_locale":"es_ES","og_type":"article","og_title":"Presentan en el Congreso del Estado el Festival Cultural de la Sierra Pahuatl\u00e1n 2026 - AliadosPuebla","og_description":"Del 29 de marzo al 5 de abril se llevar\u00e1 a cabo el Festival Cultural de la Sierra Pahuatl\u00e1n 2026, mediante el cual se pretende destacar la riqueza cultural y art\u00edstica de la regi\u00f3n, se\u00f1alaron las diputadas Ang\u00e9lica Patricia Alvarado Ju\u00e1rez y Laura Guadalupe Vargas Vargas. En su participaci\u00f3n, la diputada Ang\u00e9lica Patricia Alvarado Ju\u00e1rez destac\u00f3 la importancia de difundir la grandeza del municipio de Pahuatl\u00e1n y de la Sierra Norte de Puebla, pues mediante estas actividades se realza la cultura y las expresiones que se viven d\u00eda a d\u00eda en los pueblos originarios. \u201cLos invito a que cada uno, como poblanos, seamos embajadores de la gran riqueza cultural, hist\u00f3rica y gastron\u00f3mica que tiene Puebla, la cual tenemos que vivir en nuestro d\u00eda a d\u00eda\u201d,&hellip;Leer m\u00e1s...","og_url":"https:\/\/www.aliadospuebla.com\/?p=112423","og_site_name":"AliadosPuebla","article_author":"https:\/\/www.facebook.com\/Aliados17Pue","article_published_time":"2026-03-23T02:18:27+00:00","og_image":[{"width":600,"height":450,"url":"https:\/\/www.aliadospuebla.com\/web2017\/wp-content\/uploads\/2026\/03\/191.jpg","type":"image\/jpeg"}],"author":"Aliados17","twitter_card":"summary_large_image","twitter_creator":"@AliadosPuebla","twitter_misc":{"Escrito por":"Aliados17","Tiempo de lectura":"2 minutos"},"schema":{"@context":"https:\/\/schema.org","@graph":[{"@type":"Article","@id":"https:\/\/www.aliadospuebla.com\/?p=112423#article","isPartOf":{"@id":"https:\/\/www.aliadospuebla.com\/?p=112423"},"author":{"name":"Aliados17","@id":"https:\/\/www.aliadospuebla.com\/#\/schema\/person\/5da7dd09320bd4f392b710017ed5f8ad"},"headline":"Presentan en el Congreso del Estado el Festival Cultural de la Sierra Pahuatl\u00e1n 2026","datePublished":"2026-03-23T02:18:27+00:00","mainEntityOfPage":{"@id":"https:\/\/www.aliadospuebla.com\/?p=112423"},"wordCount":276,"commentCount":0,"image":{"@id":"https:\/\/www.aliadospuebla.com\/?p=112423#primaryimage"},"thumbnailUrl":"https:\/\/www.aliadospuebla.com\/web2017\/wp-content\/uploads\/2026\/03\/191.jpg","keywords":["Ang\u00e9lica Patricia Alvarado Ju\u00e1rez","Festival Cultural de la Sierra Pahuatl\u00e1n 2026","riqueza cultural","SIERRA NORTE DE PUEBLA"],"articleSection":["Pol\u00edtica"],"inLanguage":"es","potentialAction":[{"@type":"CommentAction","name":"Comment","target":["https:\/\/www.aliadospuebla.com\/?p=112423#respond"]}]},{"@type":"WebPage","@id":"https:\/\/www.aliadospuebla.com\/?p=112423","url":"https:\/\/www.aliadospuebla.com\/?p=112423","name":"Presentan en el Congreso del Estado el Festival Cultural de la Sierra Pahuatl\u00e1n 2026 - AliadosPuebla","isPartOf":{"@id":"https:\/\/www.aliadospuebla.com\/#website"},"primaryImageOfPage":{"@id":"https:\/\/www.aliadospuebla.com\/?p=112423#primaryimage"},"image":{"@id":"https:\/\/www.aliadospuebla.com\/?p=112423#primaryimage"},"thumbnailUrl":"https:\/\/www.aliadospuebla.com\/web2017\/wp-content\/uploads\/2026\/03\/191.jpg","datePublished":"2026-03-23T02:18:27+00:00","author":{"@id":"https:\/\/www.aliadospuebla.com\/#\/schema\/person\/5da7dd09320bd4f392b710017ed5f8ad"},"breadcrumb":{"@id":"https:\/\/www.aliadospuebla.com\/?p=112423#breadcrumb"},"inLanguage":"es","potentialAction":[{"@type":"ReadAction","target":["https:\/\/www.aliadospuebla.com\/?p=112423"]}]},{"@type":"ImageObject","inLanguage":"es","@id":"https:\/\/www.aliadospuebla.com\/?p=112423#primaryimage","url":"https:\/\/www.aliadospuebla.com\/web2017\/wp-content\/uploads\/2026\/03\/191.jpg","contentUrl":"https:\/\/www.aliadospuebla.com\/web2017\/wp-content\/uploads\/2026\/03\/191.jpg","width":600,"height":450},{"@type":"BreadcrumbList","@id":"https:\/\/www.aliadospuebla.com\/?p=112423#breadcrumb","itemListElement":[{"@type":"ListItem","position":1,"name":"Portada","item":"https:\/\/www.aliadospuebla.com\/"},{"@type":"ListItem","position":2,"name":"Presentan en el Congreso del Estado el Festival Cultural de la Sierra Pahuatl\u00e1n 2026"}]},{"@type":"WebSite","@id":"https:\/\/www.aliadospuebla.com\/#website","url":"https:\/\/www.aliadospuebla.com\/","name":"AliadosPuebla","description":"La informaci\u00f3n en tus manos","potentialAction":[{"@type":"SearchAction","target":{"@type":"EntryPoint","urlTemplate":"https:\/\/www.aliadospuebla.com\/?s={search_term_string}"},"query-input":{"@type":"PropertyValueSpecification","valueRequired":true,"valueName":"search_term_string"}}],"inLanguage":"es"},{"@type":"Person","@id":"https:\/\/www.aliadospuebla.com\/#\/schema\/person\/5da7dd09320bd4f392b710017ed5f8ad","name":"Aliados17","image":{"@type":"ImageObject","inLanguage":"es","@id":"https:\/\/www.aliadospuebla.com\/web2017\/wp-content\/uploads\/2025\/03\/cropped-para-perfil-8-anos-1-96x96.jpg","url":"https:\/\/www.aliadospuebla.com\/web2017\/wp-content\/uploads\/2025\/03\/cropped-para-perfil-8-anos-1-96x96.jpg","contentUrl":"https:\/\/www.aliadospuebla.com\/web2017\/wp-content\/uploads\/2025\/03\/cropped-para-perfil-8-anos-1-96x96.jpg","caption":"Aliados17"},"sameAs":["https:\/\/www.aliados17.com","https:\/\/www.facebook.com\/Aliados17Pue","https:\/\/x.com\/AliadosPuebla"],"url":"https:\/\/www.aliadospuebla.com\/?author=2"}]}},"views":19,"_links":{"self":[{"href":"https:\/\/www.aliadospuebla.com\/index.php?rest_route=\/wp\/v2\/posts\/112423","targetHints":{"allow":["GET"]}}],"collection":[{"href":"https:\/\/www.aliadospuebla.com\/index.php?rest_route=\/wp\/v2\/posts"}],"about":[{"href":"https:\/\/www.aliadospuebla.com\/index.php?rest_route=\/wp\/v2\/types\/post"}],"author":[{"embeddable":true,"href":"https:\/\/www.aliadospuebla.com\/index.php?rest_route=\/wp\/v2\/users\/2"}],"replies":[{"embeddable":true,"href":"https:\/\/www.aliadospuebla.com\/index.php?rest_route=%2Fwp%2Fv2%2Fcomments&post=112423"}],"version-history":[{"count":1,"href":"https:\/\/www.aliadospuebla.com\/index.php?rest_route=\/wp\/v2\/posts\/112423\/revisions"}],"predecessor-version":[{"id":112425,"href":"https:\/\/www.aliadospuebla.com\/index.php?rest_route=\/wp\/v2\/posts\/112423\/revisions\/112425"}],"wp:featuredmedia":[{"embeddable":true,"href":"https:\/\/www.aliadospuebla.com\/index.php?rest_route=\/wp\/v2\/media\/112424"}],"wp:attachment":[{"href":"https:\/\/www.aliadospuebla.com\/index.php?rest_route=%2Fwp%2Fv2%2Fmedia&parent=112423"}],"wp:term":[{"taxonomy":"category","embeddable":true,"href":"https:\/\/www.aliadospuebla.com\/index.php?rest_route=%2Fwp%2Fv2%2Fcategories&post=112423"},{"taxonomy":"post_tag","embeddable":true,"href":"https:\/\/www.aliadospuebla.com\/index.php?rest_route=%2Fwp%2Fv2%2Ftags&post=112423"}],"curies":[{"name":"wp","href":"https:\/\/api.w.org\/{rel}","templated":true}]}}