{"id":112216,"date":"2026-03-15T21:24:31","date_gmt":"2026-03-16T03:24:31","guid":{"rendered":"https:\/\/www.aliadospuebla.com\/?p=112216"},"modified":"2026-03-15T21:24:31","modified_gmt":"2026-03-16T03:24:31","slug":"promueven-en-el-congreso-del-estado-la-feria-artesanal-de-san-miguel-tenextatiloyan","status":"publish","type":"post","link":"https:\/\/www.aliadospuebla.com\/?p=112216","title":{"rendered":"Promueven en el Congreso del Estado la Feria Artesanal de San Miguel Tenextatiloyan"},"content":{"rendered":"<h4><em>Esta actividad se llevar\u00e1 a cabo del 2 al 7 de abril, donde se contar\u00e1 con exposiciones, venta de artesan\u00edas y actividades culturales<\/em><\/h4>\n<p>El Congreso del Estado, llev\u00f3 a cabo una rueda de prensa para anunciar la Feria Artesanal de San Miguel Tenextatiloyan 2026, que se realizar\u00e1 del 2 al 7 de abril, con la finalidad de promover las actividades culturales, artesanales y la alfarer\u00eda de la regi\u00f3n.<\/p>\n<p>&nbsp;<\/p>\n<p>Durante el encuentro con medios de comunicaci\u00f3n, la diputada Esther Mart\u00ednez Romano destac\u00f3 que el Congreso del Estado no solo es un espacio para el trabajo legislativo, sino tambi\u00e9n un lugar para dar a conocer la riqueza cultural y las tradiciones de las comunidades del estado, particularmente de los pueblos ind\u00edgenas.<\/p>\n<p>&nbsp;<\/p>\n<p>La legisladora se\u00f1al\u00f3 que en el municipio de Zautla cerca del 67 por ciento de la poblaci\u00f3n es ind\u00edgena, principalmente hablante de n\u00e1huatl, y en San Miguel Tenextatiloyan muchas familias se dedican a la elaboraci\u00f3n de artesan\u00edas de barro, actividad que forma parte de su identidad cultural, as\u00ed como de una fuente importante de ingresos.<\/p>\n<p>&nbsp;<\/p>\n<p>Por su parte, el diputado Jos\u00e9 Luis Figueroa Cort\u00e9s destac\u00f3 que el Congreso del Estado sirve como puente para promover las tradiciones y actividades culturales de las regiones de Puebla, por lo que invit\u00f3 a la ciudadan\u00eda a visitar esta feria artesanal, que muestra la cultura y la tradici\u00f3n de la comunidad.<\/p>\n<p>&nbsp;<\/p>\n<p>Durante la rueda de prensa, el promotor cultural honor\u00edfico de Cultura y Turismo de Zautla, Tonatiuh Ramos Hern\u00e1ndez, comparti\u00f3 que la tradici\u00f3n alfarera en la regi\u00f3n tiene muchos a\u00f1os de historia, gracias al conocimiento que se preserva de generaci\u00f3n en generaci\u00f3n, lo que permite que actualmente mil 500 familias se dediquen a esta actividad.<\/p>\n<p>&nbsp;<\/p>\n<p>En este evento tambi\u00e9n se cont\u00f3 con la participaci\u00f3n de Rodolfo Iglesias Ortega, presidente del Corredor Tur\u00edstico Artesanal y del Comit\u00e9 Organizador, as\u00ed como de autoridades municipales, de la junta auxiliar y artesanos de la regi\u00f3n.<\/p>\n","protected":false},"excerpt":{"rendered":"<p>Esta actividad se llevar\u00e1 a cabo del 2 al 7 de abril, donde se contar\u00e1 con exposiciones, venta de artesan\u00edas y actividades culturales El Congreso del Estado, llev\u00f3 a cabo una rueda de prensa para anunciar la Feria Artesanal de San Miguel Tenextatiloyan 2026, que se realizar\u00e1 del 2 al 7 de abril, con la finalidad de promover las actividades culturales, artesanales y la alfarer\u00eda de la regi\u00f3n. &nbsp; Durante el encuentro con medios de comunicaci\u00f3n, la diputada Esther Mart\u00ednez Romano destac\u00f3 que el Congreso del Estado no solo es un espacio para el trabajo legislativo, sino tambi\u00e9n un lugar para dar a conocer la riqueza cultural y las tradiciones de las comunidades del estado, particularmente de los pueblos ind\u00edgenas. &nbsp; La legisladora se\u00f1al\u00f3 que&hellip;<\/p>\n<p class=\"excerpt-more\"><a class=\"blog-excerpt button\" href=\"https:\/\/www.aliadospuebla.com\/?p=112216\">Leer m\u00e1s&#8230;<\/a><\/p>\n","protected":false},"author":2,"featured_media":112217,"comment_status":"open","ping_status":"open","sticky":false,"template":"","format":"standard","meta":{"_monsterinsights_skip_tracking":false,"footnotes":""},"categories":[6],"tags":[2173,88,24913,32790,25169,25103,783,631,5375],"class_list":["post-112216","post","type-post","status-publish","format-standard","has-post-thumbnail","hentry","category-politica","tag-actividades-culturales","tag-congreso-del-estado","tag-esther-martinez-romano","tag-feria-artesanal-de-san-miguel-tenextatiloyan-2026","tag-identidad-cultural","tag-jose-luis-figueroa-cortes","tag-pueblos-indigenas","tag-tradiciones","tag-zautla"],"yoast_head":"<!-- This site is optimized with the Yoast SEO plugin v28.4 - https:\/\/yoast.com\/product\/yoast-seo-wordpress\/ -->\n<title>Promueven en el Congreso del Estado la Feria Artesanal de San Miguel Tenextatiloyan - AliadosPuebla<\/title>\n<meta name=\"robots\" content=\"index, follow, max-snippet:-1, max-image-preview:large, max-video-preview:-1\" \/>\n<link rel=\"canonical\" href=\"https:\/\/www.aliadospuebla.com\/?p=112216\" \/>\n<meta property=\"og:locale\" content=\"es_ES\" \/>\n<meta property=\"og:type\" content=\"article\" \/>\n<meta property=\"og:title\" content=\"Promueven en el Congreso del Estado la Feria Artesanal de San Miguel Tenextatiloyan - AliadosPuebla\" \/>\n<meta property=\"og:description\" content=\"Esta actividad se llevar\u00e1 a cabo del 2 al 7 de abril, donde se contar\u00e1 con exposiciones, venta de artesan\u00edas y actividades culturales El Congreso del Estado, llev\u00f3 a cabo una rueda de prensa para anunciar la Feria Artesanal de San Miguel Tenextatiloyan 2026, que se realizar\u00e1 del 2 al 7 de abril, con la finalidad de promover las actividades culturales, artesanales y la alfarer\u00eda de la regi\u00f3n. &nbsp; Durante el encuentro con medios de comunicaci\u00f3n, la diputada Esther Mart\u00ednez Romano destac\u00f3 que el Congreso del Estado no solo es un espacio para el trabajo legislativo, sino tambi\u00e9n un lugar para dar a conocer la riqueza cultural y las tradiciones de las comunidades del estado, particularmente de los pueblos ind\u00edgenas. &nbsp; La legisladora se\u00f1al\u00f3 que&hellip;Leer m\u00e1s...\" \/>\n<meta property=\"og:url\" content=\"https:\/\/www.aliadospuebla.com\/?p=112216\" \/>\n<meta property=\"og:site_name\" content=\"AliadosPuebla\" \/>\n<meta property=\"article:author\" content=\"https:\/\/www.facebook.com\/Aliados17Pue\" \/>\n<meta property=\"article:published_time\" content=\"2026-03-16T03:24:31+00:00\" \/>\n<meta property=\"og:image\" content=\"https:\/\/www.aliadospuebla.com\/web2017\/wp-content\/uploads\/2026\/03\/131.jpg\" \/>\n\t<meta property=\"og:image:width\" content=\"600\" \/>\n\t<meta property=\"og:image:height\" content=\"450\" \/>\n\t<meta property=\"og:image:type\" content=\"image\/jpeg\" \/>\n<meta name=\"author\" content=\"Aliados17\" \/>\n<meta name=\"twitter:card\" content=\"summary_large_image\" \/>\n<meta name=\"twitter:creator\" content=\"@AliadosPuebla\" \/>\n<meta name=\"twitter:label1\" content=\"Escrito por\" \/>\n\t<meta name=\"twitter:data1\" content=\"Aliados17\" \/>\n\t<meta name=\"twitter:label2\" content=\"Tiempo de lectura\" \/>\n\t<meta name=\"twitter:data2\" content=\"2 minutos\" \/>\n<script type=\"application\/ld+json\" class=\"yoast-schema-graph\">{\"@context\":\"https:\\\/\\\/schema.org\",\"@graph\":[{\"@type\":\"Article\",\"@id\":\"https:\\\/\\\/www.aliadospuebla.com\\\/?p=112216#article\",\"isPartOf\":{\"@id\":\"https:\\\/\\\/www.aliadospuebla.com\\\/?p=112216\"},\"author\":{\"name\":\"Aliados17\",\"@id\":\"https:\\\/\\\/www.aliadospuebla.com\\\/#\\\/schema\\\/person\\\/5da7dd09320bd4f392b710017ed5f8ad\"},\"headline\":\"Promueven en el Congreso del Estado la Feria Artesanal de San Miguel Tenextatiloyan\",\"datePublished\":\"2026-03-16T03:24:31+00:00\",\"mainEntityOfPage\":{\"@id\":\"https:\\\/\\\/www.aliadospuebla.com\\\/?p=112216\"},\"wordCount\":354,\"commentCount\":0,\"image\":{\"@id\":\"https:\\\/\\\/www.aliadospuebla.com\\\/?p=112216#primaryimage\"},\"thumbnailUrl\":\"https:\\\/\\\/www.aliadospuebla.com\\\/web2017\\\/wp-content\\\/uploads\\\/2026\\\/03\\\/131.jpg\",\"keywords\":[\"ACTIVIDADES CULTURALES\",\"Congreso del Estado\",\"Esther Mart\u00ednez Romano\",\"Feria Artesanal de San Miguel Tenextatiloyan 2026\",\"identidad cultural\",\"Jos\u00e9 Luis Figueroa Cort\u00e9s\",\"PUEBLOS IND\u00cdGENAS\",\"TRADICIONES\",\"ZAUTLA\"],\"articleSection\":[\"Pol\u00edtica\"],\"inLanguage\":\"es\",\"potentialAction\":[{\"@type\":\"CommentAction\",\"name\":\"Comment\",\"target\":[\"https:\\\/\\\/www.aliadospuebla.com\\\/?p=112216#respond\"]}]},{\"@type\":\"WebPage\",\"@id\":\"https:\\\/\\\/www.aliadospuebla.com\\\/?p=112216\",\"url\":\"https:\\\/\\\/www.aliadospuebla.com\\\/?p=112216\",\"name\":\"Promueven en el Congreso del Estado la Feria Artesanal de San Miguel Tenextatiloyan - AliadosPuebla\",\"isPartOf\":{\"@id\":\"https:\\\/\\\/www.aliadospuebla.com\\\/#website\"},\"primaryImageOfPage\":{\"@id\":\"https:\\\/\\\/www.aliadospuebla.com\\\/?p=112216#primaryimage\"},\"image\":{\"@id\":\"https:\\\/\\\/www.aliadospuebla.com\\\/?p=112216#primaryimage\"},\"thumbnailUrl\":\"https:\\\/\\\/www.aliadospuebla.com\\\/web2017\\\/wp-content\\\/uploads\\\/2026\\\/03\\\/131.jpg\",\"datePublished\":\"2026-03-16T03:24:31+00:00\",\"author\":{\"@id\":\"https:\\\/\\\/www.aliadospuebla.com\\\/#\\\/schema\\\/person\\\/5da7dd09320bd4f392b710017ed5f8ad\"},\"breadcrumb\":{\"@id\":\"https:\\\/\\\/www.aliadospuebla.com\\\/?p=112216#breadcrumb\"},\"inLanguage\":\"es\",\"potentialAction\":[{\"@type\":\"ReadAction\",\"target\":[\"https:\\\/\\\/www.aliadospuebla.com\\\/?p=112216\"]}]},{\"@type\":\"ImageObject\",\"inLanguage\":\"es\",\"@id\":\"https:\\\/\\\/www.aliadospuebla.com\\\/?p=112216#primaryimage\",\"url\":\"https:\\\/\\\/www.aliadospuebla.com\\\/web2017\\\/wp-content\\\/uploads\\\/2026\\\/03\\\/131.jpg\",\"contentUrl\":\"https:\\\/\\\/www.aliadospuebla.com\\\/web2017\\\/wp-content\\\/uploads\\\/2026\\\/03\\\/131.jpg\",\"width\":600,\"height\":450},{\"@type\":\"BreadcrumbList\",\"@id\":\"https:\\\/\\\/www.aliadospuebla.com\\\/?p=112216#breadcrumb\",\"itemListElement\":[{\"@type\":\"ListItem\",\"position\":1,\"name\":\"Portada\",\"item\":\"https:\\\/\\\/www.aliadospuebla.com\\\/\"},{\"@type\":\"ListItem\",\"position\":2,\"name\":\"Promueven en el Congreso del Estado la Feria Artesanal de San Miguel Tenextatiloyan\"}]},{\"@type\":\"WebSite\",\"@id\":\"https:\\\/\\\/www.aliadospuebla.com\\\/#website\",\"url\":\"https:\\\/\\\/www.aliadospuebla.com\\\/\",\"name\":\"AliadosPuebla\",\"description\":\"La informaci\u00f3n en tus manos\",\"potentialAction\":[{\"@type\":\"SearchAction\",\"target\":{\"@type\":\"EntryPoint\",\"urlTemplate\":\"https:\\\/\\\/www.aliadospuebla.com\\\/?s={search_term_string}\"},\"query-input\":{\"@type\":\"PropertyValueSpecification\",\"valueRequired\":true,\"valueName\":\"search_term_string\"}}],\"inLanguage\":\"es\"},{\"@type\":\"Person\",\"@id\":\"https:\\\/\\\/www.aliadospuebla.com\\\/#\\\/schema\\\/person\\\/5da7dd09320bd4f392b710017ed5f8ad\",\"name\":\"Aliados17\",\"image\":{\"@type\":\"ImageObject\",\"inLanguage\":\"es\",\"@id\":\"https:\\\/\\\/www.aliadospuebla.com\\\/web2017\\\/wp-content\\\/uploads\\\/2025\\\/03\\\/cropped-para-perfil-8-anos-1-96x96.jpg\",\"url\":\"https:\\\/\\\/www.aliadospuebla.com\\\/web2017\\\/wp-content\\\/uploads\\\/2025\\\/03\\\/cropped-para-perfil-8-anos-1-96x96.jpg\",\"contentUrl\":\"https:\\\/\\\/www.aliadospuebla.com\\\/web2017\\\/wp-content\\\/uploads\\\/2025\\\/03\\\/cropped-para-perfil-8-anos-1-96x96.jpg\",\"caption\":\"Aliados17\"},\"sameAs\":[\"https:\\\/\\\/www.aliados17.com\",\"https:\\\/\\\/www.facebook.com\\\/Aliados17Pue\",\"https:\\\/\\\/x.com\\\/AliadosPuebla\"],\"url\":\"https:\\\/\\\/www.aliadospuebla.com\\\/?author=2\"}]}<\/script>\n<!-- \/ Yoast SEO plugin. -->","yoast_head_json":{"title":"Promueven en el Congreso del Estado la Feria Artesanal de San Miguel Tenextatiloyan - AliadosPuebla","robots":{"index":"index","follow":"follow","max-snippet":"max-snippet:-1","max-image-preview":"max-image-preview:large","max-video-preview":"max-video-preview:-1"},"canonical":"https:\/\/www.aliadospuebla.com\/?p=112216","og_locale":"es_ES","og_type":"article","og_title":"Promueven en el Congreso del Estado la Feria Artesanal de San Miguel Tenextatiloyan - AliadosPuebla","og_description":"Esta actividad se llevar\u00e1 a cabo del 2 al 7 de abril, donde se contar\u00e1 con exposiciones, venta de artesan\u00edas y actividades culturales El Congreso del Estado, llev\u00f3 a cabo una rueda de prensa para anunciar la Feria Artesanal de San Miguel Tenextatiloyan 2026, que se realizar\u00e1 del 2 al 7 de abril, con la finalidad de promover las actividades culturales, artesanales y la alfarer\u00eda de la regi\u00f3n. &nbsp; Durante el encuentro con medios de comunicaci\u00f3n, la diputada Esther Mart\u00ednez Romano destac\u00f3 que el Congreso del Estado no solo es un espacio para el trabajo legislativo, sino tambi\u00e9n un lugar para dar a conocer la riqueza cultural y las tradiciones de las comunidades del estado, particularmente de los pueblos ind\u00edgenas. &nbsp; La legisladora se\u00f1al\u00f3 que&hellip;Leer m\u00e1s...","og_url":"https:\/\/www.aliadospuebla.com\/?p=112216","og_site_name":"AliadosPuebla","article_author":"https:\/\/www.facebook.com\/Aliados17Pue","article_published_time":"2026-03-16T03:24:31+00:00","og_image":[{"width":600,"height":450,"url":"https:\/\/www.aliadospuebla.com\/web2017\/wp-content\/uploads\/2026\/03\/131.jpg","type":"image\/jpeg"}],"author":"Aliados17","twitter_card":"summary_large_image","twitter_creator":"@AliadosPuebla","twitter_misc":{"Escrito por":"Aliados17","Tiempo de lectura":"2 minutos"},"schema":{"@context":"https:\/\/schema.org","@graph":[{"@type":"Article","@id":"https:\/\/www.aliadospuebla.com\/?p=112216#article","isPartOf":{"@id":"https:\/\/www.aliadospuebla.com\/?p=112216"},"author":{"name":"Aliados17","@id":"https:\/\/www.aliadospuebla.com\/#\/schema\/person\/5da7dd09320bd4f392b710017ed5f8ad"},"headline":"Promueven en el Congreso del Estado la Feria Artesanal de San Miguel Tenextatiloyan","datePublished":"2026-03-16T03:24:31+00:00","mainEntityOfPage":{"@id":"https:\/\/www.aliadospuebla.com\/?p=112216"},"wordCount":354,"commentCount":0,"image":{"@id":"https:\/\/www.aliadospuebla.com\/?p=112216#primaryimage"},"thumbnailUrl":"https:\/\/www.aliadospuebla.com\/web2017\/wp-content\/uploads\/2026\/03\/131.jpg","keywords":["ACTIVIDADES CULTURALES","Congreso del Estado","Esther Mart\u00ednez Romano","Feria Artesanal de San Miguel Tenextatiloyan 2026","identidad cultural","Jos\u00e9 Luis Figueroa Cort\u00e9s","PUEBLOS IND\u00cdGENAS","TRADICIONES","ZAUTLA"],"articleSection":["Pol\u00edtica"],"inLanguage":"es","potentialAction":[{"@type":"CommentAction","name":"Comment","target":["https:\/\/www.aliadospuebla.com\/?p=112216#respond"]}]},{"@type":"WebPage","@id":"https:\/\/www.aliadospuebla.com\/?p=112216","url":"https:\/\/www.aliadospuebla.com\/?p=112216","name":"Promueven en el Congreso del Estado la Feria Artesanal de San Miguel Tenextatiloyan - AliadosPuebla","isPartOf":{"@id":"https:\/\/www.aliadospuebla.com\/#website"},"primaryImageOfPage":{"@id":"https:\/\/www.aliadospuebla.com\/?p=112216#primaryimage"},"image":{"@id":"https:\/\/www.aliadospuebla.com\/?p=112216#primaryimage"},"thumbnailUrl":"https:\/\/www.aliadospuebla.com\/web2017\/wp-content\/uploads\/2026\/03\/131.jpg","datePublished":"2026-03-16T03:24:31+00:00","author":{"@id":"https:\/\/www.aliadospuebla.com\/#\/schema\/person\/5da7dd09320bd4f392b710017ed5f8ad"},"breadcrumb":{"@id":"https:\/\/www.aliadospuebla.com\/?p=112216#breadcrumb"},"inLanguage":"es","potentialAction":[{"@type":"ReadAction","target":["https:\/\/www.aliadospuebla.com\/?p=112216"]}]},{"@type":"ImageObject","inLanguage":"es","@id":"https:\/\/www.aliadospuebla.com\/?p=112216#primaryimage","url":"https:\/\/www.aliadospuebla.com\/web2017\/wp-content\/uploads\/2026\/03\/131.jpg","contentUrl":"https:\/\/www.aliadospuebla.com\/web2017\/wp-content\/uploads\/2026\/03\/131.jpg","width":600,"height":450},{"@type":"BreadcrumbList","@id":"https:\/\/www.aliadospuebla.com\/?p=112216#breadcrumb","itemListElement":[{"@type":"ListItem","position":1,"name":"Portada","item":"https:\/\/www.aliadospuebla.com\/"},{"@type":"ListItem","position":2,"name":"Promueven en el Congreso del Estado la Feria Artesanal de San Miguel Tenextatiloyan"}]},{"@type":"WebSite","@id":"https:\/\/www.aliadospuebla.com\/#website","url":"https:\/\/www.aliadospuebla.com\/","name":"AliadosPuebla","description":"La informaci\u00f3n en tus manos","potentialAction":[{"@type":"SearchAction","target":{"@type":"EntryPoint","urlTemplate":"https:\/\/www.aliadospuebla.com\/?s={search_term_string}"},"query-input":{"@type":"PropertyValueSpecification","valueRequired":true,"valueName":"search_term_string"}}],"inLanguage":"es"},{"@type":"Person","@id":"https:\/\/www.aliadospuebla.com\/#\/schema\/person\/5da7dd09320bd4f392b710017ed5f8ad","name":"Aliados17","image":{"@type":"ImageObject","inLanguage":"es","@id":"https:\/\/www.aliadospuebla.com\/web2017\/wp-content\/uploads\/2025\/03\/cropped-para-perfil-8-anos-1-96x96.jpg","url":"https:\/\/www.aliadospuebla.com\/web2017\/wp-content\/uploads\/2025\/03\/cropped-para-perfil-8-anos-1-96x96.jpg","contentUrl":"https:\/\/www.aliadospuebla.com\/web2017\/wp-content\/uploads\/2025\/03\/cropped-para-perfil-8-anos-1-96x96.jpg","caption":"Aliados17"},"sameAs":["https:\/\/www.aliados17.com","https:\/\/www.facebook.com\/Aliados17Pue","https:\/\/x.com\/AliadosPuebla"],"url":"https:\/\/www.aliadospuebla.com\/?author=2"}]}},"views":18,"_links":{"self":[{"href":"https:\/\/www.aliadospuebla.com\/index.php?rest_route=\/wp\/v2\/posts\/112216","targetHints":{"allow":["GET"]}}],"collection":[{"href":"https:\/\/www.aliadospuebla.com\/index.php?rest_route=\/wp\/v2\/posts"}],"about":[{"href":"https:\/\/www.aliadospuebla.com\/index.php?rest_route=\/wp\/v2\/types\/post"}],"author":[{"embeddable":true,"href":"https:\/\/www.aliadospuebla.com\/index.php?rest_route=\/wp\/v2\/users\/2"}],"replies":[{"embeddable":true,"href":"https:\/\/www.aliadospuebla.com\/index.php?rest_route=%2Fwp%2Fv2%2Fcomments&post=112216"}],"version-history":[{"count":1,"href":"https:\/\/www.aliadospuebla.com\/index.php?rest_route=\/wp\/v2\/posts\/112216\/revisions"}],"predecessor-version":[{"id":112218,"href":"https:\/\/www.aliadospuebla.com\/index.php?rest_route=\/wp\/v2\/posts\/112216\/revisions\/112218"}],"wp:featuredmedia":[{"embeddable":true,"href":"https:\/\/www.aliadospuebla.com\/index.php?rest_route=\/wp\/v2\/media\/112217"}],"wp:attachment":[{"href":"https:\/\/www.aliadospuebla.com\/index.php?rest_route=%2Fwp%2Fv2%2Fmedia&parent=112216"}],"wp:term":[{"taxonomy":"category","embeddable":true,"href":"https:\/\/www.aliadospuebla.com\/index.php?rest_route=%2Fwp%2Fv2%2Fcategories&post=112216"},{"taxonomy":"post_tag","embeddable":true,"href":"https:\/\/www.aliadospuebla.com\/index.php?rest_route=%2Fwp%2Fv2%2Ftags&post=112216"}],"curies":[{"name":"wp","href":"https:\/\/api.w.org\/{rel}","templated":true}]}}