{"id":112153,"date":"2026-03-12T23:31:34","date_gmt":"2026-03-13T05:31:34","guid":{"rendered":"https:\/\/www.aliadospuebla.com\/?p=112153"},"modified":"2026-03-12T23:31:34","modified_gmt":"2026-03-13T05:31:34","slug":"gobierno-de-la-ciudad-emite-recomendaciones-por-vientos-fuertes-en-la-capital-poblana","status":"publish","type":"post","link":"https:\/\/www.aliadospuebla.com\/?p=112153","title":{"rendered":"Gobierno de la Ciudad emite recomendaciones por vientos fuertes en la capital poblana"},"content":{"rendered":"<h4>&#8211; Se exhorta a la poblaci\u00f3n a reforzar medidas preventivas ante vientos fuertes: asegurar puertas y ventanas, retirar objetos de azoteas y balcones, evitar zonas arboladas y construcciones, conducir con precauci\u00f3n y no realizar quemas en pastizales.<\/h4>\n<p>Puebla, Pue.- El Gobierno de la Ciudad, encabezado por el presidente municipal Pepe Chedraui, informa que, a trav\u00e9s de la Secretar\u00eda de Gesti\u00f3n y Desarrollo Urbano y su Direcci\u00f3n de Gesti\u00f3n de Riesgos en materia de Protecci\u00f3n Civil, mantiene vigilancia permanente de las condiciones climatol\u00f3gicas con el objetivo de proteger la integridad de la poblaci\u00f3n.<\/p>\n<p>Con base en el reporte del Sistema Meteorol\u00f3gico Nacional, se prev\u00e9n vientos fuertes en la capital poblana, con rachas que podr\u00edan alcanzar hasta 30 km\/h durante todo el d\u00eda.<\/p>\n<p>Ante este pron\u00f3stico, se exhorta a la poblaci\u00f3n a tomar precauciones, ya que las r\u00e1fagas de viento pueden provocar la ca\u00edda de \u00e1rboles, anuncios espectaculares y objetos colocados en balcones y azoteas. La prevenci\u00f3n oportuna es fundamental para reducir riesgos y evitar incidentes.<\/p>\n<p>En el hogar, se recomienda cerrar y asegurar puertas y ventanas para evitar corrientes de aire que puedan romper cristales; retirar macetas, toldos, antenas, basura y objetos colgantes de balcones y azoteas; as\u00ed como evitar salir de casa si no es necesario. En la v\u00eda p\u00fablica, se sugiere mantenerse alejado de zonas arboladas, cornisas, muros, andamios y vallas publicitarias; no transitar cerca de construcciones o gr\u00faas; y reportar de inmediato a los servicios de emergencia cualquier ca\u00edda de \u00e1rboles, cables o estructuras.<\/p>\n<p>Al conducir, es importante disminuir la velocidad y aumentar la distancia de seguridad; sujetar el volante con ambas manos para mantener el control ante r\u00e1fagas laterales; extremar precauciones al salir de t\u00faneles o puentes; y evitar transportar carga en el techo del veh\u00edculo. De manera adicional, se recomienda no encender fuego ni realizar quemas en zonas de pastizal. El Gobierno de la Ciudad reafirma su compromiso con la seguridad y el bienestar de las y los poblanos.<\/p>\n","protected":false},"excerpt":{"rendered":"<p>&#8211; Se exhorta a la poblaci\u00f3n a reforzar medidas preventivas ante vientos fuertes: asegurar puertas y ventanas, retirar objetos de azoteas y balcones, evitar zonas arboladas y construcciones, conducir con precauci\u00f3n y no realizar quemas en pastizales. Puebla, Pue.- El Gobierno de la Ciudad, encabezado por el presidente municipal Pepe Chedraui, informa que, a trav\u00e9s de la Secretar\u00eda de Gesti\u00f3n y Desarrollo Urbano y su Direcci\u00f3n de Gesti\u00f3n de Riesgos en materia de Protecci\u00f3n Civil, mantiene vigilancia permanente de las condiciones climatol\u00f3gicas con el objetivo de proteger la integridad de la poblaci\u00f3n. Con base en el reporte del Sistema Meteorol\u00f3gico Nacional, se prev\u00e9n vientos fuertes en la capital poblana, con rachas que podr\u00edan alcanzar hasta 30 km\/h durante todo el d\u00eda. Ante este pron\u00f3stico, se&hellip;<\/p>\n<p class=\"excerpt-more\"><a class=\"blog-excerpt button\" href=\"https:\/\/www.aliadospuebla.com\/?p=112153\">Leer m\u00e1s&#8230;<\/a><\/p>\n","protected":false},"author":2,"featured_media":112154,"comment_status":"open","ping_status":"open","sticky":false,"template":"","format":"standard","meta":{"_monsterinsights_skip_tracking":false,"footnotes":""},"categories":[62],"tags":[31220,20612,109,3510,32757],"class_list":["post-112153","post","type-post","status-publish","format-standard","has-post-thumbnail","hentry","category-capital","tag-condiciones-climatologicas","tag-pepe-chedraui","tag-proteccion-civil","tag-recomendaciones","tag-vientos-fuertes"],"yoast_head":"<!-- This site is optimized with the Yoast SEO plugin v28.4 - https:\/\/yoast.com\/product\/yoast-seo-wordpress\/ -->\n<title>Gobierno de la Ciudad emite recomendaciones por vientos fuertes en la capital poblana - AliadosPuebla<\/title>\n<meta name=\"robots\" content=\"index, follow, max-snippet:-1, max-image-preview:large, max-video-preview:-1\" \/>\n<link rel=\"canonical\" href=\"https:\/\/www.aliadospuebla.com\/?p=112153\" \/>\n<meta property=\"og:locale\" content=\"es_ES\" \/>\n<meta property=\"og:type\" content=\"article\" \/>\n<meta property=\"og:title\" content=\"Gobierno de la Ciudad emite recomendaciones por vientos fuertes en la capital poblana - AliadosPuebla\" \/>\n<meta property=\"og:description\" content=\"&#8211; Se exhorta a la poblaci\u00f3n a reforzar medidas preventivas ante vientos fuertes: asegurar puertas y ventanas, retirar objetos de azoteas y balcones, evitar zonas arboladas y construcciones, conducir con precauci\u00f3n y no realizar quemas en pastizales. Puebla, Pue.- El Gobierno de la Ciudad, encabezado por el presidente municipal Pepe Chedraui, informa que, a trav\u00e9s de la Secretar\u00eda de Gesti\u00f3n y Desarrollo Urbano y su Direcci\u00f3n de Gesti\u00f3n de Riesgos en materia de Protecci\u00f3n Civil, mantiene vigilancia permanente de las condiciones climatol\u00f3gicas con el objetivo de proteger la integridad de la poblaci\u00f3n. Con base en el reporte del Sistema Meteorol\u00f3gico Nacional, se prev\u00e9n vientos fuertes en la capital poblana, con rachas que podr\u00edan alcanzar hasta 30 km\/h durante todo el d\u00eda. Ante este pron\u00f3stico, se&hellip;Leer m\u00e1s...\" \/>\n<meta property=\"og:url\" content=\"https:\/\/www.aliadospuebla.com\/?p=112153\" \/>\n<meta property=\"og:site_name\" content=\"AliadosPuebla\" \/>\n<meta property=\"article:author\" content=\"https:\/\/www.facebook.com\/Aliados17Pue\" \/>\n<meta property=\"article:published_time\" content=\"2026-03-13T05:31:34+00:00\" \/>\n<meta property=\"og:image\" content=\"https:\/\/www.aliadospuebla.com\/web2017\/wp-content\/uploads\/2026\/03\/111.jpg\" \/>\n\t<meta property=\"og:image:width\" content=\"600\" \/>\n\t<meta property=\"og:image:height\" content=\"450\" \/>\n\t<meta property=\"og:image:type\" content=\"image\/jpeg\" \/>\n<meta name=\"author\" content=\"Aliados17\" \/>\n<meta name=\"twitter:card\" content=\"summary_large_image\" \/>\n<meta name=\"twitter:creator\" content=\"@AliadosPuebla\" \/>\n<meta name=\"twitter:label1\" content=\"Escrito por\" \/>\n\t<meta name=\"twitter:data1\" content=\"Aliados17\" \/>\n\t<meta name=\"twitter:label2\" content=\"Tiempo de lectura\" \/>\n\t<meta name=\"twitter:data2\" content=\"2 minutos\" \/>\n<script type=\"application\/ld+json\" class=\"yoast-schema-graph\">{\"@context\":\"https:\\\/\\\/schema.org\",\"@graph\":[{\"@type\":\"Article\",\"@id\":\"https:\\\/\\\/www.aliadospuebla.com\\\/?p=112153#article\",\"isPartOf\":{\"@id\":\"https:\\\/\\\/www.aliadospuebla.com\\\/?p=112153\"},\"author\":{\"name\":\"Aliados17\",\"@id\":\"https:\\\/\\\/www.aliadospuebla.com\\\/#\\\/schema\\\/person\\\/5da7dd09320bd4f392b710017ed5f8ad\"},\"headline\":\"Gobierno de la Ciudad emite recomendaciones por vientos fuertes en la capital poblana\",\"datePublished\":\"2026-03-13T05:31:34+00:00\",\"mainEntityOfPage\":{\"@id\":\"https:\\\/\\\/www.aliadospuebla.com\\\/?p=112153\"},\"wordCount\":363,\"commentCount\":0,\"image\":{\"@id\":\"https:\\\/\\\/www.aliadospuebla.com\\\/?p=112153#primaryimage\"},\"thumbnailUrl\":\"https:\\\/\\\/www.aliadospuebla.com\\\/web2017\\\/wp-content\\\/uploads\\\/2026\\\/03\\\/111.jpg\",\"keywords\":[\"condiciones climatol\u00f3gicas\",\"Pepe Chedraui\",\"protecci\u00f3n civil\",\"RECOMENDACIONES\",\"vientos fuertes\"],\"articleSection\":[\"Capital\"],\"inLanguage\":\"es\",\"potentialAction\":[{\"@type\":\"CommentAction\",\"name\":\"Comment\",\"target\":[\"https:\\\/\\\/www.aliadospuebla.com\\\/?p=112153#respond\"]}]},{\"@type\":\"WebPage\",\"@id\":\"https:\\\/\\\/www.aliadospuebla.com\\\/?p=112153\",\"url\":\"https:\\\/\\\/www.aliadospuebla.com\\\/?p=112153\",\"name\":\"Gobierno de la Ciudad emite recomendaciones por vientos fuertes en la capital poblana - AliadosPuebla\",\"isPartOf\":{\"@id\":\"https:\\\/\\\/www.aliadospuebla.com\\\/#website\"},\"primaryImageOfPage\":{\"@id\":\"https:\\\/\\\/www.aliadospuebla.com\\\/?p=112153#primaryimage\"},\"image\":{\"@id\":\"https:\\\/\\\/www.aliadospuebla.com\\\/?p=112153#primaryimage\"},\"thumbnailUrl\":\"https:\\\/\\\/www.aliadospuebla.com\\\/web2017\\\/wp-content\\\/uploads\\\/2026\\\/03\\\/111.jpg\",\"datePublished\":\"2026-03-13T05:31:34+00:00\",\"author\":{\"@id\":\"https:\\\/\\\/www.aliadospuebla.com\\\/#\\\/schema\\\/person\\\/5da7dd09320bd4f392b710017ed5f8ad\"},\"breadcrumb\":{\"@id\":\"https:\\\/\\\/www.aliadospuebla.com\\\/?p=112153#breadcrumb\"},\"inLanguage\":\"es\",\"potentialAction\":[{\"@type\":\"ReadAction\",\"target\":[\"https:\\\/\\\/www.aliadospuebla.com\\\/?p=112153\"]}]},{\"@type\":\"ImageObject\",\"inLanguage\":\"es\",\"@id\":\"https:\\\/\\\/www.aliadospuebla.com\\\/?p=112153#primaryimage\",\"url\":\"https:\\\/\\\/www.aliadospuebla.com\\\/web2017\\\/wp-content\\\/uploads\\\/2026\\\/03\\\/111.jpg\",\"contentUrl\":\"https:\\\/\\\/www.aliadospuebla.com\\\/web2017\\\/wp-content\\\/uploads\\\/2026\\\/03\\\/111.jpg\",\"width\":600,\"height\":450},{\"@type\":\"BreadcrumbList\",\"@id\":\"https:\\\/\\\/www.aliadospuebla.com\\\/?p=112153#breadcrumb\",\"itemListElement\":[{\"@type\":\"ListItem\",\"position\":1,\"name\":\"Portada\",\"item\":\"https:\\\/\\\/www.aliadospuebla.com\\\/\"},{\"@type\":\"ListItem\",\"position\":2,\"name\":\"Gobierno de la Ciudad emite recomendaciones por vientos fuertes en la capital poblana\"}]},{\"@type\":\"WebSite\",\"@id\":\"https:\\\/\\\/www.aliadospuebla.com\\\/#website\",\"url\":\"https:\\\/\\\/www.aliadospuebla.com\\\/\",\"name\":\"AliadosPuebla\",\"description\":\"La informaci\u00f3n en tus manos\",\"potentialAction\":[{\"@type\":\"SearchAction\",\"target\":{\"@type\":\"EntryPoint\",\"urlTemplate\":\"https:\\\/\\\/www.aliadospuebla.com\\\/?s={search_term_string}\"},\"query-input\":{\"@type\":\"PropertyValueSpecification\",\"valueRequired\":true,\"valueName\":\"search_term_string\"}}],\"inLanguage\":\"es\"},{\"@type\":\"Person\",\"@id\":\"https:\\\/\\\/www.aliadospuebla.com\\\/#\\\/schema\\\/person\\\/5da7dd09320bd4f392b710017ed5f8ad\",\"name\":\"Aliados17\",\"image\":{\"@type\":\"ImageObject\",\"inLanguage\":\"es\",\"@id\":\"https:\\\/\\\/www.aliadospuebla.com\\\/web2017\\\/wp-content\\\/uploads\\\/2025\\\/03\\\/cropped-para-perfil-8-anos-1-96x96.jpg\",\"url\":\"https:\\\/\\\/www.aliadospuebla.com\\\/web2017\\\/wp-content\\\/uploads\\\/2025\\\/03\\\/cropped-para-perfil-8-anos-1-96x96.jpg\",\"contentUrl\":\"https:\\\/\\\/www.aliadospuebla.com\\\/web2017\\\/wp-content\\\/uploads\\\/2025\\\/03\\\/cropped-para-perfil-8-anos-1-96x96.jpg\",\"caption\":\"Aliados17\"},\"sameAs\":[\"https:\\\/\\\/www.aliados17.com\",\"https:\\\/\\\/www.facebook.com\\\/Aliados17Pue\",\"https:\\\/\\\/x.com\\\/AliadosPuebla\"],\"url\":\"https:\\\/\\\/www.aliadospuebla.com\\\/?author=2\"}]}<\/script>\n<!-- \/ Yoast SEO plugin. -->","yoast_head_json":{"title":"Gobierno de la Ciudad emite recomendaciones por vientos fuertes en la capital poblana - AliadosPuebla","robots":{"index":"index","follow":"follow","max-snippet":"max-snippet:-1","max-image-preview":"max-image-preview:large","max-video-preview":"max-video-preview:-1"},"canonical":"https:\/\/www.aliadospuebla.com\/?p=112153","og_locale":"es_ES","og_type":"article","og_title":"Gobierno de la Ciudad emite recomendaciones por vientos fuertes en la capital poblana - AliadosPuebla","og_description":"&#8211; Se exhorta a la poblaci\u00f3n a reforzar medidas preventivas ante vientos fuertes: asegurar puertas y ventanas, retirar objetos de azoteas y balcones, evitar zonas arboladas y construcciones, conducir con precauci\u00f3n y no realizar quemas en pastizales. Puebla, Pue.- El Gobierno de la Ciudad, encabezado por el presidente municipal Pepe Chedraui, informa que, a trav\u00e9s de la Secretar\u00eda de Gesti\u00f3n y Desarrollo Urbano y su Direcci\u00f3n de Gesti\u00f3n de Riesgos en materia de Protecci\u00f3n Civil, mantiene vigilancia permanente de las condiciones climatol\u00f3gicas con el objetivo de proteger la integridad de la poblaci\u00f3n. Con base en el reporte del Sistema Meteorol\u00f3gico Nacional, se prev\u00e9n vientos fuertes en la capital poblana, con rachas que podr\u00edan alcanzar hasta 30 km\/h durante todo el d\u00eda. Ante este pron\u00f3stico, se&hellip;Leer m\u00e1s...","og_url":"https:\/\/www.aliadospuebla.com\/?p=112153","og_site_name":"AliadosPuebla","article_author":"https:\/\/www.facebook.com\/Aliados17Pue","article_published_time":"2026-03-13T05:31:34+00:00","og_image":[{"width":600,"height":450,"url":"https:\/\/www.aliadospuebla.com\/web2017\/wp-content\/uploads\/2026\/03\/111.jpg","type":"image\/jpeg"}],"author":"Aliados17","twitter_card":"summary_large_image","twitter_creator":"@AliadosPuebla","twitter_misc":{"Escrito por":"Aliados17","Tiempo de lectura":"2 minutos"},"schema":{"@context":"https:\/\/schema.org","@graph":[{"@type":"Article","@id":"https:\/\/www.aliadospuebla.com\/?p=112153#article","isPartOf":{"@id":"https:\/\/www.aliadospuebla.com\/?p=112153"},"author":{"name":"Aliados17","@id":"https:\/\/www.aliadospuebla.com\/#\/schema\/person\/5da7dd09320bd4f392b710017ed5f8ad"},"headline":"Gobierno de la Ciudad emite recomendaciones por vientos fuertes en la capital poblana","datePublished":"2026-03-13T05:31:34+00:00","mainEntityOfPage":{"@id":"https:\/\/www.aliadospuebla.com\/?p=112153"},"wordCount":363,"commentCount":0,"image":{"@id":"https:\/\/www.aliadospuebla.com\/?p=112153#primaryimage"},"thumbnailUrl":"https:\/\/www.aliadospuebla.com\/web2017\/wp-content\/uploads\/2026\/03\/111.jpg","keywords":["condiciones climatol\u00f3gicas","Pepe Chedraui","protecci\u00f3n civil","RECOMENDACIONES","vientos fuertes"],"articleSection":["Capital"],"inLanguage":"es","potentialAction":[{"@type":"CommentAction","name":"Comment","target":["https:\/\/www.aliadospuebla.com\/?p=112153#respond"]}]},{"@type":"WebPage","@id":"https:\/\/www.aliadospuebla.com\/?p=112153","url":"https:\/\/www.aliadospuebla.com\/?p=112153","name":"Gobierno de la Ciudad emite recomendaciones por vientos fuertes en la capital poblana - AliadosPuebla","isPartOf":{"@id":"https:\/\/www.aliadospuebla.com\/#website"},"primaryImageOfPage":{"@id":"https:\/\/www.aliadospuebla.com\/?p=112153#primaryimage"},"image":{"@id":"https:\/\/www.aliadospuebla.com\/?p=112153#primaryimage"},"thumbnailUrl":"https:\/\/www.aliadospuebla.com\/web2017\/wp-content\/uploads\/2026\/03\/111.jpg","datePublished":"2026-03-13T05:31:34+00:00","author":{"@id":"https:\/\/www.aliadospuebla.com\/#\/schema\/person\/5da7dd09320bd4f392b710017ed5f8ad"},"breadcrumb":{"@id":"https:\/\/www.aliadospuebla.com\/?p=112153#breadcrumb"},"inLanguage":"es","potentialAction":[{"@type":"ReadAction","target":["https:\/\/www.aliadospuebla.com\/?p=112153"]}]},{"@type":"ImageObject","inLanguage":"es","@id":"https:\/\/www.aliadospuebla.com\/?p=112153#primaryimage","url":"https:\/\/www.aliadospuebla.com\/web2017\/wp-content\/uploads\/2026\/03\/111.jpg","contentUrl":"https:\/\/www.aliadospuebla.com\/web2017\/wp-content\/uploads\/2026\/03\/111.jpg","width":600,"height":450},{"@type":"BreadcrumbList","@id":"https:\/\/www.aliadospuebla.com\/?p=112153#breadcrumb","itemListElement":[{"@type":"ListItem","position":1,"name":"Portada","item":"https:\/\/www.aliadospuebla.com\/"},{"@type":"ListItem","position":2,"name":"Gobierno de la Ciudad emite recomendaciones por vientos fuertes en la capital poblana"}]},{"@type":"WebSite","@id":"https:\/\/www.aliadospuebla.com\/#website","url":"https:\/\/www.aliadospuebla.com\/","name":"AliadosPuebla","description":"La informaci\u00f3n en tus manos","potentialAction":[{"@type":"SearchAction","target":{"@type":"EntryPoint","urlTemplate":"https:\/\/www.aliadospuebla.com\/?s={search_term_string}"},"query-input":{"@type":"PropertyValueSpecification","valueRequired":true,"valueName":"search_term_string"}}],"inLanguage":"es"},{"@type":"Person","@id":"https:\/\/www.aliadospuebla.com\/#\/schema\/person\/5da7dd09320bd4f392b710017ed5f8ad","name":"Aliados17","image":{"@type":"ImageObject","inLanguage":"es","@id":"https:\/\/www.aliadospuebla.com\/web2017\/wp-content\/uploads\/2025\/03\/cropped-para-perfil-8-anos-1-96x96.jpg","url":"https:\/\/www.aliadospuebla.com\/web2017\/wp-content\/uploads\/2025\/03\/cropped-para-perfil-8-anos-1-96x96.jpg","contentUrl":"https:\/\/www.aliadospuebla.com\/web2017\/wp-content\/uploads\/2025\/03\/cropped-para-perfil-8-anos-1-96x96.jpg","caption":"Aliados17"},"sameAs":["https:\/\/www.aliados17.com","https:\/\/www.facebook.com\/Aliados17Pue","https:\/\/x.com\/AliadosPuebla"],"url":"https:\/\/www.aliadospuebla.com\/?author=2"}]}},"views":14,"_links":{"self":[{"href":"https:\/\/www.aliadospuebla.com\/index.php?rest_route=\/wp\/v2\/posts\/112153","targetHints":{"allow":["GET"]}}],"collection":[{"href":"https:\/\/www.aliadospuebla.com\/index.php?rest_route=\/wp\/v2\/posts"}],"about":[{"href":"https:\/\/www.aliadospuebla.com\/index.php?rest_route=\/wp\/v2\/types\/post"}],"author":[{"embeddable":true,"href":"https:\/\/www.aliadospuebla.com\/index.php?rest_route=\/wp\/v2\/users\/2"}],"replies":[{"embeddable":true,"href":"https:\/\/www.aliadospuebla.com\/index.php?rest_route=%2Fwp%2Fv2%2Fcomments&post=112153"}],"version-history":[{"count":1,"href":"https:\/\/www.aliadospuebla.com\/index.php?rest_route=\/wp\/v2\/posts\/112153\/revisions"}],"predecessor-version":[{"id":112155,"href":"https:\/\/www.aliadospuebla.com\/index.php?rest_route=\/wp\/v2\/posts\/112153\/revisions\/112155"}],"wp:featuredmedia":[{"embeddable":true,"href":"https:\/\/www.aliadospuebla.com\/index.php?rest_route=\/wp\/v2\/media\/112154"}],"wp:attachment":[{"href":"https:\/\/www.aliadospuebla.com\/index.php?rest_route=%2Fwp%2Fv2%2Fmedia&parent=112153"}],"wp:term":[{"taxonomy":"category","embeddable":true,"href":"https:\/\/www.aliadospuebla.com\/index.php?rest_route=%2Fwp%2Fv2%2Fcategories&post=112153"},{"taxonomy":"post_tag","embeddable":true,"href":"https:\/\/www.aliadospuebla.com\/index.php?rest_route=%2Fwp%2Fv2%2Ftags&post=112153"}],"curies":[{"name":"wp","href":"https:\/\/api.w.org\/{rel}","templated":true}]}}