{"id":112069,"date":"2026-03-10T21:31:02","date_gmt":"2026-03-11T03:31:02","guid":{"rendered":"https:\/\/www.aliadospuebla.com\/?p=112069"},"modified":"2026-03-10T21:31:02","modified_gmt":"2026-03-11T03:31:02","slug":"doble-a-cuautlancingo-es-lupita-daniel","status":"publish","type":"post","link":"https:\/\/www.aliadospuebla.com\/?p=112069","title":{"rendered":"\u201cDoble A\u201d: Cuautlancingo: Es Lupita Daniel"},"content":{"rendered":"<h4>Con \u201cEl Programa de Empleo Temporal\u201d que para pol\u00edticos \u201cen la banca\u201d cre\u00f3 \u201cDoble A\u201d, la que sale ganando es Lupita Daniel, all\u00e1 en Cuautlancingo.<\/h4>\n<p>La primera mujer, presidenta (obvio) de ese municipio, est\u00e1 a punto de regresar y por m\u00e1s.<br \/>\nEs decir, por un periodo adicional 2027-2030.<br \/>\nEl gobernador se ha dedicado a repartir empleo temporal a actrices y actores pol\u00edticos.<br \/>\nA To\u00f1o V\u00e1zquez lo revivi\u00f3 en Teziutl\u00e1n, aunque \u201cDoble A\u201d sabe de lo mal, muy mal agradecido que es el ex alcalde con quienes le ayudaron a salir de la c\u00e1rcel.<br \/>\nA Jos\u00e9 Cruz S\u00e1nchez, lo rescat\u00f3 en Amozoc. Jos\u00e9 es morenovallista, de esos que saquearon Puebla.<br \/>\nY as\u00ed continuar\u00e1n las designaciones.<br \/>\nPaola Ang\u00f3n ex alcaldesa de Cholula acaba de integrarse a la n\u00f3mina del gobierno estatal.<br \/>\nCaso especial es Lupita Daniel en Cuautlancingo, donde el gobernador quiere tomar el poder.<br \/>\nEs decir, si conocen a Lupita \u201cp\u00e9guensele\u201d ahora.<br \/>\nLa apuesta est\u00e1 garantizada.<br \/>\nElla est\u00e1 de regreso y viene por la alcald\u00eda con el aval de ya saben quien.<br \/>\nPunto.<br \/>\nHe pronosticado.<br \/>\n\u2026<\/p>\n<p>Ni Obama<br \/>\nQue no haya candidatos delincuentes. Eso no importa. De todas maneras alg\u00fan d\u00eda llegar\u00e1n a ser parte de la Mafia del Poder y eso no lo evita, ni Obama.<br \/>\n\u2026<\/p>\n<p>El Verdugo<br \/>\nUna figura del \u00faltimo cuarto de siglo en el mundo como Cristiano Ronaldo, no va a venir a M\u00e9xico a un partido amistoso. No tiene necesidad de arriesgarse en un pa\u00eds con el narco-gobierno que nos dej\u00f3 AMLO-co. El Verdugo dice: Ya ven su \u201des un honor estar con Obrador\u201d.<br \/>\n\u2026<\/p>\n","protected":false},"excerpt":{"rendered":"<p>Con \u201cEl Programa de Empleo Temporal\u201d que para pol\u00edticos \u201cen la banca\u201d cre\u00f3 \u201cDoble A\u201d, la que sale ganando es Lupita Daniel, all\u00e1 en Cuautlancingo. La primera mujer, presidenta (obvio) de ese municipio, est\u00e1 a punto de regresar y por m\u00e1s. Es decir, por un periodo adicional 2027-2030. El gobernador se ha dedicado a repartir empleo temporal a actrices y actores pol\u00edticos. A To\u00f1o V\u00e1zquez lo revivi\u00f3 en Teziutl\u00e1n, aunque \u201cDoble A\u201d sabe de lo mal, muy mal agradecido que es el ex alcalde con quienes le ayudaron a salir de la c\u00e1rcel. A Jos\u00e9 Cruz S\u00e1nchez, lo rescat\u00f3 en Amozoc. Jos\u00e9 es morenovallista, de esos que saquearon Puebla. Y as\u00ed continuar\u00e1n las designaciones. Paola Ang\u00f3n ex alcaldesa de Cholula acaba de integrarse a la&hellip;<\/p>\n<p class=\"excerpt-more\"><a class=\"blog-excerpt button\" href=\"https:\/\/www.aliadospuebla.com\/?p=112069\">Leer m\u00e1s&#8230;<\/a><\/p>\n","protected":false},"author":2,"featured_media":112070,"comment_status":"open","ping_status":"open","sticky":false,"template":"","format":"standard","meta":{"_monsterinsights_skip_tracking":false,"footnotes":""},"categories":[9],"tags":[1667,18,10993,2562,8062,15797],"class_list":["post-112069","post","type-post","status-publish","format-standard","has-post-thumbnail","hentry","category-columnas","tag-amozoc","tag-cuautlancingo","tag-empleo-temporal","tag-jose-cruz-sanchez","tag-lupita-daniel","tag-paola-angon"],"yoast_head":"<!-- This site is optimized with the Yoast SEO plugin v28.3 - https:\/\/yoast.com\/product\/yoast-seo-wordpress\/ -->\n<title>\u201cDoble A\u201d: Cuautlancingo: Es Lupita Daniel - AliadosPuebla<\/title>\n<meta name=\"robots\" content=\"index, follow, max-snippet:-1, max-image-preview:large, max-video-preview:-1\" \/>\n<link rel=\"canonical\" href=\"https:\/\/www.aliadospuebla.com\/?p=112069\" \/>\n<meta property=\"og:locale\" content=\"es_ES\" \/>\n<meta property=\"og:type\" content=\"article\" \/>\n<meta property=\"og:title\" content=\"\u201cDoble A\u201d: Cuautlancingo: Es Lupita Daniel - AliadosPuebla\" \/>\n<meta property=\"og:description\" content=\"Con \u201cEl Programa de Empleo Temporal\u201d que para pol\u00edticos \u201cen la banca\u201d cre\u00f3 \u201cDoble A\u201d, la que sale ganando es Lupita Daniel, all\u00e1 en Cuautlancingo. La primera mujer, presidenta (obvio) de ese municipio, est\u00e1 a punto de regresar y por m\u00e1s. Es decir, por un periodo adicional 2027-2030. El gobernador se ha dedicado a repartir empleo temporal a actrices y actores pol\u00edticos. A To\u00f1o V\u00e1zquez lo revivi\u00f3 en Teziutl\u00e1n, aunque \u201cDoble A\u201d sabe de lo mal, muy mal agradecido que es el ex alcalde con quienes le ayudaron a salir de la c\u00e1rcel. A Jos\u00e9 Cruz S\u00e1nchez, lo rescat\u00f3 en Amozoc. Jos\u00e9 es morenovallista, de esos que saquearon Puebla. Y as\u00ed continuar\u00e1n las designaciones. Paola Ang\u00f3n ex alcaldesa de Cholula acaba de integrarse a la&hellip;Leer m\u00e1s...\" \/>\n<meta property=\"og:url\" content=\"https:\/\/www.aliadospuebla.com\/?p=112069\" \/>\n<meta property=\"og:site_name\" content=\"AliadosPuebla\" \/>\n<meta property=\"article:author\" content=\"https:\/\/www.facebook.com\/Aliados17Pue\" \/>\n<meta property=\"article:published_time\" content=\"2026-03-11T03:31:02+00:00\" \/>\n<meta property=\"og:image\" content=\"https:\/\/www.aliadospuebla.com\/web2017\/wp-content\/uploads\/2026\/03\/84.jpg\" \/>\n\t<meta property=\"og:image:width\" content=\"600\" \/>\n\t<meta property=\"og:image:height\" content=\"450\" \/>\n\t<meta property=\"og:image:type\" content=\"image\/jpeg\" \/>\n<meta name=\"author\" content=\"Aliados17\" \/>\n<meta name=\"twitter:card\" content=\"summary_large_image\" \/>\n<meta name=\"twitter:creator\" content=\"@AliadosPuebla\" \/>\n<meta name=\"twitter:label1\" content=\"Escrito por\" \/>\n\t<meta name=\"twitter:data1\" content=\"Aliados17\" \/>\n\t<meta name=\"twitter:label2\" content=\"Tiempo de lectura\" \/>\n\t<meta name=\"twitter:data2\" content=\"2 minutos\" \/>\n<script type=\"application\/ld+json\" class=\"yoast-schema-graph\">{\"@context\":\"https:\\\/\\\/schema.org\",\"@graph\":[{\"@type\":\"Article\",\"@id\":\"https:\\\/\\\/www.aliadospuebla.com\\\/?p=112069#article\",\"isPartOf\":{\"@id\":\"https:\\\/\\\/www.aliadospuebla.com\\\/?p=112069\"},\"author\":{\"name\":\"Aliados17\",\"@id\":\"https:\\\/\\\/www.aliadospuebla.com\\\/#\\\/schema\\\/person\\\/5da7dd09320bd4f392b710017ed5f8ad\"},\"headline\":\"\u201cDoble A\u201d: Cuautlancingo: Es Lupita Daniel\",\"datePublished\":\"2026-03-11T03:31:02+00:00\",\"mainEntityOfPage\":{\"@id\":\"https:\\\/\\\/www.aliadospuebla.com\\\/?p=112069\"},\"wordCount\":281,\"commentCount\":0,\"image\":{\"@id\":\"https:\\\/\\\/www.aliadospuebla.com\\\/?p=112069#primaryimage\"},\"thumbnailUrl\":\"https:\\\/\\\/www.aliadospuebla.com\\\/web2017\\\/wp-content\\\/uploads\\\/2026\\\/03\\\/84.jpg\",\"keywords\":[\"AMOZOC\",\"Cuautlancingo\",\"EMPLEO TEMPORAL\",\"JOS\u00c9 CRUZ S\u00c1NCHEZ\",\"LUPITA DANIEL\",\"PAOLA ANGON\"],\"articleSection\":[\"Columnas\"],\"inLanguage\":\"es\",\"potentialAction\":[{\"@type\":\"CommentAction\",\"name\":\"Comment\",\"target\":[\"https:\\\/\\\/www.aliadospuebla.com\\\/?p=112069#respond\"]}]},{\"@type\":\"WebPage\",\"@id\":\"https:\\\/\\\/www.aliadospuebla.com\\\/?p=112069\",\"url\":\"https:\\\/\\\/www.aliadospuebla.com\\\/?p=112069\",\"name\":\"\u201cDoble A\u201d: Cuautlancingo: Es Lupita Daniel - AliadosPuebla\",\"isPartOf\":{\"@id\":\"https:\\\/\\\/www.aliadospuebla.com\\\/#website\"},\"primaryImageOfPage\":{\"@id\":\"https:\\\/\\\/www.aliadospuebla.com\\\/?p=112069#primaryimage\"},\"image\":{\"@id\":\"https:\\\/\\\/www.aliadospuebla.com\\\/?p=112069#primaryimage\"},\"thumbnailUrl\":\"https:\\\/\\\/www.aliadospuebla.com\\\/web2017\\\/wp-content\\\/uploads\\\/2026\\\/03\\\/84.jpg\",\"datePublished\":\"2026-03-11T03:31:02+00:00\",\"author\":{\"@id\":\"https:\\\/\\\/www.aliadospuebla.com\\\/#\\\/schema\\\/person\\\/5da7dd09320bd4f392b710017ed5f8ad\"},\"breadcrumb\":{\"@id\":\"https:\\\/\\\/www.aliadospuebla.com\\\/?p=112069#breadcrumb\"},\"inLanguage\":\"es\",\"potentialAction\":[{\"@type\":\"ReadAction\",\"target\":[\"https:\\\/\\\/www.aliadospuebla.com\\\/?p=112069\"]}]},{\"@type\":\"ImageObject\",\"inLanguage\":\"es\",\"@id\":\"https:\\\/\\\/www.aliadospuebla.com\\\/?p=112069#primaryimage\",\"url\":\"https:\\\/\\\/www.aliadospuebla.com\\\/web2017\\\/wp-content\\\/uploads\\\/2026\\\/03\\\/84.jpg\",\"contentUrl\":\"https:\\\/\\\/www.aliadospuebla.com\\\/web2017\\\/wp-content\\\/uploads\\\/2026\\\/03\\\/84.jpg\",\"width\":600,\"height\":450},{\"@type\":\"BreadcrumbList\",\"@id\":\"https:\\\/\\\/www.aliadospuebla.com\\\/?p=112069#breadcrumb\",\"itemListElement\":[{\"@type\":\"ListItem\",\"position\":1,\"name\":\"Portada\",\"item\":\"https:\\\/\\\/www.aliadospuebla.com\\\/\"},{\"@type\":\"ListItem\",\"position\":2,\"name\":\"\u201cDoble A\u201d: Cuautlancingo: Es Lupita Daniel\"}]},{\"@type\":\"WebSite\",\"@id\":\"https:\\\/\\\/www.aliadospuebla.com\\\/#website\",\"url\":\"https:\\\/\\\/www.aliadospuebla.com\\\/\",\"name\":\"AliadosPuebla\",\"description\":\"La informaci\u00f3n en tus manos\",\"potentialAction\":[{\"@type\":\"SearchAction\",\"target\":{\"@type\":\"EntryPoint\",\"urlTemplate\":\"https:\\\/\\\/www.aliadospuebla.com\\\/?s={search_term_string}\"},\"query-input\":{\"@type\":\"PropertyValueSpecification\",\"valueRequired\":true,\"valueName\":\"search_term_string\"}}],\"inLanguage\":\"es\"},{\"@type\":\"Person\",\"@id\":\"https:\\\/\\\/www.aliadospuebla.com\\\/#\\\/schema\\\/person\\\/5da7dd09320bd4f392b710017ed5f8ad\",\"name\":\"Aliados17\",\"image\":{\"@type\":\"ImageObject\",\"inLanguage\":\"es\",\"@id\":\"https:\\\/\\\/www.aliadospuebla.com\\\/web2017\\\/wp-content\\\/uploads\\\/2025\\\/03\\\/cropped-para-perfil-8-anos-1-96x96.jpg\",\"url\":\"https:\\\/\\\/www.aliadospuebla.com\\\/web2017\\\/wp-content\\\/uploads\\\/2025\\\/03\\\/cropped-para-perfil-8-anos-1-96x96.jpg\",\"contentUrl\":\"https:\\\/\\\/www.aliadospuebla.com\\\/web2017\\\/wp-content\\\/uploads\\\/2025\\\/03\\\/cropped-para-perfil-8-anos-1-96x96.jpg\",\"caption\":\"Aliados17\"},\"sameAs\":[\"https:\\\/\\\/www.aliados17.com\",\"https:\\\/\\\/www.facebook.com\\\/Aliados17Pue\",\"https:\\\/\\\/x.com\\\/AliadosPuebla\"],\"url\":\"https:\\\/\\\/www.aliadospuebla.com\\\/?author=2\"}]}<\/script>\n<!-- \/ Yoast SEO plugin. -->","yoast_head_json":{"title":"\u201cDoble A\u201d: Cuautlancingo: Es Lupita Daniel - AliadosPuebla","robots":{"index":"index","follow":"follow","max-snippet":"max-snippet:-1","max-image-preview":"max-image-preview:large","max-video-preview":"max-video-preview:-1"},"canonical":"https:\/\/www.aliadospuebla.com\/?p=112069","og_locale":"es_ES","og_type":"article","og_title":"\u201cDoble A\u201d: Cuautlancingo: Es Lupita Daniel - AliadosPuebla","og_description":"Con \u201cEl Programa de Empleo Temporal\u201d que para pol\u00edticos \u201cen la banca\u201d cre\u00f3 \u201cDoble A\u201d, la que sale ganando es Lupita Daniel, all\u00e1 en Cuautlancingo. La primera mujer, presidenta (obvio) de ese municipio, est\u00e1 a punto de regresar y por m\u00e1s. Es decir, por un periodo adicional 2027-2030. El gobernador se ha dedicado a repartir empleo temporal a actrices y actores pol\u00edticos. A To\u00f1o V\u00e1zquez lo revivi\u00f3 en Teziutl\u00e1n, aunque \u201cDoble A\u201d sabe de lo mal, muy mal agradecido que es el ex alcalde con quienes le ayudaron a salir de la c\u00e1rcel. A Jos\u00e9 Cruz S\u00e1nchez, lo rescat\u00f3 en Amozoc. Jos\u00e9 es morenovallista, de esos que saquearon Puebla. Y as\u00ed continuar\u00e1n las designaciones. Paola Ang\u00f3n ex alcaldesa de Cholula acaba de integrarse a la&hellip;Leer m\u00e1s...","og_url":"https:\/\/www.aliadospuebla.com\/?p=112069","og_site_name":"AliadosPuebla","article_author":"https:\/\/www.facebook.com\/Aliados17Pue","article_published_time":"2026-03-11T03:31:02+00:00","og_image":[{"width":600,"height":450,"url":"https:\/\/www.aliadospuebla.com\/web2017\/wp-content\/uploads\/2026\/03\/84.jpg","type":"image\/jpeg"}],"author":"Aliados17","twitter_card":"summary_large_image","twitter_creator":"@AliadosPuebla","twitter_misc":{"Escrito por":"Aliados17","Tiempo de lectura":"2 minutos"},"schema":{"@context":"https:\/\/schema.org","@graph":[{"@type":"Article","@id":"https:\/\/www.aliadospuebla.com\/?p=112069#article","isPartOf":{"@id":"https:\/\/www.aliadospuebla.com\/?p=112069"},"author":{"name":"Aliados17","@id":"https:\/\/www.aliadospuebla.com\/#\/schema\/person\/5da7dd09320bd4f392b710017ed5f8ad"},"headline":"\u201cDoble A\u201d: Cuautlancingo: Es Lupita Daniel","datePublished":"2026-03-11T03:31:02+00:00","mainEntityOfPage":{"@id":"https:\/\/www.aliadospuebla.com\/?p=112069"},"wordCount":281,"commentCount":0,"image":{"@id":"https:\/\/www.aliadospuebla.com\/?p=112069#primaryimage"},"thumbnailUrl":"https:\/\/www.aliadospuebla.com\/web2017\/wp-content\/uploads\/2026\/03\/84.jpg","keywords":["AMOZOC","Cuautlancingo","EMPLEO TEMPORAL","JOS\u00c9 CRUZ S\u00c1NCHEZ","LUPITA DANIEL","PAOLA ANGON"],"articleSection":["Columnas"],"inLanguage":"es","potentialAction":[{"@type":"CommentAction","name":"Comment","target":["https:\/\/www.aliadospuebla.com\/?p=112069#respond"]}]},{"@type":"WebPage","@id":"https:\/\/www.aliadospuebla.com\/?p=112069","url":"https:\/\/www.aliadospuebla.com\/?p=112069","name":"\u201cDoble A\u201d: Cuautlancingo: Es Lupita Daniel - AliadosPuebla","isPartOf":{"@id":"https:\/\/www.aliadospuebla.com\/#website"},"primaryImageOfPage":{"@id":"https:\/\/www.aliadospuebla.com\/?p=112069#primaryimage"},"image":{"@id":"https:\/\/www.aliadospuebla.com\/?p=112069#primaryimage"},"thumbnailUrl":"https:\/\/www.aliadospuebla.com\/web2017\/wp-content\/uploads\/2026\/03\/84.jpg","datePublished":"2026-03-11T03:31:02+00:00","author":{"@id":"https:\/\/www.aliadospuebla.com\/#\/schema\/person\/5da7dd09320bd4f392b710017ed5f8ad"},"breadcrumb":{"@id":"https:\/\/www.aliadospuebla.com\/?p=112069#breadcrumb"},"inLanguage":"es","potentialAction":[{"@type":"ReadAction","target":["https:\/\/www.aliadospuebla.com\/?p=112069"]}]},{"@type":"ImageObject","inLanguage":"es","@id":"https:\/\/www.aliadospuebla.com\/?p=112069#primaryimage","url":"https:\/\/www.aliadospuebla.com\/web2017\/wp-content\/uploads\/2026\/03\/84.jpg","contentUrl":"https:\/\/www.aliadospuebla.com\/web2017\/wp-content\/uploads\/2026\/03\/84.jpg","width":600,"height":450},{"@type":"BreadcrumbList","@id":"https:\/\/www.aliadospuebla.com\/?p=112069#breadcrumb","itemListElement":[{"@type":"ListItem","position":1,"name":"Portada","item":"https:\/\/www.aliadospuebla.com\/"},{"@type":"ListItem","position":2,"name":"\u201cDoble A\u201d: Cuautlancingo: Es Lupita Daniel"}]},{"@type":"WebSite","@id":"https:\/\/www.aliadospuebla.com\/#website","url":"https:\/\/www.aliadospuebla.com\/","name":"AliadosPuebla","description":"La informaci\u00f3n en tus manos","potentialAction":[{"@type":"SearchAction","target":{"@type":"EntryPoint","urlTemplate":"https:\/\/www.aliadospuebla.com\/?s={search_term_string}"},"query-input":{"@type":"PropertyValueSpecification","valueRequired":true,"valueName":"search_term_string"}}],"inLanguage":"es"},{"@type":"Person","@id":"https:\/\/www.aliadospuebla.com\/#\/schema\/person\/5da7dd09320bd4f392b710017ed5f8ad","name":"Aliados17","image":{"@type":"ImageObject","inLanguage":"es","@id":"https:\/\/www.aliadospuebla.com\/web2017\/wp-content\/uploads\/2025\/03\/cropped-para-perfil-8-anos-1-96x96.jpg","url":"https:\/\/www.aliadospuebla.com\/web2017\/wp-content\/uploads\/2025\/03\/cropped-para-perfil-8-anos-1-96x96.jpg","contentUrl":"https:\/\/www.aliadospuebla.com\/web2017\/wp-content\/uploads\/2025\/03\/cropped-para-perfil-8-anos-1-96x96.jpg","caption":"Aliados17"},"sameAs":["https:\/\/www.aliados17.com","https:\/\/www.facebook.com\/Aliados17Pue","https:\/\/x.com\/AliadosPuebla"],"url":"https:\/\/www.aliadospuebla.com\/?author=2"}]}},"views":19,"_links":{"self":[{"href":"https:\/\/www.aliadospuebla.com\/index.php?rest_route=\/wp\/v2\/posts\/112069","targetHints":{"allow":["GET"]}}],"collection":[{"href":"https:\/\/www.aliadospuebla.com\/index.php?rest_route=\/wp\/v2\/posts"}],"about":[{"href":"https:\/\/www.aliadospuebla.com\/index.php?rest_route=\/wp\/v2\/types\/post"}],"author":[{"embeddable":true,"href":"https:\/\/www.aliadospuebla.com\/index.php?rest_route=\/wp\/v2\/users\/2"}],"replies":[{"embeddable":true,"href":"https:\/\/www.aliadospuebla.com\/index.php?rest_route=%2Fwp%2Fv2%2Fcomments&post=112069"}],"version-history":[{"count":1,"href":"https:\/\/www.aliadospuebla.com\/index.php?rest_route=\/wp\/v2\/posts\/112069\/revisions"}],"predecessor-version":[{"id":112071,"href":"https:\/\/www.aliadospuebla.com\/index.php?rest_route=\/wp\/v2\/posts\/112069\/revisions\/112071"}],"wp:featuredmedia":[{"embeddable":true,"href":"https:\/\/www.aliadospuebla.com\/index.php?rest_route=\/wp\/v2\/media\/112070"}],"wp:attachment":[{"href":"https:\/\/www.aliadospuebla.com\/index.php?rest_route=%2Fwp%2Fv2%2Fmedia&parent=112069"}],"wp:term":[{"taxonomy":"category","embeddable":true,"href":"https:\/\/www.aliadospuebla.com\/index.php?rest_route=%2Fwp%2Fv2%2Fcategories&post=112069"},{"taxonomy":"post_tag","embeddable":true,"href":"https:\/\/www.aliadospuebla.com\/index.php?rest_route=%2Fwp%2Fv2%2Ftags&post=112069"}],"curies":[{"name":"wp","href":"https:\/\/api.w.org\/{rel}","templated":true}]}}