{"id":112054,"date":"2026-03-09T18:01:32","date_gmt":"2026-03-10T00:01:32","guid":{"rendered":"https:\/\/www.aliadospuebla.com\/?p=112054"},"modified":"2026-03-09T18:01:32","modified_gmt":"2026-03-10T00:01:32","slug":"devela-congreso-del-estado-placa-para-nombrar-el-salon-de-protocolo-elena-garro-en-la-antigua-sede","status":"publish","type":"post","link":"https:\/\/www.aliadospuebla.com\/?p=112054","title":{"rendered":"Devela Congreso del Estado placa para nombrar el Sal\u00f3n de Protocolo \u201cElena Garro\u201d en la Antigua Sede"},"content":{"rendered":"<h4>&#8211;<em>El evento fue presidido por el Gobenador Alejandro Armenta y el diputado P\u00e1vel Gaspar Ram\u00edrez<\/em><\/h4>\n<p>Gracias al impulso de las diputadas Laura Guadalupe Vargas Vargas<\/p>\n<p>y Norma Estela Pimentel M\u00e9ndez, y en el marco de la conmemoraci\u00f3n<\/p>\n<p>del D\u00eda Internacional de la Mujer, el Congreso del Estado llev\u00f3 a cabo<\/p>\n<p>la develaci\u00f3n de la placa con la que el Sal\u00f3n de Protocolo de la Antigua Sede<\/p>\n<p>del Poder Legislativo fue nombrado oficialmente como \u201cElena Garro\u201d,<\/p>\n<p>en reconocimiento a la destacada escritora, dramaturga, periodista y activista poblana.<\/p>\n<p>&nbsp;<\/p>\n<p>Durante el evento, que cont\u00f3 con la presencia del gobernador Alejandro Armenta,<\/p>\n<p>el diputado P\u00e1vel Gaspar Ram\u00edrez, presidente de la Junta de Gobierno<\/p>\n<p>y Coordinaci\u00f3n Pol\u00edtica del Congreso del Estado, se\u00f1al\u00f3 que este recinto<\/p>\n<p>no solo debe ser un espacio de deliberaci\u00f3n pol\u00edtica, sino tambi\u00e9n<\/p>\n<p>un lugar donde la memoria cultural y las voces de las mujeres tengan presencia y permanencia.<\/p>\n<h4>\u201cQue este lugar sea un espacio de di\u00e1logo y reflexi\u00f3n; un lugar donde la palabra siga teniendo la fuerza de construir comunidad y fortalecer nuestra vida democr\u00e1tica\u201d, afirm\u00f3 el diputado.<\/h4>\n<p>Por su parte, el gobernador Alejandro Armenta destac\u00f3 que el recinto alterno del Poder Legislativo debe consolidarse no solo como un espacio de deliberaci\u00f3n pol\u00edtica, sino tambi\u00e9n como un lugar que fortalezca la memoria cultural y promueva la presencia y permanencia de las voces de las mujeres. En este sentido, reiter\u00f3 la invitaci\u00f3n a continuar impulsando acciones y actividades que contribuyan a visibilizar la participaci\u00f3n y aportaci\u00f3n de las mujeres poblanas dentro de la vida p\u00fablica y cultural.<\/p>\n<p>&nbsp;<\/p>\n<p>El gobernador refrend\u00f3 el compromiso de su administraci\u00f3n para<\/p>\n<p>seguir avanzando en favor de la libertad y el empoderamiento de las mujeres,<\/p>\n<p>ya que solo as\u00ed se podr\u00e1 fortalecer a la sociedad, a las familias y a las instituciones.<\/p>\n<p>&nbsp;<\/p>\n<p>En su mensaje, la diputada Laura Guadalupe Vargas Vargas destac\u00f3<\/p>\n<p>que este Sal\u00f3n de Protocolo es un espacio de poder simb\u00f3lico y real,<\/p>\n<p>\u201cpor lo que darle el nombre de Elena Garro significa comprometernos<\/p>\n<p>a que las voces de las mujeres tambi\u00e9n tengan un lugar,<\/p>\n<p>para que la igualdad pase de ser un enunciado en la pared a una pr\u00e1ctica<\/p>\n<p>en el d\u00eda a d\u00eda\u201d, lo cual cobra especial relevancia en el primer Congreso del Estado<\/p>\n<p>que cuenta con m\u00e1s mujeres que hombres en su fuerza laboral.<\/p>\n<p>Asimismo, la diputada Norma Estela Pimentel M\u00e9ndez se\u00f1al\u00f3 que la designaci\u00f3n<\/p>\n<p>del Sal\u00f3n de Protocolo con el nombre de la escritora poblana tiene un significado enorme,<\/p>\n<p>\u201cporque durante mucho tiempo las mujeres estuvimos ausentes de los nombres,<\/p>\n<p>de los espacios, de las calles, de los libros, de la historia y de los lugares<\/p>\n<p>donde se toman las decisiones. Nombrar hoy al Sal\u00f3n de Protocolo<\/p>\n<p>Elena Garro es un acto de memoria viva.<\/p>\n<h4>Es reconocer a una escritora poblana cuya obra transform\u00f3 la literatura mexicana y abri\u00f3 nuevas maneras de comprender el tiempo, la historia y la vida cotidiana en este pa\u00eds\u201d, afirm\u00f3.<\/h4>\n<p>Como parte de las actividades conmemorativas, en representaci\u00f3n del Grupo Cultural Elenista, Diana Hern\u00e1ndez Ju\u00e1rez imparti\u00f3 una conferencia de divulgaci\u00f3n sobre Elena Garro, mientras que Elvira Ruiz Vivanco present\u00f3 una lectura dramatizada dedicada a la vida y obra de la autora.<\/p>\n<p>&nbsp;<\/p>\n<p>El evento tambi\u00e9n fue presidido por el secretario de Gobernaci\u00f3n del Estado, Samuel Aguilar Pala; el presidente de la Mesa Directiva del Congreso del Estado, diputado El\u00edas Lozada Ortega; el secretario de Arte y Cultura del Estado, Fritz Glockner Corte, y la titular de la Unidad para la Igualdad de G\u00e9nero del Congreso del Estado, Daniela Mier Ba\u00f1uelos.<\/p>\n<p>&nbsp;<\/p>\n<p>Asimismo, se cont\u00f3 con la asistencia de diputadas y diputados de la LXII Legislatura, acad\u00e9micas e integrantes de la comunidad cultural, quienes destacaron la importancia de reconocer el legado de una de las figuras m\u00e1s relevantes de la literatura mexicana.<\/p>\n","protected":false},"excerpt":{"rendered":"<p>&#8211;El evento fue presidido por el Gobenador Alejandro Armenta y el diputado P\u00e1vel Gaspar Ram\u00edrez Gracias al impulso de las diputadas Laura Guadalupe Vargas Vargas y Norma Estela Pimentel M\u00e9ndez, y en el marco de la conmemoraci\u00f3n del D\u00eda Internacional de la Mujer, el Congreso del Estado llev\u00f3 a cabo la develaci\u00f3n de la placa con la que el Sal\u00f3n de Protocolo de la Antigua Sede del Poder Legislativo fue nombrado oficialmente como \u201cElena Garro\u201d, en reconocimiento a la destacada escritora, dramaturga, periodista y activista poblana. &nbsp; Durante el evento, que cont\u00f3 con la presencia del gobernador Alejandro Armenta, el diputado P\u00e1vel Gaspar Ram\u00edrez, presidente de la Junta de Gobierno y Coordinaci\u00f3n Pol\u00edtica del Congreso del Estado, se\u00f1al\u00f3 que este recinto no solo debe ser&hellip;<\/p>\n<p class=\"excerpt-more\"><a class=\"blog-excerpt button\" href=\"https:\/\/www.aliadospuebla.com\/?p=112054\">Leer m\u00e1s&#8230;<\/a><\/p>\n","protected":false},"author":2,"featured_media":112055,"comment_status":"open","ping_status":"open","sticky":false,"template":"","format":"standard","meta":{"_monsterinsights_skip_tracking":false,"footnotes":""},"categories":[6],"tags":[4780,88,32711,15436,24915,18717,32710],"class_list":["post-112054","post","type-post","status-publish","format-standard","has-post-thumbnail","hentry","category-politica","tag-alejandro-armenta","tag-congreso-del-estado","tag-dramaturga","tag-escritora","tag-pavel-gaspar-ramirez","tag-periodista","tag-salon-de-protocolo-elena-garro"],"yoast_head":"<!-- This site is optimized with the Yoast SEO plugin v28.4 - https:\/\/yoast.com\/product\/yoast-seo-wordpress\/ -->\n<title>Devela Congreso del Estado placa para nombrar el Sal\u00f3n de Protocolo \u201cElena Garro\u201d en la Antigua Sede - AliadosPuebla<\/title>\n<meta name=\"robots\" content=\"index, follow, max-snippet:-1, max-image-preview:large, max-video-preview:-1\" \/>\n<link rel=\"canonical\" href=\"https:\/\/www.aliadospuebla.com\/?p=112054\" \/>\n<meta property=\"og:locale\" content=\"es_ES\" \/>\n<meta property=\"og:type\" content=\"article\" \/>\n<meta property=\"og:title\" content=\"Devela Congreso del Estado placa para nombrar el Sal\u00f3n de Protocolo \u201cElena Garro\u201d en la Antigua Sede - AliadosPuebla\" \/>\n<meta property=\"og:description\" content=\"&#8211;El evento fue presidido por el Gobenador Alejandro Armenta y el diputado P\u00e1vel Gaspar Ram\u00edrez Gracias al impulso de las diputadas Laura Guadalupe Vargas Vargas y Norma Estela Pimentel M\u00e9ndez, y en el marco de la conmemoraci\u00f3n del D\u00eda Internacional de la Mujer, el Congreso del Estado llev\u00f3 a cabo la develaci\u00f3n de la placa con la que el Sal\u00f3n de Protocolo de la Antigua Sede del Poder Legislativo fue nombrado oficialmente como \u201cElena Garro\u201d, en reconocimiento a la destacada escritora, dramaturga, periodista y activista poblana. &nbsp; Durante el evento, que cont\u00f3 con la presencia del gobernador Alejandro Armenta, el diputado P\u00e1vel Gaspar Ram\u00edrez, presidente de la Junta de Gobierno y Coordinaci\u00f3n Pol\u00edtica del Congreso del Estado, se\u00f1al\u00f3 que este recinto no solo debe ser&hellip;Leer m\u00e1s...\" \/>\n<meta property=\"og:url\" content=\"https:\/\/www.aliadospuebla.com\/?p=112054\" \/>\n<meta property=\"og:site_name\" content=\"AliadosPuebla\" \/>\n<meta property=\"article:author\" content=\"https:\/\/www.facebook.com\/Aliados17Pue\" \/>\n<meta property=\"article:published_time\" content=\"2026-03-10T00:01:32+00:00\" \/>\n<meta property=\"og:image\" content=\"https:\/\/www.aliadospuebla.com\/web2017\/wp-content\/uploads\/2026\/03\/80.jpg\" \/>\n\t<meta property=\"og:image:width\" content=\"600\" \/>\n\t<meta property=\"og:image:height\" content=\"450\" \/>\n\t<meta property=\"og:image:type\" content=\"image\/jpeg\" \/>\n<meta name=\"author\" content=\"Aliados17\" \/>\n<meta name=\"twitter:card\" content=\"summary_large_image\" \/>\n<meta name=\"twitter:creator\" content=\"@AliadosPuebla\" \/>\n<meta name=\"twitter:label1\" content=\"Escrito por\" \/>\n\t<meta name=\"twitter:data1\" content=\"Aliados17\" \/>\n\t<meta name=\"twitter:label2\" content=\"Tiempo de lectura\" \/>\n\t<meta name=\"twitter:data2\" content=\"4 minutos\" \/>\n<script type=\"application\/ld+json\" class=\"yoast-schema-graph\">{\"@context\":\"https:\\\/\\\/schema.org\",\"@graph\":[{\"@type\":\"Article\",\"@id\":\"https:\\\/\\\/www.aliadospuebla.com\\\/?p=112054#article\",\"isPartOf\":{\"@id\":\"https:\\\/\\\/www.aliadospuebla.com\\\/?p=112054\"},\"author\":{\"name\":\"Aliados17\",\"@id\":\"https:\\\/\\\/www.aliadospuebla.com\\\/#\\\/schema\\\/person\\\/5da7dd09320bd4f392b710017ed5f8ad\"},\"headline\":\"Devela Congreso del Estado placa para nombrar el Sal\u00f3n de Protocolo \u201cElena Garro\u201d en la Antigua Sede\",\"datePublished\":\"2026-03-10T00:01:32+00:00\",\"mainEntityOfPage\":{\"@id\":\"https:\\\/\\\/www.aliadospuebla.com\\\/?p=112054\"},\"wordCount\":695,\"commentCount\":0,\"image\":{\"@id\":\"https:\\\/\\\/www.aliadospuebla.com\\\/?p=112054#primaryimage\"},\"thumbnailUrl\":\"https:\\\/\\\/www.aliadospuebla.com\\\/web2017\\\/wp-content\\\/uploads\\\/2026\\\/03\\\/80.jpg\",\"keywords\":[\"ALEJANDRO ARMENTA\",\"Congreso del Estado\",\"dramaturga\",\"escritora\",\"P\u00e1vel Gaspar Ram\u00edrez\",\"periodista\",\"Sal\u00f3n de Protocolo \u201cElena Garro\u201d\"],\"articleSection\":[\"Pol\u00edtica\"],\"inLanguage\":\"es\",\"potentialAction\":[{\"@type\":\"CommentAction\",\"name\":\"Comment\",\"target\":[\"https:\\\/\\\/www.aliadospuebla.com\\\/?p=112054#respond\"]}]},{\"@type\":\"WebPage\",\"@id\":\"https:\\\/\\\/www.aliadospuebla.com\\\/?p=112054\",\"url\":\"https:\\\/\\\/www.aliadospuebla.com\\\/?p=112054\",\"name\":\"Devela Congreso del Estado placa para nombrar el Sal\u00f3n de Protocolo \u201cElena Garro\u201d en la Antigua Sede - AliadosPuebla\",\"isPartOf\":{\"@id\":\"https:\\\/\\\/www.aliadospuebla.com\\\/#website\"},\"primaryImageOfPage\":{\"@id\":\"https:\\\/\\\/www.aliadospuebla.com\\\/?p=112054#primaryimage\"},\"image\":{\"@id\":\"https:\\\/\\\/www.aliadospuebla.com\\\/?p=112054#primaryimage\"},\"thumbnailUrl\":\"https:\\\/\\\/www.aliadospuebla.com\\\/web2017\\\/wp-content\\\/uploads\\\/2026\\\/03\\\/80.jpg\",\"datePublished\":\"2026-03-10T00:01:32+00:00\",\"author\":{\"@id\":\"https:\\\/\\\/www.aliadospuebla.com\\\/#\\\/schema\\\/person\\\/5da7dd09320bd4f392b710017ed5f8ad\"},\"breadcrumb\":{\"@id\":\"https:\\\/\\\/www.aliadospuebla.com\\\/?p=112054#breadcrumb\"},\"inLanguage\":\"es\",\"potentialAction\":[{\"@type\":\"ReadAction\",\"target\":[\"https:\\\/\\\/www.aliadospuebla.com\\\/?p=112054\"]}]},{\"@type\":\"ImageObject\",\"inLanguage\":\"es\",\"@id\":\"https:\\\/\\\/www.aliadospuebla.com\\\/?p=112054#primaryimage\",\"url\":\"https:\\\/\\\/www.aliadospuebla.com\\\/web2017\\\/wp-content\\\/uploads\\\/2026\\\/03\\\/80.jpg\",\"contentUrl\":\"https:\\\/\\\/www.aliadospuebla.com\\\/web2017\\\/wp-content\\\/uploads\\\/2026\\\/03\\\/80.jpg\",\"width\":600,\"height\":450},{\"@type\":\"BreadcrumbList\",\"@id\":\"https:\\\/\\\/www.aliadospuebla.com\\\/?p=112054#breadcrumb\",\"itemListElement\":[{\"@type\":\"ListItem\",\"position\":1,\"name\":\"Portada\",\"item\":\"https:\\\/\\\/www.aliadospuebla.com\\\/\"},{\"@type\":\"ListItem\",\"position\":2,\"name\":\"Devela Congreso del Estado placa para nombrar el Sal\u00f3n de Protocolo \u201cElena Garro\u201d en la Antigua Sede\"}]},{\"@type\":\"WebSite\",\"@id\":\"https:\\\/\\\/www.aliadospuebla.com\\\/#website\",\"url\":\"https:\\\/\\\/www.aliadospuebla.com\\\/\",\"name\":\"AliadosPuebla\",\"description\":\"La informaci\u00f3n en tus manos\",\"potentialAction\":[{\"@type\":\"SearchAction\",\"target\":{\"@type\":\"EntryPoint\",\"urlTemplate\":\"https:\\\/\\\/www.aliadospuebla.com\\\/?s={search_term_string}\"},\"query-input\":{\"@type\":\"PropertyValueSpecification\",\"valueRequired\":true,\"valueName\":\"search_term_string\"}}],\"inLanguage\":\"es\"},{\"@type\":\"Person\",\"@id\":\"https:\\\/\\\/www.aliadospuebla.com\\\/#\\\/schema\\\/person\\\/5da7dd09320bd4f392b710017ed5f8ad\",\"name\":\"Aliados17\",\"image\":{\"@type\":\"ImageObject\",\"inLanguage\":\"es\",\"@id\":\"https:\\\/\\\/www.aliadospuebla.com\\\/web2017\\\/wp-content\\\/uploads\\\/2025\\\/03\\\/cropped-para-perfil-8-anos-1-96x96.jpg\",\"url\":\"https:\\\/\\\/www.aliadospuebla.com\\\/web2017\\\/wp-content\\\/uploads\\\/2025\\\/03\\\/cropped-para-perfil-8-anos-1-96x96.jpg\",\"contentUrl\":\"https:\\\/\\\/www.aliadospuebla.com\\\/web2017\\\/wp-content\\\/uploads\\\/2025\\\/03\\\/cropped-para-perfil-8-anos-1-96x96.jpg\",\"caption\":\"Aliados17\"},\"sameAs\":[\"https:\\\/\\\/www.aliados17.com\",\"https:\\\/\\\/www.facebook.com\\\/Aliados17Pue\",\"https:\\\/\\\/x.com\\\/AliadosPuebla\"],\"url\":\"https:\\\/\\\/www.aliadospuebla.com\\\/?author=2\"}]}<\/script>\n<!-- \/ Yoast SEO plugin. -->","yoast_head_json":{"title":"Devela Congreso del Estado placa para nombrar el Sal\u00f3n de Protocolo \u201cElena Garro\u201d en la Antigua Sede - AliadosPuebla","robots":{"index":"index","follow":"follow","max-snippet":"max-snippet:-1","max-image-preview":"max-image-preview:large","max-video-preview":"max-video-preview:-1"},"canonical":"https:\/\/www.aliadospuebla.com\/?p=112054","og_locale":"es_ES","og_type":"article","og_title":"Devela Congreso del Estado placa para nombrar el Sal\u00f3n de Protocolo \u201cElena Garro\u201d en la Antigua Sede - AliadosPuebla","og_description":"&#8211;El evento fue presidido por el Gobenador Alejandro Armenta y el diputado P\u00e1vel Gaspar Ram\u00edrez Gracias al impulso de las diputadas Laura Guadalupe Vargas Vargas y Norma Estela Pimentel M\u00e9ndez, y en el marco de la conmemoraci\u00f3n del D\u00eda Internacional de la Mujer, el Congreso del Estado llev\u00f3 a cabo la develaci\u00f3n de la placa con la que el Sal\u00f3n de Protocolo de la Antigua Sede del Poder Legislativo fue nombrado oficialmente como \u201cElena Garro\u201d, en reconocimiento a la destacada escritora, dramaturga, periodista y activista poblana. &nbsp; Durante el evento, que cont\u00f3 con la presencia del gobernador Alejandro Armenta, el diputado P\u00e1vel Gaspar Ram\u00edrez, presidente de la Junta de Gobierno y Coordinaci\u00f3n Pol\u00edtica del Congreso del Estado, se\u00f1al\u00f3 que este recinto no solo debe ser&hellip;Leer m\u00e1s...","og_url":"https:\/\/www.aliadospuebla.com\/?p=112054","og_site_name":"AliadosPuebla","article_author":"https:\/\/www.facebook.com\/Aliados17Pue","article_published_time":"2026-03-10T00:01:32+00:00","og_image":[{"width":600,"height":450,"url":"https:\/\/www.aliadospuebla.com\/web2017\/wp-content\/uploads\/2026\/03\/80.jpg","type":"image\/jpeg"}],"author":"Aliados17","twitter_card":"summary_large_image","twitter_creator":"@AliadosPuebla","twitter_misc":{"Escrito por":"Aliados17","Tiempo de lectura":"4 minutos"},"schema":{"@context":"https:\/\/schema.org","@graph":[{"@type":"Article","@id":"https:\/\/www.aliadospuebla.com\/?p=112054#article","isPartOf":{"@id":"https:\/\/www.aliadospuebla.com\/?p=112054"},"author":{"name":"Aliados17","@id":"https:\/\/www.aliadospuebla.com\/#\/schema\/person\/5da7dd09320bd4f392b710017ed5f8ad"},"headline":"Devela Congreso del Estado placa para nombrar el Sal\u00f3n de Protocolo \u201cElena Garro\u201d en la Antigua Sede","datePublished":"2026-03-10T00:01:32+00:00","mainEntityOfPage":{"@id":"https:\/\/www.aliadospuebla.com\/?p=112054"},"wordCount":695,"commentCount":0,"image":{"@id":"https:\/\/www.aliadospuebla.com\/?p=112054#primaryimage"},"thumbnailUrl":"https:\/\/www.aliadospuebla.com\/web2017\/wp-content\/uploads\/2026\/03\/80.jpg","keywords":["ALEJANDRO ARMENTA","Congreso del Estado","dramaturga","escritora","P\u00e1vel Gaspar Ram\u00edrez","periodista","Sal\u00f3n de Protocolo \u201cElena Garro\u201d"],"articleSection":["Pol\u00edtica"],"inLanguage":"es","potentialAction":[{"@type":"CommentAction","name":"Comment","target":["https:\/\/www.aliadospuebla.com\/?p=112054#respond"]}]},{"@type":"WebPage","@id":"https:\/\/www.aliadospuebla.com\/?p=112054","url":"https:\/\/www.aliadospuebla.com\/?p=112054","name":"Devela Congreso del Estado placa para nombrar el Sal\u00f3n de Protocolo \u201cElena Garro\u201d en la Antigua Sede - AliadosPuebla","isPartOf":{"@id":"https:\/\/www.aliadospuebla.com\/#website"},"primaryImageOfPage":{"@id":"https:\/\/www.aliadospuebla.com\/?p=112054#primaryimage"},"image":{"@id":"https:\/\/www.aliadospuebla.com\/?p=112054#primaryimage"},"thumbnailUrl":"https:\/\/www.aliadospuebla.com\/web2017\/wp-content\/uploads\/2026\/03\/80.jpg","datePublished":"2026-03-10T00:01:32+00:00","author":{"@id":"https:\/\/www.aliadospuebla.com\/#\/schema\/person\/5da7dd09320bd4f392b710017ed5f8ad"},"breadcrumb":{"@id":"https:\/\/www.aliadospuebla.com\/?p=112054#breadcrumb"},"inLanguage":"es","potentialAction":[{"@type":"ReadAction","target":["https:\/\/www.aliadospuebla.com\/?p=112054"]}]},{"@type":"ImageObject","inLanguage":"es","@id":"https:\/\/www.aliadospuebla.com\/?p=112054#primaryimage","url":"https:\/\/www.aliadospuebla.com\/web2017\/wp-content\/uploads\/2026\/03\/80.jpg","contentUrl":"https:\/\/www.aliadospuebla.com\/web2017\/wp-content\/uploads\/2026\/03\/80.jpg","width":600,"height":450},{"@type":"BreadcrumbList","@id":"https:\/\/www.aliadospuebla.com\/?p=112054#breadcrumb","itemListElement":[{"@type":"ListItem","position":1,"name":"Portada","item":"https:\/\/www.aliadospuebla.com\/"},{"@type":"ListItem","position":2,"name":"Devela Congreso del Estado placa para nombrar el Sal\u00f3n de Protocolo \u201cElena Garro\u201d en la Antigua Sede"}]},{"@type":"WebSite","@id":"https:\/\/www.aliadospuebla.com\/#website","url":"https:\/\/www.aliadospuebla.com\/","name":"AliadosPuebla","description":"La informaci\u00f3n en tus manos","potentialAction":[{"@type":"SearchAction","target":{"@type":"EntryPoint","urlTemplate":"https:\/\/www.aliadospuebla.com\/?s={search_term_string}"},"query-input":{"@type":"PropertyValueSpecification","valueRequired":true,"valueName":"search_term_string"}}],"inLanguage":"es"},{"@type":"Person","@id":"https:\/\/www.aliadospuebla.com\/#\/schema\/person\/5da7dd09320bd4f392b710017ed5f8ad","name":"Aliados17","image":{"@type":"ImageObject","inLanguage":"es","@id":"https:\/\/www.aliadospuebla.com\/web2017\/wp-content\/uploads\/2025\/03\/cropped-para-perfil-8-anos-1-96x96.jpg","url":"https:\/\/www.aliadospuebla.com\/web2017\/wp-content\/uploads\/2025\/03\/cropped-para-perfil-8-anos-1-96x96.jpg","contentUrl":"https:\/\/www.aliadospuebla.com\/web2017\/wp-content\/uploads\/2025\/03\/cropped-para-perfil-8-anos-1-96x96.jpg","caption":"Aliados17"},"sameAs":["https:\/\/www.aliados17.com","https:\/\/www.facebook.com\/Aliados17Pue","https:\/\/x.com\/AliadosPuebla"],"url":"https:\/\/www.aliadospuebla.com\/?author=2"}]}},"views":23,"_links":{"self":[{"href":"https:\/\/www.aliadospuebla.com\/index.php?rest_route=\/wp\/v2\/posts\/112054","targetHints":{"allow":["GET"]}}],"collection":[{"href":"https:\/\/www.aliadospuebla.com\/index.php?rest_route=\/wp\/v2\/posts"}],"about":[{"href":"https:\/\/www.aliadospuebla.com\/index.php?rest_route=\/wp\/v2\/types\/post"}],"author":[{"embeddable":true,"href":"https:\/\/www.aliadospuebla.com\/index.php?rest_route=\/wp\/v2\/users\/2"}],"replies":[{"embeddable":true,"href":"https:\/\/www.aliadospuebla.com\/index.php?rest_route=%2Fwp%2Fv2%2Fcomments&post=112054"}],"version-history":[{"count":1,"href":"https:\/\/www.aliadospuebla.com\/index.php?rest_route=\/wp\/v2\/posts\/112054\/revisions"}],"predecessor-version":[{"id":112056,"href":"https:\/\/www.aliadospuebla.com\/index.php?rest_route=\/wp\/v2\/posts\/112054\/revisions\/112056"}],"wp:featuredmedia":[{"embeddable":true,"href":"https:\/\/www.aliadospuebla.com\/index.php?rest_route=\/wp\/v2\/media\/112055"}],"wp:attachment":[{"href":"https:\/\/www.aliadospuebla.com\/index.php?rest_route=%2Fwp%2Fv2%2Fmedia&parent=112054"}],"wp:term":[{"taxonomy":"category","embeddable":true,"href":"https:\/\/www.aliadospuebla.com\/index.php?rest_route=%2Fwp%2Fv2%2Fcategories&post=112054"},{"taxonomy":"post_tag","embeddable":true,"href":"https:\/\/www.aliadospuebla.com\/index.php?rest_route=%2Fwp%2Fv2%2Ftags&post=112054"}],"curies":[{"name":"wp","href":"https:\/\/api.w.org\/{rel}","templated":true}]}}